{"id":23748,"date":"2025-06-19T08:38:34","date_gmt":"2025-06-19T06:38:34","guid":{"rendered":"https:\/\/iraurgiberritzen.eus\/?p=23748"},"modified":"2025-06-19T08:38:57","modified_gmt":"2025-06-19T06:38:57","slug":"el-departamento-de-movilidad-turismo-y-ordenacion-del-territorio-ampliara-los-servicios-de-las-lineas-uk05-y-uk06-para-mejorar-el-acceso-en-transporte-publico-al-centro-de-formacion-profesional-izarr","status":"publish","type":"post","link":"https:\/\/iraurgiberritzen.eus\/es\/el-departamento-de-movilidad-turismo-y-ordenacion-del-territorio-ampliara-los-servicios-de-las-lineas-uk05-y-uk06-para-mejorar-el-acceso-en-transporte-publico-al-centro-de-formacion-profesional-izarr\/","title":{"rendered":"El Departamento de Movilidad, Turismo y Ordenaci\u00f3n del Territorio ampliar\u00e1 los servicios de las l\u00edneas UK05 y UK06 para mejorar el acceso en transporte p\u00fablico al centro de Formaci\u00f3n Profesional Izarraitz"},"content":{"rendered":"<p><span data-contrast=\"auto\">El Departamento de Movilidad, Turismo y Ordenaci\u00f3n del Territorio de la Diputaci\u00f3n Foral de Gipuzkoa ampliar\u00e1 los servicios de las l\u00edneas de autob\u00fas UK05 (Zestoa&gt;Ermua) y UK06 (Zumaia&gt;Zumarraga) coincidiendo con el inicio del curso escolar 2025, con el objetivo de facilitar el acceso en transporte p\u00fablico al centro de Formaci\u00f3n Profesional Izarraitz, ubicado en Azkoitia, a primera hora de la ma\u00f1ana. As\u00ed lo anunci\u00f3 antea<\/span><span data-contrast=\"auto\">yer la diputada Azahara Dom\u00ednguez en una rueda de prensa en la que estuvo acompa\u00f1ada por Ana Azkoitia, alcaldesa de Azkoitia, y Presidenta de Iraurgi Berritzen, \u00a0Bego\u00f1a Beobide, directora de la misma entidad y Miren<\/span><span data-contrast=\"auto\"> Otero, directora del centro. La petici\u00f3n fue realizada en colaboraci\u00f3n entre el Ayuntamiento, el\u00a0centro de estudios\u00a0as\u00ed como por Iraurgi Berritzen.<\/span><span data-ccp-props=\"{&quot;134233117&quot;:false,&quot;134233118&quot;:false,&quot;201341983&quot;:0,&quot;335551550&quot;:1,&quot;335551620&quot;:1,&quot;335557856&quot;:16777215,&quot;335559685&quot;:0,&quot;335559737&quot;:0,&quot;335559738&quot;:240,&quot;335559739&quot;:240,&quot;335559740&quot;:279}\">\u00a0<\/span><\/p>\n<p><span data-contrast=\"auto\">En concreto:<\/span><span data-ccp-props=\"{&quot;134233117&quot;:false,&quot;134233118&quot;:false,&quot;335551550&quot;:0,&quot;335551620&quot;:0,&quot;335559738&quot;:240,&quot;335559739&quot;:240}\">\u00a0<\/span><\/p>\n<ul>\n<li data-leveltext=\"\uf0b7\" data-font=\"Symbol\" data-listid=\"2\" data-list-defn-props=\"{&quot;335552541&quot;:1,&quot;335559683&quot;:0,&quot;335559684&quot;:-2,&quot;335559685&quot;:720,&quot;335559991&quot;:360,&quot;469769226&quot;:&quot;Symbol&quot;,&quot;469769242&quot;:[8226],&quot;469777803&quot;:&quot;left&quot;,&quot;469777804&quot;:&quot;\uf0b7&quot;,&quot;469777815&quot;:&quot;hybridMultilevel&quot;}\" aria-setsize=\"-1\" data-aria-posinset=\"1\" data-aria-level=\"1\"><span data-contrast=\"auto\">La l\u00ednea <\/span><b><span data-contrast=\"auto\">UK05<\/span><\/b><span data-contrast=\"auto\"> contar\u00e1 con una nueva expedici\u00f3n de lunes a viernes, que saldr\u00e1 de <\/span><b><span data-contrast=\"auto\">Ermua a las 07:00h<\/span><\/b><span data-contrast=\"auto\"> y llegar\u00e1 a <\/span><b><span data-contrast=\"auto\">Azkoitia (Munibe) a las 07:38h <\/span><\/b><span data-contrast=\"none\">y que no parar\u00e1 ni en Azpeitia ni en Zestoa<\/span><span data-ccp-props=\"{&quot;134233117&quot;:false,&quot;134233118&quot;:false,&quot;335551550&quot;:0,&quot;335551620&quot;:0,&quot;335559738&quot;:240,&quot;335559739&quot;:240}\">\u00a0<\/span><\/li>\n<\/ul>\n<ul>\n<li data-leveltext=\"\uf0b7\" data-font=\"Symbol\" data-listid=\"2\" data-list-defn-props=\"{&quot;335552541&quot;:1,&quot;335559683&quot;:0,&quot;335559684&quot;:-2,&quot;335559685&quot;:720,&quot;335559991&quot;:360,&quot;469769226&quot;:&quot;Symbol&quot;,&quot;469769242&quot;:[8226],&quot;469777803&quot;:&quot;left&quot;,&quot;469777804&quot;:&quot;\uf0b7&quot;,&quot;469777815&quot;:&quot;hybridMultilevel&quot;}\" aria-setsize=\"-1\" data-aria-posinset=\"2\" data-aria-level=\"1\"><span data-contrast=\"auto\">La l\u00ednea <\/span><b><span data-contrast=\"auto\">UK06<\/span><\/b><span data-contrast=\"auto\"> ofrecer\u00e1 otra nueva expedici\u00f3n, que partir\u00e1 de <\/span><b><span data-contrast=\"auto\">Zumaia a las 07:10h<\/span><\/b><span data-contrast=\"auto\"> y finalizar\u00e1 en <\/span><b><span data-contrast=\"auto\">Altzibar (Azkoitia) a las 07:50h<\/span><\/b><span data-contrast=\"auto\">.<\/span><span data-ccp-props=\"{&quot;134233117&quot;:false,&quot;134233118&quot;:false,&quot;335551550&quot;:0,&quot;335551620&quot;:0,&quot;335559738&quot;:240,&quot;335559739&quot;:240}\">\u00a0<\/span><\/li>\n<\/ul>\n<p><span data-contrast=\"auto\">Estos nuevos servicios responden a las necesidades de muchas personas usuarias, especialmente en el \u00e1mbito educativo, garantizando el acceso a la educaci\u00f3n a trav\u00e9s del transporte p\u00fablico.<\/span><span data-ccp-props=\"{&quot;134233117&quot;:false,&quot;134233118&quot;:false,&quot;335551550&quot;:0,&quot;335551620&quot;:0,&quot;335559738&quot;:240,&quot;335559739&quot;:240}\">\u00a0<\/span><\/p>\n<p><span data-contrast=\"auto\">Durante la presentaci\u00f3n del servicio, la diputada Azahara Dom\u00ednguez subray\u00f3 que \u201ces fundamental adaptar el transporte p\u00fablico a las necesidades reales para garantizar la igualdad de oportunidades y el derecho a la educaci\u00f3n\u201d. Asimismo, agradeci\u00f3 la colaboraci\u00f3n del Ayuntamiento de Azkoitia y del centro Izarraitz LHII.<\/span><span data-ccp-props=\"{&quot;134233117&quot;:false,&quot;134233118&quot;:false,&quot;335551550&quot;:0,&quot;335551620&quot;:0,&quot;335559738&quot;:240,&quot;335559739&quot;:240}\">\u00a0<\/span><\/p>\n<p><span data-contrast=\"auto\">Por su parte, la alcaldesa Ana Azkoitia destac\u00f3 que la adecuaci\u00f3n del servicio responde a \u201cuna demanda para ajustarse mejor a las necesidades del alumnado y personal del centro\u201d, y agradeci\u00f3 la disposici\u00f3n mostrada por la Diputaci\u00f3n desde el primer momento.<\/span><span data-ccp-props=\"{&quot;134233117&quot;:false,&quot;134233118&quot;:false,&quot;335551550&quot;:0,&quot;335551620&quot;:0,&quot;335559738&quot;:240,&quot;335559739&quot;:240}\">\u00a0<\/span><\/p>\n<p><span data-contrast=\"auto\">Finalmente, Miren Otero, directora del centro de Formaci\u00f3n Profesional Izarraitz, elogi\u00f3 \u201cla sensibilidad y compromiso de la Diputaci\u00f3n\u201d, subrayando que \u201cesta medida es un paso importante en el camino hacia una educaci\u00f3n m\u00e1s accesible e inclusiva\u201d.<\/span><span data-ccp-props=\"{&quot;134233117&quot;:false,&quot;134233118&quot;:false,&quot;335551550&quot;:0,&quot;335551620&quot;:0,&quot;335559738&quot;:240,&quot;335559739&quot;:240}\">\u00a0<\/span><\/p>\n","protected":false},"excerpt":{"rendered":"<p>El Departamento de Movilidad, Turismo y Ordenaci\u00f3n del Territorio de la Diputaci\u00f3n Foral de Gipuzkoa ampliar\u00e1 los servicios de las l\u00edneas de autob\u00fas UK05 (Zestoa&gt;Ermua) y UK06 (Zumaia&gt;Zumarraga) coincidiendo con el inicio del curso escolar 2025, con el objetivo de facilitar el acceso en transporte p\u00fablico al centro de Formaci\u00f3n Profesional Izarraitz, ubicado en Azkoitia, [&hellip;]<\/p>\n","protected":false},"author":4,"featured_media":23744,"comment_status":"closed","ping_status":"closed","sticky":false,"template":"","format":"standard","meta":{"_acf_changed":false,"footnotes":""},"categories":[4],"tags":[],"class_list":["post-23748","post","type-post","status-publish","format-standard","has-post-thumbnail","hentry","category-noticias","arloak-desarrollo-local"],"acf":[],"yoast_head":"<!-- This site is optimized with the Yoast SEO plugin v27.4 - https:\/\/yoast.com\/product\/yoast-seo-wordpress\/ -->\n<title>El Departamento de Movilidad, Turismo y Ordenaci\u00f3n del Territorio ampliar\u00e1 los servicios de las l\u00edneas UK05 y UK06 para mejorar el acceso en transporte p\u00fablico al centro de Formaci\u00f3n Profesional Izarraitz - Iraurgi Berritzen<\/title>\n<meta name=\"robots\" content=\"index, follow, max-snippet:-1, max-image-preview:large, max-video-preview:-1\" \/>\n<link rel=\"canonical\" href=\"https:\/\/iraurgiberritzen.eus\/es\/el-departamento-de-movilidad-turismo-y-ordenacion-del-territorio-ampliara-los-servicios-de-las-lineas-uk05-y-uk06-para-mejorar-el-acceso-en-transporte-publico-al-centro-de-formacion-profesional-izarr\/\" \/>\n<meta property=\"og:locale\" content=\"es_ES\" \/>\n<meta property=\"og:type\" content=\"article\" \/>\n<meta property=\"og:title\" content=\"El Departamento de Movilidad, Turismo y Ordenaci\u00f3n del Territorio ampliar\u00e1 los servicios de las l\u00edneas UK05 y UK06 para mejorar el acceso en transporte p\u00fablico al centro de Formaci\u00f3n Profesional Izarraitz - Iraurgi Berritzen\" \/>\n<meta property=\"og:description\" content=\"El Departamento de Movilidad, Turismo y Ordenaci\u00f3n del Territorio de la Diputaci\u00f3n Foral de Gipuzkoa ampliar\u00e1 los servicios de las l\u00edneas de autob\u00fas UK05 (Zestoa&gt;Ermua) y UK06 (Zumaia&gt;Zumarraga) coincidiendo con el inicio del curso escolar 2025, con el objetivo de facilitar el acceso en transporte p\u00fablico al centro de Formaci\u00f3n Profesional Izarraitz, ubicado en Azkoitia, [&hellip;]\" \/>\n<meta property=\"og:url\" content=\"https:\/\/iraurgiberritzen.eus\/es\/el-departamento-de-movilidad-turismo-y-ordenacion-del-territorio-ampliara-los-servicios-de-las-lineas-uk05-y-uk06-para-mejorar-el-acceso-en-transporte-publico-al-centro-de-formacion-profesional-izarr\/\" \/>\n<meta property=\"og:site_name\" content=\"Iraurgi Berritzen\" \/>\n<meta property=\"article:published_time\" content=\"2025-06-19T06:38:34+00:00\" \/>\n<meta property=\"article:modified_time\" content=\"2025-06-19T06:38:57+00:00\" \/>\n<meta property=\"og:image\" content=\"https:\/\/iraurgiberritzen.eus\/wp-content\/uploads\/2025\/06\/WhatsApp-Image-2025-06-17-at-15.43.23.jpeg\" \/>\n\t<meta property=\"og:image:width\" content=\"1600\" \/>\n\t<meta property=\"og:image:height\" content=\"1200\" \/>\n\t<meta property=\"og:image:type\" content=\"image\/jpeg\" \/>\n<meta name=\"author\" content=\"ainara\" \/>\n<meta name=\"twitter:card\" content=\"summary_large_image\" \/>\n<meta name=\"twitter:label1\" content=\"Escrito por\" \/>\n\t<meta name=\"twitter:data1\" content=\"ainara\" \/>\n\t<meta name=\"twitter:label2\" content=\"Tiempo de lectura\" \/>\n\t<meta name=\"twitter:data2\" content=\"3 minutos\" \/>\n<script type=\"application\/ld+json\" class=\"yoast-schema-graph\">{\"@context\":\"https:\\\/\\\/schema.org\",\"@graph\":[{\"@type\":\"Article\",\"@id\":\"https:\\\/\\\/iraurgiberritzen.eus\\\/es\\\/el-departamento-de-movilidad-turismo-y-ordenacion-del-territorio-ampliara-los-servicios-de-las-lineas-uk05-y-uk06-para-mejorar-el-acceso-en-transporte-publico-al-centro-de-formacion-profesional-izarr\\\/#article\",\"isPartOf\":{\"@id\":\"https:\\\/\\\/iraurgiberritzen.eus\\\/es\\\/el-departamento-de-movilidad-turismo-y-ordenacion-del-territorio-ampliara-los-servicios-de-las-lineas-uk05-y-uk06-para-mejorar-el-acceso-en-transporte-publico-al-centro-de-formacion-profesional-izarr\\\/\"},\"author\":{\"name\":\"ainara\",\"@id\":\"https:\\\/\\\/iraurgiberritzen.eus\\\/es\\\/#\\\/schema\\\/person\\\/a32c9825b3e2bfcbe757a97f6a15c8a5\"},\"headline\":\"El Departamento de Movilidad, Turismo y Ordenaci\u00f3n del Territorio ampliar\u00e1 los servicios de las l\u00edneas UK05 y UK06 para mejorar el acceso en transporte p\u00fablico al centro de Formaci\u00f3n Profesional Izarraitz\",\"datePublished\":\"2025-06-19T06:38:34+00:00\",\"dateModified\":\"2025-06-19T06:38:57+00:00\",\"mainEntityOfPage\":{\"@id\":\"https:\\\/\\\/iraurgiberritzen.eus\\\/es\\\/el-departamento-de-movilidad-turismo-y-ordenacion-del-territorio-ampliara-los-servicios-de-las-lineas-uk05-y-uk06-para-mejorar-el-acceso-en-transporte-publico-al-centro-de-formacion-profesional-izarr\\\/\"},\"wordCount\":402,\"publisher\":{\"@id\":\"https:\\\/\\\/iraurgiberritzen.eus\\\/es\\\/#organization\"},\"image\":{\"@id\":\"https:\\\/\\\/iraurgiberritzen.eus\\\/es\\\/el-departamento-de-movilidad-turismo-y-ordenacion-del-territorio-ampliara-los-servicios-de-las-lineas-uk05-y-uk06-para-mejorar-el-acceso-en-transporte-publico-al-centro-de-formacion-profesional-izarr\\\/#primaryimage\"},\"thumbnailUrl\":\"https:\\\/\\\/iraurgiberritzen.eus\\\/wp-content\\\/uploads\\\/2025\\\/06\\\/WhatsApp-Image-2025-06-17-at-15.43.23.jpeg\",\"articleSection\":[\"Noticias\"],\"inLanguage\":\"es\"},{\"@type\":\"WebPage\",\"@id\":\"https:\\\/\\\/iraurgiberritzen.eus\\\/es\\\/el-departamento-de-movilidad-turismo-y-ordenacion-del-territorio-ampliara-los-servicios-de-las-lineas-uk05-y-uk06-para-mejorar-el-acceso-en-transporte-publico-al-centro-de-formacion-profesional-izarr\\\/\",\"url\":\"https:\\\/\\\/iraurgiberritzen.eus\\\/es\\\/el-departamento-de-movilidad-turismo-y-ordenacion-del-territorio-ampliara-los-servicios-de-las-lineas-uk05-y-uk06-para-mejorar-el-acceso-en-transporte-publico-al-centro-de-formacion-profesional-izarr\\\/\",\"name\":\"El Departamento de Movilidad, Turismo y Ordenaci\u00f3n del Territorio ampliar\u00e1 los servicios de las l\u00edneas UK05 y UK06 para mejorar el acceso en transporte p\u00fablico al centro de Formaci\u00f3n Profesional Izarraitz - Iraurgi Berritzen\",\"isPartOf\":{\"@id\":\"https:\\\/\\\/iraurgiberritzen.eus\\\/es\\\/#website\"},\"primaryImageOfPage\":{\"@id\":\"https:\\\/\\\/iraurgiberritzen.eus\\\/es\\\/el-departamento-de-movilidad-turismo-y-ordenacion-del-territorio-ampliara-los-servicios-de-las-lineas-uk05-y-uk06-para-mejorar-el-acceso-en-transporte-publico-al-centro-de-formacion-profesional-izarr\\\/#primaryimage\"},\"image\":{\"@id\":\"https:\\\/\\\/iraurgiberritzen.eus\\\/es\\\/el-departamento-de-movilidad-turismo-y-ordenacion-del-territorio-ampliara-los-servicios-de-las-lineas-uk05-y-uk06-para-mejorar-el-acceso-en-transporte-publico-al-centro-de-formacion-profesional-izarr\\\/#primaryimage\"},\"thumbnailUrl\":\"https:\\\/\\\/iraurgiberritzen.eus\\\/wp-content\\\/uploads\\\/2025\\\/06\\\/WhatsApp-Image-2025-06-17-at-15.43.23.jpeg\",\"datePublished\":\"2025-06-19T06:38:34+00:00\",\"dateModified\":\"2025-06-19T06:38:57+00:00\",\"breadcrumb\":{\"@id\":\"https:\\\/\\\/iraurgiberritzen.eus\\\/es\\\/el-departamento-de-movilidad-turismo-y-ordenacion-del-territorio-ampliara-los-servicios-de-las-lineas-uk05-y-uk06-para-mejorar-el-acceso-en-transporte-publico-al-centro-de-formacion-profesional-izarr\\\/#breadcrumb\"},\"inLanguage\":\"es\",\"potentialAction\":[{\"@type\":\"ReadAction\",\"target\":[\"https:\\\/\\\/iraurgiberritzen.eus\\\/es\\\/el-departamento-de-movilidad-turismo-y-ordenacion-del-territorio-ampliara-los-servicios-de-las-lineas-uk05-y-uk06-para-mejorar-el-acceso-en-transporte-publico-al-centro-de-formacion-profesional-izarr\\\/\"]}]},{\"@type\":\"ImageObject\",\"inLanguage\":\"es\",\"@id\":\"https:\\\/\\\/iraurgiberritzen.eus\\\/es\\\/el-departamento-de-movilidad-turismo-y-ordenacion-del-territorio-ampliara-los-servicios-de-las-lineas-uk05-y-uk06-para-mejorar-el-acceso-en-transporte-publico-al-centro-de-formacion-profesional-izarr\\\/#primaryimage\",\"url\":\"https:\\\/\\\/iraurgiberritzen.eus\\\/wp-content\\\/uploads\\\/2025\\\/06\\\/WhatsApp-Image-2025-06-17-at-15.43.23.jpeg\",\"contentUrl\":\"https:\\\/\\\/iraurgiberritzen.eus\\\/wp-content\\\/uploads\\\/2025\\\/06\\\/WhatsApp-Image-2025-06-17-at-15.43.23.jpeg\",\"width\":1600,\"height\":1200},{\"@type\":\"BreadcrumbList\",\"@id\":\"https:\\\/\\\/iraurgiberritzen.eus\\\/es\\\/el-departamento-de-movilidad-turismo-y-ordenacion-del-territorio-ampliara-los-servicios-de-las-lineas-uk05-y-uk06-para-mejorar-el-acceso-en-transporte-publico-al-centro-de-formacion-profesional-izarr\\\/#breadcrumb\",\"itemListElement\":[{\"@type\":\"ListItem\",\"position\":1,\"name\":\"Home\",\"item\":\"https:\\\/\\\/iraurgiberritzen.eus\\\/es\\\/\"},{\"@type\":\"ListItem\",\"position\":2,\"name\":\"El Departamento de Movilidad, Turismo y Ordenaci\u00f3n del Territorio ampliar\u00e1 los servicios de las l\u00edneas UK05 y UK06 para mejorar el acceso en transporte p\u00fablico al centro de Formaci\u00f3n Profesional Izarraitz\"}]},{\"@type\":\"WebSite\",\"@id\":\"https:\\\/\\\/iraurgiberritzen.eus\\\/es\\\/#website\",\"url\":\"https:\\\/\\\/iraurgiberritzen.eus\\\/es\\\/\",\"name\":\"Iraurgi Berritzen\",\"description\":\"Urola Erdiko Garapen Agentzia\",\"publisher\":{\"@id\":\"https:\\\/\\\/iraurgiberritzen.eus\\\/es\\\/#organization\"},\"potentialAction\":[{\"@type\":\"SearchAction\",\"target\":{\"@type\":\"EntryPoint\",\"urlTemplate\":\"https:\\\/\\\/iraurgiberritzen.eus\\\/es\\\/?s={search_term_string}\"},\"query-input\":{\"@type\":\"PropertyValueSpecification\",\"valueRequired\":true,\"valueName\":\"search_term_string\"}}],\"inLanguage\":\"es\"},{\"@type\":\"Organization\",\"@id\":\"https:\\\/\\\/iraurgiberritzen.eus\\\/es\\\/#organization\",\"name\":\"Iraurgi Berritzen\",\"url\":\"https:\\\/\\\/iraurgiberritzen.eus\\\/es\\\/\",\"logo\":{\"@type\":\"ImageObject\",\"inLanguage\":\"es\",\"@id\":\"https:\\\/\\\/iraurgiberritzen.eus\\\/es\\\/#\\\/schema\\\/logo\\\/image\\\/\",\"url\":\"https:\\\/\\\/iraurgiberritzen.eus\\\/wp-content\\\/uploads\\\/2024\\\/02\\\/IRAURGI-BERRITZEN-logotipoa_2.png\",\"contentUrl\":\"https:\\\/\\\/iraurgiberritzen.eus\\\/wp-content\\\/uploads\\\/2024\\\/02\\\/IRAURGI-BERRITZEN-logotipoa_2.png\",\"width\":496,\"height\":190,\"caption\":\"Iraurgi Berritzen\"},\"image\":{\"@id\":\"https:\\\/\\\/iraurgiberritzen.eus\\\/es\\\/#\\\/schema\\\/logo\\\/image\\\/\"}},{\"@type\":\"Person\",\"@id\":\"https:\\\/\\\/iraurgiberritzen.eus\\\/es\\\/#\\\/schema\\\/person\\\/a32c9825b3e2bfcbe757a97f6a15c8a5\",\"name\":\"ainara\"}]}<\/script>\n<!-- \/ Yoast SEO plugin. -->","yoast_head_json":{"title":"El Departamento de Movilidad, Turismo y Ordenaci\u00f3n del Territorio ampliar\u00e1 los servicios de las l\u00edneas UK05 y UK06 para mejorar el acceso en transporte p\u00fablico al centro de Formaci\u00f3n Profesional Izarraitz - Iraurgi Berritzen","robots":{"index":"index","follow":"follow","max-snippet":"max-snippet:-1","max-image-preview":"max-image-preview:large","max-video-preview":"max-video-preview:-1"},"canonical":"https:\/\/iraurgiberritzen.eus\/es\/el-departamento-de-movilidad-turismo-y-ordenacion-del-territorio-ampliara-los-servicios-de-las-lineas-uk05-y-uk06-para-mejorar-el-acceso-en-transporte-publico-al-centro-de-formacion-profesional-izarr\/","og_locale":"es_ES","og_type":"article","og_title":"El Departamento de Movilidad, Turismo y Ordenaci\u00f3n del Territorio ampliar\u00e1 los servicios de las l\u00edneas UK05 y UK06 para mejorar el acceso en transporte p\u00fablico al centro de Formaci\u00f3n Profesional Izarraitz - Iraurgi Berritzen","og_description":"El Departamento de Movilidad, Turismo y Ordenaci\u00f3n del Territorio de la Diputaci\u00f3n Foral de Gipuzkoa ampliar\u00e1 los servicios de las l\u00edneas de autob\u00fas UK05 (Zestoa&gt;Ermua) y UK06 (Zumaia&gt;Zumarraga) coincidiendo con el inicio del curso escolar 2025, con el objetivo de facilitar el acceso en transporte p\u00fablico al centro de Formaci\u00f3n Profesional Izarraitz, ubicado en Azkoitia, [&hellip;]","og_url":"https:\/\/iraurgiberritzen.eus\/es\/el-departamento-de-movilidad-turismo-y-ordenacion-del-territorio-ampliara-los-servicios-de-las-lineas-uk05-y-uk06-para-mejorar-el-acceso-en-transporte-publico-al-centro-de-formacion-profesional-izarr\/","og_site_name":"Iraurgi Berritzen","article_published_time":"2025-06-19T06:38:34+00:00","article_modified_time":"2025-06-19T06:38:57+00:00","og_image":[{"width":1600,"height":1200,"url":"https:\/\/iraurgiberritzen.eus\/wp-content\/uploads\/2025\/06\/WhatsApp-Image-2025-06-17-at-15.43.23.jpeg","type":"image\/jpeg"}],"author":"ainara","twitter_card":"summary_large_image","twitter_misc":{"Escrito por":"ainara","Tiempo de lectura":"3 minutos"},"schema":{"@context":"https:\/\/schema.org","@graph":[{"@type":"Article","@id":"https:\/\/iraurgiberritzen.eus\/es\/el-departamento-de-movilidad-turismo-y-ordenacion-del-territorio-ampliara-los-servicios-de-las-lineas-uk05-y-uk06-para-mejorar-el-acceso-en-transporte-publico-al-centro-de-formacion-profesional-izarr\/#article","isPartOf":{"@id":"https:\/\/iraurgiberritzen.eus\/es\/el-departamento-de-movilidad-turismo-y-ordenacion-del-territorio-ampliara-los-servicios-de-las-lineas-uk05-y-uk06-para-mejorar-el-acceso-en-transporte-publico-al-centro-de-formacion-profesional-izarr\/"},"author":{"name":"ainara","@id":"https:\/\/iraurgiberritzen.eus\/es\/#\/schema\/person\/a32c9825b3e2bfcbe757a97f6a15c8a5"},"headline":"El Departamento de Movilidad, Turismo y Ordenaci\u00f3n del Territorio ampliar\u00e1 los servicios de las l\u00edneas UK05 y UK06 para mejorar el acceso en transporte p\u00fablico al centro de Formaci\u00f3n Profesional Izarraitz","datePublished":"2025-06-19T06:38:34+00:00","dateModified":"2025-06-19T06:38:57+00:00","mainEntityOfPage":{"@id":"https:\/\/iraurgiberritzen.eus\/es\/el-departamento-de-movilidad-turismo-y-ordenacion-del-territorio-ampliara-los-servicios-de-las-lineas-uk05-y-uk06-para-mejorar-el-acceso-en-transporte-publico-al-centro-de-formacion-profesional-izarr\/"},"wordCount":402,"publisher":{"@id":"https:\/\/iraurgiberritzen.eus\/es\/#organization"},"image":{"@id":"https:\/\/iraurgiberritzen.eus\/es\/el-departamento-de-movilidad-turismo-y-ordenacion-del-territorio-ampliara-los-servicios-de-las-lineas-uk05-y-uk06-para-mejorar-el-acceso-en-transporte-publico-al-centro-de-formacion-profesional-izarr\/#primaryimage"},"thumbnailUrl":"https:\/\/iraurgiberritzen.eus\/wp-content\/uploads\/2025\/06\/WhatsApp-Image-2025-06-17-at-15.43.23.jpeg","articleSection":["Noticias"],"inLanguage":"es"},{"@type":"WebPage","@id":"https:\/\/iraurgiberritzen.eus\/es\/el-departamento-de-movilidad-turismo-y-ordenacion-del-territorio-ampliara-los-servicios-de-las-lineas-uk05-y-uk06-para-mejorar-el-acceso-en-transporte-publico-al-centro-de-formacion-profesional-izarr\/","url":"https:\/\/iraurgiberritzen.eus\/es\/el-departamento-de-movilidad-turismo-y-ordenacion-del-territorio-ampliara-los-servicios-de-las-lineas-uk05-y-uk06-para-mejorar-el-acceso-en-transporte-publico-al-centro-de-formacion-profesional-izarr\/","name":"El Departamento de Movilidad, Turismo y Ordenaci\u00f3n del Territorio ampliar\u00e1 los servicios de las l\u00edneas UK05 y UK06 para mejorar el acceso en transporte p\u00fablico al centro de Formaci\u00f3n Profesional Izarraitz - Iraurgi Berritzen","isPartOf":{"@id":"https:\/\/iraurgiberritzen.eus\/es\/#website"},"primaryImageOfPage":{"@id":"https:\/\/iraurgiberritzen.eus\/es\/el-departamento-de-movilidad-turismo-y-ordenacion-del-territorio-ampliara-los-servicios-de-las-lineas-uk05-y-uk06-para-mejorar-el-acceso-en-transporte-publico-al-centro-de-formacion-profesional-izarr\/#primaryimage"},"image":{"@id":"https:\/\/iraurgiberritzen.eus\/es\/el-departamento-de-movilidad-turismo-y-ordenacion-del-territorio-ampliara-los-servicios-de-las-lineas-uk05-y-uk06-para-mejorar-el-acceso-en-transporte-publico-al-centro-de-formacion-profesional-izarr\/#primaryimage"},"thumbnailUrl":"https:\/\/iraurgiberritzen.eus\/wp-content\/uploads\/2025\/06\/WhatsApp-Image-2025-06-17-at-15.43.23.jpeg","datePublished":"2025-06-19T06:38:34+00:00","dateModified":"2025-06-19T06:38:57+00:00","breadcrumb":{"@id":"https:\/\/iraurgiberritzen.eus\/es\/el-departamento-de-movilidad-turismo-y-ordenacion-del-territorio-ampliara-los-servicios-de-las-lineas-uk05-y-uk06-para-mejorar-el-acceso-en-transporte-publico-al-centro-de-formacion-profesional-izarr\/#breadcrumb"},"inLanguage":"es","potentialAction":[{"@type":"ReadAction","target":["https:\/\/iraurgiberritzen.eus\/es\/el-departamento-de-movilidad-turismo-y-ordenacion-del-territorio-ampliara-los-servicios-de-las-lineas-uk05-y-uk06-para-mejorar-el-acceso-en-transporte-publico-al-centro-de-formacion-profesional-izarr\/"]}]},{"@type":"ImageObject","inLanguage":"es","@id":"https:\/\/iraurgiberritzen.eus\/es\/el-departamento-de-movilidad-turismo-y-ordenacion-del-territorio-ampliara-los-servicios-de-las-lineas-uk05-y-uk06-para-mejorar-el-acceso-en-transporte-publico-al-centro-de-formacion-profesional-izarr\/#primaryimage","url":"https:\/\/iraurgiberritzen.eus\/wp-content\/uploads\/2025\/06\/WhatsApp-Image-2025-06-17-at-15.43.23.jpeg","contentUrl":"https:\/\/iraurgiberritzen.eus\/wp-content\/uploads\/2025\/06\/WhatsApp-Image-2025-06-17-at-15.43.23.jpeg","width":1600,"height":1200},{"@type":"BreadcrumbList","@id":"https:\/\/iraurgiberritzen.eus\/es\/el-departamento-de-movilidad-turismo-y-ordenacion-del-territorio-ampliara-los-servicios-de-las-lineas-uk05-y-uk06-para-mejorar-el-acceso-en-transporte-publico-al-centro-de-formacion-profesional-izarr\/#breadcrumb","itemListElement":[{"@type":"ListItem","position":1,"name":"Home","item":"https:\/\/iraurgiberritzen.eus\/es\/"},{"@type":"ListItem","position":2,"name":"El Departamento de Movilidad, Turismo y Ordenaci\u00f3n del Territorio ampliar\u00e1 los servicios de las l\u00edneas UK05 y UK06 para mejorar el acceso en transporte p\u00fablico al centro de Formaci\u00f3n Profesional Izarraitz"}]},{"@type":"WebSite","@id":"https:\/\/iraurgiberritzen.eus\/es\/#website","url":"https:\/\/iraurgiberritzen.eus\/es\/","name":"Iraurgi Berritzen","description":"Urola Erdiko Garapen Agentzia","publisher":{"@id":"https:\/\/iraurgiberritzen.eus\/es\/#organization"},"potentialAction":[{"@type":"SearchAction","target":{"@type":"EntryPoint","urlTemplate":"https:\/\/iraurgiberritzen.eus\/es\/?s={search_term_string}"},"query-input":{"@type":"PropertyValueSpecification","valueRequired":true,"valueName":"search_term_string"}}],"inLanguage":"es"},{"@type":"Organization","@id":"https:\/\/iraurgiberritzen.eus\/es\/#organization","name":"Iraurgi Berritzen","url":"https:\/\/iraurgiberritzen.eus\/es\/","logo":{"@type":"ImageObject","inLanguage":"es","@id":"https:\/\/iraurgiberritzen.eus\/es\/#\/schema\/logo\/image\/","url":"https:\/\/iraurgiberritzen.eus\/wp-content\/uploads\/2024\/02\/IRAURGI-BERRITZEN-logotipoa_2.png","contentUrl":"https:\/\/iraurgiberritzen.eus\/wp-content\/uploads\/2024\/02\/IRAURGI-BERRITZEN-logotipoa_2.png","width":496,"height":190,"caption":"Iraurgi Berritzen"},"image":{"@id":"https:\/\/iraurgiberritzen.eus\/es\/#\/schema\/logo\/image\/"}},{"@type":"Person","@id":"https:\/\/iraurgiberritzen.eus\/es\/#\/schema\/person\/a32c9825b3e2bfcbe757a97f6a15c8a5","name":"ainara"}]}},"_links":{"self":[{"href":"https:\/\/iraurgiberritzen.eus\/es\/wp-json\/wp\/v2\/posts\/23748","targetHints":{"allow":["GET"]}}],"collection":[{"href":"https:\/\/iraurgiberritzen.eus\/es\/wp-json\/wp\/v2\/posts"}],"about":[{"href":"https:\/\/iraurgiberritzen.eus\/es\/wp-json\/wp\/v2\/types\/post"}],"author":[{"embeddable":true,"href":"https:\/\/iraurgiberritzen.eus\/es\/wp-json\/wp\/v2\/users\/4"}],"replies":[{"embeddable":true,"href":"https:\/\/iraurgiberritzen.eus\/es\/wp-json\/wp\/v2\/comments?post=23748"}],"version-history":[{"count":1,"href":"https:\/\/iraurgiberritzen.eus\/es\/wp-json\/wp\/v2\/posts\/23748\/revisions"}],"predecessor-version":[{"id":23749,"href":"https:\/\/iraurgiberritzen.eus\/es\/wp-json\/wp\/v2\/posts\/23748\/revisions\/23749"}],"wp:featuredmedia":[{"embeddable":true,"href":"https:\/\/iraurgiberritzen.eus\/es\/wp-json\/wp\/v2\/media\/23744"}],"wp:attachment":[{"href":"https:\/\/iraurgiberritzen.eus\/es\/wp-json\/wp\/v2\/media?parent=23748"}],"wp:term":[{"taxonomy":"category","embeddable":true,"href":"https:\/\/iraurgiberritzen.eus\/es\/wp-json\/wp\/v2\/categories?post=23748"},{"taxonomy":"post_tag","embeddable":true,"href":"https:\/\/iraurgiberritzen.eus\/es\/wp-json\/wp\/v2\/tags?post=23748"}],"curies":[{"name":"wp","href":"https:\/\/api.w.org\/{rel}","templated":true}]}}