{"id":23792,"date":"2025-06-20T13:01:58","date_gmt":"2025-06-20T11:01:58","guid":{"rendered":"https:\/\/iraurgiberritzen.eus\/?p=23792"},"modified":"2025-06-23T09:36:22","modified_gmt":"2025-06-23T07:36:22","slug":"%f0%9d%97%a1%f0%9d%97%bc%f0%9d%98%80-%f0%9d%97%b5%f0%9d%97%b2%f0%9d%97%ba%f0%9d%97%bc%f0%9d%98%80-%f0%9d%97%bf%f0%9d%97%b2%f0%9d%98%82%f0%9d%97%bb%f0%9d%97%b6%f0%9d%97%b1%f0%9d%97%bc-%f0%9d%97%b2","status":"publish","type":"post","link":"https:\/\/iraurgiberritzen.eus\/es\/%f0%9d%97%a1%f0%9d%97%bc%f0%9d%98%80-%f0%9d%97%b5%f0%9d%97%b2%f0%9d%97%ba%f0%9d%97%bc%f0%9d%98%80-%f0%9d%97%bf%f0%9d%97%b2%f0%9d%98%82%f0%9d%97%bb%f0%9d%97%b6%f0%9d%97%b1%f0%9d%97%bc-%f0%9d%97%b2\/","title":{"rendered":"68 agentes participan en la celebraci\u00f3n del 15\u00ba aniversario de Hezkuntza Gunea, poniendo en valor el ecosistema de colaboraci\u00f3n comarcal"},"content":{"rendered":"<h5>\ud835\ude08 \ud835\ude2d\ud835\ude30\ud835\ude34 \ud835\ude33\ud835\ude26\ud835\ude35\ud835\ude30\ud835\ude34 \ud835\ude24\ud835\ude30\ud835\ude2d\ud835\ude26\ud835\ude24\ud835\ude35\ud835\ude2a\ud835\ude37\ud835\ude30\ud835\ude34, \ud835\ude33\ud835\ude26\ud835\ude34\ud835\ude31\ud835\ude36\ud835\ude26\ud835\ude34\ud835\ude35\ud835\ude22 \ud835\ude24\ud835\ude30\ud835\ude2d\ud835\ude26\ud835\ude24\ud835\ude35\ud835\ude2a\ud835\ude37\ud835\ude22. \ud835\ude13\ud835\ude22 \ud835\ude24\ud835\ude30\ud835\ude30\ud835\ude31\ud835\ude26\ud835\ude33\ud835\ude22\ud835\ude24\ud835\ude2a\ud835\ude30\u0301\ud835\ude2f \ud835\ude26\ud835\ude2f\ud835\ude35\ud835\ude33\ud835\ude26 \ud835\ude25\ud835\ude2a\ud835\ude27\ud835\ude26\ud835\ude33\ud835\ude26\ud835\ude2f\ud835\ude35\ud835\ude26\ud835\ude34 \ud835\ude22\ud835\ude28\ud835\ude26\ud835\ude2f\ud835\ude35\ud835\ude26\ud835\ude34 \ud835\ude26\ud835\ude34 \ud835\ude2d\ud835\ude22 \ud835\ude24\ud835\ude2d\ud835\ude22\ud835\ude37\ud835\ude26 \ud835\ude31\ud835\ude33\ud835\ude2a\ud835\ude2f\ud835\ude24\ud835\ude2a\ud835\ude31\ud835\ude22\ud835\ude2d \ud835\ude25\ud835\ude26\ud835\ude34\ud835\ude25\ud835\ude26 \ud835\ude2d\ud835\ude22 \ud835\ude31\ud835\ude26\ud835\ude33\ud835\ude34\ud835\ude31\ud835\ude26\ud835\ude24\ud835\ude35\ud835\ude2a\ud835\ude37\ud835\ude22 \ud835\ude25\ud835\ude26\ud835\ude2d \ud835\ude25\ud835\ude26\ud835\ude34\ud835\ude22\ud835\ude33\ud835\ude33\ud835\ude30\ud835\ude2d\ud835\ude2d\ud835\ude30 \ud835\ude35\ud835\ude26\ud835\ude33\ud835\ude33\ud835\ude2a\ud835\ude35\ud835\ude30\ud835\ude33\ud835\ude2a\ud835\ude22\ud835\ude2d \ud835\ude24\ud835\ude30\ud835\ude2e\ud835\ude22\ud835\ude33\ud835\ude24\ud835\ude22\ud835\ude2d.<\/h5>\n<p>En un contexto global donde la escasez de talento y la desconexi\u00f3n entre formaci\u00f3n y empleo preocupan a territorios y empresas por igual, la comarca guipuzcoana de Urola Erdia ha demostrado que otra v\u00eda es posible. Ayer, 19 de junio, se celebr\u00f3 un acto de reconocimiento a todos los agentes implicados en Hezkuntza Gunea, contando <strong>con la participaci\u00f3n de 68 profesionales<\/strong> de distintos sectores de la comarca. Entre ellos, se encontraban representantes de empresas, centros educativos y ayuntamientos de la comarca. Este proyecto estrat\u00e9gico <strong>cumple 15 a\u00f1os de vida<\/strong> articulando una respuesta colaborativa e innovadora para el desarrollo socioecon\u00f3mico local.<\/p>\n<p><strong>Hezkuntza Gunea<\/strong>, impulsado por <strong>Iraurgi Berritzen<\/strong> \u2013agencia de desarrollo e innovaci\u00f3n con sede en Azkoitia\u2013, representa un modelo de colaboraci\u00f3n p\u00fablico-privada que conecta empresas, centros educativos, profesionales, instituciones y estudiantes en torno a un objetivo com\u00fan: <strong>formar y retener talento en la comarca, adaptando la oferta educativa a las necesidades reales del entorno productivo<\/strong>.<\/p>\n<p>En el curso 2024-2025, la implicaci\u00f3n ha sido notable: casi 1.000 estudiantes, <strong>m\u00e1s de 100 profesionales, 70 docentes y 60 agentes<\/strong> de distintos sectores han tomado parte en los cuatro grandes programas del ecosistema Hezkuntza Gunea:<\/p>\n<ul>\n<li><strong>Gerolan<\/strong>: orientaci\u00f3n acad\u00e9mica y profesional en contacto directo con empresas y sectores estrat\u00e9gicos del territorio.<\/li>\n<li><strong>Elkarrekin Eraikitzen<\/strong>: trabajo competencial y conocimiento del entorno para estudiantes de ESO, mediante metodolog\u00edas activas e interacci\u00f3n con agentes locales.<\/li>\n<li><strong>ZIMAT<\/strong>: impulso de vocaciones cient\u00edfico-tecnol\u00f3gicas con enfoque STEAM.<\/li>\n<li><strong>Izan Ekintzaile<\/strong>: sensibilizaci\u00f3n emprendedora con participaci\u00f3n de emprendedores locales.<\/li>\n<\/ul>\n<p>Este ecosistema no solo aporta valor a los j\u00f3venes, sino que se ha convertido en una <strong>herramienta clave<\/strong> <strong>para las empresas de Urola Erdia<\/strong> que buscan asegurar el relevo generacional, adaptarse a los nuevos perfiles profesionales y fomentar el arraigo del talento.<\/p>\n<p>Hezkuntza Gunea demuestra que el desarrollo econ\u00f3mico tambi\u00e9n pasa por las aulas, y que cuando el territorio se alinea, los resultados llegan: j\u00f3venes m\u00e1s preparados, empresas m\u00e1s conectadas con la educaci\u00f3n, y una comarca m\u00e1s cohesionada y resiliente.<\/p>\n<p>Este aniversario marca un punto de inflexi\u00f3n para seguir profundizando en la cooperaci\u00f3n p\u00fablico-privada y reforzar el compromiso colectivo con el futuro de la comarca.<\/p>\n<p>Seg\u00fan Jon Zubizarreta, coordinador del \u00e1rea de educaci\u00f3n de Iraurgi Berritzen: \u00abTras estos 15 a\u00f1os, podemos decir con satisfacci\u00f3n que el Espacio de Educaci\u00f3n se ha convertido en una herramienta eficaz para atraer, orientar y acompa\u00f1ar el talento joven hacia las realidades econ\u00f3micas de nuestra comarca. Es un proyecto compartido, y demuestra que cuando los centros educativos y las empresas reman en la misma direcci\u00f3n, los resultados llegan. Actualmente, cerca de 1.000 estudiantes al a\u00f1o se conectan directamente con las realidades profesionales de su entorno. Es la mejor inversi\u00f3n que podemos hacer para el futuro de nuestra comarca.\u00bb<\/p>\n<p>Desde aqu\u00ed queremos agradecer a los agentes econ\u00f3micos por abrir las puertas de sus empresas y dedicar su tiempo. A los centros educativos, por implicarse m\u00e1s all\u00e1 del aula. A los ayuntamientos de Azkoitia y Azpeitia, por su apoyo con coherencia y constancia. Y, sobre todo, a cada persona que estuvo presente ayer, por demostrar que este proyecto no es solo un programa: es una manera de construir comarca.<\/p>\n","protected":false},"excerpt":{"rendered":"<p>\ud835\ude08 \ud835\ude2d\ud835\ude30\ud835\ude34 \ud835\ude33\ud835\ude26\ud835\ude35\ud835\ude30\ud835\ude34 \ud835\ude24\ud835\ude30\ud835\ude2d\ud835\ude26\ud835\ude24\ud835\ude35\ud835\ude2a\ud835\ude37\ud835\ude30\ud835\ude34, \ud835\ude33\ud835\ude26\ud835\ude34\ud835\ude31\ud835\ude36\ud835\ude26\ud835\ude34\ud835\ude35\ud835\ude22 \ud835\ude24\ud835\ude30\ud835\ude2d\ud835\ude26\ud835\ude24\ud835\ude35\ud835\ude2a\ud835\ude37\ud835\ude22. \ud835\ude13\ud835\ude22 \ud835\ude24\ud835\ude30\ud835\ude30\ud835\ude31\ud835\ude26\ud835\ude33\ud835\ude22\ud835\ude24\ud835\ude2a\ud835\ude30\u0301\ud835\ude2f \ud835\ude26\ud835\ude2f\ud835\ude35\ud835\ude33\ud835\ude26 \ud835\ude25\ud835\ude2a\ud835\ude27\ud835\ude26\ud835\ude33\ud835\ude26\ud835\ude2f\ud835\ude35\ud835\ude26\ud835\ude34 \ud835\ude22\ud835\ude28\ud835\ude26\ud835\ude2f\ud835\ude35\ud835\ude26\ud835\ude34 \ud835\ude26\ud835\ude34 \ud835\ude2d\ud835\ude22 \ud835\ude24\ud835\ude2d\ud835\ude22\ud835\ude37\ud835\ude26 \ud835\ude31\ud835\ude33\ud835\ude2a\ud835\ude2f\ud835\ude24\ud835\ude2a\ud835\ude31\ud835\ude22\ud835\ude2d \ud835\ude25\ud835\ude26\ud835\ude34\ud835\ude25\ud835\ude26 \ud835\ude2d\ud835\ude22 \ud835\ude31\ud835\ude26\ud835\ude33\ud835\ude34\ud835\ude31\ud835\ude26\ud835\ude24\ud835\ude35\ud835\ude2a\ud835\ude37\ud835\ude22 \ud835\ude25\ud835\ude26\ud835\ude2d \ud835\ude25\ud835\ude26\ud835\ude34\ud835\ude22\ud835\ude33\ud835\ude33\ud835\ude30\ud835\ude2d\ud835\ude2d\ud835\ude30 \ud835\ude35\ud835\ude26\ud835\ude33\ud835\ude33\ud835\ude2a\ud835\ude35\ud835\ude30\ud835\ude33\ud835\ude2a\ud835\ude22\ud835\ude2d \ud835\ude24\ud835\ude30\ud835\ude2e\ud835\ude22\ud835\ude33\ud835\ude24\ud835\ude22\ud835\ude2d. En un contexto global donde la escasez de talento y la desconexi\u00f3n entre formaci\u00f3n y empleo preocupan a territorios y empresas por igual, la comarca guipuzcoana de Urola Erdia ha demostrado que otra [&hellip;]<\/p>\n","protected":false},"author":4,"featured_media":23758,"comment_status":"closed","ping_status":"closed","sticky":false,"template":"","format":"standard","meta":{"_acf_changed":false,"footnotes":""},"categories":[4],"tags":[],"class_list":["post-23792","post","type-post","status-publish","format-standard","has-post-thumbnail","hentry","category-noticias","arloak-educacion"],"acf":[],"yoast_head":"<!-- This site is optimized with the Yoast SEO plugin v27.4 - https:\/\/yoast.com\/product\/yoast-seo-wordpress\/ -->\n<title>68 agentes participan en la celebraci\u00f3n del 15\u00ba aniversario de Hezkuntza Gunea, poniendo en valor el ecosistema de colaboraci\u00f3n comarcal - Iraurgi Berritzen<\/title>\n<meta name=\"robots\" content=\"index, follow, max-snippet:-1, max-image-preview:large, max-video-preview:-1\" \/>\n<link rel=\"canonical\" href=\"https:\/\/iraurgiberritzen.eus\/es\/%f0%9d%97%a1%f0%9d%97%bc%f0%9d%98%80-%f0%9d%97%b5%f0%9d%97%b2%f0%9d%97%ba%f0%9d%97%bc%f0%9d%98%80-%f0%9d%97%bf%f0%9d%97%b2%f0%9d%98%82%f0%9d%97%bb%f0%9d%97%b6%f0%9d%97%b1%f0%9d%97%bc-%f0%9d%97%b2\/\" \/>\n<meta property=\"og:locale\" content=\"es_ES\" \/>\n<meta property=\"og:type\" content=\"article\" \/>\n<meta property=\"og:title\" content=\"68 agentes participan en la celebraci\u00f3n del 15\u00ba aniversario de Hezkuntza Gunea, poniendo en valor el ecosistema de colaboraci\u00f3n comarcal - Iraurgi Berritzen\" \/>\n<meta property=\"og:description\" content=\"\ud835\ude08 \ud835\ude2d\ud835\ude30\ud835\ude34 \ud835\ude33\ud835\ude26\ud835\ude35\ud835\ude30\ud835\ude34 \ud835\ude24\ud835\ude30\ud835\ude2d\ud835\ude26\ud835\ude24\ud835\ude35\ud835\ude2a\ud835\ude37\ud835\ude30\ud835\ude34, \ud835\ude33\ud835\ude26\ud835\ude34\ud835\ude31\ud835\ude36\ud835\ude26\ud835\ude34\ud835\ude35\ud835\ude22 \ud835\ude24\ud835\ude30\ud835\ude2d\ud835\ude26\ud835\ude24\ud835\ude35\ud835\ude2a\ud835\ude37\ud835\ude22. \ud835\ude13\ud835\ude22 \ud835\ude24\ud835\ude30\ud835\ude30\ud835\ude31\ud835\ude26\ud835\ude33\ud835\ude22\ud835\ude24\ud835\ude2a\ud835\ude30\u0301\ud835\ude2f \ud835\ude26\ud835\ude2f\ud835\ude35\ud835\ude33\ud835\ude26 \ud835\ude25\ud835\ude2a\ud835\ude27\ud835\ude26\ud835\ude33\ud835\ude26\ud835\ude2f\ud835\ude35\ud835\ude26\ud835\ude34 \ud835\ude22\ud835\ude28\ud835\ude26\ud835\ude2f\ud835\ude35\ud835\ude26\ud835\ude34 \ud835\ude26\ud835\ude34 \ud835\ude2d\ud835\ude22 \ud835\ude24\ud835\ude2d\ud835\ude22\ud835\ude37\ud835\ude26 \ud835\ude31\ud835\ude33\ud835\ude2a\ud835\ude2f\ud835\ude24\ud835\ude2a\ud835\ude31\ud835\ude22\ud835\ude2d \ud835\ude25\ud835\ude26\ud835\ude34\ud835\ude25\ud835\ude26 \ud835\ude2d\ud835\ude22 \ud835\ude31\ud835\ude26\ud835\ude33\ud835\ude34\ud835\ude31\ud835\ude26\ud835\ude24\ud835\ude35\ud835\ude2a\ud835\ude37\ud835\ude22 \ud835\ude25\ud835\ude26\ud835\ude2d \ud835\ude25\ud835\ude26\ud835\ude34\ud835\ude22\ud835\ude33\ud835\ude33\ud835\ude30\ud835\ude2d\ud835\ude2d\ud835\ude30 \ud835\ude35\ud835\ude26\ud835\ude33\ud835\ude33\ud835\ude2a\ud835\ude35\ud835\ude30\ud835\ude33\ud835\ude2a\ud835\ude22\ud835\ude2d \ud835\ude24\ud835\ude30\ud835\ude2e\ud835\ude22\ud835\ude33\ud835\ude24\ud835\ude22\ud835\ude2d. En un contexto global donde la escasez de talento y la desconexi\u00f3n entre formaci\u00f3n y empleo preocupan a territorios y empresas por igual, la comarca guipuzcoana de Urola Erdia ha demostrado que otra [&hellip;]\" \/>\n<meta property=\"og:url\" content=\"https:\/\/iraurgiberritzen.eus\/es\/%f0%9d%97%a1%f0%9d%97%bc%f0%9d%98%80-%f0%9d%97%b5%f0%9d%97%b2%f0%9d%97%ba%f0%9d%97%bc%f0%9d%98%80-%f0%9d%97%bf%f0%9d%97%b2%f0%9d%98%82%f0%9d%97%bb%f0%9d%97%b6%f0%9d%97%b1%f0%9d%97%bc-%f0%9d%97%b2\/\" \/>\n<meta property=\"og:site_name\" content=\"Iraurgi Berritzen\" \/>\n<meta property=\"article:published_time\" content=\"2025-06-20T11:01:58+00:00\" \/>\n<meta property=\"article:modified_time\" content=\"2025-06-23T07:36:22+00:00\" \/>\n<meta property=\"og:image\" content=\"https:\/\/iraurgiberritzen.eus\/wp-content\/uploads\/2025\/06\/WhatsApp-Image-2025-06-20-at-08.23.58-scaled.jpeg\" \/>\n\t<meta property=\"og:image:width\" content=\"2560\" \/>\n\t<meta property=\"og:image:height\" content=\"1073\" \/>\n\t<meta property=\"og:image:type\" content=\"image\/jpeg\" \/>\n<meta name=\"author\" content=\"ainara\" \/>\n<meta name=\"twitter:card\" content=\"summary_large_image\" \/>\n<meta name=\"twitter:label1\" content=\"Escrito por\" \/>\n\t<meta name=\"twitter:data1\" content=\"ainara\" \/>\n\t<meta name=\"twitter:label2\" content=\"Tiempo de lectura\" \/>\n\t<meta name=\"twitter:data2\" content=\"4 minutos\" \/>\n<script type=\"application\/ld+json\" class=\"yoast-schema-graph\">{\"@context\":\"https:\\\/\\\/schema.org\",\"@graph\":[{\"@type\":\"Article\",\"@id\":\"https:\\\/\\\/iraurgiberritzen.eus\\\/es\\\/%f0%9d%97%a1%f0%9d%97%bc%f0%9d%98%80-%f0%9d%97%b5%f0%9d%97%b2%f0%9d%97%ba%f0%9d%97%bc%f0%9d%98%80-%f0%9d%97%bf%f0%9d%97%b2%f0%9d%98%82%f0%9d%97%bb%f0%9d%97%b6%f0%9d%97%b1%f0%9d%97%bc-%f0%9d%97%b2\\\/#article\",\"isPartOf\":{\"@id\":\"https:\\\/\\\/iraurgiberritzen.eus\\\/es\\\/%f0%9d%97%a1%f0%9d%97%bc%f0%9d%98%80-%f0%9d%97%b5%f0%9d%97%b2%f0%9d%97%ba%f0%9d%97%bc%f0%9d%98%80-%f0%9d%97%bf%f0%9d%97%b2%f0%9d%98%82%f0%9d%97%bb%f0%9d%97%b6%f0%9d%97%b1%f0%9d%97%bc-%f0%9d%97%b2\\\/\"},\"author\":{\"name\":\"ainara\",\"@id\":\"https:\\\/\\\/iraurgiberritzen.eus\\\/es\\\/#\\\/schema\\\/person\\\/a32c9825b3e2bfcbe757a97f6a15c8a5\"},\"headline\":\"68 agentes participan en la celebraci\u00f3n del 15\u00ba aniversario de Hezkuntza Gunea, poniendo en valor el ecosistema de colaboraci\u00f3n comarcal\",\"datePublished\":\"2025-06-20T11:01:58+00:00\",\"dateModified\":\"2025-06-23T07:36:22+00:00\",\"mainEntityOfPage\":{\"@id\":\"https:\\\/\\\/iraurgiberritzen.eus\\\/es\\\/%f0%9d%97%a1%f0%9d%97%bc%f0%9d%98%80-%f0%9d%97%b5%f0%9d%97%b2%f0%9d%97%ba%f0%9d%97%bc%f0%9d%98%80-%f0%9d%97%bf%f0%9d%97%b2%f0%9d%98%82%f0%9d%97%bb%f0%9d%97%b6%f0%9d%97%b1%f0%9d%97%bc-%f0%9d%97%b2\\\/\"},\"wordCount\":570,\"publisher\":{\"@id\":\"https:\\\/\\\/iraurgiberritzen.eus\\\/es\\\/#organization\"},\"image\":{\"@id\":\"https:\\\/\\\/iraurgiberritzen.eus\\\/es\\\/%f0%9d%97%a1%f0%9d%97%bc%f0%9d%98%80-%f0%9d%97%b5%f0%9d%97%b2%f0%9d%97%ba%f0%9d%97%bc%f0%9d%98%80-%f0%9d%97%bf%f0%9d%97%b2%f0%9d%98%82%f0%9d%97%bb%f0%9d%97%b6%f0%9d%97%b1%f0%9d%97%bc-%f0%9d%97%b2\\\/#primaryimage\"},\"thumbnailUrl\":\"https:\\\/\\\/iraurgiberritzen.eus\\\/wp-content\\\/uploads\\\/2025\\\/06\\\/WhatsApp-Image-2025-06-20-at-08.23.58-scaled.jpeg\",\"articleSection\":[\"Noticias\"],\"inLanguage\":\"es\"},{\"@type\":\"WebPage\",\"@id\":\"https:\\\/\\\/iraurgiberritzen.eus\\\/es\\\/%f0%9d%97%a1%f0%9d%97%bc%f0%9d%98%80-%f0%9d%97%b5%f0%9d%97%b2%f0%9d%97%ba%f0%9d%97%bc%f0%9d%98%80-%f0%9d%97%bf%f0%9d%97%b2%f0%9d%98%82%f0%9d%97%bb%f0%9d%97%b6%f0%9d%97%b1%f0%9d%97%bc-%f0%9d%97%b2\\\/\",\"url\":\"https:\\\/\\\/iraurgiberritzen.eus\\\/es\\\/%f0%9d%97%a1%f0%9d%97%bc%f0%9d%98%80-%f0%9d%97%b5%f0%9d%97%b2%f0%9d%97%ba%f0%9d%97%bc%f0%9d%98%80-%f0%9d%97%bf%f0%9d%97%b2%f0%9d%98%82%f0%9d%97%bb%f0%9d%97%b6%f0%9d%97%b1%f0%9d%97%bc-%f0%9d%97%b2\\\/\",\"name\":\"68 agentes participan en la celebraci\u00f3n del 15\u00ba aniversario de Hezkuntza Gunea, poniendo en valor el ecosistema de colaboraci\u00f3n comarcal - Iraurgi Berritzen\",\"isPartOf\":{\"@id\":\"https:\\\/\\\/iraurgiberritzen.eus\\\/es\\\/#website\"},\"primaryImageOfPage\":{\"@id\":\"https:\\\/\\\/iraurgiberritzen.eus\\\/es\\\/%f0%9d%97%a1%f0%9d%97%bc%f0%9d%98%80-%f0%9d%97%b5%f0%9d%97%b2%f0%9d%97%ba%f0%9d%97%bc%f0%9d%98%80-%f0%9d%97%bf%f0%9d%97%b2%f0%9d%98%82%f0%9d%97%bb%f0%9d%97%b6%f0%9d%97%b1%f0%9d%97%bc-%f0%9d%97%b2\\\/#primaryimage\"},\"image\":{\"@id\":\"https:\\\/\\\/iraurgiberritzen.eus\\\/es\\\/%f0%9d%97%a1%f0%9d%97%bc%f0%9d%98%80-%f0%9d%97%b5%f0%9d%97%b2%f0%9d%97%ba%f0%9d%97%bc%f0%9d%98%80-%f0%9d%97%bf%f0%9d%97%b2%f0%9d%98%82%f0%9d%97%bb%f0%9d%97%b6%f0%9d%97%b1%f0%9d%97%bc-%f0%9d%97%b2\\\/#primaryimage\"},\"thumbnailUrl\":\"https:\\\/\\\/iraurgiberritzen.eus\\\/wp-content\\\/uploads\\\/2025\\\/06\\\/WhatsApp-Image-2025-06-20-at-08.23.58-scaled.jpeg\",\"datePublished\":\"2025-06-20T11:01:58+00:00\",\"dateModified\":\"2025-06-23T07:36:22+00:00\",\"breadcrumb\":{\"@id\":\"https:\\\/\\\/iraurgiberritzen.eus\\\/es\\\/%f0%9d%97%a1%f0%9d%97%bc%f0%9d%98%80-%f0%9d%97%b5%f0%9d%97%b2%f0%9d%97%ba%f0%9d%97%bc%f0%9d%98%80-%f0%9d%97%bf%f0%9d%97%b2%f0%9d%98%82%f0%9d%97%bb%f0%9d%97%b6%f0%9d%97%b1%f0%9d%97%bc-%f0%9d%97%b2\\\/#breadcrumb\"},\"inLanguage\":\"es\",\"potentialAction\":[{\"@type\":\"ReadAction\",\"target\":[\"https:\\\/\\\/iraurgiberritzen.eus\\\/es\\\/%f0%9d%97%a1%f0%9d%97%bc%f0%9d%98%80-%f0%9d%97%b5%f0%9d%97%b2%f0%9d%97%ba%f0%9d%97%bc%f0%9d%98%80-%f0%9d%97%bf%f0%9d%97%b2%f0%9d%98%82%f0%9d%97%bb%f0%9d%97%b6%f0%9d%97%b1%f0%9d%97%bc-%f0%9d%97%b2\\\/\"]}]},{\"@type\":\"ImageObject\",\"inLanguage\":\"es\",\"@id\":\"https:\\\/\\\/iraurgiberritzen.eus\\\/es\\\/%f0%9d%97%a1%f0%9d%97%bc%f0%9d%98%80-%f0%9d%97%b5%f0%9d%97%b2%f0%9d%97%ba%f0%9d%97%bc%f0%9d%98%80-%f0%9d%97%bf%f0%9d%97%b2%f0%9d%98%82%f0%9d%97%bb%f0%9d%97%b6%f0%9d%97%b1%f0%9d%97%bc-%f0%9d%97%b2\\\/#primaryimage\",\"url\":\"https:\\\/\\\/iraurgiberritzen.eus\\\/wp-content\\\/uploads\\\/2025\\\/06\\\/WhatsApp-Image-2025-06-20-at-08.23.58-scaled.jpeg\",\"contentUrl\":\"https:\\\/\\\/iraurgiberritzen.eus\\\/wp-content\\\/uploads\\\/2025\\\/06\\\/WhatsApp-Image-2025-06-20-at-08.23.58-scaled.jpeg\",\"width\":2560,\"height\":1073},{\"@type\":\"BreadcrumbList\",\"@id\":\"https:\\\/\\\/iraurgiberritzen.eus\\\/es\\\/%f0%9d%97%a1%f0%9d%97%bc%f0%9d%98%80-%f0%9d%97%b5%f0%9d%97%b2%f0%9d%97%ba%f0%9d%97%bc%f0%9d%98%80-%f0%9d%97%bf%f0%9d%97%b2%f0%9d%98%82%f0%9d%97%bb%f0%9d%97%b6%f0%9d%97%b1%f0%9d%97%bc-%f0%9d%97%b2\\\/#breadcrumb\",\"itemListElement\":[{\"@type\":\"ListItem\",\"position\":1,\"name\":\"Home\",\"item\":\"https:\\\/\\\/iraurgiberritzen.eus\\\/es\\\/\"},{\"@type\":\"ListItem\",\"position\":2,\"name\":\"68 agentes participan en la celebraci\u00f3n del 15\u00ba aniversario de Hezkuntza Gunea, poniendo en valor el ecosistema de colaboraci\u00f3n comarcal\"}]},{\"@type\":\"WebSite\",\"@id\":\"https:\\\/\\\/iraurgiberritzen.eus\\\/es\\\/#website\",\"url\":\"https:\\\/\\\/iraurgiberritzen.eus\\\/es\\\/\",\"name\":\"Iraurgi Berritzen\",\"description\":\"Urola Erdiko Garapen Agentzia\",\"publisher\":{\"@id\":\"https:\\\/\\\/iraurgiberritzen.eus\\\/es\\\/#organization\"},\"potentialAction\":[{\"@type\":\"SearchAction\",\"target\":{\"@type\":\"EntryPoint\",\"urlTemplate\":\"https:\\\/\\\/iraurgiberritzen.eus\\\/es\\\/?s={search_term_string}\"},\"query-input\":{\"@type\":\"PropertyValueSpecification\",\"valueRequired\":true,\"valueName\":\"search_term_string\"}}],\"inLanguage\":\"es\"},{\"@type\":\"Organization\",\"@id\":\"https:\\\/\\\/iraurgiberritzen.eus\\\/es\\\/#organization\",\"name\":\"Iraurgi Berritzen\",\"url\":\"https:\\\/\\\/iraurgiberritzen.eus\\\/es\\\/\",\"logo\":{\"@type\":\"ImageObject\",\"inLanguage\":\"es\",\"@id\":\"https:\\\/\\\/iraurgiberritzen.eus\\\/es\\\/#\\\/schema\\\/logo\\\/image\\\/\",\"url\":\"https:\\\/\\\/iraurgiberritzen.eus\\\/wp-content\\\/uploads\\\/2024\\\/02\\\/IRAURGI-BERRITZEN-logotipoa_2.png\",\"contentUrl\":\"https:\\\/\\\/iraurgiberritzen.eus\\\/wp-content\\\/uploads\\\/2024\\\/02\\\/IRAURGI-BERRITZEN-logotipoa_2.png\",\"width\":496,\"height\":190,\"caption\":\"Iraurgi Berritzen\"},\"image\":{\"@id\":\"https:\\\/\\\/iraurgiberritzen.eus\\\/es\\\/#\\\/schema\\\/logo\\\/image\\\/\"}},{\"@type\":\"Person\",\"@id\":\"https:\\\/\\\/iraurgiberritzen.eus\\\/es\\\/#\\\/schema\\\/person\\\/a32c9825b3e2bfcbe757a97f6a15c8a5\",\"name\":\"ainara\"}]}<\/script>\n<!-- \/ Yoast SEO plugin. -->","yoast_head_json":{"title":"68 agentes participan en la celebraci\u00f3n del 15\u00ba aniversario de Hezkuntza Gunea, poniendo en valor el ecosistema de colaboraci\u00f3n comarcal - Iraurgi Berritzen","robots":{"index":"index","follow":"follow","max-snippet":"max-snippet:-1","max-image-preview":"max-image-preview:large","max-video-preview":"max-video-preview:-1"},"canonical":"https:\/\/iraurgiberritzen.eus\/es\/%f0%9d%97%a1%f0%9d%97%bc%f0%9d%98%80-%f0%9d%97%b5%f0%9d%97%b2%f0%9d%97%ba%f0%9d%97%bc%f0%9d%98%80-%f0%9d%97%bf%f0%9d%97%b2%f0%9d%98%82%f0%9d%97%bb%f0%9d%97%b6%f0%9d%97%b1%f0%9d%97%bc-%f0%9d%97%b2\/","og_locale":"es_ES","og_type":"article","og_title":"68 agentes participan en la celebraci\u00f3n del 15\u00ba aniversario de Hezkuntza Gunea, poniendo en valor el ecosistema de colaboraci\u00f3n comarcal - Iraurgi Berritzen","og_description":"\ud835\ude08 \ud835\ude2d\ud835\ude30\ud835\ude34 \ud835\ude33\ud835\ude26\ud835\ude35\ud835\ude30\ud835\ude34 \ud835\ude24\ud835\ude30\ud835\ude2d\ud835\ude26\ud835\ude24\ud835\ude35\ud835\ude2a\ud835\ude37\ud835\ude30\ud835\ude34, \ud835\ude33\ud835\ude26\ud835\ude34\ud835\ude31\ud835\ude36\ud835\ude26\ud835\ude34\ud835\ude35\ud835\ude22 \ud835\ude24\ud835\ude30\ud835\ude2d\ud835\ude26\ud835\ude24\ud835\ude35\ud835\ude2a\ud835\ude37\ud835\ude22. \ud835\ude13\ud835\ude22 \ud835\ude24\ud835\ude30\ud835\ude30\ud835\ude31\ud835\ude26\ud835\ude33\ud835\ude22\ud835\ude24\ud835\ude2a\ud835\ude30\u0301\ud835\ude2f \ud835\ude26\ud835\ude2f\ud835\ude35\ud835\ude33\ud835\ude26 \ud835\ude25\ud835\ude2a\ud835\ude27\ud835\ude26\ud835\ude33\ud835\ude26\ud835\ude2f\ud835\ude35\ud835\ude26\ud835\ude34 \ud835\ude22\ud835\ude28\ud835\ude26\ud835\ude2f\ud835\ude35\ud835\ude26\ud835\ude34 \ud835\ude26\ud835\ude34 \ud835\ude2d\ud835\ude22 \ud835\ude24\ud835\ude2d\ud835\ude22\ud835\ude37\ud835\ude26 \ud835\ude31\ud835\ude33\ud835\ude2a\ud835\ude2f\ud835\ude24\ud835\ude2a\ud835\ude31\ud835\ude22\ud835\ude2d \ud835\ude25\ud835\ude26\ud835\ude34\ud835\ude25\ud835\ude26 \ud835\ude2d\ud835\ude22 \ud835\ude31\ud835\ude26\ud835\ude33\ud835\ude34\ud835\ude31\ud835\ude26\ud835\ude24\ud835\ude35\ud835\ude2a\ud835\ude37\ud835\ude22 \ud835\ude25\ud835\ude26\ud835\ude2d \ud835\ude25\ud835\ude26\ud835\ude34\ud835\ude22\ud835\ude33\ud835\ude33\ud835\ude30\ud835\ude2d\ud835\ude2d\ud835\ude30 \ud835\ude35\ud835\ude26\ud835\ude33\ud835\ude33\ud835\ude2a\ud835\ude35\ud835\ude30\ud835\ude33\ud835\ude2a\ud835\ude22\ud835\ude2d \ud835\ude24\ud835\ude30\ud835\ude2e\ud835\ude22\ud835\ude33\ud835\ude24\ud835\ude22\ud835\ude2d. En un contexto global donde la escasez de talento y la desconexi\u00f3n entre formaci\u00f3n y empleo preocupan a territorios y empresas por igual, la comarca guipuzcoana de Urola Erdia ha demostrado que otra [&hellip;]","og_url":"https:\/\/iraurgiberritzen.eus\/es\/%f0%9d%97%a1%f0%9d%97%bc%f0%9d%98%80-%f0%9d%97%b5%f0%9d%97%b2%f0%9d%97%ba%f0%9d%97%bc%f0%9d%98%80-%f0%9d%97%bf%f0%9d%97%b2%f0%9d%98%82%f0%9d%97%bb%f0%9d%97%b6%f0%9d%97%b1%f0%9d%97%bc-%f0%9d%97%b2\/","og_site_name":"Iraurgi Berritzen","article_published_time":"2025-06-20T11:01:58+00:00","article_modified_time":"2025-06-23T07:36:22+00:00","og_image":[{"width":2560,"height":1073,"url":"https:\/\/iraurgiberritzen.eus\/wp-content\/uploads\/2025\/06\/WhatsApp-Image-2025-06-20-at-08.23.58-scaled.jpeg","type":"image\/jpeg"}],"author":"ainara","twitter_card":"summary_large_image","twitter_misc":{"Escrito por":"ainara","Tiempo de lectura":"4 minutos"},"schema":{"@context":"https:\/\/schema.org","@graph":[{"@type":"Article","@id":"https:\/\/iraurgiberritzen.eus\/es\/%f0%9d%97%a1%f0%9d%97%bc%f0%9d%98%80-%f0%9d%97%b5%f0%9d%97%b2%f0%9d%97%ba%f0%9d%97%bc%f0%9d%98%80-%f0%9d%97%bf%f0%9d%97%b2%f0%9d%98%82%f0%9d%97%bb%f0%9d%97%b6%f0%9d%97%b1%f0%9d%97%bc-%f0%9d%97%b2\/#article","isPartOf":{"@id":"https:\/\/iraurgiberritzen.eus\/es\/%f0%9d%97%a1%f0%9d%97%bc%f0%9d%98%80-%f0%9d%97%b5%f0%9d%97%b2%f0%9d%97%ba%f0%9d%97%bc%f0%9d%98%80-%f0%9d%97%bf%f0%9d%97%b2%f0%9d%98%82%f0%9d%97%bb%f0%9d%97%b6%f0%9d%97%b1%f0%9d%97%bc-%f0%9d%97%b2\/"},"author":{"name":"ainara","@id":"https:\/\/iraurgiberritzen.eus\/es\/#\/schema\/person\/a32c9825b3e2bfcbe757a97f6a15c8a5"},"headline":"68 agentes participan en la celebraci\u00f3n del 15\u00ba aniversario de Hezkuntza Gunea, poniendo en valor el ecosistema de colaboraci\u00f3n comarcal","datePublished":"2025-06-20T11:01:58+00:00","dateModified":"2025-06-23T07:36:22+00:00","mainEntityOfPage":{"@id":"https:\/\/iraurgiberritzen.eus\/es\/%f0%9d%97%a1%f0%9d%97%bc%f0%9d%98%80-%f0%9d%97%b5%f0%9d%97%b2%f0%9d%97%ba%f0%9d%97%bc%f0%9d%98%80-%f0%9d%97%bf%f0%9d%97%b2%f0%9d%98%82%f0%9d%97%bb%f0%9d%97%b6%f0%9d%97%b1%f0%9d%97%bc-%f0%9d%97%b2\/"},"wordCount":570,"publisher":{"@id":"https:\/\/iraurgiberritzen.eus\/es\/#organization"},"image":{"@id":"https:\/\/iraurgiberritzen.eus\/es\/%f0%9d%97%a1%f0%9d%97%bc%f0%9d%98%80-%f0%9d%97%b5%f0%9d%97%b2%f0%9d%97%ba%f0%9d%97%bc%f0%9d%98%80-%f0%9d%97%bf%f0%9d%97%b2%f0%9d%98%82%f0%9d%97%bb%f0%9d%97%b6%f0%9d%97%b1%f0%9d%97%bc-%f0%9d%97%b2\/#primaryimage"},"thumbnailUrl":"https:\/\/iraurgiberritzen.eus\/wp-content\/uploads\/2025\/06\/WhatsApp-Image-2025-06-20-at-08.23.58-scaled.jpeg","articleSection":["Noticias"],"inLanguage":"es"},{"@type":"WebPage","@id":"https:\/\/iraurgiberritzen.eus\/es\/%f0%9d%97%a1%f0%9d%97%bc%f0%9d%98%80-%f0%9d%97%b5%f0%9d%97%b2%f0%9d%97%ba%f0%9d%97%bc%f0%9d%98%80-%f0%9d%97%bf%f0%9d%97%b2%f0%9d%98%82%f0%9d%97%bb%f0%9d%97%b6%f0%9d%97%b1%f0%9d%97%bc-%f0%9d%97%b2\/","url":"https:\/\/iraurgiberritzen.eus\/es\/%f0%9d%97%a1%f0%9d%97%bc%f0%9d%98%80-%f0%9d%97%b5%f0%9d%97%b2%f0%9d%97%ba%f0%9d%97%bc%f0%9d%98%80-%f0%9d%97%bf%f0%9d%97%b2%f0%9d%98%82%f0%9d%97%bb%f0%9d%97%b6%f0%9d%97%b1%f0%9d%97%bc-%f0%9d%97%b2\/","name":"68 agentes participan en la celebraci\u00f3n del 15\u00ba aniversario de Hezkuntza Gunea, poniendo en valor el ecosistema de colaboraci\u00f3n comarcal - Iraurgi Berritzen","isPartOf":{"@id":"https:\/\/iraurgiberritzen.eus\/es\/#website"},"primaryImageOfPage":{"@id":"https:\/\/iraurgiberritzen.eus\/es\/%f0%9d%97%a1%f0%9d%97%bc%f0%9d%98%80-%f0%9d%97%b5%f0%9d%97%b2%f0%9d%97%ba%f0%9d%97%bc%f0%9d%98%80-%f0%9d%97%bf%f0%9d%97%b2%f0%9d%98%82%f0%9d%97%bb%f0%9d%97%b6%f0%9d%97%b1%f0%9d%97%bc-%f0%9d%97%b2\/#primaryimage"},"image":{"@id":"https:\/\/iraurgiberritzen.eus\/es\/%f0%9d%97%a1%f0%9d%97%bc%f0%9d%98%80-%f0%9d%97%b5%f0%9d%97%b2%f0%9d%97%ba%f0%9d%97%bc%f0%9d%98%80-%f0%9d%97%bf%f0%9d%97%b2%f0%9d%98%82%f0%9d%97%bb%f0%9d%97%b6%f0%9d%97%b1%f0%9d%97%bc-%f0%9d%97%b2\/#primaryimage"},"thumbnailUrl":"https:\/\/iraurgiberritzen.eus\/wp-content\/uploads\/2025\/06\/WhatsApp-Image-2025-06-20-at-08.23.58-scaled.jpeg","datePublished":"2025-06-20T11:01:58+00:00","dateModified":"2025-06-23T07:36:22+00:00","breadcrumb":{"@id":"https:\/\/iraurgiberritzen.eus\/es\/%f0%9d%97%a1%f0%9d%97%bc%f0%9d%98%80-%f0%9d%97%b5%f0%9d%97%b2%f0%9d%97%ba%f0%9d%97%bc%f0%9d%98%80-%f0%9d%97%bf%f0%9d%97%b2%f0%9d%98%82%f0%9d%97%bb%f0%9d%97%b6%f0%9d%97%b1%f0%9d%97%bc-%f0%9d%97%b2\/#breadcrumb"},"inLanguage":"es","potentialAction":[{"@type":"ReadAction","target":["https:\/\/iraurgiberritzen.eus\/es\/%f0%9d%97%a1%f0%9d%97%bc%f0%9d%98%80-%f0%9d%97%b5%f0%9d%97%b2%f0%9d%97%ba%f0%9d%97%bc%f0%9d%98%80-%f0%9d%97%bf%f0%9d%97%b2%f0%9d%98%82%f0%9d%97%bb%f0%9d%97%b6%f0%9d%97%b1%f0%9d%97%bc-%f0%9d%97%b2\/"]}]},{"@type":"ImageObject","inLanguage":"es","@id":"https:\/\/iraurgiberritzen.eus\/es\/%f0%9d%97%a1%f0%9d%97%bc%f0%9d%98%80-%f0%9d%97%b5%f0%9d%97%b2%f0%9d%97%ba%f0%9d%97%bc%f0%9d%98%80-%f0%9d%97%bf%f0%9d%97%b2%f0%9d%98%82%f0%9d%97%bb%f0%9d%97%b6%f0%9d%97%b1%f0%9d%97%bc-%f0%9d%97%b2\/#primaryimage","url":"https:\/\/iraurgiberritzen.eus\/wp-content\/uploads\/2025\/06\/WhatsApp-Image-2025-06-20-at-08.23.58-scaled.jpeg","contentUrl":"https:\/\/iraurgiberritzen.eus\/wp-content\/uploads\/2025\/06\/WhatsApp-Image-2025-06-20-at-08.23.58-scaled.jpeg","width":2560,"height":1073},{"@type":"BreadcrumbList","@id":"https:\/\/iraurgiberritzen.eus\/es\/%f0%9d%97%a1%f0%9d%97%bc%f0%9d%98%80-%f0%9d%97%b5%f0%9d%97%b2%f0%9d%97%ba%f0%9d%97%bc%f0%9d%98%80-%f0%9d%97%bf%f0%9d%97%b2%f0%9d%98%82%f0%9d%97%bb%f0%9d%97%b6%f0%9d%97%b1%f0%9d%97%bc-%f0%9d%97%b2\/#breadcrumb","itemListElement":[{"@type":"ListItem","position":1,"name":"Home","item":"https:\/\/iraurgiberritzen.eus\/es\/"},{"@type":"ListItem","position":2,"name":"68 agentes participan en la celebraci\u00f3n del 15\u00ba aniversario de Hezkuntza Gunea, poniendo en valor el ecosistema de colaboraci\u00f3n comarcal"}]},{"@type":"WebSite","@id":"https:\/\/iraurgiberritzen.eus\/es\/#website","url":"https:\/\/iraurgiberritzen.eus\/es\/","name":"Iraurgi Berritzen","description":"Urola Erdiko Garapen Agentzia","publisher":{"@id":"https:\/\/iraurgiberritzen.eus\/es\/#organization"},"potentialAction":[{"@type":"SearchAction","target":{"@type":"EntryPoint","urlTemplate":"https:\/\/iraurgiberritzen.eus\/es\/?s={search_term_string}"},"query-input":{"@type":"PropertyValueSpecification","valueRequired":true,"valueName":"search_term_string"}}],"inLanguage":"es"},{"@type":"Organization","@id":"https:\/\/iraurgiberritzen.eus\/es\/#organization","name":"Iraurgi Berritzen","url":"https:\/\/iraurgiberritzen.eus\/es\/","logo":{"@type":"ImageObject","inLanguage":"es","@id":"https:\/\/iraurgiberritzen.eus\/es\/#\/schema\/logo\/image\/","url":"https:\/\/iraurgiberritzen.eus\/wp-content\/uploads\/2024\/02\/IRAURGI-BERRITZEN-logotipoa_2.png","contentUrl":"https:\/\/iraurgiberritzen.eus\/wp-content\/uploads\/2024\/02\/IRAURGI-BERRITZEN-logotipoa_2.png","width":496,"height":190,"caption":"Iraurgi Berritzen"},"image":{"@id":"https:\/\/iraurgiberritzen.eus\/es\/#\/schema\/logo\/image\/"}},{"@type":"Person","@id":"https:\/\/iraurgiberritzen.eus\/es\/#\/schema\/person\/a32c9825b3e2bfcbe757a97f6a15c8a5","name":"ainara"}]}},"_links":{"self":[{"href":"https:\/\/iraurgiberritzen.eus\/es\/wp-json\/wp\/v2\/posts\/23792","targetHints":{"allow":["GET"]}}],"collection":[{"href":"https:\/\/iraurgiberritzen.eus\/es\/wp-json\/wp\/v2\/posts"}],"about":[{"href":"https:\/\/iraurgiberritzen.eus\/es\/wp-json\/wp\/v2\/types\/post"}],"author":[{"embeddable":true,"href":"https:\/\/iraurgiberritzen.eus\/es\/wp-json\/wp\/v2\/users\/4"}],"replies":[{"embeddable":true,"href":"https:\/\/iraurgiberritzen.eus\/es\/wp-json\/wp\/v2\/comments?post=23792"}],"version-history":[{"count":3,"href":"https:\/\/iraurgiberritzen.eus\/es\/wp-json\/wp\/v2\/posts\/23792\/revisions"}],"predecessor-version":[{"id":23845,"href":"https:\/\/iraurgiberritzen.eus\/es\/wp-json\/wp\/v2\/posts\/23792\/revisions\/23845"}],"wp:featuredmedia":[{"embeddable":true,"href":"https:\/\/iraurgiberritzen.eus\/es\/wp-json\/wp\/v2\/media\/23758"}],"wp:attachment":[{"href":"https:\/\/iraurgiberritzen.eus\/es\/wp-json\/wp\/v2\/media?parent=23792"}],"wp:term":[{"taxonomy":"category","embeddable":true,"href":"https:\/\/iraurgiberritzen.eus\/es\/wp-json\/wp\/v2\/categories?post=23792"},{"taxonomy":"post_tag","embeddable":true,"href":"https:\/\/iraurgiberritzen.eus\/es\/wp-json\/wp\/v2\/tags?post=23792"}],"curies":[{"name":"wp","href":"https:\/\/api.w.org\/{rel}","templated":true}]}}