{"id":23838,"date":"2025-06-23T09:31:22","date_gmt":"2025-06-23T07:31:22","guid":{"rendered":"https:\/\/iraurgiberritzen.eus\/?p=23838"},"modified":"2025-06-23T09:31:22","modified_gmt":"2025-06-23T07:31:22","slug":"renovado-el-acuerdo-para-fortalecer-la-gobernanza-colaborativa-entre-la-diputacion-e-iraurgi-berritzen","status":"publish","type":"post","link":"https:\/\/iraurgiberritzen.eus\/es\/renovado-el-acuerdo-para-fortalecer-la-gobernanza-colaborativa-entre-la-diputacion-e-iraurgi-berritzen\/","title":{"rendered":"Renovado el acuerdo para fortalecer la gobernanza colaborativa entre la Diputaci\u00f3n e Iraurgi Berritzen"},"content":{"rendered":"<p>La <strong>Diputaci\u00f3n Foral de Gipuzkoa<\/strong> y las <strong>11 agencias de desarrollo comarcales<\/strong> han renovado hoy, 20 de junio, su acuerdo de colaboraci\u00f3n en un acto de firma celebrado en el Palacio Foral. En el acto han participado la diputada general <strong>Eider Mendoza<\/strong>, los presidentes de las agencias de desarrollo, y representantes de Iraurgi Berritzen, entre ellos su presidenta <strong>Ana Azkoitia<\/strong> y la directora <strong>Bego\u00f1a Beobide<\/strong>.<\/p>\n<p>El objetivo del acuerdo es <strong>reforzar el modelo de gobernanza colaborativa<\/strong>, promoviendo desde la perspectiva comarcal el desarrollo econ\u00f3mico, la innovaci\u00f3n y la empleabilidad. Esta colaboraci\u00f3n, que se viene desarrollando desde 2017 en el marco del programa <strong>Etorkizuna Eraikiz<\/strong>, se consolida as\u00ed, profundizando en la <strong>confianza interinstitucional y en la eficacia de la acci\u00f3n conjunta<\/strong>.<\/p>\n<p><strong>Ana Azkoitia<\/strong> subray\u00f3 que la <strong>gobernanza colaborativa p\u00fablico-privada<\/strong> es clave tanto para el desarrollo de la comarca de Urola Erdia como desde una visi\u00f3n territorial m\u00e1s amplia. Reafirm\u00f3 que un modelo de gobernanza compartido es la herramienta adecuada para hacer frente a los retos colectivos.<\/p>\n","protected":false},"excerpt":{"rendered":"<p>La Diputaci\u00f3n Foral de Gipuzkoa y las 11 agencias de desarrollo comarcales han renovado hoy, 20 de junio, su acuerdo de colaboraci\u00f3n en un acto de firma celebrado en el Palacio Foral. En el acto han participado la diputada general Eider Mendoza, los presidentes de las agencias de desarrollo, y representantes de Iraurgi Berritzen, entre [&hellip;]<\/p>\n","protected":false},"author":4,"featured_media":23836,"comment_status":"closed","ping_status":"closed","sticky":false,"template":"","format":"standard","meta":{"_acf_changed":false,"footnotes":""},"categories":[4],"tags":[],"class_list":["post-23838","post","type-post","status-publish","format-standard","has-post-thumbnail","hentry","category-noticias","arloak-desarrollo-local"],"acf":[],"yoast_head":"<!-- This site is optimized with the Yoast SEO plugin v27.4 - https:\/\/yoast.com\/product\/yoast-seo-wordpress\/ -->\n<title>Renovado el acuerdo para fortalecer la gobernanza colaborativa entre la Diputaci\u00f3n e Iraurgi Berritzen - Iraurgi Berritzen<\/title>\n<meta name=\"robots\" content=\"index, follow, max-snippet:-1, max-image-preview:large, max-video-preview:-1\" \/>\n<link rel=\"canonical\" href=\"https:\/\/iraurgiberritzen.eus\/es\/renovado-el-acuerdo-para-fortalecer-la-gobernanza-colaborativa-entre-la-diputacion-e-iraurgi-berritzen\/\" \/>\n<meta property=\"og:locale\" content=\"es_ES\" \/>\n<meta property=\"og:type\" content=\"article\" \/>\n<meta property=\"og:title\" content=\"Renovado el acuerdo para fortalecer la gobernanza colaborativa entre la Diputaci\u00f3n e Iraurgi Berritzen - Iraurgi Berritzen\" \/>\n<meta property=\"og:description\" content=\"La Diputaci\u00f3n Foral de Gipuzkoa y las 11 agencias de desarrollo comarcales han renovado hoy, 20 de junio, su acuerdo de colaboraci\u00f3n en un acto de firma celebrado en el Palacio Foral. En el acto han participado la diputada general Eider Mendoza, los presidentes de las agencias de desarrollo, y representantes de Iraurgi Berritzen, entre [&hellip;]\" \/>\n<meta property=\"og:url\" content=\"https:\/\/iraurgiberritzen.eus\/es\/renovado-el-acuerdo-para-fortalecer-la-gobernanza-colaborativa-entre-la-diputacion-e-iraurgi-berritzen\/\" \/>\n<meta property=\"og:site_name\" content=\"Iraurgi Berritzen\" \/>\n<meta property=\"article:published_time\" content=\"2025-06-23T07:31:22+00:00\" \/>\n<meta property=\"og:image\" content=\"https:\/\/iraurgiberritzen.eus\/wp-content\/uploads\/2025\/06\/Garapen-Elkarteak.jpg\" \/>\n\t<meta property=\"og:image:width\" content=\"2500\" \/>\n\t<meta property=\"og:image:height\" content=\"1666\" \/>\n\t<meta property=\"og:image:type\" content=\"image\/jpeg\" \/>\n<meta name=\"author\" content=\"ainara\" \/>\n<meta name=\"twitter:card\" content=\"summary_large_image\" \/>\n<meta name=\"twitter:label1\" content=\"Escrito por\" \/>\n\t<meta name=\"twitter:data1\" content=\"ainara\" \/>\n\t<meta name=\"twitter:label2\" content=\"Tiempo de lectura\" \/>\n\t<meta name=\"twitter:data2\" content=\"1 minuto\" \/>\n<script type=\"application\/ld+json\" class=\"yoast-schema-graph\">{\"@context\":\"https:\\\/\\\/schema.org\",\"@graph\":[{\"@type\":\"Article\",\"@id\":\"https:\\\/\\\/iraurgiberritzen.eus\\\/es\\\/renovado-el-acuerdo-para-fortalecer-la-gobernanza-colaborativa-entre-la-diputacion-e-iraurgi-berritzen\\\/#article\",\"isPartOf\":{\"@id\":\"https:\\\/\\\/iraurgiberritzen.eus\\\/es\\\/renovado-el-acuerdo-para-fortalecer-la-gobernanza-colaborativa-entre-la-diputacion-e-iraurgi-berritzen\\\/\"},\"author\":{\"name\":\"ainara\",\"@id\":\"https:\\\/\\\/iraurgiberritzen.eus\\\/es\\\/#\\\/schema\\\/person\\\/a32c9825b3e2bfcbe757a97f6a15c8a5\"},\"headline\":\"Renovado el acuerdo para fortalecer la gobernanza colaborativa entre la Diputaci\u00f3n e Iraurgi Berritzen\",\"datePublished\":\"2025-06-23T07:31:22+00:00\",\"mainEntityOfPage\":{\"@id\":\"https:\\\/\\\/iraurgiberritzen.eus\\\/es\\\/renovado-el-acuerdo-para-fortalecer-la-gobernanza-colaborativa-entre-la-diputacion-e-iraurgi-berritzen\\\/\"},\"wordCount\":187,\"publisher\":{\"@id\":\"https:\\\/\\\/iraurgiberritzen.eus\\\/es\\\/#organization\"},\"image\":{\"@id\":\"https:\\\/\\\/iraurgiberritzen.eus\\\/es\\\/renovado-el-acuerdo-para-fortalecer-la-gobernanza-colaborativa-entre-la-diputacion-e-iraurgi-berritzen\\\/#primaryimage\"},\"thumbnailUrl\":\"https:\\\/\\\/iraurgiberritzen.eus\\\/wp-content\\\/uploads\\\/2025\\\/06\\\/Garapen-Elkarteak.jpg\",\"articleSection\":[\"Noticias\"],\"inLanguage\":\"es\"},{\"@type\":\"WebPage\",\"@id\":\"https:\\\/\\\/iraurgiberritzen.eus\\\/es\\\/renovado-el-acuerdo-para-fortalecer-la-gobernanza-colaborativa-entre-la-diputacion-e-iraurgi-berritzen\\\/\",\"url\":\"https:\\\/\\\/iraurgiberritzen.eus\\\/es\\\/renovado-el-acuerdo-para-fortalecer-la-gobernanza-colaborativa-entre-la-diputacion-e-iraurgi-berritzen\\\/\",\"name\":\"Renovado el acuerdo para fortalecer la gobernanza colaborativa entre la Diputaci\u00f3n e Iraurgi Berritzen - Iraurgi Berritzen\",\"isPartOf\":{\"@id\":\"https:\\\/\\\/iraurgiberritzen.eus\\\/es\\\/#website\"},\"primaryImageOfPage\":{\"@id\":\"https:\\\/\\\/iraurgiberritzen.eus\\\/es\\\/renovado-el-acuerdo-para-fortalecer-la-gobernanza-colaborativa-entre-la-diputacion-e-iraurgi-berritzen\\\/#primaryimage\"},\"image\":{\"@id\":\"https:\\\/\\\/iraurgiberritzen.eus\\\/es\\\/renovado-el-acuerdo-para-fortalecer-la-gobernanza-colaborativa-entre-la-diputacion-e-iraurgi-berritzen\\\/#primaryimage\"},\"thumbnailUrl\":\"https:\\\/\\\/iraurgiberritzen.eus\\\/wp-content\\\/uploads\\\/2025\\\/06\\\/Garapen-Elkarteak.jpg\",\"datePublished\":\"2025-06-23T07:31:22+00:00\",\"breadcrumb\":{\"@id\":\"https:\\\/\\\/iraurgiberritzen.eus\\\/es\\\/renovado-el-acuerdo-para-fortalecer-la-gobernanza-colaborativa-entre-la-diputacion-e-iraurgi-berritzen\\\/#breadcrumb\"},\"inLanguage\":\"es\",\"potentialAction\":[{\"@type\":\"ReadAction\",\"target\":[\"https:\\\/\\\/iraurgiberritzen.eus\\\/es\\\/renovado-el-acuerdo-para-fortalecer-la-gobernanza-colaborativa-entre-la-diputacion-e-iraurgi-berritzen\\\/\"]}]},{\"@type\":\"ImageObject\",\"inLanguage\":\"es\",\"@id\":\"https:\\\/\\\/iraurgiberritzen.eus\\\/es\\\/renovado-el-acuerdo-para-fortalecer-la-gobernanza-colaborativa-entre-la-diputacion-e-iraurgi-berritzen\\\/#primaryimage\",\"url\":\"https:\\\/\\\/iraurgiberritzen.eus\\\/wp-content\\\/uploads\\\/2025\\\/06\\\/Garapen-Elkarteak.jpg\",\"contentUrl\":\"https:\\\/\\\/iraurgiberritzen.eus\\\/wp-content\\\/uploads\\\/2025\\\/06\\\/Garapen-Elkarteak.jpg\",\"width\":2500,\"height\":1666},{\"@type\":\"BreadcrumbList\",\"@id\":\"https:\\\/\\\/iraurgiberritzen.eus\\\/es\\\/renovado-el-acuerdo-para-fortalecer-la-gobernanza-colaborativa-entre-la-diputacion-e-iraurgi-berritzen\\\/#breadcrumb\",\"itemListElement\":[{\"@type\":\"ListItem\",\"position\":1,\"name\":\"Home\",\"item\":\"https:\\\/\\\/iraurgiberritzen.eus\\\/es\\\/\"},{\"@type\":\"ListItem\",\"position\":2,\"name\":\"Renovado el acuerdo para fortalecer la gobernanza colaborativa entre la Diputaci\u00f3n e Iraurgi Berritzen\"}]},{\"@type\":\"WebSite\",\"@id\":\"https:\\\/\\\/iraurgiberritzen.eus\\\/es\\\/#website\",\"url\":\"https:\\\/\\\/iraurgiberritzen.eus\\\/es\\\/\",\"name\":\"Iraurgi Berritzen\",\"description\":\"Urola Erdiko Garapen Agentzia\",\"publisher\":{\"@id\":\"https:\\\/\\\/iraurgiberritzen.eus\\\/es\\\/#organization\"},\"potentialAction\":[{\"@type\":\"SearchAction\",\"target\":{\"@type\":\"EntryPoint\",\"urlTemplate\":\"https:\\\/\\\/iraurgiberritzen.eus\\\/es\\\/?s={search_term_string}\"},\"query-input\":{\"@type\":\"PropertyValueSpecification\",\"valueRequired\":true,\"valueName\":\"search_term_string\"}}],\"inLanguage\":\"es\"},{\"@type\":\"Organization\",\"@id\":\"https:\\\/\\\/iraurgiberritzen.eus\\\/es\\\/#organization\",\"name\":\"Iraurgi Berritzen\",\"url\":\"https:\\\/\\\/iraurgiberritzen.eus\\\/es\\\/\",\"logo\":{\"@type\":\"ImageObject\",\"inLanguage\":\"es\",\"@id\":\"https:\\\/\\\/iraurgiberritzen.eus\\\/es\\\/#\\\/schema\\\/logo\\\/image\\\/\",\"url\":\"https:\\\/\\\/iraurgiberritzen.eus\\\/wp-content\\\/uploads\\\/2024\\\/02\\\/IRAURGI-BERRITZEN-logotipoa_2.png\",\"contentUrl\":\"https:\\\/\\\/iraurgiberritzen.eus\\\/wp-content\\\/uploads\\\/2024\\\/02\\\/IRAURGI-BERRITZEN-logotipoa_2.png\",\"width\":496,\"height\":190,\"caption\":\"Iraurgi Berritzen\"},\"image\":{\"@id\":\"https:\\\/\\\/iraurgiberritzen.eus\\\/es\\\/#\\\/schema\\\/logo\\\/image\\\/\"}},{\"@type\":\"Person\",\"@id\":\"https:\\\/\\\/iraurgiberritzen.eus\\\/es\\\/#\\\/schema\\\/person\\\/a32c9825b3e2bfcbe757a97f6a15c8a5\",\"name\":\"ainara\"}]}<\/script>\n<!-- \/ Yoast SEO plugin. -->","yoast_head_json":{"title":"Renovado el acuerdo para fortalecer la gobernanza colaborativa entre la Diputaci\u00f3n e Iraurgi Berritzen - Iraurgi Berritzen","robots":{"index":"index","follow":"follow","max-snippet":"max-snippet:-1","max-image-preview":"max-image-preview:large","max-video-preview":"max-video-preview:-1"},"canonical":"https:\/\/iraurgiberritzen.eus\/es\/renovado-el-acuerdo-para-fortalecer-la-gobernanza-colaborativa-entre-la-diputacion-e-iraurgi-berritzen\/","og_locale":"es_ES","og_type":"article","og_title":"Renovado el acuerdo para fortalecer la gobernanza colaborativa entre la Diputaci\u00f3n e Iraurgi Berritzen - Iraurgi Berritzen","og_description":"La Diputaci\u00f3n Foral de Gipuzkoa y las 11 agencias de desarrollo comarcales han renovado hoy, 20 de junio, su acuerdo de colaboraci\u00f3n en un acto de firma celebrado en el Palacio Foral. En el acto han participado la diputada general Eider Mendoza, los presidentes de las agencias de desarrollo, y representantes de Iraurgi Berritzen, entre [&hellip;]","og_url":"https:\/\/iraurgiberritzen.eus\/es\/renovado-el-acuerdo-para-fortalecer-la-gobernanza-colaborativa-entre-la-diputacion-e-iraurgi-berritzen\/","og_site_name":"Iraurgi Berritzen","article_published_time":"2025-06-23T07:31:22+00:00","og_image":[{"width":2500,"height":1666,"url":"https:\/\/iraurgiberritzen.eus\/wp-content\/uploads\/2025\/06\/Garapen-Elkarteak.jpg","type":"image\/jpeg"}],"author":"ainara","twitter_card":"summary_large_image","twitter_misc":{"Escrito por":"ainara","Tiempo de lectura":"1 minuto"},"schema":{"@context":"https:\/\/schema.org","@graph":[{"@type":"Article","@id":"https:\/\/iraurgiberritzen.eus\/es\/renovado-el-acuerdo-para-fortalecer-la-gobernanza-colaborativa-entre-la-diputacion-e-iraurgi-berritzen\/#article","isPartOf":{"@id":"https:\/\/iraurgiberritzen.eus\/es\/renovado-el-acuerdo-para-fortalecer-la-gobernanza-colaborativa-entre-la-diputacion-e-iraurgi-berritzen\/"},"author":{"name":"ainara","@id":"https:\/\/iraurgiberritzen.eus\/es\/#\/schema\/person\/a32c9825b3e2bfcbe757a97f6a15c8a5"},"headline":"Renovado el acuerdo para fortalecer la gobernanza colaborativa entre la Diputaci\u00f3n e Iraurgi Berritzen","datePublished":"2025-06-23T07:31:22+00:00","mainEntityOfPage":{"@id":"https:\/\/iraurgiberritzen.eus\/es\/renovado-el-acuerdo-para-fortalecer-la-gobernanza-colaborativa-entre-la-diputacion-e-iraurgi-berritzen\/"},"wordCount":187,"publisher":{"@id":"https:\/\/iraurgiberritzen.eus\/es\/#organization"},"image":{"@id":"https:\/\/iraurgiberritzen.eus\/es\/renovado-el-acuerdo-para-fortalecer-la-gobernanza-colaborativa-entre-la-diputacion-e-iraurgi-berritzen\/#primaryimage"},"thumbnailUrl":"https:\/\/iraurgiberritzen.eus\/wp-content\/uploads\/2025\/06\/Garapen-Elkarteak.jpg","articleSection":["Noticias"],"inLanguage":"es"},{"@type":"WebPage","@id":"https:\/\/iraurgiberritzen.eus\/es\/renovado-el-acuerdo-para-fortalecer-la-gobernanza-colaborativa-entre-la-diputacion-e-iraurgi-berritzen\/","url":"https:\/\/iraurgiberritzen.eus\/es\/renovado-el-acuerdo-para-fortalecer-la-gobernanza-colaborativa-entre-la-diputacion-e-iraurgi-berritzen\/","name":"Renovado el acuerdo para fortalecer la gobernanza colaborativa entre la Diputaci\u00f3n e Iraurgi Berritzen - Iraurgi Berritzen","isPartOf":{"@id":"https:\/\/iraurgiberritzen.eus\/es\/#website"},"primaryImageOfPage":{"@id":"https:\/\/iraurgiberritzen.eus\/es\/renovado-el-acuerdo-para-fortalecer-la-gobernanza-colaborativa-entre-la-diputacion-e-iraurgi-berritzen\/#primaryimage"},"image":{"@id":"https:\/\/iraurgiberritzen.eus\/es\/renovado-el-acuerdo-para-fortalecer-la-gobernanza-colaborativa-entre-la-diputacion-e-iraurgi-berritzen\/#primaryimage"},"thumbnailUrl":"https:\/\/iraurgiberritzen.eus\/wp-content\/uploads\/2025\/06\/Garapen-Elkarteak.jpg","datePublished":"2025-06-23T07:31:22+00:00","breadcrumb":{"@id":"https:\/\/iraurgiberritzen.eus\/es\/renovado-el-acuerdo-para-fortalecer-la-gobernanza-colaborativa-entre-la-diputacion-e-iraurgi-berritzen\/#breadcrumb"},"inLanguage":"es","potentialAction":[{"@type":"ReadAction","target":["https:\/\/iraurgiberritzen.eus\/es\/renovado-el-acuerdo-para-fortalecer-la-gobernanza-colaborativa-entre-la-diputacion-e-iraurgi-berritzen\/"]}]},{"@type":"ImageObject","inLanguage":"es","@id":"https:\/\/iraurgiberritzen.eus\/es\/renovado-el-acuerdo-para-fortalecer-la-gobernanza-colaborativa-entre-la-diputacion-e-iraurgi-berritzen\/#primaryimage","url":"https:\/\/iraurgiberritzen.eus\/wp-content\/uploads\/2025\/06\/Garapen-Elkarteak.jpg","contentUrl":"https:\/\/iraurgiberritzen.eus\/wp-content\/uploads\/2025\/06\/Garapen-Elkarteak.jpg","width":2500,"height":1666},{"@type":"BreadcrumbList","@id":"https:\/\/iraurgiberritzen.eus\/es\/renovado-el-acuerdo-para-fortalecer-la-gobernanza-colaborativa-entre-la-diputacion-e-iraurgi-berritzen\/#breadcrumb","itemListElement":[{"@type":"ListItem","position":1,"name":"Home","item":"https:\/\/iraurgiberritzen.eus\/es\/"},{"@type":"ListItem","position":2,"name":"Renovado el acuerdo para fortalecer la gobernanza colaborativa entre la Diputaci\u00f3n e Iraurgi Berritzen"}]},{"@type":"WebSite","@id":"https:\/\/iraurgiberritzen.eus\/es\/#website","url":"https:\/\/iraurgiberritzen.eus\/es\/","name":"Iraurgi Berritzen","description":"Urola Erdiko Garapen Agentzia","publisher":{"@id":"https:\/\/iraurgiberritzen.eus\/es\/#organization"},"potentialAction":[{"@type":"SearchAction","target":{"@type":"EntryPoint","urlTemplate":"https:\/\/iraurgiberritzen.eus\/es\/?s={search_term_string}"},"query-input":{"@type":"PropertyValueSpecification","valueRequired":true,"valueName":"search_term_string"}}],"inLanguage":"es"},{"@type":"Organization","@id":"https:\/\/iraurgiberritzen.eus\/es\/#organization","name":"Iraurgi Berritzen","url":"https:\/\/iraurgiberritzen.eus\/es\/","logo":{"@type":"ImageObject","inLanguage":"es","@id":"https:\/\/iraurgiberritzen.eus\/es\/#\/schema\/logo\/image\/","url":"https:\/\/iraurgiberritzen.eus\/wp-content\/uploads\/2024\/02\/IRAURGI-BERRITZEN-logotipoa_2.png","contentUrl":"https:\/\/iraurgiberritzen.eus\/wp-content\/uploads\/2024\/02\/IRAURGI-BERRITZEN-logotipoa_2.png","width":496,"height":190,"caption":"Iraurgi Berritzen"},"image":{"@id":"https:\/\/iraurgiberritzen.eus\/es\/#\/schema\/logo\/image\/"}},{"@type":"Person","@id":"https:\/\/iraurgiberritzen.eus\/es\/#\/schema\/person\/a32c9825b3e2bfcbe757a97f6a15c8a5","name":"ainara"}]}},"_links":{"self":[{"href":"https:\/\/iraurgiberritzen.eus\/es\/wp-json\/wp\/v2\/posts\/23838","targetHints":{"allow":["GET"]}}],"collection":[{"href":"https:\/\/iraurgiberritzen.eus\/es\/wp-json\/wp\/v2\/posts"}],"about":[{"href":"https:\/\/iraurgiberritzen.eus\/es\/wp-json\/wp\/v2\/types\/post"}],"author":[{"embeddable":true,"href":"https:\/\/iraurgiberritzen.eus\/es\/wp-json\/wp\/v2\/users\/4"}],"replies":[{"embeddable":true,"href":"https:\/\/iraurgiberritzen.eus\/es\/wp-json\/wp\/v2\/comments?post=23838"}],"version-history":[{"count":1,"href":"https:\/\/iraurgiberritzen.eus\/es\/wp-json\/wp\/v2\/posts\/23838\/revisions"}],"predecessor-version":[{"id":23839,"href":"https:\/\/iraurgiberritzen.eus\/es\/wp-json\/wp\/v2\/posts\/23838\/revisions\/23839"}],"wp:featuredmedia":[{"embeddable":true,"href":"https:\/\/iraurgiberritzen.eus\/es\/wp-json\/wp\/v2\/media\/23836"}],"wp:attachment":[{"href":"https:\/\/iraurgiberritzen.eus\/es\/wp-json\/wp\/v2\/media?parent=23838"}],"wp:term":[{"taxonomy":"category","embeddable":true,"href":"https:\/\/iraurgiberritzen.eus\/es\/wp-json\/wp\/v2\/categories?post=23838"},{"taxonomy":"post_tag","embeddable":true,"href":"https:\/\/iraurgiberritzen.eus\/es\/wp-json\/wp\/v2\/tags?post=23838"}],"curies":[{"name":"wp","href":"https:\/\/api.w.org\/{rel}","templated":true}]}}