{"id":24009,"date":"2025-06-27T11:26:50","date_gmt":"2025-06-27T09:26:50","guid":{"rendered":"https:\/\/iraurgiberritzen.eus\/?p=24009"},"modified":"2025-06-27T14:29:37","modified_gmt":"2025-06-27T12:29:37","slug":"mostrar-oportunidades-a-los-jovenes-buscando-soluciones-de-futuro-para-los-agentes-gestion-estrategica-del-talento","status":"publish","type":"post","link":"https:\/\/iraurgiberritzen.eus\/es\/mostrar-oportunidades-a-los-jovenes-buscando-soluciones-de-futuro-para-los-agentes-gestion-estrategica-del-talento\/","title":{"rendered":"Alumnos\/as de la comarca descubren su camino, conect\u00e1ndolos con empresas comprometidas con el talento del ma\u00f1ana"},"content":{"rendered":"<h5><strong><em>Hezkuntza Gunea, el proyecto que a\u00fana educaci\u00f3n y tejido socioecon\u00f3mico\u00a0 cumple 15 a\u00f1os<\/em><\/strong><\/h5>\n<p><strong><em>\u00a0<\/em><\/strong><strong>Urola Erdia<\/strong>, lleva 15 a\u00f1os respondiendo a un vac\u00edo estructural que comparten empresas, instituciones y familias: la desconexi\u00f3n entre lo que se ense\u00f1a y lo que realmente necesita el entorno. Y se ha hecho con algo m\u00e1s que buenas intenciones: acci\u00f3n, alianzas y una visi\u00f3n compartida.<\/p>\n<p>Desde <strong>Iraurgi Berritzen<\/strong>, se impulsa Hezkuntza Gunea como un modelo pionero de innovaci\u00f3n educativa con anclaje territorial. Hoy, se puede decir con certeza: este proyecto est\u00e1 transformando c\u00f3mo se educa, se orienta y se vincula el talento joven a la realidad socioecon\u00f3mica.<\/p>\n<p>Este curso, <strong>m\u00e1s de 1.000 estudiantes<\/strong> han participado activamente en sus programas. No han sido oyentes pasivos, sino protagonistas: han observado, preguntado, creado, y sobre todo, se han conectado con el mundo real que les rodea \u2014empresas, sectores clave y retos concretos de la comarca.<\/p>\n<p>Esa conexi\u00f3n no ser\u00eda posible sin:<\/p>\n<ul>\n<li>El compromiso renovado de los Ayuntamientos de <strong>Azkoitia y Azpeitia<\/strong>.<\/li>\n<li>La implicaci\u00f3n activa de los centros educativos: <strong>Floreaga, Iraurgi, Ikasberri, Azkoitia BHI eta Urola BHI.<\/strong><\/li>\n<li>Y la participaci\u00f3n decidida de m\u00e1s de <strong>70 empresas<\/strong> referentes, que creen en la colaboraci\u00f3n como motor de futuro.<\/li>\n<\/ul>\n<p><strong>Hezkuntza Gunea no solo acorta la distancia entre educaci\u00f3n y empleo. Despierta vocaciones. Orienta decisiones. Construye arraigo.<\/strong> Forma personas preparadas y <strong>ayuda a las empresas a asegurar relevo, vinculaci\u00f3n y sostenibilidad<\/strong>. Y, sobre todo, ofrece a la juventud una br\u00fajula realista y motivadora para construir su vida aqu\u00ed, sin tener que irse lejos para encontrar oportunidades con sentido.<\/p>\n<p>Hoy est\u00e1 claro: El talento no se improvisa. Se cultiva desde dentro. Con confianza. Con compromiso. Con red.<\/p>\n","protected":false},"excerpt":{"rendered":"<p>Hezkuntza Gunea, el proyecto que a\u00fana educaci\u00f3n y tejido socioecon\u00f3mico\u00a0 cumple 15 a\u00f1os \u00a0Urola Erdia, lleva 15 a\u00f1os respondiendo a un vac\u00edo estructural que comparten empresas, instituciones y familias: la desconexi\u00f3n entre lo que se ense\u00f1a y lo que realmente necesita el entorno. Y se ha hecho con algo m\u00e1s que buenas intenciones: acci\u00f3n, alianzas [&hellip;]<\/p>\n","protected":false},"author":4,"featured_media":24007,"comment_status":"closed","ping_status":"closed","sticky":false,"template":"","format":"standard","meta":{"_acf_changed":false,"footnotes":""},"categories":[4],"tags":[],"class_list":["post-24009","post","type-post","status-publish","format-standard","has-post-thumbnail","hentry","category-noticias","arloak-educacion","arloak-relaciones-ib"],"acf":[],"yoast_head":"<!-- This site is optimized with the Yoast SEO plugin v27.4 - https:\/\/yoast.com\/product\/yoast-seo-wordpress\/ -->\n<title>Alumnos\/as de la comarca descubren su camino, conect\u00e1ndolos con empresas comprometidas con el talento del ma\u00f1ana - Iraurgi Berritzen<\/title>\n<meta name=\"robots\" content=\"index, follow, max-snippet:-1, max-image-preview:large, max-video-preview:-1\" \/>\n<link rel=\"canonical\" href=\"https:\/\/iraurgiberritzen.eus\/es\/mostrar-oportunidades-a-los-jovenes-buscando-soluciones-de-futuro-para-los-agentes-gestion-estrategica-del-talento\/\" \/>\n<meta property=\"og:locale\" content=\"es_ES\" \/>\n<meta property=\"og:type\" content=\"article\" \/>\n<meta property=\"og:title\" content=\"Alumnos\/as de la comarca descubren su camino, conect\u00e1ndolos con empresas comprometidas con el talento del ma\u00f1ana - Iraurgi Berritzen\" \/>\n<meta property=\"og:description\" content=\"Hezkuntza Gunea, el proyecto que a\u00fana educaci\u00f3n y tejido socioecon\u00f3mico\u00a0 cumple 15 a\u00f1os \u00a0Urola Erdia, lleva 15 a\u00f1os respondiendo a un vac\u00edo estructural que comparten empresas, instituciones y familias: la desconexi\u00f3n entre lo que se ense\u00f1a y lo que realmente necesita el entorno. Y se ha hecho con algo m\u00e1s que buenas intenciones: acci\u00f3n, alianzas [&hellip;]\" \/>\n<meta property=\"og:url\" content=\"https:\/\/iraurgiberritzen.eus\/es\/mostrar-oportunidades-a-los-jovenes-buscando-soluciones-de-futuro-para-los-agentes-gestion-estrategica-del-talento\/\" \/>\n<meta property=\"og:site_name\" content=\"Iraurgi Berritzen\" \/>\n<meta property=\"article:published_time\" content=\"2025-06-27T09:26:50+00:00\" \/>\n<meta property=\"article:modified_time\" content=\"2025-06-27T12:29:37+00:00\" \/>\n<meta property=\"og:image\" content=\"https:\/\/iraurgiberritzen.eus\/wp-content\/uploads\/2025\/06\/WhatsApp-Image-2025-06-23-at-12.07.19-1-scaled.jpeg\" \/>\n\t<meta property=\"og:image:width\" content=\"2560\" \/>\n\t<meta property=\"og:image:height\" content=\"1920\" \/>\n\t<meta property=\"og:image:type\" content=\"image\/jpeg\" \/>\n<meta name=\"author\" content=\"ainara\" \/>\n<meta name=\"twitter:card\" content=\"summary_large_image\" \/>\n<meta name=\"twitter:label1\" content=\"Escrito por\" \/>\n\t<meta name=\"twitter:data1\" content=\"ainara\" \/>\n\t<meta name=\"twitter:label2\" content=\"Tiempo de lectura\" \/>\n\t<meta name=\"twitter:data2\" content=\"2 minutos\" \/>\n<script type=\"application\/ld+json\" class=\"yoast-schema-graph\">{\"@context\":\"https:\\\/\\\/schema.org\",\"@graph\":[{\"@type\":\"Article\",\"@id\":\"https:\\\/\\\/iraurgiberritzen.eus\\\/es\\\/mostrar-oportunidades-a-los-jovenes-buscando-soluciones-de-futuro-para-los-agentes-gestion-estrategica-del-talento\\\/#article\",\"isPartOf\":{\"@id\":\"https:\\\/\\\/iraurgiberritzen.eus\\\/es\\\/mostrar-oportunidades-a-los-jovenes-buscando-soluciones-de-futuro-para-los-agentes-gestion-estrategica-del-talento\\\/\"},\"author\":{\"name\":\"ainara\",\"@id\":\"https:\\\/\\\/iraurgiberritzen.eus\\\/es\\\/#\\\/schema\\\/person\\\/a32c9825b3e2bfcbe757a97f6a15c8a5\"},\"headline\":\"Alumnos\\\/as de la comarca descubren su camino, conect\u00e1ndolos con empresas comprometidas con el talento del ma\u00f1ana\",\"datePublished\":\"2025-06-27T09:26:50+00:00\",\"dateModified\":\"2025-06-27T12:29:37+00:00\",\"mainEntityOfPage\":{\"@id\":\"https:\\\/\\\/iraurgiberritzen.eus\\\/es\\\/mostrar-oportunidades-a-los-jovenes-buscando-soluciones-de-futuro-para-los-agentes-gestion-estrategica-del-talento\\\/\"},\"wordCount\":311,\"publisher\":{\"@id\":\"https:\\\/\\\/iraurgiberritzen.eus\\\/es\\\/#organization\"},\"image\":{\"@id\":\"https:\\\/\\\/iraurgiberritzen.eus\\\/es\\\/mostrar-oportunidades-a-los-jovenes-buscando-soluciones-de-futuro-para-los-agentes-gestion-estrategica-del-talento\\\/#primaryimage\"},\"thumbnailUrl\":\"https:\\\/\\\/iraurgiberritzen.eus\\\/wp-content\\\/uploads\\\/2025\\\/06\\\/WhatsApp-Image-2025-06-23-at-12.07.19-1-scaled.jpeg\",\"articleSection\":[\"Noticias\"],\"inLanguage\":\"es\"},{\"@type\":\"WebPage\",\"@id\":\"https:\\\/\\\/iraurgiberritzen.eus\\\/es\\\/mostrar-oportunidades-a-los-jovenes-buscando-soluciones-de-futuro-para-los-agentes-gestion-estrategica-del-talento\\\/\",\"url\":\"https:\\\/\\\/iraurgiberritzen.eus\\\/es\\\/mostrar-oportunidades-a-los-jovenes-buscando-soluciones-de-futuro-para-los-agentes-gestion-estrategica-del-talento\\\/\",\"name\":\"Alumnos\\\/as de la comarca descubren su camino, conect\u00e1ndolos con empresas comprometidas con el talento del ma\u00f1ana - Iraurgi Berritzen\",\"isPartOf\":{\"@id\":\"https:\\\/\\\/iraurgiberritzen.eus\\\/es\\\/#website\"},\"primaryImageOfPage\":{\"@id\":\"https:\\\/\\\/iraurgiberritzen.eus\\\/es\\\/mostrar-oportunidades-a-los-jovenes-buscando-soluciones-de-futuro-para-los-agentes-gestion-estrategica-del-talento\\\/#primaryimage\"},\"image\":{\"@id\":\"https:\\\/\\\/iraurgiberritzen.eus\\\/es\\\/mostrar-oportunidades-a-los-jovenes-buscando-soluciones-de-futuro-para-los-agentes-gestion-estrategica-del-talento\\\/#primaryimage\"},\"thumbnailUrl\":\"https:\\\/\\\/iraurgiberritzen.eus\\\/wp-content\\\/uploads\\\/2025\\\/06\\\/WhatsApp-Image-2025-06-23-at-12.07.19-1-scaled.jpeg\",\"datePublished\":\"2025-06-27T09:26:50+00:00\",\"dateModified\":\"2025-06-27T12:29:37+00:00\",\"breadcrumb\":{\"@id\":\"https:\\\/\\\/iraurgiberritzen.eus\\\/es\\\/mostrar-oportunidades-a-los-jovenes-buscando-soluciones-de-futuro-para-los-agentes-gestion-estrategica-del-talento\\\/#breadcrumb\"},\"inLanguage\":\"es\",\"potentialAction\":[{\"@type\":\"ReadAction\",\"target\":[\"https:\\\/\\\/iraurgiberritzen.eus\\\/es\\\/mostrar-oportunidades-a-los-jovenes-buscando-soluciones-de-futuro-para-los-agentes-gestion-estrategica-del-talento\\\/\"]}]},{\"@type\":\"ImageObject\",\"inLanguage\":\"es\",\"@id\":\"https:\\\/\\\/iraurgiberritzen.eus\\\/es\\\/mostrar-oportunidades-a-los-jovenes-buscando-soluciones-de-futuro-para-los-agentes-gestion-estrategica-del-talento\\\/#primaryimage\",\"url\":\"https:\\\/\\\/iraurgiberritzen.eus\\\/wp-content\\\/uploads\\\/2025\\\/06\\\/WhatsApp-Image-2025-06-23-at-12.07.19-1-scaled.jpeg\",\"contentUrl\":\"https:\\\/\\\/iraurgiberritzen.eus\\\/wp-content\\\/uploads\\\/2025\\\/06\\\/WhatsApp-Image-2025-06-23-at-12.07.19-1-scaled.jpeg\",\"width\":2560,\"height\":1920},{\"@type\":\"BreadcrumbList\",\"@id\":\"https:\\\/\\\/iraurgiberritzen.eus\\\/es\\\/mostrar-oportunidades-a-los-jovenes-buscando-soluciones-de-futuro-para-los-agentes-gestion-estrategica-del-talento\\\/#breadcrumb\",\"itemListElement\":[{\"@type\":\"ListItem\",\"position\":1,\"name\":\"Home\",\"item\":\"https:\\\/\\\/iraurgiberritzen.eus\\\/es\\\/\"},{\"@type\":\"ListItem\",\"position\":2,\"name\":\"Alumnos\\\/as de la comarca descubren su camino, conect\u00e1ndolos con empresas comprometidas con el talento del ma\u00f1ana\"}]},{\"@type\":\"WebSite\",\"@id\":\"https:\\\/\\\/iraurgiberritzen.eus\\\/es\\\/#website\",\"url\":\"https:\\\/\\\/iraurgiberritzen.eus\\\/es\\\/\",\"name\":\"Iraurgi Berritzen\",\"description\":\"Urola Erdiko Garapen Agentzia\",\"publisher\":{\"@id\":\"https:\\\/\\\/iraurgiberritzen.eus\\\/es\\\/#organization\"},\"potentialAction\":[{\"@type\":\"SearchAction\",\"target\":{\"@type\":\"EntryPoint\",\"urlTemplate\":\"https:\\\/\\\/iraurgiberritzen.eus\\\/es\\\/?s={search_term_string}\"},\"query-input\":{\"@type\":\"PropertyValueSpecification\",\"valueRequired\":true,\"valueName\":\"search_term_string\"}}],\"inLanguage\":\"es\"},{\"@type\":\"Organization\",\"@id\":\"https:\\\/\\\/iraurgiberritzen.eus\\\/es\\\/#organization\",\"name\":\"Iraurgi Berritzen\",\"url\":\"https:\\\/\\\/iraurgiberritzen.eus\\\/es\\\/\",\"logo\":{\"@type\":\"ImageObject\",\"inLanguage\":\"es\",\"@id\":\"https:\\\/\\\/iraurgiberritzen.eus\\\/es\\\/#\\\/schema\\\/logo\\\/image\\\/\",\"url\":\"https:\\\/\\\/iraurgiberritzen.eus\\\/wp-content\\\/uploads\\\/2024\\\/02\\\/IRAURGI-BERRITZEN-logotipoa_2.png\",\"contentUrl\":\"https:\\\/\\\/iraurgiberritzen.eus\\\/wp-content\\\/uploads\\\/2024\\\/02\\\/IRAURGI-BERRITZEN-logotipoa_2.png\",\"width\":496,\"height\":190,\"caption\":\"Iraurgi Berritzen\"},\"image\":{\"@id\":\"https:\\\/\\\/iraurgiberritzen.eus\\\/es\\\/#\\\/schema\\\/logo\\\/image\\\/\"}},{\"@type\":\"Person\",\"@id\":\"https:\\\/\\\/iraurgiberritzen.eus\\\/es\\\/#\\\/schema\\\/person\\\/a32c9825b3e2bfcbe757a97f6a15c8a5\",\"name\":\"ainara\"}]}<\/script>\n<!-- \/ Yoast SEO plugin. -->","yoast_head_json":{"title":"Alumnos\/as de la comarca descubren su camino, conect\u00e1ndolos con empresas comprometidas con el talento del ma\u00f1ana - Iraurgi Berritzen","robots":{"index":"index","follow":"follow","max-snippet":"max-snippet:-1","max-image-preview":"max-image-preview:large","max-video-preview":"max-video-preview:-1"},"canonical":"https:\/\/iraurgiberritzen.eus\/es\/mostrar-oportunidades-a-los-jovenes-buscando-soluciones-de-futuro-para-los-agentes-gestion-estrategica-del-talento\/","og_locale":"es_ES","og_type":"article","og_title":"Alumnos\/as de la comarca descubren su camino, conect\u00e1ndolos con empresas comprometidas con el talento del ma\u00f1ana - Iraurgi Berritzen","og_description":"Hezkuntza Gunea, el proyecto que a\u00fana educaci\u00f3n y tejido socioecon\u00f3mico\u00a0 cumple 15 a\u00f1os \u00a0Urola Erdia, lleva 15 a\u00f1os respondiendo a un vac\u00edo estructural que comparten empresas, instituciones y familias: la desconexi\u00f3n entre lo que se ense\u00f1a y lo que realmente necesita el entorno. Y se ha hecho con algo m\u00e1s que buenas intenciones: acci\u00f3n, alianzas [&hellip;]","og_url":"https:\/\/iraurgiberritzen.eus\/es\/mostrar-oportunidades-a-los-jovenes-buscando-soluciones-de-futuro-para-los-agentes-gestion-estrategica-del-talento\/","og_site_name":"Iraurgi Berritzen","article_published_time":"2025-06-27T09:26:50+00:00","article_modified_time":"2025-06-27T12:29:37+00:00","og_image":[{"width":2560,"height":1920,"url":"https:\/\/iraurgiberritzen.eus\/wp-content\/uploads\/2025\/06\/WhatsApp-Image-2025-06-23-at-12.07.19-1-scaled.jpeg","type":"image\/jpeg"}],"author":"ainara","twitter_card":"summary_large_image","twitter_misc":{"Escrito por":"ainara","Tiempo de lectura":"2 minutos"},"schema":{"@context":"https:\/\/schema.org","@graph":[{"@type":"Article","@id":"https:\/\/iraurgiberritzen.eus\/es\/mostrar-oportunidades-a-los-jovenes-buscando-soluciones-de-futuro-para-los-agentes-gestion-estrategica-del-talento\/#article","isPartOf":{"@id":"https:\/\/iraurgiberritzen.eus\/es\/mostrar-oportunidades-a-los-jovenes-buscando-soluciones-de-futuro-para-los-agentes-gestion-estrategica-del-talento\/"},"author":{"name":"ainara","@id":"https:\/\/iraurgiberritzen.eus\/es\/#\/schema\/person\/a32c9825b3e2bfcbe757a97f6a15c8a5"},"headline":"Alumnos\/as de la comarca descubren su camino, conect\u00e1ndolos con empresas comprometidas con el talento del ma\u00f1ana","datePublished":"2025-06-27T09:26:50+00:00","dateModified":"2025-06-27T12:29:37+00:00","mainEntityOfPage":{"@id":"https:\/\/iraurgiberritzen.eus\/es\/mostrar-oportunidades-a-los-jovenes-buscando-soluciones-de-futuro-para-los-agentes-gestion-estrategica-del-talento\/"},"wordCount":311,"publisher":{"@id":"https:\/\/iraurgiberritzen.eus\/es\/#organization"},"image":{"@id":"https:\/\/iraurgiberritzen.eus\/es\/mostrar-oportunidades-a-los-jovenes-buscando-soluciones-de-futuro-para-los-agentes-gestion-estrategica-del-talento\/#primaryimage"},"thumbnailUrl":"https:\/\/iraurgiberritzen.eus\/wp-content\/uploads\/2025\/06\/WhatsApp-Image-2025-06-23-at-12.07.19-1-scaled.jpeg","articleSection":["Noticias"],"inLanguage":"es"},{"@type":"WebPage","@id":"https:\/\/iraurgiberritzen.eus\/es\/mostrar-oportunidades-a-los-jovenes-buscando-soluciones-de-futuro-para-los-agentes-gestion-estrategica-del-talento\/","url":"https:\/\/iraurgiberritzen.eus\/es\/mostrar-oportunidades-a-los-jovenes-buscando-soluciones-de-futuro-para-los-agentes-gestion-estrategica-del-talento\/","name":"Alumnos\/as de la comarca descubren su camino, conect\u00e1ndolos con empresas comprometidas con el talento del ma\u00f1ana - Iraurgi Berritzen","isPartOf":{"@id":"https:\/\/iraurgiberritzen.eus\/es\/#website"},"primaryImageOfPage":{"@id":"https:\/\/iraurgiberritzen.eus\/es\/mostrar-oportunidades-a-los-jovenes-buscando-soluciones-de-futuro-para-los-agentes-gestion-estrategica-del-talento\/#primaryimage"},"image":{"@id":"https:\/\/iraurgiberritzen.eus\/es\/mostrar-oportunidades-a-los-jovenes-buscando-soluciones-de-futuro-para-los-agentes-gestion-estrategica-del-talento\/#primaryimage"},"thumbnailUrl":"https:\/\/iraurgiberritzen.eus\/wp-content\/uploads\/2025\/06\/WhatsApp-Image-2025-06-23-at-12.07.19-1-scaled.jpeg","datePublished":"2025-06-27T09:26:50+00:00","dateModified":"2025-06-27T12:29:37+00:00","breadcrumb":{"@id":"https:\/\/iraurgiberritzen.eus\/es\/mostrar-oportunidades-a-los-jovenes-buscando-soluciones-de-futuro-para-los-agentes-gestion-estrategica-del-talento\/#breadcrumb"},"inLanguage":"es","potentialAction":[{"@type":"ReadAction","target":["https:\/\/iraurgiberritzen.eus\/es\/mostrar-oportunidades-a-los-jovenes-buscando-soluciones-de-futuro-para-los-agentes-gestion-estrategica-del-talento\/"]}]},{"@type":"ImageObject","inLanguage":"es","@id":"https:\/\/iraurgiberritzen.eus\/es\/mostrar-oportunidades-a-los-jovenes-buscando-soluciones-de-futuro-para-los-agentes-gestion-estrategica-del-talento\/#primaryimage","url":"https:\/\/iraurgiberritzen.eus\/wp-content\/uploads\/2025\/06\/WhatsApp-Image-2025-06-23-at-12.07.19-1-scaled.jpeg","contentUrl":"https:\/\/iraurgiberritzen.eus\/wp-content\/uploads\/2025\/06\/WhatsApp-Image-2025-06-23-at-12.07.19-1-scaled.jpeg","width":2560,"height":1920},{"@type":"BreadcrumbList","@id":"https:\/\/iraurgiberritzen.eus\/es\/mostrar-oportunidades-a-los-jovenes-buscando-soluciones-de-futuro-para-los-agentes-gestion-estrategica-del-talento\/#breadcrumb","itemListElement":[{"@type":"ListItem","position":1,"name":"Home","item":"https:\/\/iraurgiberritzen.eus\/es\/"},{"@type":"ListItem","position":2,"name":"Alumnos\/as de la comarca descubren su camino, conect\u00e1ndolos con empresas comprometidas con el talento del ma\u00f1ana"}]},{"@type":"WebSite","@id":"https:\/\/iraurgiberritzen.eus\/es\/#website","url":"https:\/\/iraurgiberritzen.eus\/es\/","name":"Iraurgi Berritzen","description":"Urola Erdiko Garapen Agentzia","publisher":{"@id":"https:\/\/iraurgiberritzen.eus\/es\/#organization"},"potentialAction":[{"@type":"SearchAction","target":{"@type":"EntryPoint","urlTemplate":"https:\/\/iraurgiberritzen.eus\/es\/?s={search_term_string}"},"query-input":{"@type":"PropertyValueSpecification","valueRequired":true,"valueName":"search_term_string"}}],"inLanguage":"es"},{"@type":"Organization","@id":"https:\/\/iraurgiberritzen.eus\/es\/#organization","name":"Iraurgi Berritzen","url":"https:\/\/iraurgiberritzen.eus\/es\/","logo":{"@type":"ImageObject","inLanguage":"es","@id":"https:\/\/iraurgiberritzen.eus\/es\/#\/schema\/logo\/image\/","url":"https:\/\/iraurgiberritzen.eus\/wp-content\/uploads\/2024\/02\/IRAURGI-BERRITZEN-logotipoa_2.png","contentUrl":"https:\/\/iraurgiberritzen.eus\/wp-content\/uploads\/2024\/02\/IRAURGI-BERRITZEN-logotipoa_2.png","width":496,"height":190,"caption":"Iraurgi Berritzen"},"image":{"@id":"https:\/\/iraurgiberritzen.eus\/es\/#\/schema\/logo\/image\/"}},{"@type":"Person","@id":"https:\/\/iraurgiberritzen.eus\/es\/#\/schema\/person\/a32c9825b3e2bfcbe757a97f6a15c8a5","name":"ainara"}]}},"_links":{"self":[{"href":"https:\/\/iraurgiberritzen.eus\/es\/wp-json\/wp\/v2\/posts\/24009","targetHints":{"allow":["GET"]}}],"collection":[{"href":"https:\/\/iraurgiberritzen.eus\/es\/wp-json\/wp\/v2\/posts"}],"about":[{"href":"https:\/\/iraurgiberritzen.eus\/es\/wp-json\/wp\/v2\/types\/post"}],"author":[{"embeddable":true,"href":"https:\/\/iraurgiberritzen.eus\/es\/wp-json\/wp\/v2\/users\/4"}],"replies":[{"embeddable":true,"href":"https:\/\/iraurgiberritzen.eus\/es\/wp-json\/wp\/v2\/comments?post=24009"}],"version-history":[{"count":5,"href":"https:\/\/iraurgiberritzen.eus\/es\/wp-json\/wp\/v2\/posts\/24009\/revisions"}],"predecessor-version":[{"id":24015,"href":"https:\/\/iraurgiberritzen.eus\/es\/wp-json\/wp\/v2\/posts\/24009\/revisions\/24015"}],"wp:featuredmedia":[{"embeddable":true,"href":"https:\/\/iraurgiberritzen.eus\/es\/wp-json\/wp\/v2\/media\/24007"}],"wp:attachment":[{"href":"https:\/\/iraurgiberritzen.eus\/es\/wp-json\/wp\/v2\/media?parent=24009"}],"wp:term":[{"taxonomy":"category","embeddable":true,"href":"https:\/\/iraurgiberritzen.eus\/es\/wp-json\/wp\/v2\/categories?post=24009"},{"taxonomy":"post_tag","embeddable":true,"href":"https:\/\/iraurgiberritzen.eus\/es\/wp-json\/wp\/v2\/tags?post=24009"}],"curies":[{"name":"wp","href":"https:\/\/api.w.org\/{rel}","templated":true}]}}