{"id":24055,"date":"2025-07-04T10:27:37","date_gmt":"2025-07-04T08:27:37","guid":{"rendered":"https:\/\/iraurgiberritzen.eus\/?p=24055"},"modified":"2025-07-06T17:46:18","modified_gmt":"2025-07-06T15:46:18","slug":"encuentro-productivo-sobre-la-perspectiva-estrategica-de-la-gestion-de-personas","status":"publish","type":"post","link":"https:\/\/iraurgiberritzen.eus\/es\/encuentro-productivo-sobre-la-perspectiva-estrategica-de-la-gestion-de-personas\/","title":{"rendered":"Encuentro productivo sobre la perspectiva estrat\u00e9gica de la Gesti\u00f3n de Personas"},"content":{"rendered":"<p><span data-contrast=\"auto\">El pasado 2 de julio se celebr\u00f3 el encuentro del Grupo de Responsables de Personas, con un objetivo claro: <\/span><b><span data-contrast=\"auto\">trabajar la gesti\u00f3n de personas desde una perspectiva estrat\u00e9gica<\/span><\/b><span data-contrast=\"auto\">, a trav\u00e9s de la reflexi\u00f3n y el intercambio de experiencias<\/span><span data-ccp-props=\"{&quot;134233117&quot;:false,&quot;134233118&quot;:false,&quot;335551550&quot;:1,&quot;335551620&quot;:1,&quot;335559738&quot;:240,&quot;335559739&quot;:240}\">\u00a0<\/span><\/p>\n<p><span data-contrast=\"auto\">Este evento se enmarca en la l\u00ednea de trabajo que<\/span><b><span data-contrast=\"auto\"> Iraurgi Berritzen<\/span><\/b><span data-contrast=\"auto\"> desarrolla junto a las empresas en el \u00e1mbito de la transformaci\u00f3n social. Concretamente, se ha llevado a cabo en el marco del <\/span><b><span data-contrast=\"auto\">plan estrat\u00e9gico comarcal UE 22-27, dentro de la l\u00ednea de actuaci\u00f3n centrada en la gesti\u00f3n del talento<\/span><\/b><span data-contrast=\"auto\">, y con el apoyo de la <\/span><b><span data-contrast=\"auto\">Diputaci\u00f3n Foral de Gipuzkoa<\/span><\/b><span data-contrast=\"auto\">.<\/span><span data-ccp-props=\"{&quot;134233117&quot;:false,&quot;134233118&quot;:false,&quot;335551550&quot;:1,&quot;335551620&quot;:1,&quot;335559738&quot;:240,&quot;335559739&quot;:240}\">\u00a0<\/span><\/p>\n<p><span data-contrast=\"auto\">En el encuentro participaron <\/span><b><span data-contrast=\"auto\">representantes de varias empresas industriales de Urola Erdia<\/span><\/b><span data-contrast=\"auto\">. En la parte inicial, se present\u00f3 el contexto y los objetivos de la jornada. A continuaci\u00f3n, de la mano de <\/span><b><span data-contrast=\"auto\">Ainhoa Zatarain<\/span><\/b><span data-contrast=\"auto\"> (OPE Aholkularitza), se llev\u00f3 a cabo la sesi\u00f3n titulada <\/span><i><span data-contrast=\"auto\">\u201cLa Gesti\u00f3n Estrat\u00e9gica de las Personas\u201d<\/span><\/i><span data-contrast=\"auto\">, en la que reflexionaron sobre la importancia y los retos que supone la gesti\u00f3n de personas en las empresas.<\/span><span data-ccp-props=\"{&quot;134233117&quot;:false,&quot;134233118&quot;:false,&quot;335551550&quot;:1,&quot;335551620&quot;:1,&quot;335559738&quot;:240,&quot;335559739&quot;:240}\">\u00a0<\/span><\/p>\n<p><span data-contrast=\"auto\">La sesi\u00f3n se bas\u00f3 en una din\u00e1mica participativa: a trav\u00e9s de preguntas orientadas a la reflexi\u00f3n, los y las participantes tuvieron la oportunidad de compartir sus experiencias y puntos de vista. Tambi\u00e9n se revisaron el recorrido y los objetivos del grupo, identificando retos y oportunidades de futuro.<\/span><span data-ccp-props=\"{&quot;134233117&quot;:false,&quot;134233118&quot;:false,&quot;335551550&quot;:1,&quot;335551620&quot;:1,&quot;335559738&quot;:240,&quot;335559739&quot;:240}\">\u00a0<\/span><\/p>\n<p><span data-contrast=\"auto\">Al finalizar la jornada, se recogieron <\/span><b><span data-contrast=\"auto\">las principales conclusiones y claves estrat\u00e9gicas<\/span><\/b><span data-contrast=\"auto\">, as\u00ed como <\/span><b><span data-contrast=\"auto\">los pr\u00f3ximos pasos a seguir<\/span><\/b><span data-contrast=\"auto\">, con el fin de consolidar la actividad del grupo y seguir situando la gesti\u00f3n de personas en el centro de la estrategia empresarial.<\/span><span data-ccp-props=\"{&quot;134233117&quot;:false,&quot;134233118&quot;:false,&quot;335551550&quot;:1,&quot;335551620&quot;:1,&quot;335559738&quot;:240,&quot;335559739&quot;:240}\">\u00a0<\/span><\/p>\n<p><span data-contrast=\"auto\">Nuestro m\u00e1s sincero agradecimiento a todas las personas que participasteis: <\/span><b><span data-contrast=\"auto\">vuestras aportaciones enriquecieron el encuentro y nos han ayudado a trazar un camino s\u00f3lido hacia el futuro.<\/span><\/b><span data-ccp-props=\"{&quot;134233117&quot;:false,&quot;134233118&quot;:false,&quot;335551550&quot;:1,&quot;335551620&quot;:1,&quot;335559738&quot;:240,&quot;335559739&quot;:240}\">\u00a0<\/span><\/p>\n","protected":false},"excerpt":{"rendered":"<p>El pasado 2 de julio se celebr\u00f3 el encuentro del Grupo de Responsables de Personas, con un objetivo claro: trabajar la gesti\u00f3n de personas desde una perspectiva estrat\u00e9gica, a trav\u00e9s de la reflexi\u00f3n y el intercambio de experiencias\u00a0 Este evento se enmarca en la l\u00ednea de trabajo que Iraurgi Berritzen desarrolla junto a las empresas [&hellip;]<\/p>\n","protected":false},"author":4,"featured_media":24053,"comment_status":"closed","ping_status":"closed","sticky":false,"template":"","format":"standard","meta":{"_acf_changed":false,"footnotes":""},"categories":[4],"tags":[],"class_list":["post-24055","post","type-post","status-publish","format-standard","has-post-thumbnail","hentry","category-noticias","arloak-enpresa"],"acf":[],"yoast_head":"<!-- This site is optimized with the Yoast SEO plugin v27.4 - https:\/\/yoast.com\/product\/yoast-seo-wordpress\/ -->\n<title>Encuentro productivo sobre la perspectiva estrat\u00e9gica de la Gesti\u00f3n de Personas - Iraurgi Berritzen<\/title>\n<meta name=\"robots\" content=\"index, follow, max-snippet:-1, max-image-preview:large, max-video-preview:-1\" \/>\n<link rel=\"canonical\" href=\"https:\/\/iraurgiberritzen.eus\/es\/encuentro-productivo-sobre-la-perspectiva-estrategica-de-la-gestion-de-personas\/\" \/>\n<meta property=\"og:locale\" content=\"es_ES\" \/>\n<meta property=\"og:type\" content=\"article\" \/>\n<meta property=\"og:title\" content=\"Encuentro productivo sobre la perspectiva estrat\u00e9gica de la Gesti\u00f3n de Personas - Iraurgi Berritzen\" \/>\n<meta property=\"og:description\" content=\"El pasado 2 de julio se celebr\u00f3 el encuentro del Grupo de Responsables de Personas, con un objetivo claro: trabajar la gesti\u00f3n de personas desde una perspectiva estrat\u00e9gica, a trav\u00e9s de la reflexi\u00f3n y el intercambio de experiencias\u00a0 Este evento se enmarca en la l\u00ednea de trabajo que Iraurgi Berritzen desarrolla junto a las empresas [&hellip;]\" \/>\n<meta property=\"og:url\" content=\"https:\/\/iraurgiberritzen.eus\/es\/encuentro-productivo-sobre-la-perspectiva-estrategica-de-la-gestion-de-personas\/\" \/>\n<meta property=\"og:site_name\" content=\"Iraurgi Berritzen\" \/>\n<meta property=\"article:published_time\" content=\"2025-07-04T08:27:37+00:00\" \/>\n<meta property=\"article:modified_time\" content=\"2025-07-06T15:46:18+00:00\" \/>\n<meta property=\"og:image\" content=\"https:\/\/iraurgiberritzen.eus\/wp-content\/uploads\/2025\/07\/WhatsApp-Image-2025-07-02-at-11.24.01-1.jpeg\" \/>\n\t<meta property=\"og:image:width\" content=\"1600\" \/>\n\t<meta property=\"og:image:height\" content=\"1204\" \/>\n\t<meta property=\"og:image:type\" content=\"image\/jpeg\" \/>\n<meta name=\"author\" content=\"ainara\" \/>\n<meta name=\"twitter:card\" content=\"summary_large_image\" \/>\n<meta name=\"twitter:label1\" content=\"Escrito por\" \/>\n\t<meta name=\"twitter:data1\" content=\"ainara\" \/>\n\t<meta name=\"twitter:label2\" content=\"Tiempo de lectura\" \/>\n\t<meta name=\"twitter:data2\" content=\"2 minutos\" \/>\n<script type=\"application\/ld+json\" class=\"yoast-schema-graph\">{\"@context\":\"https:\\\/\\\/schema.org\",\"@graph\":[{\"@type\":\"Article\",\"@id\":\"https:\\\/\\\/iraurgiberritzen.eus\\\/es\\\/encuentro-productivo-sobre-la-perspectiva-estrategica-de-la-gestion-de-personas\\\/#article\",\"isPartOf\":{\"@id\":\"https:\\\/\\\/iraurgiberritzen.eus\\\/es\\\/encuentro-productivo-sobre-la-perspectiva-estrategica-de-la-gestion-de-personas\\\/\"},\"author\":{\"name\":\"ainara\",\"@id\":\"https:\\\/\\\/iraurgiberritzen.eus\\\/es\\\/#\\\/schema\\\/person\\\/a32c9825b3e2bfcbe757a97f6a15c8a5\"},\"headline\":\"Encuentro productivo sobre la perspectiva estrat\u00e9gica de la Gesti\u00f3n de Personas\",\"datePublished\":\"2025-07-04T08:27:37+00:00\",\"dateModified\":\"2025-07-06T15:46:18+00:00\",\"mainEntityOfPage\":{\"@id\":\"https:\\\/\\\/iraurgiberritzen.eus\\\/es\\\/encuentro-productivo-sobre-la-perspectiva-estrategica-de-la-gestion-de-personas\\\/\"},\"wordCount\":321,\"publisher\":{\"@id\":\"https:\\\/\\\/iraurgiberritzen.eus\\\/es\\\/#organization\"},\"image\":{\"@id\":\"https:\\\/\\\/iraurgiberritzen.eus\\\/es\\\/encuentro-productivo-sobre-la-perspectiva-estrategica-de-la-gestion-de-personas\\\/#primaryimage\"},\"thumbnailUrl\":\"https:\\\/\\\/iraurgiberritzen.eus\\\/wp-content\\\/uploads\\\/2025\\\/07\\\/WhatsApp-Image-2025-07-02-at-11.24.01-1.jpeg\",\"articleSection\":[\"Noticias\"],\"inLanguage\":\"es\"},{\"@type\":\"WebPage\",\"@id\":\"https:\\\/\\\/iraurgiberritzen.eus\\\/es\\\/encuentro-productivo-sobre-la-perspectiva-estrategica-de-la-gestion-de-personas\\\/\",\"url\":\"https:\\\/\\\/iraurgiberritzen.eus\\\/es\\\/encuentro-productivo-sobre-la-perspectiva-estrategica-de-la-gestion-de-personas\\\/\",\"name\":\"Encuentro productivo sobre la perspectiva estrat\u00e9gica de la Gesti\u00f3n de Personas - Iraurgi Berritzen\",\"isPartOf\":{\"@id\":\"https:\\\/\\\/iraurgiberritzen.eus\\\/es\\\/#website\"},\"primaryImageOfPage\":{\"@id\":\"https:\\\/\\\/iraurgiberritzen.eus\\\/es\\\/encuentro-productivo-sobre-la-perspectiva-estrategica-de-la-gestion-de-personas\\\/#primaryimage\"},\"image\":{\"@id\":\"https:\\\/\\\/iraurgiberritzen.eus\\\/es\\\/encuentro-productivo-sobre-la-perspectiva-estrategica-de-la-gestion-de-personas\\\/#primaryimage\"},\"thumbnailUrl\":\"https:\\\/\\\/iraurgiberritzen.eus\\\/wp-content\\\/uploads\\\/2025\\\/07\\\/WhatsApp-Image-2025-07-02-at-11.24.01-1.jpeg\",\"datePublished\":\"2025-07-04T08:27:37+00:00\",\"dateModified\":\"2025-07-06T15:46:18+00:00\",\"breadcrumb\":{\"@id\":\"https:\\\/\\\/iraurgiberritzen.eus\\\/es\\\/encuentro-productivo-sobre-la-perspectiva-estrategica-de-la-gestion-de-personas\\\/#breadcrumb\"},\"inLanguage\":\"es\",\"potentialAction\":[{\"@type\":\"ReadAction\",\"target\":[\"https:\\\/\\\/iraurgiberritzen.eus\\\/es\\\/encuentro-productivo-sobre-la-perspectiva-estrategica-de-la-gestion-de-personas\\\/\"]}]},{\"@type\":\"ImageObject\",\"inLanguage\":\"es\",\"@id\":\"https:\\\/\\\/iraurgiberritzen.eus\\\/es\\\/encuentro-productivo-sobre-la-perspectiva-estrategica-de-la-gestion-de-personas\\\/#primaryimage\",\"url\":\"https:\\\/\\\/iraurgiberritzen.eus\\\/wp-content\\\/uploads\\\/2025\\\/07\\\/WhatsApp-Image-2025-07-02-at-11.24.01-1.jpeg\",\"contentUrl\":\"https:\\\/\\\/iraurgiberritzen.eus\\\/wp-content\\\/uploads\\\/2025\\\/07\\\/WhatsApp-Image-2025-07-02-at-11.24.01-1.jpeg\",\"width\":1600,\"height\":1204},{\"@type\":\"BreadcrumbList\",\"@id\":\"https:\\\/\\\/iraurgiberritzen.eus\\\/es\\\/encuentro-productivo-sobre-la-perspectiva-estrategica-de-la-gestion-de-personas\\\/#breadcrumb\",\"itemListElement\":[{\"@type\":\"ListItem\",\"position\":1,\"name\":\"Home\",\"item\":\"https:\\\/\\\/iraurgiberritzen.eus\\\/es\\\/\"},{\"@type\":\"ListItem\",\"position\":2,\"name\":\"Encuentro productivo sobre la perspectiva estrat\u00e9gica de la Gesti\u00f3n de Personas\"}]},{\"@type\":\"WebSite\",\"@id\":\"https:\\\/\\\/iraurgiberritzen.eus\\\/es\\\/#website\",\"url\":\"https:\\\/\\\/iraurgiberritzen.eus\\\/es\\\/\",\"name\":\"Iraurgi Berritzen\",\"description\":\"Urola Erdiko Garapen Agentzia\",\"publisher\":{\"@id\":\"https:\\\/\\\/iraurgiberritzen.eus\\\/es\\\/#organization\"},\"potentialAction\":[{\"@type\":\"SearchAction\",\"target\":{\"@type\":\"EntryPoint\",\"urlTemplate\":\"https:\\\/\\\/iraurgiberritzen.eus\\\/es\\\/?s={search_term_string}\"},\"query-input\":{\"@type\":\"PropertyValueSpecification\",\"valueRequired\":true,\"valueName\":\"search_term_string\"}}],\"inLanguage\":\"es\"},{\"@type\":\"Organization\",\"@id\":\"https:\\\/\\\/iraurgiberritzen.eus\\\/es\\\/#organization\",\"name\":\"Iraurgi Berritzen\",\"url\":\"https:\\\/\\\/iraurgiberritzen.eus\\\/es\\\/\",\"logo\":{\"@type\":\"ImageObject\",\"inLanguage\":\"es\",\"@id\":\"https:\\\/\\\/iraurgiberritzen.eus\\\/es\\\/#\\\/schema\\\/logo\\\/image\\\/\",\"url\":\"https:\\\/\\\/iraurgiberritzen.eus\\\/wp-content\\\/uploads\\\/2024\\\/02\\\/IRAURGI-BERRITZEN-logotipoa_2.png\",\"contentUrl\":\"https:\\\/\\\/iraurgiberritzen.eus\\\/wp-content\\\/uploads\\\/2024\\\/02\\\/IRAURGI-BERRITZEN-logotipoa_2.png\",\"width\":496,\"height\":190,\"caption\":\"Iraurgi Berritzen\"},\"image\":{\"@id\":\"https:\\\/\\\/iraurgiberritzen.eus\\\/es\\\/#\\\/schema\\\/logo\\\/image\\\/\"}},{\"@type\":\"Person\",\"@id\":\"https:\\\/\\\/iraurgiberritzen.eus\\\/es\\\/#\\\/schema\\\/person\\\/a32c9825b3e2bfcbe757a97f6a15c8a5\",\"name\":\"ainara\"}]}<\/script>\n<!-- \/ Yoast SEO plugin. -->","yoast_head_json":{"title":"Encuentro productivo sobre la perspectiva estrat\u00e9gica de la Gesti\u00f3n de Personas - Iraurgi Berritzen","robots":{"index":"index","follow":"follow","max-snippet":"max-snippet:-1","max-image-preview":"max-image-preview:large","max-video-preview":"max-video-preview:-1"},"canonical":"https:\/\/iraurgiberritzen.eus\/es\/encuentro-productivo-sobre-la-perspectiva-estrategica-de-la-gestion-de-personas\/","og_locale":"es_ES","og_type":"article","og_title":"Encuentro productivo sobre la perspectiva estrat\u00e9gica de la Gesti\u00f3n de Personas - Iraurgi Berritzen","og_description":"El pasado 2 de julio se celebr\u00f3 el encuentro del Grupo de Responsables de Personas, con un objetivo claro: trabajar la gesti\u00f3n de personas desde una perspectiva estrat\u00e9gica, a trav\u00e9s de la reflexi\u00f3n y el intercambio de experiencias\u00a0 Este evento se enmarca en la l\u00ednea de trabajo que Iraurgi Berritzen desarrolla junto a las empresas [&hellip;]","og_url":"https:\/\/iraurgiberritzen.eus\/es\/encuentro-productivo-sobre-la-perspectiva-estrategica-de-la-gestion-de-personas\/","og_site_name":"Iraurgi Berritzen","article_published_time":"2025-07-04T08:27:37+00:00","article_modified_time":"2025-07-06T15:46:18+00:00","og_image":[{"width":1600,"height":1204,"url":"https:\/\/iraurgiberritzen.eus\/wp-content\/uploads\/2025\/07\/WhatsApp-Image-2025-07-02-at-11.24.01-1.jpeg","type":"image\/jpeg"}],"author":"ainara","twitter_card":"summary_large_image","twitter_misc":{"Escrito por":"ainara","Tiempo de lectura":"2 minutos"},"schema":{"@context":"https:\/\/schema.org","@graph":[{"@type":"Article","@id":"https:\/\/iraurgiberritzen.eus\/es\/encuentro-productivo-sobre-la-perspectiva-estrategica-de-la-gestion-de-personas\/#article","isPartOf":{"@id":"https:\/\/iraurgiberritzen.eus\/es\/encuentro-productivo-sobre-la-perspectiva-estrategica-de-la-gestion-de-personas\/"},"author":{"name":"ainara","@id":"https:\/\/iraurgiberritzen.eus\/es\/#\/schema\/person\/a32c9825b3e2bfcbe757a97f6a15c8a5"},"headline":"Encuentro productivo sobre la perspectiva estrat\u00e9gica de la Gesti\u00f3n de Personas","datePublished":"2025-07-04T08:27:37+00:00","dateModified":"2025-07-06T15:46:18+00:00","mainEntityOfPage":{"@id":"https:\/\/iraurgiberritzen.eus\/es\/encuentro-productivo-sobre-la-perspectiva-estrategica-de-la-gestion-de-personas\/"},"wordCount":321,"publisher":{"@id":"https:\/\/iraurgiberritzen.eus\/es\/#organization"},"image":{"@id":"https:\/\/iraurgiberritzen.eus\/es\/encuentro-productivo-sobre-la-perspectiva-estrategica-de-la-gestion-de-personas\/#primaryimage"},"thumbnailUrl":"https:\/\/iraurgiberritzen.eus\/wp-content\/uploads\/2025\/07\/WhatsApp-Image-2025-07-02-at-11.24.01-1.jpeg","articleSection":["Noticias"],"inLanguage":"es"},{"@type":"WebPage","@id":"https:\/\/iraurgiberritzen.eus\/es\/encuentro-productivo-sobre-la-perspectiva-estrategica-de-la-gestion-de-personas\/","url":"https:\/\/iraurgiberritzen.eus\/es\/encuentro-productivo-sobre-la-perspectiva-estrategica-de-la-gestion-de-personas\/","name":"Encuentro productivo sobre la perspectiva estrat\u00e9gica de la Gesti\u00f3n de Personas - Iraurgi Berritzen","isPartOf":{"@id":"https:\/\/iraurgiberritzen.eus\/es\/#website"},"primaryImageOfPage":{"@id":"https:\/\/iraurgiberritzen.eus\/es\/encuentro-productivo-sobre-la-perspectiva-estrategica-de-la-gestion-de-personas\/#primaryimage"},"image":{"@id":"https:\/\/iraurgiberritzen.eus\/es\/encuentro-productivo-sobre-la-perspectiva-estrategica-de-la-gestion-de-personas\/#primaryimage"},"thumbnailUrl":"https:\/\/iraurgiberritzen.eus\/wp-content\/uploads\/2025\/07\/WhatsApp-Image-2025-07-02-at-11.24.01-1.jpeg","datePublished":"2025-07-04T08:27:37+00:00","dateModified":"2025-07-06T15:46:18+00:00","breadcrumb":{"@id":"https:\/\/iraurgiberritzen.eus\/es\/encuentro-productivo-sobre-la-perspectiva-estrategica-de-la-gestion-de-personas\/#breadcrumb"},"inLanguage":"es","potentialAction":[{"@type":"ReadAction","target":["https:\/\/iraurgiberritzen.eus\/es\/encuentro-productivo-sobre-la-perspectiva-estrategica-de-la-gestion-de-personas\/"]}]},{"@type":"ImageObject","inLanguage":"es","@id":"https:\/\/iraurgiberritzen.eus\/es\/encuentro-productivo-sobre-la-perspectiva-estrategica-de-la-gestion-de-personas\/#primaryimage","url":"https:\/\/iraurgiberritzen.eus\/wp-content\/uploads\/2025\/07\/WhatsApp-Image-2025-07-02-at-11.24.01-1.jpeg","contentUrl":"https:\/\/iraurgiberritzen.eus\/wp-content\/uploads\/2025\/07\/WhatsApp-Image-2025-07-02-at-11.24.01-1.jpeg","width":1600,"height":1204},{"@type":"BreadcrumbList","@id":"https:\/\/iraurgiberritzen.eus\/es\/encuentro-productivo-sobre-la-perspectiva-estrategica-de-la-gestion-de-personas\/#breadcrumb","itemListElement":[{"@type":"ListItem","position":1,"name":"Home","item":"https:\/\/iraurgiberritzen.eus\/es\/"},{"@type":"ListItem","position":2,"name":"Encuentro productivo sobre la perspectiva estrat\u00e9gica de la Gesti\u00f3n de Personas"}]},{"@type":"WebSite","@id":"https:\/\/iraurgiberritzen.eus\/es\/#website","url":"https:\/\/iraurgiberritzen.eus\/es\/","name":"Iraurgi Berritzen","description":"Urola Erdiko Garapen Agentzia","publisher":{"@id":"https:\/\/iraurgiberritzen.eus\/es\/#organization"},"potentialAction":[{"@type":"SearchAction","target":{"@type":"EntryPoint","urlTemplate":"https:\/\/iraurgiberritzen.eus\/es\/?s={search_term_string}"},"query-input":{"@type":"PropertyValueSpecification","valueRequired":true,"valueName":"search_term_string"}}],"inLanguage":"es"},{"@type":"Organization","@id":"https:\/\/iraurgiberritzen.eus\/es\/#organization","name":"Iraurgi Berritzen","url":"https:\/\/iraurgiberritzen.eus\/es\/","logo":{"@type":"ImageObject","inLanguage":"es","@id":"https:\/\/iraurgiberritzen.eus\/es\/#\/schema\/logo\/image\/","url":"https:\/\/iraurgiberritzen.eus\/wp-content\/uploads\/2024\/02\/IRAURGI-BERRITZEN-logotipoa_2.png","contentUrl":"https:\/\/iraurgiberritzen.eus\/wp-content\/uploads\/2024\/02\/IRAURGI-BERRITZEN-logotipoa_2.png","width":496,"height":190,"caption":"Iraurgi Berritzen"},"image":{"@id":"https:\/\/iraurgiberritzen.eus\/es\/#\/schema\/logo\/image\/"}},{"@type":"Person","@id":"https:\/\/iraurgiberritzen.eus\/es\/#\/schema\/person\/a32c9825b3e2bfcbe757a97f6a15c8a5","name":"ainara"}]}},"_links":{"self":[{"href":"https:\/\/iraurgiberritzen.eus\/es\/wp-json\/wp\/v2\/posts\/24055","targetHints":{"allow":["GET"]}}],"collection":[{"href":"https:\/\/iraurgiberritzen.eus\/es\/wp-json\/wp\/v2\/posts"}],"about":[{"href":"https:\/\/iraurgiberritzen.eus\/es\/wp-json\/wp\/v2\/types\/post"}],"author":[{"embeddable":true,"href":"https:\/\/iraurgiberritzen.eus\/es\/wp-json\/wp\/v2\/users\/4"}],"replies":[{"embeddable":true,"href":"https:\/\/iraurgiberritzen.eus\/es\/wp-json\/wp\/v2\/comments?post=24055"}],"version-history":[{"count":2,"href":"https:\/\/iraurgiberritzen.eus\/es\/wp-json\/wp\/v2\/posts\/24055\/revisions"}],"predecessor-version":[{"id":24072,"href":"https:\/\/iraurgiberritzen.eus\/es\/wp-json\/wp\/v2\/posts\/24055\/revisions\/24072"}],"wp:featuredmedia":[{"embeddable":true,"href":"https:\/\/iraurgiberritzen.eus\/es\/wp-json\/wp\/v2\/media\/24053"}],"wp:attachment":[{"href":"https:\/\/iraurgiberritzen.eus\/es\/wp-json\/wp\/v2\/media?parent=24055"}],"wp:term":[{"taxonomy":"category","embeddable":true,"href":"https:\/\/iraurgiberritzen.eus\/es\/wp-json\/wp\/v2\/categories?post=24055"},{"taxonomy":"post_tag","embeddable":true,"href":"https:\/\/iraurgiberritzen.eus\/es\/wp-json\/wp\/v2\/tags?post=24055"}],"curies":[{"name":"wp","href":"https:\/\/api.w.org\/{rel}","templated":true}]}}