{"id":24068,"date":"2025-07-04T13:54:41","date_gmt":"2025-07-04T11:54:41","guid":{"rendered":"https:\/\/iraurgiberritzen.eus\/?p=24068"},"modified":"2025-07-06T17:45:53","modified_gmt":"2025-07-06T15:45:53","slug":"simulacion-practica-para-reforzar-la-ciberseguridad-con-responsables-de-it-de-empresas-industriales-de-la-comarca","status":"publish","type":"post","link":"https:\/\/iraurgiberritzen.eus\/es\/simulacion-practica-para-reforzar-la-ciberseguridad-con-responsables-de-it-de-empresas-industriales-de-la-comarca\/","title":{"rendered":"Simulaci\u00f3n pr\u00e1ctica para reforzar la ciberseguridad con Responsables de IT de empresas industriales de la comarca"},"content":{"rendered":"<p><span data-contrast=\"auto\">El pasado <\/span><b><span data-contrast=\"auto\">3 de julio<\/span><\/b><span data-contrast=\"auto\">, responsables de IT de empresas industriales de Urol Erdia participaron en una <\/span><b><span data-contrast=\"auto\">simulaci\u00f3n pr\u00e1ctica de un ciberataque<\/span><\/b><span data-contrast=\"auto\"> celebrada en el <\/span><b><span data-contrast=\"auto\">Palacio Basazabal de Azpeitia<\/span><\/b><span data-contrast=\"auto\">, utilizando la metodolog\u00eda <\/span><b><span data-contrast=\"auto\">KIPS \u2013 Kaspersky Interactive Protection Simulation<\/span><\/b><span data-contrast=\"auto\">.<\/span><span data-ccp-props=\"{&quot;134233117&quot;:false,&quot;134233118&quot;:false,&quot;335559738&quot;:240,&quot;335559739&quot;:240}\">\u00a0<\/span><\/p>\n<p><span data-contrast=\"auto\">La jornada fue organizada por <\/span><b><span data-contrast=\"auto\">Iraurgi Berritzen<\/span><\/b><span data-contrast=\"auto\">, en colaboraci\u00f3n con el <\/span><b><span data-contrast=\"auto\">centro ZIUR<\/span><\/b><span data-contrast=\"auto\">, con el objetivo de <\/span><b><span data-contrast=\"auto\">mejorar la capacidad de respuesta ante<\/span><\/b><b><span data-contrast=\"auto\"> ciberincidentes\u00a0<\/span><\/b><span data-contrast=\"auto\"> y fomentar el <\/span><b><span data-contrast=\"auto\">intercambio de buenas pr\u00e1cticas entre empresas.\u00a0<\/span><\/b><span data-ccp-props=\"{&quot;134233117&quot;:false,&quot;134233118&quot;:false,&quot;335559738&quot;:240,&quot;335559739&quot;:240}\">\u00a0<\/span><\/p>\n<p><span data-contrast=\"auto\">En total, participaron <\/span><b><span data-contrast=\"auto\">nueve<\/span><\/b><b><span data-contrast=\"auto\"> responsables de IT <\/span><\/b><b><span data-contrast=\"auto\">de empresas<\/span><\/b><span data-contrast=\"auto\"> industriales de la comarca:\u00a0 Biele, Ibarmia, Sammic, Elmubas, Ameztoi, Sein y Erlo. Durante la simulaci\u00f3n, se trabajaron estrategias de toma de decisiones ante escenarios reales, teniendo en cuenta <\/span><b><span data-contrast=\"auto\">presupuestos, tiempos de reacci\u00f3n y posibles impactos econ\u00f3micos<\/span><\/b><span data-contrast=\"auto\">.<\/span><span data-ccp-props=\"{&quot;134233117&quot;:false,&quot;134233118&quot;:false,&quot;335559738&quot;:240,&quot;335559739&quot;:240}\">\u00a0<\/span><\/p>\n<p><span data-contrast=\"auto\">La valoraci\u00f3n por parte de los participantes fue muy positiva, poniendo en valor la metodolog\u00eda, din\u00e1mica y simulaci\u00f3n pr\u00e1ctica y realista utilizada en la sesi\u00f3n de trabajo.<\/span><span data-ccp-props=\"{&quot;134233117&quot;:false,&quot;134233118&quot;:false,&quot;335559738&quot;:240,&quot;335559739&quot;:240}\">\u00a0<\/span><\/p>\n<p><span data-contrast=\"auto\">Esta actividad representa un paso importante para <\/span><b><span data-contrast=\"auto\">reforzar la ciberseguridad de la industria comarcal<\/span><\/b><span data-contrast=\"auto\">, dentro del compromiso de Iraurgi Berritzen por un <\/span><b><span data-contrast=\"auto\">desarrollo socioecon\u00f3mico sostenible e innovador en Urola Erdia<\/span><\/b><span data-contrast=\"auto\">.<\/span><span data-ccp-props=\"{&quot;134233117&quot;:false,&quot;134233118&quot;:false,&quot;335559738&quot;:240,&quot;335559739&quot;:240}\">\u00a0<\/span><\/p>\n","protected":false},"excerpt":{"rendered":"<p>El pasado 3 de julio, responsables de IT de empresas industriales de Urol Erdia participaron en una simulaci\u00f3n pr\u00e1ctica de un ciberataque celebrada en el Palacio Basazabal de Azpeitia, utilizando la metodolog\u00eda KIPS \u2013 Kaspersky Interactive Protection Simulation.\u00a0 La jornada fue organizada por Iraurgi Berritzen, en colaboraci\u00f3n con el centro ZIUR, con el objetivo de [&hellip;]<\/p>\n","protected":false},"author":4,"featured_media":24066,"comment_status":"closed","ping_status":"closed","sticky":false,"template":"","format":"standard","meta":{"_acf_changed":false,"footnotes":""},"categories":[4],"tags":[],"class_list":["post-24068","post","type-post","status-publish","format-standard","has-post-thumbnail","hentry","category-noticias","arloak-enpresa"],"acf":[],"yoast_head":"<!-- This site is optimized with the Yoast SEO plugin v27.4 - https:\/\/yoast.com\/product\/yoast-seo-wordpress\/ -->\n<title>Simulaci\u00f3n pr\u00e1ctica para reforzar la ciberseguridad con Responsables de IT de empresas industriales de la comarca - Iraurgi Berritzen<\/title>\n<meta name=\"robots\" content=\"index, follow, max-snippet:-1, max-image-preview:large, max-video-preview:-1\" \/>\n<link rel=\"canonical\" href=\"https:\/\/iraurgiberritzen.eus\/es\/simulacion-practica-para-reforzar-la-ciberseguridad-con-responsables-de-it-de-empresas-industriales-de-la-comarca\/\" \/>\n<meta property=\"og:locale\" content=\"es_ES\" \/>\n<meta property=\"og:type\" content=\"article\" \/>\n<meta property=\"og:title\" content=\"Simulaci\u00f3n pr\u00e1ctica para reforzar la ciberseguridad con Responsables de IT de empresas industriales de la comarca - Iraurgi Berritzen\" \/>\n<meta property=\"og:description\" content=\"El pasado 3 de julio, responsables de IT de empresas industriales de Urol Erdia participaron en una simulaci\u00f3n pr\u00e1ctica de un ciberataque celebrada en el Palacio Basazabal de Azpeitia, utilizando la metodolog\u00eda KIPS \u2013 Kaspersky Interactive Protection Simulation.\u00a0 La jornada fue organizada por Iraurgi Berritzen, en colaboraci\u00f3n con el centro ZIUR, con el objetivo de [&hellip;]\" \/>\n<meta property=\"og:url\" content=\"https:\/\/iraurgiberritzen.eus\/es\/simulacion-practica-para-reforzar-la-ciberseguridad-con-responsables-de-it-de-empresas-industriales-de-la-comarca\/\" \/>\n<meta property=\"og:site_name\" content=\"Iraurgi Berritzen\" \/>\n<meta property=\"article:published_time\" content=\"2025-07-04T11:54:41+00:00\" \/>\n<meta property=\"article:modified_time\" content=\"2025-07-06T15:45:53+00:00\" \/>\n<meta property=\"og:image\" content=\"https:\/\/iraurgiberritzen.eus\/wp-content\/uploads\/2025\/07\/PXL_20250703_094620236.MP-2-scaled.jpg\" \/>\n\t<meta property=\"og:image:width\" content=\"2560\" \/>\n\t<meta property=\"og:image:height\" content=\"1440\" \/>\n\t<meta property=\"og:image:type\" content=\"image\/jpeg\" \/>\n<meta name=\"author\" content=\"ainara\" \/>\n<meta name=\"twitter:card\" content=\"summary_large_image\" \/>\n<meta name=\"twitter:label1\" content=\"Escrito por\" \/>\n\t<meta name=\"twitter:data1\" content=\"ainara\" \/>\n\t<meta name=\"twitter:label2\" content=\"Tiempo de lectura\" \/>\n\t<meta name=\"twitter:data2\" content=\"2 minutos\" \/>\n<script type=\"application\/ld+json\" class=\"yoast-schema-graph\">{\"@context\":\"https:\\\/\\\/schema.org\",\"@graph\":[{\"@type\":\"Article\",\"@id\":\"https:\\\/\\\/iraurgiberritzen.eus\\\/es\\\/simulacion-practica-para-reforzar-la-ciberseguridad-con-responsables-de-it-de-empresas-industriales-de-la-comarca\\\/#article\",\"isPartOf\":{\"@id\":\"https:\\\/\\\/iraurgiberritzen.eus\\\/es\\\/simulacion-practica-para-reforzar-la-ciberseguridad-con-responsables-de-it-de-empresas-industriales-de-la-comarca\\\/\"},\"author\":{\"name\":\"ainara\",\"@id\":\"https:\\\/\\\/iraurgiberritzen.eus\\\/es\\\/#\\\/schema\\\/person\\\/a32c9825b3e2bfcbe757a97f6a15c8a5\"},\"headline\":\"Simulaci\u00f3n pr\u00e1ctica para reforzar la ciberseguridad con Responsables de IT de empresas industriales de la comarca\",\"datePublished\":\"2025-07-04T11:54:41+00:00\",\"dateModified\":\"2025-07-06T15:45:53+00:00\",\"mainEntityOfPage\":{\"@id\":\"https:\\\/\\\/iraurgiberritzen.eus\\\/es\\\/simulacion-practica-para-reforzar-la-ciberseguridad-con-responsables-de-it-de-empresas-industriales-de-la-comarca\\\/\"},\"wordCount\":204,\"publisher\":{\"@id\":\"https:\\\/\\\/iraurgiberritzen.eus\\\/es\\\/#organization\"},\"image\":{\"@id\":\"https:\\\/\\\/iraurgiberritzen.eus\\\/es\\\/simulacion-practica-para-reforzar-la-ciberseguridad-con-responsables-de-it-de-empresas-industriales-de-la-comarca\\\/#primaryimage\"},\"thumbnailUrl\":\"https:\\\/\\\/iraurgiberritzen.eus\\\/wp-content\\\/uploads\\\/2025\\\/07\\\/PXL_20250703_094620236.MP-2-scaled.jpg\",\"articleSection\":[\"Noticias\"],\"inLanguage\":\"es\"},{\"@type\":\"WebPage\",\"@id\":\"https:\\\/\\\/iraurgiberritzen.eus\\\/es\\\/simulacion-practica-para-reforzar-la-ciberseguridad-con-responsables-de-it-de-empresas-industriales-de-la-comarca\\\/\",\"url\":\"https:\\\/\\\/iraurgiberritzen.eus\\\/es\\\/simulacion-practica-para-reforzar-la-ciberseguridad-con-responsables-de-it-de-empresas-industriales-de-la-comarca\\\/\",\"name\":\"Simulaci\u00f3n pr\u00e1ctica para reforzar la ciberseguridad con Responsables de IT de empresas industriales de la comarca - Iraurgi Berritzen\",\"isPartOf\":{\"@id\":\"https:\\\/\\\/iraurgiberritzen.eus\\\/es\\\/#website\"},\"primaryImageOfPage\":{\"@id\":\"https:\\\/\\\/iraurgiberritzen.eus\\\/es\\\/simulacion-practica-para-reforzar-la-ciberseguridad-con-responsables-de-it-de-empresas-industriales-de-la-comarca\\\/#primaryimage\"},\"image\":{\"@id\":\"https:\\\/\\\/iraurgiberritzen.eus\\\/es\\\/simulacion-practica-para-reforzar-la-ciberseguridad-con-responsables-de-it-de-empresas-industriales-de-la-comarca\\\/#primaryimage\"},\"thumbnailUrl\":\"https:\\\/\\\/iraurgiberritzen.eus\\\/wp-content\\\/uploads\\\/2025\\\/07\\\/PXL_20250703_094620236.MP-2-scaled.jpg\",\"datePublished\":\"2025-07-04T11:54:41+00:00\",\"dateModified\":\"2025-07-06T15:45:53+00:00\",\"breadcrumb\":{\"@id\":\"https:\\\/\\\/iraurgiberritzen.eus\\\/es\\\/simulacion-practica-para-reforzar-la-ciberseguridad-con-responsables-de-it-de-empresas-industriales-de-la-comarca\\\/#breadcrumb\"},\"inLanguage\":\"es\",\"potentialAction\":[{\"@type\":\"ReadAction\",\"target\":[\"https:\\\/\\\/iraurgiberritzen.eus\\\/es\\\/simulacion-practica-para-reforzar-la-ciberseguridad-con-responsables-de-it-de-empresas-industriales-de-la-comarca\\\/\"]}]},{\"@type\":\"ImageObject\",\"inLanguage\":\"es\",\"@id\":\"https:\\\/\\\/iraurgiberritzen.eus\\\/es\\\/simulacion-practica-para-reforzar-la-ciberseguridad-con-responsables-de-it-de-empresas-industriales-de-la-comarca\\\/#primaryimage\",\"url\":\"https:\\\/\\\/iraurgiberritzen.eus\\\/wp-content\\\/uploads\\\/2025\\\/07\\\/PXL_20250703_094620236.MP-2-scaled.jpg\",\"contentUrl\":\"https:\\\/\\\/iraurgiberritzen.eus\\\/wp-content\\\/uploads\\\/2025\\\/07\\\/PXL_20250703_094620236.MP-2-scaled.jpg\",\"width\":2560,\"height\":1440},{\"@type\":\"BreadcrumbList\",\"@id\":\"https:\\\/\\\/iraurgiberritzen.eus\\\/es\\\/simulacion-practica-para-reforzar-la-ciberseguridad-con-responsables-de-it-de-empresas-industriales-de-la-comarca\\\/#breadcrumb\",\"itemListElement\":[{\"@type\":\"ListItem\",\"position\":1,\"name\":\"Home\",\"item\":\"https:\\\/\\\/iraurgiberritzen.eus\\\/es\\\/\"},{\"@type\":\"ListItem\",\"position\":2,\"name\":\"Simulaci\u00f3n pr\u00e1ctica para reforzar la ciberseguridad con Responsables de IT de empresas industriales de la comarca\"}]},{\"@type\":\"WebSite\",\"@id\":\"https:\\\/\\\/iraurgiberritzen.eus\\\/es\\\/#website\",\"url\":\"https:\\\/\\\/iraurgiberritzen.eus\\\/es\\\/\",\"name\":\"Iraurgi Berritzen\",\"description\":\"Urola Erdiko Garapen Agentzia\",\"publisher\":{\"@id\":\"https:\\\/\\\/iraurgiberritzen.eus\\\/es\\\/#organization\"},\"potentialAction\":[{\"@type\":\"SearchAction\",\"target\":{\"@type\":\"EntryPoint\",\"urlTemplate\":\"https:\\\/\\\/iraurgiberritzen.eus\\\/es\\\/?s={search_term_string}\"},\"query-input\":{\"@type\":\"PropertyValueSpecification\",\"valueRequired\":true,\"valueName\":\"search_term_string\"}}],\"inLanguage\":\"es\"},{\"@type\":\"Organization\",\"@id\":\"https:\\\/\\\/iraurgiberritzen.eus\\\/es\\\/#organization\",\"name\":\"Iraurgi Berritzen\",\"url\":\"https:\\\/\\\/iraurgiberritzen.eus\\\/es\\\/\",\"logo\":{\"@type\":\"ImageObject\",\"inLanguage\":\"es\",\"@id\":\"https:\\\/\\\/iraurgiberritzen.eus\\\/es\\\/#\\\/schema\\\/logo\\\/image\\\/\",\"url\":\"https:\\\/\\\/iraurgiberritzen.eus\\\/wp-content\\\/uploads\\\/2024\\\/02\\\/IRAURGI-BERRITZEN-logotipoa_2.png\",\"contentUrl\":\"https:\\\/\\\/iraurgiberritzen.eus\\\/wp-content\\\/uploads\\\/2024\\\/02\\\/IRAURGI-BERRITZEN-logotipoa_2.png\",\"width\":496,\"height\":190,\"caption\":\"Iraurgi Berritzen\"},\"image\":{\"@id\":\"https:\\\/\\\/iraurgiberritzen.eus\\\/es\\\/#\\\/schema\\\/logo\\\/image\\\/\"}},{\"@type\":\"Person\",\"@id\":\"https:\\\/\\\/iraurgiberritzen.eus\\\/es\\\/#\\\/schema\\\/person\\\/a32c9825b3e2bfcbe757a97f6a15c8a5\",\"name\":\"ainara\"}]}<\/script>\n<!-- \/ Yoast SEO plugin. -->","yoast_head_json":{"title":"Simulaci\u00f3n pr\u00e1ctica para reforzar la ciberseguridad con Responsables de IT de empresas industriales de la comarca - Iraurgi Berritzen","robots":{"index":"index","follow":"follow","max-snippet":"max-snippet:-1","max-image-preview":"max-image-preview:large","max-video-preview":"max-video-preview:-1"},"canonical":"https:\/\/iraurgiberritzen.eus\/es\/simulacion-practica-para-reforzar-la-ciberseguridad-con-responsables-de-it-de-empresas-industriales-de-la-comarca\/","og_locale":"es_ES","og_type":"article","og_title":"Simulaci\u00f3n pr\u00e1ctica para reforzar la ciberseguridad con Responsables de IT de empresas industriales de la comarca - Iraurgi Berritzen","og_description":"El pasado 3 de julio, responsables de IT de empresas industriales de Urol Erdia participaron en una simulaci\u00f3n pr\u00e1ctica de un ciberataque celebrada en el Palacio Basazabal de Azpeitia, utilizando la metodolog\u00eda KIPS \u2013 Kaspersky Interactive Protection Simulation.\u00a0 La jornada fue organizada por Iraurgi Berritzen, en colaboraci\u00f3n con el centro ZIUR, con el objetivo de [&hellip;]","og_url":"https:\/\/iraurgiberritzen.eus\/es\/simulacion-practica-para-reforzar-la-ciberseguridad-con-responsables-de-it-de-empresas-industriales-de-la-comarca\/","og_site_name":"Iraurgi Berritzen","article_published_time":"2025-07-04T11:54:41+00:00","article_modified_time":"2025-07-06T15:45:53+00:00","og_image":[{"width":2560,"height":1440,"url":"https:\/\/iraurgiberritzen.eus\/wp-content\/uploads\/2025\/07\/PXL_20250703_094620236.MP-2-scaled.jpg","type":"image\/jpeg"}],"author":"ainara","twitter_card":"summary_large_image","twitter_misc":{"Escrito por":"ainara","Tiempo de lectura":"2 minutos"},"schema":{"@context":"https:\/\/schema.org","@graph":[{"@type":"Article","@id":"https:\/\/iraurgiberritzen.eus\/es\/simulacion-practica-para-reforzar-la-ciberseguridad-con-responsables-de-it-de-empresas-industriales-de-la-comarca\/#article","isPartOf":{"@id":"https:\/\/iraurgiberritzen.eus\/es\/simulacion-practica-para-reforzar-la-ciberseguridad-con-responsables-de-it-de-empresas-industriales-de-la-comarca\/"},"author":{"name":"ainara","@id":"https:\/\/iraurgiberritzen.eus\/es\/#\/schema\/person\/a32c9825b3e2bfcbe757a97f6a15c8a5"},"headline":"Simulaci\u00f3n pr\u00e1ctica para reforzar la ciberseguridad con Responsables de IT de empresas industriales de la comarca","datePublished":"2025-07-04T11:54:41+00:00","dateModified":"2025-07-06T15:45:53+00:00","mainEntityOfPage":{"@id":"https:\/\/iraurgiberritzen.eus\/es\/simulacion-practica-para-reforzar-la-ciberseguridad-con-responsables-de-it-de-empresas-industriales-de-la-comarca\/"},"wordCount":204,"publisher":{"@id":"https:\/\/iraurgiberritzen.eus\/es\/#organization"},"image":{"@id":"https:\/\/iraurgiberritzen.eus\/es\/simulacion-practica-para-reforzar-la-ciberseguridad-con-responsables-de-it-de-empresas-industriales-de-la-comarca\/#primaryimage"},"thumbnailUrl":"https:\/\/iraurgiberritzen.eus\/wp-content\/uploads\/2025\/07\/PXL_20250703_094620236.MP-2-scaled.jpg","articleSection":["Noticias"],"inLanguage":"es"},{"@type":"WebPage","@id":"https:\/\/iraurgiberritzen.eus\/es\/simulacion-practica-para-reforzar-la-ciberseguridad-con-responsables-de-it-de-empresas-industriales-de-la-comarca\/","url":"https:\/\/iraurgiberritzen.eus\/es\/simulacion-practica-para-reforzar-la-ciberseguridad-con-responsables-de-it-de-empresas-industriales-de-la-comarca\/","name":"Simulaci\u00f3n pr\u00e1ctica para reforzar la ciberseguridad con Responsables de IT de empresas industriales de la comarca - Iraurgi Berritzen","isPartOf":{"@id":"https:\/\/iraurgiberritzen.eus\/es\/#website"},"primaryImageOfPage":{"@id":"https:\/\/iraurgiberritzen.eus\/es\/simulacion-practica-para-reforzar-la-ciberseguridad-con-responsables-de-it-de-empresas-industriales-de-la-comarca\/#primaryimage"},"image":{"@id":"https:\/\/iraurgiberritzen.eus\/es\/simulacion-practica-para-reforzar-la-ciberseguridad-con-responsables-de-it-de-empresas-industriales-de-la-comarca\/#primaryimage"},"thumbnailUrl":"https:\/\/iraurgiberritzen.eus\/wp-content\/uploads\/2025\/07\/PXL_20250703_094620236.MP-2-scaled.jpg","datePublished":"2025-07-04T11:54:41+00:00","dateModified":"2025-07-06T15:45:53+00:00","breadcrumb":{"@id":"https:\/\/iraurgiberritzen.eus\/es\/simulacion-practica-para-reforzar-la-ciberseguridad-con-responsables-de-it-de-empresas-industriales-de-la-comarca\/#breadcrumb"},"inLanguage":"es","potentialAction":[{"@type":"ReadAction","target":["https:\/\/iraurgiberritzen.eus\/es\/simulacion-practica-para-reforzar-la-ciberseguridad-con-responsables-de-it-de-empresas-industriales-de-la-comarca\/"]}]},{"@type":"ImageObject","inLanguage":"es","@id":"https:\/\/iraurgiberritzen.eus\/es\/simulacion-practica-para-reforzar-la-ciberseguridad-con-responsables-de-it-de-empresas-industriales-de-la-comarca\/#primaryimage","url":"https:\/\/iraurgiberritzen.eus\/wp-content\/uploads\/2025\/07\/PXL_20250703_094620236.MP-2-scaled.jpg","contentUrl":"https:\/\/iraurgiberritzen.eus\/wp-content\/uploads\/2025\/07\/PXL_20250703_094620236.MP-2-scaled.jpg","width":2560,"height":1440},{"@type":"BreadcrumbList","@id":"https:\/\/iraurgiberritzen.eus\/es\/simulacion-practica-para-reforzar-la-ciberseguridad-con-responsables-de-it-de-empresas-industriales-de-la-comarca\/#breadcrumb","itemListElement":[{"@type":"ListItem","position":1,"name":"Home","item":"https:\/\/iraurgiberritzen.eus\/es\/"},{"@type":"ListItem","position":2,"name":"Simulaci\u00f3n pr\u00e1ctica para reforzar la ciberseguridad con Responsables de IT de empresas industriales de la comarca"}]},{"@type":"WebSite","@id":"https:\/\/iraurgiberritzen.eus\/es\/#website","url":"https:\/\/iraurgiberritzen.eus\/es\/","name":"Iraurgi Berritzen","description":"Urola Erdiko Garapen Agentzia","publisher":{"@id":"https:\/\/iraurgiberritzen.eus\/es\/#organization"},"potentialAction":[{"@type":"SearchAction","target":{"@type":"EntryPoint","urlTemplate":"https:\/\/iraurgiberritzen.eus\/es\/?s={search_term_string}"},"query-input":{"@type":"PropertyValueSpecification","valueRequired":true,"valueName":"search_term_string"}}],"inLanguage":"es"},{"@type":"Organization","@id":"https:\/\/iraurgiberritzen.eus\/es\/#organization","name":"Iraurgi Berritzen","url":"https:\/\/iraurgiberritzen.eus\/es\/","logo":{"@type":"ImageObject","inLanguage":"es","@id":"https:\/\/iraurgiberritzen.eus\/es\/#\/schema\/logo\/image\/","url":"https:\/\/iraurgiberritzen.eus\/wp-content\/uploads\/2024\/02\/IRAURGI-BERRITZEN-logotipoa_2.png","contentUrl":"https:\/\/iraurgiberritzen.eus\/wp-content\/uploads\/2024\/02\/IRAURGI-BERRITZEN-logotipoa_2.png","width":496,"height":190,"caption":"Iraurgi Berritzen"},"image":{"@id":"https:\/\/iraurgiberritzen.eus\/es\/#\/schema\/logo\/image\/"}},{"@type":"Person","@id":"https:\/\/iraurgiberritzen.eus\/es\/#\/schema\/person\/a32c9825b3e2bfcbe757a97f6a15c8a5","name":"ainara"}]}},"_links":{"self":[{"href":"https:\/\/iraurgiberritzen.eus\/es\/wp-json\/wp\/v2\/posts\/24068","targetHints":{"allow":["GET"]}}],"collection":[{"href":"https:\/\/iraurgiberritzen.eus\/es\/wp-json\/wp\/v2\/posts"}],"about":[{"href":"https:\/\/iraurgiberritzen.eus\/es\/wp-json\/wp\/v2\/types\/post"}],"author":[{"embeddable":true,"href":"https:\/\/iraurgiberritzen.eus\/es\/wp-json\/wp\/v2\/users\/4"}],"replies":[{"embeddable":true,"href":"https:\/\/iraurgiberritzen.eus\/es\/wp-json\/wp\/v2\/comments?post=24068"}],"version-history":[{"count":2,"href":"https:\/\/iraurgiberritzen.eus\/es\/wp-json\/wp\/v2\/posts\/24068\/revisions"}],"predecessor-version":[{"id":24071,"href":"https:\/\/iraurgiberritzen.eus\/es\/wp-json\/wp\/v2\/posts\/24068\/revisions\/24071"}],"wp:featuredmedia":[{"embeddable":true,"href":"https:\/\/iraurgiberritzen.eus\/es\/wp-json\/wp\/v2\/media\/24066"}],"wp:attachment":[{"href":"https:\/\/iraurgiberritzen.eus\/es\/wp-json\/wp\/v2\/media?parent=24068"}],"wp:term":[{"taxonomy":"category","embeddable":true,"href":"https:\/\/iraurgiberritzen.eus\/es\/wp-json\/wp\/v2\/categories?post=24068"},{"taxonomy":"post_tag","embeddable":true,"href":"https:\/\/iraurgiberritzen.eus\/es\/wp-json\/wp\/v2\/tags?post=24068"}],"curies":[{"name":"wp","href":"https:\/\/api.w.org\/{rel}","templated":true}]}}