{"id":24652,"date":"2025-09-08T09:31:42","date_gmt":"2025-09-08T07:31:42","guid":{"rendered":"https:\/\/iraurgiberritzen.eus\/?p=24652"},"modified":"2025-09-08T09:32:18","modified_gmt":"2025-09-08T07:32:18","slug":"inteligencia-artificial-marketing-digital-y-finanzas-formaciones-de-otono-para-personas-emprendedoras-y-pequenos-negocios-de-urola-erdia","status":"publish","type":"post","link":"https:\/\/iraurgiberritzen.eus\/es\/inteligencia-artificial-marketing-digital-y-finanzas-formaciones-de-otono-para-personas-emprendedoras-y-pequenos-negocios-de-urola-erdia\/","title":{"rendered":"Inteligencia Artificial, Marketing Digital y Finanzas: Formaciones de oto\u00f1o para personas emprendedoras y peque\u00f1os negocios de Urola Erdia"},"content":{"rendered":"<p><span data-contrast=\"auto\">La Agencia de Desarrollo e Innovaci\u00f3n de Urola Erdia, <\/span><b><span data-contrast=\"auto\">Iraurgi Berritzen<\/span><\/b><span data-contrast=\"auto\">, presenta el nuevo programa de formaciones para el segundo semestre de 2025. Entre los meses de <\/span><b><span data-contrast=\"auto\">septiembre y diciembre<\/span><\/b><span data-contrast=\"auto\">, personas emprendedoras y peque\u00f1os negocios de la comarca podr\u00e1n <\/span><b><span data-contrast=\"auto\">adquirir nuevas competencias digitales y financieras<\/span><\/b><span data-contrast=\"auto\"> a trav\u00e9s de sesiones pr\u00e1cticas y adaptadas a sus necesidades.<\/span><span data-ccp-props=\"{&quot;134233117&quot;:true,&quot;134233118&quot;:true,&quot;201341983&quot;:0,&quot;335559739&quot;:0,&quot;335559740&quot;:240}\">\u00a0<\/span><\/p>\n<p><span data-contrast=\"auto\">Calendario de sesiones y contenidos:<\/span><span data-ccp-props=\"{&quot;134233117&quot;:true,&quot;134233118&quot;:true,&quot;201341983&quot;:0,&quot;335559739&quot;:0,&quot;335559740&quot;:240}\">\u00a0<\/span><\/p>\n<ul>\n<li aria-setsize=\"-1\" data-leveltext=\"\uf0b7\" data-font=\"Symbol\" data-listid=\"10\" data-list-defn-props=\"{&quot;335552541&quot;:1,&quot;335559685&quot;:720,&quot;335559991&quot;:360,&quot;469769226&quot;:&quot;Symbol&quot;,&quot;469769242&quot;:[8226],&quot;469777803&quot;:&quot;left&quot;,&quot;469777804&quot;:&quot;\uf0b7&quot;,&quot;469777815&quot;:&quot;hybridMultilevel&quot;}\" data-aria-posinset=\"1\" data-aria-level=\"1\"><b><i><span data-contrast=\"auto\">Marketing digital<\/span><\/i><\/b><span data-ccp-props=\"{&quot;134233117&quot;:true,&quot;134233118&quot;:true,&quot;201341983&quot;:0,&quot;335559739&quot;:0,&quot;335559740&quot;:240}\">\u00a0<\/span>\n<ul>\n<li aria-setsize=\"-1\" data-leveltext=\"\uf0b7\" data-font=\"Symbol\" data-listid=\"10\" data-list-defn-props=\"{&quot;335552541&quot;:1,&quot;335559685&quot;:720,&quot;335559991&quot;:360,&quot;469769226&quot;:&quot;Symbol&quot;,&quot;469769242&quot;:[8226],&quot;469777803&quot;:&quot;left&quot;,&quot;469777804&quot;:&quot;\uf0b7&quot;,&quot;469777815&quot;:&quot;hybridMultilevel&quot;}\" data-aria-posinset=\"1\" data-aria-level=\"1\"><b><span data-contrast=\"auto\">17 de septiembre<\/span><\/b><span data-contrast=\"auto\">:<\/span> <i><span data-contrast=\"auto\">\u00abCrea la imagen de tu negocio con Canva: Primeros pasos hacia una marca atractiva\u00bb<\/span><\/i><span data-ccp-props=\"{&quot;134233117&quot;:true,&quot;134233118&quot;:true,&quot;201341983&quot;:0,&quot;335559739&quot;:0,&quot;335559740&quot;:240}\">\u00a0<\/span><\/li>\n<li aria-setsize=\"-1\" data-leveltext=\"\uf0b7\" data-font=\"Symbol\" data-listid=\"10\" data-list-defn-props=\"{&quot;335552541&quot;:1,&quot;335559685&quot;:720,&quot;335559991&quot;:360,&quot;469769226&quot;:&quot;Symbol&quot;,&quot;469769242&quot;:[8226],&quot;469777803&quot;:&quot;left&quot;,&quot;469777804&quot;:&quot;\uf0b7&quot;,&quot;469777815&quot;:&quot;hybridMultilevel&quot;}\" data-aria-posinset=\"1\" data-aria-level=\"1\"><b><span data-contrast=\"auto\">7 y 14 de octubre<\/span><\/b><span data-contrast=\"auto\">:<\/span> <i><span data-contrast=\"auto\">\u00abInstagram b\u00e1sico: Potencia la visibilidad de tu negocio en Instagram \u00ab<\/span><\/i><span data-ccp-props=\"{&quot;134233117&quot;:true,&quot;134233118&quot;:true,&quot;201341983&quot;:0,&quot;335559739&quot;:0,&quot;335559740&quot;:240}\">\u00a0<\/span><\/li>\n<\/ul>\n<\/li>\n<\/ul>\n<ul>\n<li aria-setsize=\"-1\" data-leveltext=\"o\" data-font=\"Courier New\" data-listid=\"10\" data-list-defn-props=\"{&quot;335552541&quot;:1,&quot;335559685&quot;:1440,&quot;335559991&quot;:360,&quot;469769226&quot;:&quot;Courier New&quot;,&quot;469769242&quot;:[9675],&quot;469777803&quot;:&quot;left&quot;,&quot;469777804&quot;:&quot;o&quot;,&quot;469777815&quot;:&quot;hybridMultilevel&quot;}\" data-aria-posinset=\"3\" data-aria-level=\"2\"><b><i><span data-contrast=\"auto\">Inteligencia artificial<\/span><\/i><\/b><span data-ccp-props=\"{&quot;134233117&quot;:true,&quot;134233118&quot;:true,&quot;201341983&quot;:0,&quot;335559739&quot;:0,&quot;335559740&quot;:240}\">\u00a0<\/span>\n<ul>\n<li aria-setsize=\"-1\" data-leveltext=\"o\" data-font=\"Courier New\" data-listid=\"10\" data-list-defn-props=\"{&quot;335552541&quot;:1,&quot;335559685&quot;:1440,&quot;335559991&quot;:360,&quot;469769226&quot;:&quot;Courier New&quot;,&quot;469769242&quot;:[9675],&quot;469777803&quot;:&quot;left&quot;,&quot;469777804&quot;:&quot;o&quot;,&quot;469777815&quot;:&quot;hybridMultilevel&quot;}\" data-aria-posinset=\"3\" data-aria-level=\"2\"><b><span data-contrast=\"auto\">26 de noviembre<\/span><\/b><span data-contrast=\"auto\">:<\/span> <i><span data-contrast=\"auto\">\u00abConecta y convence: Usa tu marca para atraer clientes y vinc\u00falala con herramientas digitales (QR, WhatsApp, ChatBot\u2026)\u00bb<\/span><\/i><span data-ccp-props=\"{&quot;134233117&quot;:true,&quot;134233118&quot;:true,&quot;201341983&quot;:0,&quot;335559685&quot;:1440,&quot;335559739&quot;:0,&quot;335559740&quot;:240}\">\u00a0<\/span><\/li>\n<\/ul>\n<\/li>\n<\/ul>\n<ul>\n<li aria-setsize=\"-1\" data-leveltext=\"\uf0b7\" data-font=\"Symbol\" data-listid=\"10\" data-list-defn-props=\"{&quot;335552541&quot;:1,&quot;335559685&quot;:720,&quot;335559991&quot;:360,&quot;469769226&quot;:&quot;Symbol&quot;,&quot;469769242&quot;:[8226],&quot;469777803&quot;:&quot;left&quot;,&quot;469777804&quot;:&quot;\uf0b7&quot;,&quot;469777815&quot;:&quot;hybridMultilevel&quot;}\" data-aria-posinset=\"3\" data-aria-level=\"1\"><b><i><span data-contrast=\"auto\">Finanzas<\/span><\/i><\/b><span data-contrast=\"auto\">:<\/span><span data-ccp-props=\"{&quot;134233117&quot;:true,&quot;134233118&quot;:true,&quot;201341983&quot;:0,&quot;335559739&quot;:0,&quot;335559740&quot;:240}\">\u00a0<\/span>\n<ul>\n<li aria-setsize=\"-1\" data-leveltext=\"\uf0b7\" data-font=\"Symbol\" data-listid=\"10\" data-list-defn-props=\"{&quot;335552541&quot;:1,&quot;335559685&quot;:720,&quot;335559991&quot;:360,&quot;469769226&quot;:&quot;Symbol&quot;,&quot;469769242&quot;:[8226],&quot;469777803&quot;:&quot;left&quot;,&quot;469777804&quot;:&quot;\uf0b7&quot;,&quot;469777815&quot;:&quot;hybridMultilevel&quot;}\" data-aria-posinset=\"3\" data-aria-level=\"1\"><b><span data-contrast=\"auto\">10 y 17 de diciembre<\/span><\/b><span data-contrast=\"auto\">:<\/span> <i><span data-contrast=\"auto\">\u00abFinanzas para no financieros: teor\u00eda y pr\u00e1ctica para el d\u00eda a d\u00eda\u00bb<\/span><\/i><span data-ccp-props=\"{&quot;134233117&quot;:true,&quot;134233118&quot;:true,&quot;201341983&quot;:0,&quot;335559739&quot;:0,&quot;335559740&quot;:240}\">\u00a0<\/span><\/li>\n<\/ul>\n<\/li>\n<\/ul>\n<p><span data-contrast=\"auto\">Estas formaciones gratuitas est\u00e1n enmarcadas en el programa <\/span><b><span data-contrast=\"auto\">KLINK Bide<\/span><\/b><span data-contrast=\"auto\">, impulsado por Iraurgi Berritzen para dotar de conocimientos y herramientas clave a quienes est\u00e9n creando o gestionando su propio negocio en la comarca.<\/span><span data-ccp-props=\"{&quot;134233117&quot;:true,&quot;134233118&quot;:true,&quot;201341983&quot;:0,&quot;335559739&quot;:0,&quot;335559740&quot;:240}\">\u00a0<\/span><\/p>\n<p><span data-ccp-props=\"{&quot;134233117&quot;:true,&quot;134233118&quot;:true,&quot;201341983&quot;:0,&quot;335559739&quot;:0,&quot;335559740&quot;:240}\">\u00a0<\/span><span data-contrast=\"auto\">La formaci\u00f3n en <\/span><b><span data-contrast=\"auto\">inteligencia artificia<\/span><\/b><span data-contrast=\"auto\">l se ofrecer\u00e1 gracias al programa <\/span><b><span data-contrast=\"auto\">Implantalariak de SPRI<\/span><\/b><span data-contrast=\"auto\">, la de <\/span><b><span data-contrast=\"auto\">marketing digital <\/span><\/b><span data-contrast=\"auto\">ser\u00e1 impartida por la empresa <\/span><b><span data-contrast=\"auto\">Tomillo Lim\u00f3n<\/span><\/b><span data-contrast=\"auto\"> y las sesiones sobre <\/span><b><span data-contrast=\"auto\">finanzas<\/span><\/b><span data-contrast=\"auto\"> correr\u00e1n a cargo del <\/span><b><span data-contrast=\"auto\">equipo t\u00e9cnico de Iraurgi Berritzen.<\/span><\/b><span data-ccp-props=\"{&quot;134233117&quot;:true,&quot;134233118&quot;:true,&quot;201341983&quot;:0,&quot;335559739&quot;:0,&quot;335559740&quot;:240}\">\u00a0<\/span><\/p>\n<p><span data-ccp-props=\"{&quot;134233117&quot;:true,&quot;134233118&quot;:true,&quot;201341983&quot;:0,&quot;335559739&quot;:0,&quot;335559740&quot;:240}\">\u00a0<\/span><b><span data-contrast=\"auto\">Inscripciones<\/span><\/b><span data-ccp-props=\"{&quot;134233117&quot;:true,&quot;134233118&quot;:true,&quot;201341983&quot;:0,&quot;335559739&quot;:0,&quot;335559740&quot;:240}\">\u00a0<\/span><\/p>\n<p><span data-ccp-props=\"{&quot;134233117&quot;:true,&quot;134233118&quot;:true,&quot;201341983&quot;:0,&quot;335559739&quot;:0,&quot;335559740&quot;:240}\">\u00a0<\/span><span data-contrast=\"auto\">Para participar, es imprescindible inscribirse previamente. Puedes ponerte en contacto con el \u00c1rea de Emprendimiento de Iraurgi Berritzen a trav\u00e9s de los siguientes n\u00fameros de tel\u00e9fono:<\/span><span data-ccp-props=\"{&quot;134233117&quot;:true,&quot;134233118&quot;:true,&quot;201341983&quot;:0,&quot;335559739&quot;:0,&quot;335559740&quot;:240}\">\u00a0<\/span><\/p>\n<ul>\n<li aria-setsize=\"-1\" data-leveltext=\"o\" data-font=\"Courier New\" data-listid=\"11\" data-list-defn-props=\"{&quot;335552541&quot;:1,&quot;335559685&quot;:720,&quot;335559991&quot;:360,&quot;469769226&quot;:&quot;Courier New&quot;,&quot;469769242&quot;:[9675],&quot;469777803&quot;:&quot;left&quot;,&quot;469777804&quot;:&quot;o&quot;,&quot;469777815&quot;:&quot;hybridMultilevel&quot;}\" data-aria-posinset=\"1\" data-aria-level=\"1\"><span data-contrast=\"auto\">Alazne Larra\u00f1aga: 688 71 87 77<\/span><span data-ccp-props=\"{&quot;134233117&quot;:true,&quot;134233118&quot;:true,&quot;201341983&quot;:0,&quot;335559739&quot;:0,&quot;335559740&quot;:240}\">\u00a0<\/span><\/li>\n<\/ul>\n<ul>\n<li aria-setsize=\"-1\" data-leveltext=\"o\" data-font=\"Courier New\" data-listid=\"11\" data-list-defn-props=\"{&quot;335552541&quot;:1,&quot;335559685&quot;:720,&quot;335559991&quot;:360,&quot;469769226&quot;:&quot;Courier New&quot;,&quot;469769242&quot;:[9675],&quot;469777803&quot;:&quot;left&quot;,&quot;469777804&quot;:&quot;o&quot;,&quot;469777815&quot;:&quot;hybridMultilevel&quot;}\" data-aria-posinset=\"2\" data-aria-level=\"1\"><span data-contrast=\"auto\">Ione Eizagirre: 688 60 12 99<\/span><span data-ccp-props=\"{&quot;134233117&quot;:true,&quot;134233118&quot;:true,&quot;201341983&quot;:0,&quot;335559739&quot;:0,&quot;335559740&quot;:240}\">\u00a0<\/span><\/li>\n<\/ul>\n<p><span data-contrast=\"auto\">Informaci\u00f3n adicional en el siguiente enlace:<\/span> <strong><a href=\"https:\/\/klinkekintzailetasuna.wordpress.com\/sarrera-2\/formakuntzak\" target=\"_blank\" rel=\"noopener\">KLINK Bide_Formaci\u00f3n<\/a><\/strong><\/p>\n","protected":false},"excerpt":{"rendered":"<p>La Agencia de Desarrollo e Innovaci\u00f3n de Urola Erdia, Iraurgi Berritzen, presenta el nuevo programa de formaciones para el segundo semestre de 2025. Entre los meses de septiembre y diciembre, personas emprendedoras y peque\u00f1os negocios de la comarca podr\u00e1n adquirir nuevas competencias digitales y financieras a trav\u00e9s de sesiones pr\u00e1cticas y adaptadas a sus necesidades.\u00a0 [&hellip;]<\/p>\n","protected":false},"author":4,"featured_media":24649,"comment_status":"closed","ping_status":"closed","sticky":false,"template":"","format":"standard","meta":{"_acf_changed":false,"footnotes":""},"categories":[4],"tags":[],"class_list":["post-24652","post","type-post","status-publish","format-standard","has-post-thumbnail","hentry","category-noticias","arloak-emprendimiento"],"acf":[],"yoast_head":"<!-- This site is optimized with the Yoast SEO plugin v27.4 - https:\/\/yoast.com\/product\/yoast-seo-wordpress\/ -->\n<title>Inteligencia Artificial, Marketing Digital y Finanzas: Formaciones de oto\u00f1o para personas emprendedoras y peque\u00f1os negocios de Urola Erdia - Iraurgi Berritzen<\/title>\n<meta name=\"robots\" content=\"index, follow, max-snippet:-1, max-image-preview:large, max-video-preview:-1\" \/>\n<link rel=\"canonical\" href=\"https:\/\/iraurgiberritzen.eus\/es\/inteligencia-artificial-marketing-digital-y-finanzas-formaciones-de-otono-para-personas-emprendedoras-y-pequenos-negocios-de-urola-erdia\/\" \/>\n<meta property=\"og:locale\" content=\"es_ES\" \/>\n<meta property=\"og:type\" content=\"article\" \/>\n<meta property=\"og:title\" content=\"Inteligencia Artificial, Marketing Digital y Finanzas: Formaciones de oto\u00f1o para personas emprendedoras y peque\u00f1os negocios de Urola Erdia - Iraurgi Berritzen\" \/>\n<meta property=\"og:description\" content=\"La Agencia de Desarrollo e Innovaci\u00f3n de Urola Erdia, Iraurgi Berritzen, presenta el nuevo programa de formaciones para el segundo semestre de 2025. Entre los meses de septiembre y diciembre, personas emprendedoras y peque\u00f1os negocios de la comarca podr\u00e1n adquirir nuevas competencias digitales y financieras a trav\u00e9s de sesiones pr\u00e1cticas y adaptadas a sus necesidades.\u00a0 [&hellip;]\" \/>\n<meta property=\"og:url\" content=\"https:\/\/iraurgiberritzen.eus\/es\/inteligencia-artificial-marketing-digital-y-finanzas-formaciones-de-otono-para-personas-emprendedoras-y-pequenos-negocios-de-urola-erdia\/\" \/>\n<meta property=\"og:site_name\" content=\"Iraurgi Berritzen\" \/>\n<meta property=\"article:published_time\" content=\"2025-09-08T07:31:42+00:00\" \/>\n<meta property=\"article:modified_time\" content=\"2025-09-08T07:32:18+00:00\" \/>\n<meta property=\"og:image\" content=\"https:\/\/iraurgiberritzen.eus\/wp-content\/uploads\/2025\/09\/33d18f77-18a3-5594-6077-153fd7af128e.png\" \/>\n\t<meta property=\"og:image:width\" content=\"600\" \/>\n\t<meta property=\"og:image:height\" content=\"386\" \/>\n\t<meta property=\"og:image:type\" content=\"image\/png\" \/>\n<meta name=\"author\" content=\"ainara\" \/>\n<meta name=\"twitter:card\" content=\"summary_large_image\" \/>\n<meta name=\"twitter:label1\" content=\"Escrito por\" \/>\n\t<meta name=\"twitter:data1\" content=\"ainara\" \/>\n\t<meta name=\"twitter:label2\" content=\"Tiempo de lectura\" \/>\n\t<meta name=\"twitter:data2\" content=\"2 minutos\" \/>\n<script type=\"application\/ld+json\" class=\"yoast-schema-graph\">{\"@context\":\"https:\\\/\\\/schema.org\",\"@graph\":[{\"@type\":\"Article\",\"@id\":\"https:\\\/\\\/iraurgiberritzen.eus\\\/es\\\/inteligencia-artificial-marketing-digital-y-finanzas-formaciones-de-otono-para-personas-emprendedoras-y-pequenos-negocios-de-urola-erdia\\\/#article\",\"isPartOf\":{\"@id\":\"https:\\\/\\\/iraurgiberritzen.eus\\\/es\\\/inteligencia-artificial-marketing-digital-y-finanzas-formaciones-de-otono-para-personas-emprendedoras-y-pequenos-negocios-de-urola-erdia\\\/\"},\"author\":{\"name\":\"ainara\",\"@id\":\"https:\\\/\\\/iraurgiberritzen.eus\\\/es\\\/#\\\/schema\\\/person\\\/a32c9825b3e2bfcbe757a97f6a15c8a5\"},\"headline\":\"Inteligencia Artificial, Marketing Digital y Finanzas: Formaciones de oto\u00f1o para personas emprendedoras y peque\u00f1os negocios de Urola Erdia\",\"datePublished\":\"2025-09-08T07:31:42+00:00\",\"dateModified\":\"2025-09-08T07:32:18+00:00\",\"mainEntityOfPage\":{\"@id\":\"https:\\\/\\\/iraurgiberritzen.eus\\\/es\\\/inteligencia-artificial-marketing-digital-y-finanzas-formaciones-de-otono-para-personas-emprendedoras-y-pequenos-negocios-de-urola-erdia\\\/\"},\"wordCount\":282,\"publisher\":{\"@id\":\"https:\\\/\\\/iraurgiberritzen.eus\\\/es\\\/#organization\"},\"image\":{\"@id\":\"https:\\\/\\\/iraurgiberritzen.eus\\\/es\\\/inteligencia-artificial-marketing-digital-y-finanzas-formaciones-de-otono-para-personas-emprendedoras-y-pequenos-negocios-de-urola-erdia\\\/#primaryimage\"},\"thumbnailUrl\":\"https:\\\/\\\/iraurgiberritzen.eus\\\/wp-content\\\/uploads\\\/2025\\\/09\\\/33d18f77-18a3-5594-6077-153fd7af128e.png\",\"articleSection\":[\"Noticias\"],\"inLanguage\":\"es\"},{\"@type\":\"WebPage\",\"@id\":\"https:\\\/\\\/iraurgiberritzen.eus\\\/es\\\/inteligencia-artificial-marketing-digital-y-finanzas-formaciones-de-otono-para-personas-emprendedoras-y-pequenos-negocios-de-urola-erdia\\\/\",\"url\":\"https:\\\/\\\/iraurgiberritzen.eus\\\/es\\\/inteligencia-artificial-marketing-digital-y-finanzas-formaciones-de-otono-para-personas-emprendedoras-y-pequenos-negocios-de-urola-erdia\\\/\",\"name\":\"Inteligencia Artificial, Marketing Digital y Finanzas: Formaciones de oto\u00f1o para personas emprendedoras y peque\u00f1os negocios de Urola Erdia - Iraurgi Berritzen\",\"isPartOf\":{\"@id\":\"https:\\\/\\\/iraurgiberritzen.eus\\\/es\\\/#website\"},\"primaryImageOfPage\":{\"@id\":\"https:\\\/\\\/iraurgiberritzen.eus\\\/es\\\/inteligencia-artificial-marketing-digital-y-finanzas-formaciones-de-otono-para-personas-emprendedoras-y-pequenos-negocios-de-urola-erdia\\\/#primaryimage\"},\"image\":{\"@id\":\"https:\\\/\\\/iraurgiberritzen.eus\\\/es\\\/inteligencia-artificial-marketing-digital-y-finanzas-formaciones-de-otono-para-personas-emprendedoras-y-pequenos-negocios-de-urola-erdia\\\/#primaryimage\"},\"thumbnailUrl\":\"https:\\\/\\\/iraurgiberritzen.eus\\\/wp-content\\\/uploads\\\/2025\\\/09\\\/33d18f77-18a3-5594-6077-153fd7af128e.png\",\"datePublished\":\"2025-09-08T07:31:42+00:00\",\"dateModified\":\"2025-09-08T07:32:18+00:00\",\"breadcrumb\":{\"@id\":\"https:\\\/\\\/iraurgiberritzen.eus\\\/es\\\/inteligencia-artificial-marketing-digital-y-finanzas-formaciones-de-otono-para-personas-emprendedoras-y-pequenos-negocios-de-urola-erdia\\\/#breadcrumb\"},\"inLanguage\":\"es\",\"potentialAction\":[{\"@type\":\"ReadAction\",\"target\":[\"https:\\\/\\\/iraurgiberritzen.eus\\\/es\\\/inteligencia-artificial-marketing-digital-y-finanzas-formaciones-de-otono-para-personas-emprendedoras-y-pequenos-negocios-de-urola-erdia\\\/\"]}]},{\"@type\":\"ImageObject\",\"inLanguage\":\"es\",\"@id\":\"https:\\\/\\\/iraurgiberritzen.eus\\\/es\\\/inteligencia-artificial-marketing-digital-y-finanzas-formaciones-de-otono-para-personas-emprendedoras-y-pequenos-negocios-de-urola-erdia\\\/#primaryimage\",\"url\":\"https:\\\/\\\/iraurgiberritzen.eus\\\/wp-content\\\/uploads\\\/2025\\\/09\\\/33d18f77-18a3-5594-6077-153fd7af128e.png\",\"contentUrl\":\"https:\\\/\\\/iraurgiberritzen.eus\\\/wp-content\\\/uploads\\\/2025\\\/09\\\/33d18f77-18a3-5594-6077-153fd7af128e.png\",\"width\":600,\"height\":386},{\"@type\":\"BreadcrumbList\",\"@id\":\"https:\\\/\\\/iraurgiberritzen.eus\\\/es\\\/inteligencia-artificial-marketing-digital-y-finanzas-formaciones-de-otono-para-personas-emprendedoras-y-pequenos-negocios-de-urola-erdia\\\/#breadcrumb\",\"itemListElement\":[{\"@type\":\"ListItem\",\"position\":1,\"name\":\"Home\",\"item\":\"https:\\\/\\\/iraurgiberritzen.eus\\\/es\\\/\"},{\"@type\":\"ListItem\",\"position\":2,\"name\":\"Inteligencia Artificial, Marketing Digital y Finanzas: Formaciones de oto\u00f1o para personas emprendedoras y peque\u00f1os negocios de Urola Erdia\"}]},{\"@type\":\"WebSite\",\"@id\":\"https:\\\/\\\/iraurgiberritzen.eus\\\/es\\\/#website\",\"url\":\"https:\\\/\\\/iraurgiberritzen.eus\\\/es\\\/\",\"name\":\"Iraurgi Berritzen\",\"description\":\"Urola Erdiko Garapen Agentzia\",\"publisher\":{\"@id\":\"https:\\\/\\\/iraurgiberritzen.eus\\\/es\\\/#organization\"},\"potentialAction\":[{\"@type\":\"SearchAction\",\"target\":{\"@type\":\"EntryPoint\",\"urlTemplate\":\"https:\\\/\\\/iraurgiberritzen.eus\\\/es\\\/?s={search_term_string}\"},\"query-input\":{\"@type\":\"PropertyValueSpecification\",\"valueRequired\":true,\"valueName\":\"search_term_string\"}}],\"inLanguage\":\"es\"},{\"@type\":\"Organization\",\"@id\":\"https:\\\/\\\/iraurgiberritzen.eus\\\/es\\\/#organization\",\"name\":\"Iraurgi Berritzen\",\"url\":\"https:\\\/\\\/iraurgiberritzen.eus\\\/es\\\/\",\"logo\":{\"@type\":\"ImageObject\",\"inLanguage\":\"es\",\"@id\":\"https:\\\/\\\/iraurgiberritzen.eus\\\/es\\\/#\\\/schema\\\/logo\\\/image\\\/\",\"url\":\"https:\\\/\\\/iraurgiberritzen.eus\\\/wp-content\\\/uploads\\\/2024\\\/02\\\/IRAURGI-BERRITZEN-logotipoa_2.png\",\"contentUrl\":\"https:\\\/\\\/iraurgiberritzen.eus\\\/wp-content\\\/uploads\\\/2024\\\/02\\\/IRAURGI-BERRITZEN-logotipoa_2.png\",\"width\":496,\"height\":190,\"caption\":\"Iraurgi Berritzen\"},\"image\":{\"@id\":\"https:\\\/\\\/iraurgiberritzen.eus\\\/es\\\/#\\\/schema\\\/logo\\\/image\\\/\"}},{\"@type\":\"Person\",\"@id\":\"https:\\\/\\\/iraurgiberritzen.eus\\\/es\\\/#\\\/schema\\\/person\\\/a32c9825b3e2bfcbe757a97f6a15c8a5\",\"name\":\"ainara\"}]}<\/script>\n<!-- \/ Yoast SEO plugin. -->","yoast_head_json":{"title":"Inteligencia Artificial, Marketing Digital y Finanzas: Formaciones de oto\u00f1o para personas emprendedoras y peque\u00f1os negocios de Urola Erdia - Iraurgi Berritzen","robots":{"index":"index","follow":"follow","max-snippet":"max-snippet:-1","max-image-preview":"max-image-preview:large","max-video-preview":"max-video-preview:-1"},"canonical":"https:\/\/iraurgiberritzen.eus\/es\/inteligencia-artificial-marketing-digital-y-finanzas-formaciones-de-otono-para-personas-emprendedoras-y-pequenos-negocios-de-urola-erdia\/","og_locale":"es_ES","og_type":"article","og_title":"Inteligencia Artificial, Marketing Digital y Finanzas: Formaciones de oto\u00f1o para personas emprendedoras y peque\u00f1os negocios de Urola Erdia - Iraurgi Berritzen","og_description":"La Agencia de Desarrollo e Innovaci\u00f3n de Urola Erdia, Iraurgi Berritzen, presenta el nuevo programa de formaciones para el segundo semestre de 2025. Entre los meses de septiembre y diciembre, personas emprendedoras y peque\u00f1os negocios de la comarca podr\u00e1n adquirir nuevas competencias digitales y financieras a trav\u00e9s de sesiones pr\u00e1cticas y adaptadas a sus necesidades.\u00a0 [&hellip;]","og_url":"https:\/\/iraurgiberritzen.eus\/es\/inteligencia-artificial-marketing-digital-y-finanzas-formaciones-de-otono-para-personas-emprendedoras-y-pequenos-negocios-de-urola-erdia\/","og_site_name":"Iraurgi Berritzen","article_published_time":"2025-09-08T07:31:42+00:00","article_modified_time":"2025-09-08T07:32:18+00:00","og_image":[{"width":600,"height":386,"url":"https:\/\/iraurgiberritzen.eus\/wp-content\/uploads\/2025\/09\/33d18f77-18a3-5594-6077-153fd7af128e.png","type":"image\/png"}],"author":"ainara","twitter_card":"summary_large_image","twitter_misc":{"Escrito por":"ainara","Tiempo de lectura":"2 minutos"},"schema":{"@context":"https:\/\/schema.org","@graph":[{"@type":"Article","@id":"https:\/\/iraurgiberritzen.eus\/es\/inteligencia-artificial-marketing-digital-y-finanzas-formaciones-de-otono-para-personas-emprendedoras-y-pequenos-negocios-de-urola-erdia\/#article","isPartOf":{"@id":"https:\/\/iraurgiberritzen.eus\/es\/inteligencia-artificial-marketing-digital-y-finanzas-formaciones-de-otono-para-personas-emprendedoras-y-pequenos-negocios-de-urola-erdia\/"},"author":{"name":"ainara","@id":"https:\/\/iraurgiberritzen.eus\/es\/#\/schema\/person\/a32c9825b3e2bfcbe757a97f6a15c8a5"},"headline":"Inteligencia Artificial, Marketing Digital y Finanzas: Formaciones de oto\u00f1o para personas emprendedoras y peque\u00f1os negocios de Urola Erdia","datePublished":"2025-09-08T07:31:42+00:00","dateModified":"2025-09-08T07:32:18+00:00","mainEntityOfPage":{"@id":"https:\/\/iraurgiberritzen.eus\/es\/inteligencia-artificial-marketing-digital-y-finanzas-formaciones-de-otono-para-personas-emprendedoras-y-pequenos-negocios-de-urola-erdia\/"},"wordCount":282,"publisher":{"@id":"https:\/\/iraurgiberritzen.eus\/es\/#organization"},"image":{"@id":"https:\/\/iraurgiberritzen.eus\/es\/inteligencia-artificial-marketing-digital-y-finanzas-formaciones-de-otono-para-personas-emprendedoras-y-pequenos-negocios-de-urola-erdia\/#primaryimage"},"thumbnailUrl":"https:\/\/iraurgiberritzen.eus\/wp-content\/uploads\/2025\/09\/33d18f77-18a3-5594-6077-153fd7af128e.png","articleSection":["Noticias"],"inLanguage":"es"},{"@type":"WebPage","@id":"https:\/\/iraurgiberritzen.eus\/es\/inteligencia-artificial-marketing-digital-y-finanzas-formaciones-de-otono-para-personas-emprendedoras-y-pequenos-negocios-de-urola-erdia\/","url":"https:\/\/iraurgiberritzen.eus\/es\/inteligencia-artificial-marketing-digital-y-finanzas-formaciones-de-otono-para-personas-emprendedoras-y-pequenos-negocios-de-urola-erdia\/","name":"Inteligencia Artificial, Marketing Digital y Finanzas: Formaciones de oto\u00f1o para personas emprendedoras y peque\u00f1os negocios de Urola Erdia - Iraurgi Berritzen","isPartOf":{"@id":"https:\/\/iraurgiberritzen.eus\/es\/#website"},"primaryImageOfPage":{"@id":"https:\/\/iraurgiberritzen.eus\/es\/inteligencia-artificial-marketing-digital-y-finanzas-formaciones-de-otono-para-personas-emprendedoras-y-pequenos-negocios-de-urola-erdia\/#primaryimage"},"image":{"@id":"https:\/\/iraurgiberritzen.eus\/es\/inteligencia-artificial-marketing-digital-y-finanzas-formaciones-de-otono-para-personas-emprendedoras-y-pequenos-negocios-de-urola-erdia\/#primaryimage"},"thumbnailUrl":"https:\/\/iraurgiberritzen.eus\/wp-content\/uploads\/2025\/09\/33d18f77-18a3-5594-6077-153fd7af128e.png","datePublished":"2025-09-08T07:31:42+00:00","dateModified":"2025-09-08T07:32:18+00:00","breadcrumb":{"@id":"https:\/\/iraurgiberritzen.eus\/es\/inteligencia-artificial-marketing-digital-y-finanzas-formaciones-de-otono-para-personas-emprendedoras-y-pequenos-negocios-de-urola-erdia\/#breadcrumb"},"inLanguage":"es","potentialAction":[{"@type":"ReadAction","target":["https:\/\/iraurgiberritzen.eus\/es\/inteligencia-artificial-marketing-digital-y-finanzas-formaciones-de-otono-para-personas-emprendedoras-y-pequenos-negocios-de-urola-erdia\/"]}]},{"@type":"ImageObject","inLanguage":"es","@id":"https:\/\/iraurgiberritzen.eus\/es\/inteligencia-artificial-marketing-digital-y-finanzas-formaciones-de-otono-para-personas-emprendedoras-y-pequenos-negocios-de-urola-erdia\/#primaryimage","url":"https:\/\/iraurgiberritzen.eus\/wp-content\/uploads\/2025\/09\/33d18f77-18a3-5594-6077-153fd7af128e.png","contentUrl":"https:\/\/iraurgiberritzen.eus\/wp-content\/uploads\/2025\/09\/33d18f77-18a3-5594-6077-153fd7af128e.png","width":600,"height":386},{"@type":"BreadcrumbList","@id":"https:\/\/iraurgiberritzen.eus\/es\/inteligencia-artificial-marketing-digital-y-finanzas-formaciones-de-otono-para-personas-emprendedoras-y-pequenos-negocios-de-urola-erdia\/#breadcrumb","itemListElement":[{"@type":"ListItem","position":1,"name":"Home","item":"https:\/\/iraurgiberritzen.eus\/es\/"},{"@type":"ListItem","position":2,"name":"Inteligencia Artificial, Marketing Digital y Finanzas: Formaciones de oto\u00f1o para personas emprendedoras y peque\u00f1os negocios de Urola Erdia"}]},{"@type":"WebSite","@id":"https:\/\/iraurgiberritzen.eus\/es\/#website","url":"https:\/\/iraurgiberritzen.eus\/es\/","name":"Iraurgi Berritzen","description":"Urola Erdiko Garapen Agentzia","publisher":{"@id":"https:\/\/iraurgiberritzen.eus\/es\/#organization"},"potentialAction":[{"@type":"SearchAction","target":{"@type":"EntryPoint","urlTemplate":"https:\/\/iraurgiberritzen.eus\/es\/?s={search_term_string}"},"query-input":{"@type":"PropertyValueSpecification","valueRequired":true,"valueName":"search_term_string"}}],"inLanguage":"es"},{"@type":"Organization","@id":"https:\/\/iraurgiberritzen.eus\/es\/#organization","name":"Iraurgi Berritzen","url":"https:\/\/iraurgiberritzen.eus\/es\/","logo":{"@type":"ImageObject","inLanguage":"es","@id":"https:\/\/iraurgiberritzen.eus\/es\/#\/schema\/logo\/image\/","url":"https:\/\/iraurgiberritzen.eus\/wp-content\/uploads\/2024\/02\/IRAURGI-BERRITZEN-logotipoa_2.png","contentUrl":"https:\/\/iraurgiberritzen.eus\/wp-content\/uploads\/2024\/02\/IRAURGI-BERRITZEN-logotipoa_2.png","width":496,"height":190,"caption":"Iraurgi Berritzen"},"image":{"@id":"https:\/\/iraurgiberritzen.eus\/es\/#\/schema\/logo\/image\/"}},{"@type":"Person","@id":"https:\/\/iraurgiberritzen.eus\/es\/#\/schema\/person\/a32c9825b3e2bfcbe757a97f6a15c8a5","name":"ainara"}]}},"_links":{"self":[{"href":"https:\/\/iraurgiberritzen.eus\/es\/wp-json\/wp\/v2\/posts\/24652","targetHints":{"allow":["GET"]}}],"collection":[{"href":"https:\/\/iraurgiberritzen.eus\/es\/wp-json\/wp\/v2\/posts"}],"about":[{"href":"https:\/\/iraurgiberritzen.eus\/es\/wp-json\/wp\/v2\/types\/post"}],"author":[{"embeddable":true,"href":"https:\/\/iraurgiberritzen.eus\/es\/wp-json\/wp\/v2\/users\/4"}],"replies":[{"embeddable":true,"href":"https:\/\/iraurgiberritzen.eus\/es\/wp-json\/wp\/v2\/comments?post=24652"}],"version-history":[{"count":2,"href":"https:\/\/iraurgiberritzen.eus\/es\/wp-json\/wp\/v2\/posts\/24652\/revisions"}],"predecessor-version":[{"id":24655,"href":"https:\/\/iraurgiberritzen.eus\/es\/wp-json\/wp\/v2\/posts\/24652\/revisions\/24655"}],"wp:featuredmedia":[{"embeddable":true,"href":"https:\/\/iraurgiberritzen.eus\/es\/wp-json\/wp\/v2\/media\/24649"}],"wp:attachment":[{"href":"https:\/\/iraurgiberritzen.eus\/es\/wp-json\/wp\/v2\/media?parent=24652"}],"wp:term":[{"taxonomy":"category","embeddable":true,"href":"https:\/\/iraurgiberritzen.eus\/es\/wp-json\/wp\/v2\/categories?post=24652"},{"taxonomy":"post_tag","embeddable":true,"href":"https:\/\/iraurgiberritzen.eus\/es\/wp-json\/wp\/v2\/tags?post=24652"}],"curies":[{"name":"wp","href":"https:\/\/api.w.org\/{rel}","templated":true}]}}