{"id":24663,"date":"2025-09-08T09:43:38","date_gmt":"2025-09-08T07:43:38","guid":{"rendered":"https:\/\/iraurgiberritzen.eus\/?p=24663"},"modified":"2025-09-08T09:49:00","modified_gmt":"2025-09-08T07:49:00","slug":"24663","status":"publish","type":"post","link":"https:\/\/iraurgiberritzen.eus\/es\/24663\/","title":{"rendered":"Iraurgi Berritzen organiza una sesi\u00f3n pr\u00e1ctica centrada en la IA Generativa"},"content":{"rendered":"<h5><b><i><span data-contrast=\"auto\">La jornada, que se celebrar\u00e1 el 17 de septiembre en Azpeitia, se enmarca en la estrategia de Iraurgi Berritzen para impulsar la transici\u00f3n digital de las empresas industriales de la comarca.<\/span><\/i><\/b><span data-ccp-props=\"{&quot;134233117&quot;:true,&quot;134233118&quot;:true,&quot;201341983&quot;:0,&quot;335551550&quot;:1,&quot;335551620&quot;:1,&quot;335559685&quot;:0,&quot;335559737&quot;:0,&quot;335559740&quot;:259}\">\u00a0<\/span><\/h5>\n<p><span data-contrast=\"auto\">Las empresas industriales de Urola Erdia tendr\u00e1n la oportunidad de conocer de forma pr\u00e1ctica el potencial que ofrece la <\/span><b><span data-contrast=\"auto\">Inteligencia Artificial Generativa (IA)<\/span><\/b><span data-contrast=\"auto\"> en una jornada que se celebrar\u00e1 el <\/span><b><span data-contrast=\"auto\">17 de septiembre<\/span><\/b><span data-contrast=\"auto\">, de <\/span><b><span data-contrast=\"auto\">9:00 a 12:00<\/span><\/b><span data-contrast=\"auto\">, en el <\/span><b><span data-contrast=\"auto\">Palacio Basazabal de Azpeitia<\/span><\/b><span data-contrast=\"auto\">.<\/span><span data-ccp-props=\"{&quot;134233117&quot;:true,&quot;134233118&quot;:true}\">\u00a0<\/span><\/p>\n<p><span data-contrast=\"auto\">La sesi\u00f3n, titulada <\/span><i><span data-contrast=\"auto\">\u201cDescubre c\u00f3mo aplicar la IA generativa en tu empresa industrial\u201d<\/span><\/i><span data-contrast=\"auto\">, estar\u00e1 dinamizada por <\/span><b><span data-contrast=\"auto\">\u00c1lvaro Jos\u00e9 Zevallos<\/span><\/b><span data-contrast=\"auto\">, de Digitalentu. A lo largo de la ma\u00f1ana, las personas participantes conocer\u00e1n herramientas \u00fatiles, estrategias de aplicaci\u00f3n y casos reales del entorno cercano. En concreto, de la mano de <\/span><b><span data-contrast=\"auto\">IBARMIA<\/span><\/b><span data-contrast=\"auto\">, se presentar\u00e1 el recorrido que han seguido para <\/span><b><span data-contrast=\"auto\">integrar la IA generativa en su operativa diaria<\/span><\/b><span data-contrast=\"auto\">, detallando aplicaciones concretas y aprendizajes que pueden servir de inspiraci\u00f3n a otras organizaciones.<\/span><span data-ccp-props=\"{&quot;134233117&quot;:true,&quot;134233118&quot;:true}\">\u00a0<\/span><\/p>\n<p><b><span data-contrast=\"auto\">Un contexto estrat\u00e9gico: acelerando procesos de transici\u00f3n<\/span><\/b><span data-ccp-props=\"{&quot;134233117&quot;:true,&quot;134233118&quot;:true}\">\u00a0<\/span><\/p>\n<p><span data-contrast=\"auto\">Esta sesi\u00f3n se enmarca en la estrategia de Iraurgi Berritzen para <\/span><b><span data-contrast=\"auto\">acompa\u00f1ar a las empresas en sus procesos de transformaci\u00f3n<\/span><\/b><span data-contrast=\"auto\">, con el objetivo de que sean m\u00e1s competitivas y est\u00e9n mejor preparadas para el futuro. La iniciativa contempla <\/span><b><span data-contrast=\"auto\">la adaptaci\u00f3n del tejido industrial a las tres grandes transiciones<\/span><\/b><span data-contrast=\"auto\">: la ecol\u00f3gica, la sociodemogr\u00e1fica y la digital-tecnol\u00f3gica.<\/span><span data-ccp-props=\"{&quot;134233117&quot;:true,&quot;134233118&quot;:true}\">\u00a0<\/span><\/p>\n<p><span data-contrast=\"auto\">Para ello, se han desarrollado dos l\u00edneas de trabajo:<\/span><span data-ccp-props=\"{&quot;134233117&quot;:true,&quot;134233118&quot;:true}\">\u00a0<\/span><\/p>\n<ul>\n<li><b><span data-contrast=\"auto\">\u201cIkasiz\u201d<\/span><\/b><span data-contrast=\"auto\">, centrada en sesiones de sensibilizaci\u00f3n y capacitaci\u00f3n, y<\/span><span data-ccp-props=\"{&quot;134233117&quot;:true,&quot;134233118&quot;:true}\">\u00a0<\/span><\/li>\n<li><b><span data-contrast=\"auto\">\u201cIkasekin\u201d<\/span><\/b><span data-contrast=\"auto\">, enfocada en el acompa\u00f1amiento personalizado para proyectos de transformaci\u00f3n.<\/span><span data-ccp-props=\"{&quot;134233117&quot;:true,&quot;134233118&quot;:true}\">\u00a0<\/span><\/li>\n<\/ul>\n<p><span data-contrast=\"auto\">La jornada del 17 de septiembre se enmarca en la din\u00e1mica <\/span><b><span data-contrast=\"auto\">\u201cIkasiz\u201d<\/span><\/b><span data-contrast=\"auto\">, y est\u00e1 dirigida especialmente a <\/span><b><span data-contrast=\"auto\">empresas del sector industrial que desean comenzar a aplicar IA generativa<\/span><\/b><span data-contrast=\"auto\"> en sus procesos.<\/span><span data-ccp-props=\"{&quot;134233117&quot;:true,&quot;134233118&quot;:true}\">\u00a0<\/span><\/p>\n<p><b><span data-contrast=\"auto\">\u00bfQu\u00e9 se llevar\u00e1n las personas participantes?<\/span><\/b><span data-ccp-props=\"{&quot;134233117&quot;:true,&quot;134233118&quot;:true}\">\u00a0<\/span><\/p>\n<ul>\n<li aria-setsize=\"-1\" data-leveltext=\"\uf0b7\" data-font=\"Symbol\" data-listid=\"3\" data-list-defn-props=\"{&quot;335552541&quot;:1,&quot;335559685&quot;:720,&quot;335559991&quot;:360,&quot;469769226&quot;:&quot;Symbol&quot;,&quot;469769242&quot;:[8226],&quot;469777803&quot;:&quot;left&quot;,&quot;469777804&quot;:&quot;\uf0b7&quot;,&quot;469777815&quot;:&quot;multilevel&quot;}\" data-aria-posinset=\"1\" data-aria-level=\"1\"><span data-contrast=\"auto\">Comprensi\u00f3n b\u00e1sica del funcionamiento y los \u00e1mbitos de aplicaci\u00f3n de la IA generativa<\/span><span data-ccp-props=\"{&quot;134233117&quot;:true,&quot;134233118&quot;:true}\">\u00a0<\/span><\/li>\n<\/ul>\n<ul>\n<li aria-setsize=\"-1\" data-leveltext=\"\uf0b7\" data-font=\"Symbol\" data-listid=\"3\" data-list-defn-props=\"{&quot;335552541&quot;:1,&quot;335559685&quot;:720,&quot;335559991&quot;:360,&quot;469769226&quot;:&quot;Symbol&quot;,&quot;469769242&quot;:[8226],&quot;469777803&quot;:&quot;left&quot;,&quot;469777804&quot;:&quot;\uf0b7&quot;,&quot;469777815&quot;:&quot;multilevel&quot;}\" data-aria-posinset=\"2\" data-aria-level=\"1\"><span data-contrast=\"auto\">Conocimiento de casos reales aplicados a procesos industriales<\/span><span data-ccp-props=\"{&quot;134233117&quot;:true,&quot;134233118&quot;:true}\">\u00a0<\/span><\/li>\n<\/ul>\n<ul>\n<li aria-setsize=\"-1\" data-leveltext=\"\uf0b7\" data-font=\"Symbol\" data-listid=\"3\" data-list-defn-props=\"{&quot;335552541&quot;:1,&quot;335559685&quot;:720,&quot;335559991&quot;:360,&quot;469769226&quot;:&quot;Symbol&quot;,&quot;469769242&quot;:[8226],&quot;469777803&quot;:&quot;left&quot;,&quot;469777804&quot;:&quot;\uf0b7&quot;,&quot;469777815&quot;:&quot;multilevel&quot;}\" data-aria-posinset=\"3\" data-aria-level=\"1\"><span data-contrast=\"auto\">Identificaci\u00f3n de herramientas \u00fatiles para diferentes \u00e1reas funcionales<\/span><span data-ccp-props=\"{&quot;134233117&quot;:true,&quot;134233118&quot;:true}\">\u00a0<\/span><\/li>\n<\/ul>\n<ul>\n<li aria-setsize=\"-1\" data-leveltext=\"\uf0b7\" data-font=\"Symbol\" data-listid=\"3\" data-list-defn-props=\"{&quot;335552541&quot;:1,&quot;335559685&quot;:720,&quot;335559991&quot;:360,&quot;469769226&quot;:&quot;Symbol&quot;,&quot;469769242&quot;:[8226],&quot;469777803&quot;:&quot;left&quot;,&quot;469777804&quot;:&quot;\uf0b7&quot;,&quot;469777815&quot;:&quot;multilevel&quot;}\" data-aria-posinset=\"4\" data-aria-level=\"1\"><span data-contrast=\"auto\">Acceso a estrategias pr\u00e1cticas para comenzar a aplicar la tecnolog\u00eda<\/span><span data-ccp-props=\"{&quot;134233117&quot;:true,&quot;134233118&quot;:true}\">\u00a0<\/span><\/li>\n<\/ul>\n<ul>\n<li aria-setsize=\"-1\" data-leveltext=\"\uf0b7\" data-font=\"Symbol\" data-listid=\"3\" data-list-defn-props=\"{&quot;335552541&quot;:1,&quot;335559685&quot;:720,&quot;335559991&quot;:360,&quot;469769226&quot;:&quot;Symbol&quot;,&quot;469769242&quot;:[8226],&quot;469777803&quot;:&quot;left&quot;,&quot;469777804&quot;:&quot;\uf0b7&quot;,&quot;469777815&quot;:&quot;multilevel&quot;}\" data-aria-posinset=\"5\" data-aria-level=\"1\"><span data-contrast=\"auto\">Aprendizajes compartidos a partir de experiencias reales del entorno<\/span><span data-ccp-props=\"{&quot;134233117&quot;:true,&quot;134233118&quot;:true}\">\u00a0<\/span><\/li>\n<\/ul>\n<p><b><span data-contrast=\"auto\">Inscripci\u00f3n abierta<\/span><\/b><span data-ccp-props=\"{&quot;134233117&quot;:true,&quot;134233118&quot;:true}\">\u00a0<\/span><\/p>\n<p><span data-contrast=\"none\">La participaci\u00f3n es <\/span><b><span data-contrast=\"none\">gratuita<\/span><\/b><span data-contrast=\"none\">, pero la <\/span><b><span data-contrast=\"none\">inscripci\u00f3n es obligatoria<\/span><\/b><span data-contrast=\"none\">. Las empresas interesadas pueden inscribirse en el siguiente enlace: <\/span><strong><a href=\"https:\/\/forms.office.com\/Pages\/ResponsePage.aspx?id=S5DeT3Jq90W0WLjBrBndp1jySGu9zxtIpCkBAthDUWpUOVNQMVMxVkRBUlNOWEMxOVJISUFVQ0ZJUiQlQCN0PWcu\" target=\"_blank\" rel=\"noopener\">Ikasiz_17 de septiembre.<\/a><\/strong><span data-ccp-props=\"{&quot;134233117&quot;:true,&quot;134233118&quot;:true,&quot;335551550&quot;:6,&quot;335551620&quot;:6}\">\u00a0<\/span><\/p>\n<p><strong><a href=\"https:\/\/iraurgiberritzen.eus\/es\/industria\/\" target=\"_blank\" rel=\"noopener\">En el siguiente enlace<\/a><\/strong><span data-contrast=\"none\">, a su vez, se puede obtener <\/span><b><span data-contrast=\"none\">m\u00e1s informaci\u00f3n sobre la iniciativa<\/span><\/b><span data-contrast=\"none\">, as\u00ed como <\/span><b><span data-contrast=\"none\">inscribirse en futuras sesiones de capacitaci\u00f3n o proyectos<\/span><\/b><span data-contrast=\"none\"> enmarcados en cualquiera de las tres transiciones (ecol\u00f3gica, social, tecnol\u00f3gica-digital) impulsadas por Iraurgi Berritzen y financiados principalmente por la Diputaci\u00f3n Foral de Gipuzkoa y los Ayuntamientos de Azpeitia y Azkoitia.<\/span><span data-ccp-props=\"{&quot;134233117&quot;:true,&quot;134233118&quot;:true,&quot;335551550&quot;:6,&quot;335551620&quot;:6}\">\u00a0<\/span><\/p>\n","protected":false},"excerpt":{"rendered":"<p>La jornada, que se celebrar\u00e1 el 17 de septiembre en Azpeitia, se enmarca en la estrategia de Iraurgi Berritzen para impulsar la transici\u00f3n digital de las empresas industriales de la comarca.\u00a0 Las empresas industriales de Urola Erdia tendr\u00e1n la oportunidad de conocer de forma pr\u00e1ctica el potencial que ofrece la Inteligencia Artificial Generativa (IA) en [&hellip;]<\/p>\n","protected":false},"author":4,"featured_media":24664,"comment_status":"closed","ping_status":"closed","sticky":false,"template":"","format":"standard","meta":{"_acf_changed":false,"footnotes":""},"categories":[4],"tags":[],"class_list":["post-24663","post","type-post","status-publish","format-standard","has-post-thumbnail","hentry","category-noticias","arloak-enpresa"],"acf":[],"yoast_head":"<!-- This site is optimized with the Yoast SEO plugin v27.4 - https:\/\/yoast.com\/product\/yoast-seo-wordpress\/ -->\n<title>Iraurgi Berritzen organiza una sesi\u00f3n pr\u00e1ctica centrada en la IA Generativa - Iraurgi Berritzen<\/title>\n<meta name=\"robots\" content=\"index, follow, max-snippet:-1, max-image-preview:large, max-video-preview:-1\" \/>\n<link rel=\"canonical\" href=\"https:\/\/iraurgiberritzen.eus\/es\/24663\/\" \/>\n<meta property=\"og:locale\" content=\"es_ES\" \/>\n<meta property=\"og:type\" content=\"article\" \/>\n<meta property=\"og:title\" content=\"Iraurgi Berritzen organiza una sesi\u00f3n pr\u00e1ctica centrada en la IA Generativa - Iraurgi Berritzen\" \/>\n<meta property=\"og:description\" content=\"La jornada, que se celebrar\u00e1 el 17 de septiembre en Azpeitia, se enmarca en la estrategia de Iraurgi Berritzen para impulsar la transici\u00f3n digital de las empresas industriales de la comarca.\u00a0 Las empresas industriales de Urola Erdia tendr\u00e1n la oportunidad de conocer de forma pr\u00e1ctica el potencial que ofrece la Inteligencia Artificial Generativa (IA) en [&hellip;]\" \/>\n<meta property=\"og:url\" content=\"https:\/\/iraurgiberritzen.eus\/es\/24663\/\" \/>\n<meta property=\"og:site_name\" content=\"Iraurgi Berritzen\" \/>\n<meta property=\"article:published_time\" content=\"2025-09-08T07:43:38+00:00\" \/>\n<meta property=\"article:modified_time\" content=\"2025-09-08T07:49:00+00:00\" \/>\n<meta property=\"og:image\" content=\"https:\/\/iraurgiberritzen.eus\/wp-content\/uploads\/2025\/09\/d2073061-fb98-0cd6-94b5-9c908c19b2e9-1-scaled.png\" \/>\n\t<meta property=\"og:image:width\" content=\"2560\" \/>\n\t<meta property=\"og:image:height\" content=\"1780\" \/>\n\t<meta property=\"og:image:type\" content=\"image\/png\" \/>\n<meta name=\"author\" content=\"ainara\" \/>\n<meta name=\"twitter:card\" content=\"summary_large_image\" \/>\n<meta name=\"twitter:label1\" content=\"Escrito por\" \/>\n\t<meta name=\"twitter:data1\" content=\"ainara\" \/>\n\t<meta name=\"twitter:label2\" content=\"Tiempo de lectura\" \/>\n\t<meta name=\"twitter:data2\" content=\"3 minutos\" \/>\n<script type=\"application\/ld+json\" class=\"yoast-schema-graph\">{\"@context\":\"https:\\\/\\\/schema.org\",\"@graph\":[{\"@type\":\"Article\",\"@id\":\"https:\\\/\\\/iraurgiberritzen.eus\\\/es\\\/24663\\\/#article\",\"isPartOf\":{\"@id\":\"https:\\\/\\\/iraurgiberritzen.eus\\\/es\\\/24663\\\/\"},\"author\":{\"name\":\"ainara\",\"@id\":\"https:\\\/\\\/iraurgiberritzen.eus\\\/es\\\/#\\\/schema\\\/person\\\/a32c9825b3e2bfcbe757a97f6a15c8a5\"},\"headline\":\"Iraurgi Berritzen organiza una sesi\u00f3n pr\u00e1ctica centrada en la IA Generativa\",\"datePublished\":\"2025-09-08T07:43:38+00:00\",\"dateModified\":\"2025-09-08T07:49:00+00:00\",\"mainEntityOfPage\":{\"@id\":\"https:\\\/\\\/iraurgiberritzen.eus\\\/es\\\/24663\\\/\"},\"wordCount\":455,\"publisher\":{\"@id\":\"https:\\\/\\\/iraurgiberritzen.eus\\\/es\\\/#organization\"},\"image\":{\"@id\":\"https:\\\/\\\/iraurgiberritzen.eus\\\/es\\\/24663\\\/#primaryimage\"},\"thumbnailUrl\":\"https:\\\/\\\/iraurgiberritzen.eus\\\/wp-content\\\/uploads\\\/2025\\\/09\\\/d2073061-fb98-0cd6-94b5-9c908c19b2e9-1-scaled.png\",\"articleSection\":[\"Noticias\"],\"inLanguage\":\"es\"},{\"@type\":\"WebPage\",\"@id\":\"https:\\\/\\\/iraurgiberritzen.eus\\\/es\\\/24663\\\/\",\"url\":\"https:\\\/\\\/iraurgiberritzen.eus\\\/es\\\/24663\\\/\",\"name\":\"Iraurgi Berritzen organiza una sesi\u00f3n pr\u00e1ctica centrada en la IA Generativa - Iraurgi Berritzen\",\"isPartOf\":{\"@id\":\"https:\\\/\\\/iraurgiberritzen.eus\\\/es\\\/#website\"},\"primaryImageOfPage\":{\"@id\":\"https:\\\/\\\/iraurgiberritzen.eus\\\/es\\\/24663\\\/#primaryimage\"},\"image\":{\"@id\":\"https:\\\/\\\/iraurgiberritzen.eus\\\/es\\\/24663\\\/#primaryimage\"},\"thumbnailUrl\":\"https:\\\/\\\/iraurgiberritzen.eus\\\/wp-content\\\/uploads\\\/2025\\\/09\\\/d2073061-fb98-0cd6-94b5-9c908c19b2e9-1-scaled.png\",\"datePublished\":\"2025-09-08T07:43:38+00:00\",\"dateModified\":\"2025-09-08T07:49:00+00:00\",\"breadcrumb\":{\"@id\":\"https:\\\/\\\/iraurgiberritzen.eus\\\/es\\\/24663\\\/#breadcrumb\"},\"inLanguage\":\"es\",\"potentialAction\":[{\"@type\":\"ReadAction\",\"target\":[\"https:\\\/\\\/iraurgiberritzen.eus\\\/es\\\/24663\\\/\"]}]},{\"@type\":\"ImageObject\",\"inLanguage\":\"es\",\"@id\":\"https:\\\/\\\/iraurgiberritzen.eus\\\/es\\\/24663\\\/#primaryimage\",\"url\":\"https:\\\/\\\/iraurgiberritzen.eus\\\/wp-content\\\/uploads\\\/2025\\\/09\\\/d2073061-fb98-0cd6-94b5-9c908c19b2e9-1-scaled.png\",\"contentUrl\":\"https:\\\/\\\/iraurgiberritzen.eus\\\/wp-content\\\/uploads\\\/2025\\\/09\\\/d2073061-fb98-0cd6-94b5-9c908c19b2e9-1-scaled.png\",\"width\":2560,\"height\":1780},{\"@type\":\"BreadcrumbList\",\"@id\":\"https:\\\/\\\/iraurgiberritzen.eus\\\/es\\\/24663\\\/#breadcrumb\",\"itemListElement\":[{\"@type\":\"ListItem\",\"position\":1,\"name\":\"Home\",\"item\":\"https:\\\/\\\/iraurgiberritzen.eus\\\/es\\\/\"},{\"@type\":\"ListItem\",\"position\":2,\"name\":\"Iraurgi Berritzen organiza una sesi\u00f3n pr\u00e1ctica centrada en la IA Generativa\"}]},{\"@type\":\"WebSite\",\"@id\":\"https:\\\/\\\/iraurgiberritzen.eus\\\/es\\\/#website\",\"url\":\"https:\\\/\\\/iraurgiberritzen.eus\\\/es\\\/\",\"name\":\"Iraurgi Berritzen\",\"description\":\"Urola Erdiko Garapen Agentzia\",\"publisher\":{\"@id\":\"https:\\\/\\\/iraurgiberritzen.eus\\\/es\\\/#organization\"},\"potentialAction\":[{\"@type\":\"SearchAction\",\"target\":{\"@type\":\"EntryPoint\",\"urlTemplate\":\"https:\\\/\\\/iraurgiberritzen.eus\\\/es\\\/?s={search_term_string}\"},\"query-input\":{\"@type\":\"PropertyValueSpecification\",\"valueRequired\":true,\"valueName\":\"search_term_string\"}}],\"inLanguage\":\"es\"},{\"@type\":\"Organization\",\"@id\":\"https:\\\/\\\/iraurgiberritzen.eus\\\/es\\\/#organization\",\"name\":\"Iraurgi Berritzen\",\"url\":\"https:\\\/\\\/iraurgiberritzen.eus\\\/es\\\/\",\"logo\":{\"@type\":\"ImageObject\",\"inLanguage\":\"es\",\"@id\":\"https:\\\/\\\/iraurgiberritzen.eus\\\/es\\\/#\\\/schema\\\/logo\\\/image\\\/\",\"url\":\"https:\\\/\\\/iraurgiberritzen.eus\\\/wp-content\\\/uploads\\\/2024\\\/02\\\/IRAURGI-BERRITZEN-logotipoa_2.png\",\"contentUrl\":\"https:\\\/\\\/iraurgiberritzen.eus\\\/wp-content\\\/uploads\\\/2024\\\/02\\\/IRAURGI-BERRITZEN-logotipoa_2.png\",\"width\":496,\"height\":190,\"caption\":\"Iraurgi Berritzen\"},\"image\":{\"@id\":\"https:\\\/\\\/iraurgiberritzen.eus\\\/es\\\/#\\\/schema\\\/logo\\\/image\\\/\"}},{\"@type\":\"Person\",\"@id\":\"https:\\\/\\\/iraurgiberritzen.eus\\\/es\\\/#\\\/schema\\\/person\\\/a32c9825b3e2bfcbe757a97f6a15c8a5\",\"name\":\"ainara\"}]}<\/script>\n<!-- \/ Yoast SEO plugin. -->","yoast_head_json":{"title":"Iraurgi Berritzen organiza una sesi\u00f3n pr\u00e1ctica centrada en la IA Generativa - Iraurgi Berritzen","robots":{"index":"index","follow":"follow","max-snippet":"max-snippet:-1","max-image-preview":"max-image-preview:large","max-video-preview":"max-video-preview:-1"},"canonical":"https:\/\/iraurgiberritzen.eus\/es\/24663\/","og_locale":"es_ES","og_type":"article","og_title":"Iraurgi Berritzen organiza una sesi\u00f3n pr\u00e1ctica centrada en la IA Generativa - Iraurgi Berritzen","og_description":"La jornada, que se celebrar\u00e1 el 17 de septiembre en Azpeitia, se enmarca en la estrategia de Iraurgi Berritzen para impulsar la transici\u00f3n digital de las empresas industriales de la comarca.\u00a0 Las empresas industriales de Urola Erdia tendr\u00e1n la oportunidad de conocer de forma pr\u00e1ctica el potencial que ofrece la Inteligencia Artificial Generativa (IA) en [&hellip;]","og_url":"https:\/\/iraurgiberritzen.eus\/es\/24663\/","og_site_name":"Iraurgi Berritzen","article_published_time":"2025-09-08T07:43:38+00:00","article_modified_time":"2025-09-08T07:49:00+00:00","og_image":[{"width":2560,"height":1780,"url":"https:\/\/iraurgiberritzen.eus\/wp-content\/uploads\/2025\/09\/d2073061-fb98-0cd6-94b5-9c908c19b2e9-1-scaled.png","type":"image\/png"}],"author":"ainara","twitter_card":"summary_large_image","twitter_misc":{"Escrito por":"ainara","Tiempo de lectura":"3 minutos"},"schema":{"@context":"https:\/\/schema.org","@graph":[{"@type":"Article","@id":"https:\/\/iraurgiberritzen.eus\/es\/24663\/#article","isPartOf":{"@id":"https:\/\/iraurgiberritzen.eus\/es\/24663\/"},"author":{"name":"ainara","@id":"https:\/\/iraurgiberritzen.eus\/es\/#\/schema\/person\/a32c9825b3e2bfcbe757a97f6a15c8a5"},"headline":"Iraurgi Berritzen organiza una sesi\u00f3n pr\u00e1ctica centrada en la IA Generativa","datePublished":"2025-09-08T07:43:38+00:00","dateModified":"2025-09-08T07:49:00+00:00","mainEntityOfPage":{"@id":"https:\/\/iraurgiberritzen.eus\/es\/24663\/"},"wordCount":455,"publisher":{"@id":"https:\/\/iraurgiberritzen.eus\/es\/#organization"},"image":{"@id":"https:\/\/iraurgiberritzen.eus\/es\/24663\/#primaryimage"},"thumbnailUrl":"https:\/\/iraurgiberritzen.eus\/wp-content\/uploads\/2025\/09\/d2073061-fb98-0cd6-94b5-9c908c19b2e9-1-scaled.png","articleSection":["Noticias"],"inLanguage":"es"},{"@type":"WebPage","@id":"https:\/\/iraurgiberritzen.eus\/es\/24663\/","url":"https:\/\/iraurgiberritzen.eus\/es\/24663\/","name":"Iraurgi Berritzen organiza una sesi\u00f3n pr\u00e1ctica centrada en la IA Generativa - Iraurgi Berritzen","isPartOf":{"@id":"https:\/\/iraurgiberritzen.eus\/es\/#website"},"primaryImageOfPage":{"@id":"https:\/\/iraurgiberritzen.eus\/es\/24663\/#primaryimage"},"image":{"@id":"https:\/\/iraurgiberritzen.eus\/es\/24663\/#primaryimage"},"thumbnailUrl":"https:\/\/iraurgiberritzen.eus\/wp-content\/uploads\/2025\/09\/d2073061-fb98-0cd6-94b5-9c908c19b2e9-1-scaled.png","datePublished":"2025-09-08T07:43:38+00:00","dateModified":"2025-09-08T07:49:00+00:00","breadcrumb":{"@id":"https:\/\/iraurgiberritzen.eus\/es\/24663\/#breadcrumb"},"inLanguage":"es","potentialAction":[{"@type":"ReadAction","target":["https:\/\/iraurgiberritzen.eus\/es\/24663\/"]}]},{"@type":"ImageObject","inLanguage":"es","@id":"https:\/\/iraurgiberritzen.eus\/es\/24663\/#primaryimage","url":"https:\/\/iraurgiberritzen.eus\/wp-content\/uploads\/2025\/09\/d2073061-fb98-0cd6-94b5-9c908c19b2e9-1-scaled.png","contentUrl":"https:\/\/iraurgiberritzen.eus\/wp-content\/uploads\/2025\/09\/d2073061-fb98-0cd6-94b5-9c908c19b2e9-1-scaled.png","width":2560,"height":1780},{"@type":"BreadcrumbList","@id":"https:\/\/iraurgiberritzen.eus\/es\/24663\/#breadcrumb","itemListElement":[{"@type":"ListItem","position":1,"name":"Home","item":"https:\/\/iraurgiberritzen.eus\/es\/"},{"@type":"ListItem","position":2,"name":"Iraurgi Berritzen organiza una sesi\u00f3n pr\u00e1ctica centrada en la IA Generativa"}]},{"@type":"WebSite","@id":"https:\/\/iraurgiberritzen.eus\/es\/#website","url":"https:\/\/iraurgiberritzen.eus\/es\/","name":"Iraurgi Berritzen","description":"Urola Erdiko Garapen Agentzia","publisher":{"@id":"https:\/\/iraurgiberritzen.eus\/es\/#organization"},"potentialAction":[{"@type":"SearchAction","target":{"@type":"EntryPoint","urlTemplate":"https:\/\/iraurgiberritzen.eus\/es\/?s={search_term_string}"},"query-input":{"@type":"PropertyValueSpecification","valueRequired":true,"valueName":"search_term_string"}}],"inLanguage":"es"},{"@type":"Organization","@id":"https:\/\/iraurgiberritzen.eus\/es\/#organization","name":"Iraurgi Berritzen","url":"https:\/\/iraurgiberritzen.eus\/es\/","logo":{"@type":"ImageObject","inLanguage":"es","@id":"https:\/\/iraurgiberritzen.eus\/es\/#\/schema\/logo\/image\/","url":"https:\/\/iraurgiberritzen.eus\/wp-content\/uploads\/2024\/02\/IRAURGI-BERRITZEN-logotipoa_2.png","contentUrl":"https:\/\/iraurgiberritzen.eus\/wp-content\/uploads\/2024\/02\/IRAURGI-BERRITZEN-logotipoa_2.png","width":496,"height":190,"caption":"Iraurgi Berritzen"},"image":{"@id":"https:\/\/iraurgiberritzen.eus\/es\/#\/schema\/logo\/image\/"}},{"@type":"Person","@id":"https:\/\/iraurgiberritzen.eus\/es\/#\/schema\/person\/a32c9825b3e2bfcbe757a97f6a15c8a5","name":"ainara"}]}},"_links":{"self":[{"href":"https:\/\/iraurgiberritzen.eus\/es\/wp-json\/wp\/v2\/posts\/24663","targetHints":{"allow":["GET"]}}],"collection":[{"href":"https:\/\/iraurgiberritzen.eus\/es\/wp-json\/wp\/v2\/posts"}],"about":[{"href":"https:\/\/iraurgiberritzen.eus\/es\/wp-json\/wp\/v2\/types\/post"}],"author":[{"embeddable":true,"href":"https:\/\/iraurgiberritzen.eus\/es\/wp-json\/wp\/v2\/users\/4"}],"replies":[{"embeddable":true,"href":"https:\/\/iraurgiberritzen.eus\/es\/wp-json\/wp\/v2\/comments?post=24663"}],"version-history":[{"count":3,"href":"https:\/\/iraurgiberritzen.eus\/es\/wp-json\/wp\/v2\/posts\/24663\/revisions"}],"predecessor-version":[{"id":24668,"href":"https:\/\/iraurgiberritzen.eus\/es\/wp-json\/wp\/v2\/posts\/24663\/revisions\/24668"}],"wp:featuredmedia":[{"embeddable":true,"href":"https:\/\/iraurgiberritzen.eus\/es\/wp-json\/wp\/v2\/media\/24664"}],"wp:attachment":[{"href":"https:\/\/iraurgiberritzen.eus\/es\/wp-json\/wp\/v2\/media?parent=24663"}],"wp:term":[{"taxonomy":"category","embeddable":true,"href":"https:\/\/iraurgiberritzen.eus\/es\/wp-json\/wp\/v2\/categories?post=24663"},{"taxonomy":"post_tag","embeddable":true,"href":"https:\/\/iraurgiberritzen.eus\/es\/wp-json\/wp\/v2\/tags?post=24663"}],"curies":[{"name":"wp","href":"https:\/\/api.w.org\/{rel}","templated":true}]}}