{"id":24727,"date":"2025-09-18T09:42:18","date_gmt":"2025-09-18T07:42:18","guid":{"rendered":"https:\/\/iraurgiberritzen.eus\/?p=24727"},"modified":"2025-09-18T09:46:22","modified_gmt":"2025-09-18T07:46:22","slug":"la-ia-generativa-y-la-innovacion-tecnologica-al-servicio-de-la-industria-de-urola-erdia","status":"publish","type":"post","link":"https:\/\/iraurgiberritzen.eus\/es\/la-ia-generativa-y-la-innovacion-tecnologica-al-servicio-de-la-industria-de-urola-erdia\/","title":{"rendered":"La IA generativa y la innovaci\u00f3n tecnol\u00f3gica, al servicio de la industria de Urola Erdia"},"content":{"rendered":"<p><em><strong>M\u00e1s de 25 empresas del sector industrial de Urola Erdia participaron en una jornada especializada organizada por Iraurgi Berritzen para explorar las oportunidades y aplicaciones pr\u00e1cticas de la inteligencia artificial generativa.<\/strong><\/em><\/p>\n<p>Con el apoyo de Digitalentu e Ibarmia, Iraurgi Berritzen organiz\u00f3 ayer, 17 de septiembre, en el Palacio Basazabal, una sesi\u00f3n formativa centrada en las \u00faltimas tendencias en inteligencia artificial generativa (IA generativa), sus herramientas m\u00e1s avanzadas y sus aplicaciones en el \u00e1mbito industrial. El objetivo de la jornada fue <strong>reforzar la competitividad e impulsar la capacidad innovadora de las empresas de la comarca<\/strong>, en su firme compromiso de apoyar a las empresas industriales en su proceso de transici\u00f3n tecnol\u00f3gica-digital.<\/p>\n<p>La apertura del evento corri\u00f3 a cargo de Bego\u00f1a Beobide, y a continuaci\u00f3n, \u00c1lvaro Zevallos ofreci\u00f3 una master class donde present\u00f3 las \u00faltimas novedades tecnol\u00f3gicas, como t\u00e9cnicas avanzadas de prompting con GPT 5.0, el modo agente de ChatGPT, la herramienta Nano Banana para edici\u00f3n de im\u00e1genes o las posibilidades de gesti\u00f3n del conocimiento con NotebookLM.<\/p>\n<p>Uno de los momentos m\u00e1s destacados fue el <strong>testimonio inspirador de <\/strong>la empresa <strong>Ibarmia<\/strong>. Arrate Olaiz e Irati Arteaga compartieron el proceso de integraci\u00f3n de la IA generativa en su organizaci\u00f3n y sus aplicaciones pr\u00e1cticas, constituyendo una experiencia de referencia para otras empresas de la comarca.<\/p>\n<p>La sesi\u00f3n finaliz\u00f3 con la presentaci\u00f3n de la nueva edici\u00f3n del Programa Especializado en IA Generativa de <strong>IndustrIA School (<\/strong><a href=\"https:\/\/industria.school\/\" target=\"_blank\" rel=\"noopener\"><strong>https:\/\/industria.school\/<\/strong><\/a><strong>) Program<\/strong>, que como en ediciones anteriores colabora activamente Iraurgi Berritzen.<\/p>\n<p><strong>Innovaci\u00f3n tecnol\u00f3gica con ra\u00edces colaborativas<\/strong><\/p>\n<p>Las personas participantes valoraron muy positivamente la jornada, subrayando que este tipo de acciones ofrecen una <strong>oportunidad \u00fanica para conocer de cerca las posibilidades de la IA generativa y avanzar en su integraci\u00f3n pr\u00e1ctica en las organizaciones<\/strong>.<\/p>\n<p>Una vez m\u00e1s, Iraurgi Berritzen pone de manifiesto su <strong>compromiso con la transformaci\u00f3n digital y tecnol\u00f3gica de Urola Erdia, desde la colaboraci\u00f3n con y para los agentes locales<\/strong>, y al servicio de un desarrollo socioecon\u00f3mico sostenible de la comarca.<\/p>\n","protected":false},"excerpt":{"rendered":"<p>M\u00e1s de 25 empresas del sector industrial de Urola Erdia participaron en una jornada especializada organizada por Iraurgi Berritzen para explorar las oportunidades y aplicaciones pr\u00e1cticas de la inteligencia artificial generativa. Con el apoyo de Digitalentu e Ibarmia, Iraurgi Berritzen organiz\u00f3 ayer, 17 de septiembre, en el Palacio Basazabal, una sesi\u00f3n formativa centrada en las [&hellip;]<\/p>\n","protected":false},"author":4,"featured_media":24721,"comment_status":"closed","ping_status":"closed","sticky":false,"template":"","format":"standard","meta":{"_acf_changed":false,"footnotes":""},"categories":[4],"tags":[],"class_list":["post-24727","post","type-post","status-publish","format-standard","has-post-thumbnail","hentry","category-noticias","arloak-enpresa"],"acf":[],"yoast_head":"<!-- This site is optimized with the Yoast SEO plugin v27.4 - https:\/\/yoast.com\/product\/yoast-seo-wordpress\/ -->\n<title>La IA generativa y la innovaci\u00f3n tecnol\u00f3gica, al servicio de la industria de Urola Erdia - Iraurgi Berritzen<\/title>\n<meta name=\"robots\" content=\"index, follow, max-snippet:-1, max-image-preview:large, max-video-preview:-1\" \/>\n<link rel=\"canonical\" href=\"https:\/\/iraurgiberritzen.eus\/es\/la-ia-generativa-y-la-innovacion-tecnologica-al-servicio-de-la-industria-de-urola-erdia\/\" \/>\n<meta property=\"og:locale\" content=\"es_ES\" \/>\n<meta property=\"og:type\" content=\"article\" \/>\n<meta property=\"og:title\" content=\"La IA generativa y la innovaci\u00f3n tecnol\u00f3gica, al servicio de la industria de Urola Erdia - Iraurgi Berritzen\" \/>\n<meta property=\"og:description\" content=\"M\u00e1s de 25 empresas del sector industrial de Urola Erdia participaron en una jornada especializada organizada por Iraurgi Berritzen para explorar las oportunidades y aplicaciones pr\u00e1cticas de la inteligencia artificial generativa. Con el apoyo de Digitalentu e Ibarmia, Iraurgi Berritzen organiz\u00f3 ayer, 17 de septiembre, en el Palacio Basazabal, una sesi\u00f3n formativa centrada en las [&hellip;]\" \/>\n<meta property=\"og:url\" content=\"https:\/\/iraurgiberritzen.eus\/es\/la-ia-generativa-y-la-innovacion-tecnologica-al-servicio-de-la-industria-de-urola-erdia\/\" \/>\n<meta property=\"og:site_name\" content=\"Iraurgi Berritzen\" \/>\n<meta property=\"article:published_time\" content=\"2025-09-18T07:42:18+00:00\" \/>\n<meta property=\"article:modified_time\" content=\"2025-09-18T07:46:22+00:00\" \/>\n<meta property=\"og:image\" content=\"https:\/\/iraurgiberritzen.eus\/wp-content\/uploads\/2025\/09\/PXL_20250917_070701213-scaled.jpg\" \/>\n\t<meta property=\"og:image:width\" content=\"2560\" \/>\n\t<meta property=\"og:image:height\" content=\"1440\" \/>\n\t<meta property=\"og:image:type\" content=\"image\/jpeg\" \/>\n<meta name=\"author\" content=\"ainara\" \/>\n<meta name=\"twitter:card\" content=\"summary_large_image\" \/>\n<meta name=\"twitter:label1\" content=\"Escrito por\" \/>\n\t<meta name=\"twitter:data1\" content=\"ainara\" \/>\n\t<meta name=\"twitter:label2\" content=\"Tiempo de lectura\" \/>\n\t<meta name=\"twitter:data2\" content=\"2 minutos\" \/>\n<script type=\"application\/ld+json\" class=\"yoast-schema-graph\">{\"@context\":\"https:\\\/\\\/schema.org\",\"@graph\":[{\"@type\":\"Article\",\"@id\":\"https:\\\/\\\/iraurgiberritzen.eus\\\/es\\\/la-ia-generativa-y-la-innovacion-tecnologica-al-servicio-de-la-industria-de-urola-erdia\\\/#article\",\"isPartOf\":{\"@id\":\"https:\\\/\\\/iraurgiberritzen.eus\\\/es\\\/la-ia-generativa-y-la-innovacion-tecnologica-al-servicio-de-la-industria-de-urola-erdia\\\/\"},\"author\":{\"name\":\"ainara\",\"@id\":\"https:\\\/\\\/iraurgiberritzen.eus\\\/es\\\/#\\\/schema\\\/person\\\/a32c9825b3e2bfcbe757a97f6a15c8a5\"},\"headline\":\"La IA generativa y la innovaci\u00f3n tecnol\u00f3gica, al servicio de la industria de Urola Erdia\",\"datePublished\":\"2025-09-18T07:42:18+00:00\",\"dateModified\":\"2025-09-18T07:46:22+00:00\",\"mainEntityOfPage\":{\"@id\":\"https:\\\/\\\/iraurgiberritzen.eus\\\/es\\\/la-ia-generativa-y-la-innovacion-tecnologica-al-servicio-de-la-industria-de-urola-erdia\\\/\"},\"wordCount\":368,\"publisher\":{\"@id\":\"https:\\\/\\\/iraurgiberritzen.eus\\\/es\\\/#organization\"},\"image\":{\"@id\":\"https:\\\/\\\/iraurgiberritzen.eus\\\/es\\\/la-ia-generativa-y-la-innovacion-tecnologica-al-servicio-de-la-industria-de-urola-erdia\\\/#primaryimage\"},\"thumbnailUrl\":\"https:\\\/\\\/iraurgiberritzen.eus\\\/wp-content\\\/uploads\\\/2025\\\/09\\\/PXL_20250917_070701213-scaled.jpg\",\"articleSection\":[\"Noticias\"],\"inLanguage\":\"es\"},{\"@type\":\"WebPage\",\"@id\":\"https:\\\/\\\/iraurgiberritzen.eus\\\/es\\\/la-ia-generativa-y-la-innovacion-tecnologica-al-servicio-de-la-industria-de-urola-erdia\\\/\",\"url\":\"https:\\\/\\\/iraurgiberritzen.eus\\\/es\\\/la-ia-generativa-y-la-innovacion-tecnologica-al-servicio-de-la-industria-de-urola-erdia\\\/\",\"name\":\"La IA generativa y la innovaci\u00f3n tecnol\u00f3gica, al servicio de la industria de Urola Erdia - Iraurgi Berritzen\",\"isPartOf\":{\"@id\":\"https:\\\/\\\/iraurgiberritzen.eus\\\/es\\\/#website\"},\"primaryImageOfPage\":{\"@id\":\"https:\\\/\\\/iraurgiberritzen.eus\\\/es\\\/la-ia-generativa-y-la-innovacion-tecnologica-al-servicio-de-la-industria-de-urola-erdia\\\/#primaryimage\"},\"image\":{\"@id\":\"https:\\\/\\\/iraurgiberritzen.eus\\\/es\\\/la-ia-generativa-y-la-innovacion-tecnologica-al-servicio-de-la-industria-de-urola-erdia\\\/#primaryimage\"},\"thumbnailUrl\":\"https:\\\/\\\/iraurgiberritzen.eus\\\/wp-content\\\/uploads\\\/2025\\\/09\\\/PXL_20250917_070701213-scaled.jpg\",\"datePublished\":\"2025-09-18T07:42:18+00:00\",\"dateModified\":\"2025-09-18T07:46:22+00:00\",\"breadcrumb\":{\"@id\":\"https:\\\/\\\/iraurgiberritzen.eus\\\/es\\\/la-ia-generativa-y-la-innovacion-tecnologica-al-servicio-de-la-industria-de-urola-erdia\\\/#breadcrumb\"},\"inLanguage\":\"es\",\"potentialAction\":[{\"@type\":\"ReadAction\",\"target\":[\"https:\\\/\\\/iraurgiberritzen.eus\\\/es\\\/la-ia-generativa-y-la-innovacion-tecnologica-al-servicio-de-la-industria-de-urola-erdia\\\/\"]}]},{\"@type\":\"ImageObject\",\"inLanguage\":\"es\",\"@id\":\"https:\\\/\\\/iraurgiberritzen.eus\\\/es\\\/la-ia-generativa-y-la-innovacion-tecnologica-al-servicio-de-la-industria-de-urola-erdia\\\/#primaryimage\",\"url\":\"https:\\\/\\\/iraurgiberritzen.eus\\\/wp-content\\\/uploads\\\/2025\\\/09\\\/PXL_20250917_070701213-scaled.jpg\",\"contentUrl\":\"https:\\\/\\\/iraurgiberritzen.eus\\\/wp-content\\\/uploads\\\/2025\\\/09\\\/PXL_20250917_070701213-scaled.jpg\",\"width\":2560,\"height\":1440},{\"@type\":\"BreadcrumbList\",\"@id\":\"https:\\\/\\\/iraurgiberritzen.eus\\\/es\\\/la-ia-generativa-y-la-innovacion-tecnologica-al-servicio-de-la-industria-de-urola-erdia\\\/#breadcrumb\",\"itemListElement\":[{\"@type\":\"ListItem\",\"position\":1,\"name\":\"Home\",\"item\":\"https:\\\/\\\/iraurgiberritzen.eus\\\/es\\\/\"},{\"@type\":\"ListItem\",\"position\":2,\"name\":\"La IA generativa y la innovaci\u00f3n tecnol\u00f3gica, al servicio de la industria de Urola Erdia\"}]},{\"@type\":\"WebSite\",\"@id\":\"https:\\\/\\\/iraurgiberritzen.eus\\\/es\\\/#website\",\"url\":\"https:\\\/\\\/iraurgiberritzen.eus\\\/es\\\/\",\"name\":\"Iraurgi Berritzen\",\"description\":\"Urola Erdiko Garapen Agentzia\",\"publisher\":{\"@id\":\"https:\\\/\\\/iraurgiberritzen.eus\\\/es\\\/#organization\"},\"potentialAction\":[{\"@type\":\"SearchAction\",\"target\":{\"@type\":\"EntryPoint\",\"urlTemplate\":\"https:\\\/\\\/iraurgiberritzen.eus\\\/es\\\/?s={search_term_string}\"},\"query-input\":{\"@type\":\"PropertyValueSpecification\",\"valueRequired\":true,\"valueName\":\"search_term_string\"}}],\"inLanguage\":\"es\"},{\"@type\":\"Organization\",\"@id\":\"https:\\\/\\\/iraurgiberritzen.eus\\\/es\\\/#organization\",\"name\":\"Iraurgi Berritzen\",\"url\":\"https:\\\/\\\/iraurgiberritzen.eus\\\/es\\\/\",\"logo\":{\"@type\":\"ImageObject\",\"inLanguage\":\"es\",\"@id\":\"https:\\\/\\\/iraurgiberritzen.eus\\\/es\\\/#\\\/schema\\\/logo\\\/image\\\/\",\"url\":\"https:\\\/\\\/iraurgiberritzen.eus\\\/wp-content\\\/uploads\\\/2024\\\/02\\\/IRAURGI-BERRITZEN-logotipoa_2.png\",\"contentUrl\":\"https:\\\/\\\/iraurgiberritzen.eus\\\/wp-content\\\/uploads\\\/2024\\\/02\\\/IRAURGI-BERRITZEN-logotipoa_2.png\",\"width\":496,\"height\":190,\"caption\":\"Iraurgi Berritzen\"},\"image\":{\"@id\":\"https:\\\/\\\/iraurgiberritzen.eus\\\/es\\\/#\\\/schema\\\/logo\\\/image\\\/\"}},{\"@type\":\"Person\",\"@id\":\"https:\\\/\\\/iraurgiberritzen.eus\\\/es\\\/#\\\/schema\\\/person\\\/a32c9825b3e2bfcbe757a97f6a15c8a5\",\"name\":\"ainara\"}]}<\/script>\n<!-- \/ Yoast SEO plugin. -->","yoast_head_json":{"title":"La IA generativa y la innovaci\u00f3n tecnol\u00f3gica, al servicio de la industria de Urola Erdia - Iraurgi Berritzen","robots":{"index":"index","follow":"follow","max-snippet":"max-snippet:-1","max-image-preview":"max-image-preview:large","max-video-preview":"max-video-preview:-1"},"canonical":"https:\/\/iraurgiberritzen.eus\/es\/la-ia-generativa-y-la-innovacion-tecnologica-al-servicio-de-la-industria-de-urola-erdia\/","og_locale":"es_ES","og_type":"article","og_title":"La IA generativa y la innovaci\u00f3n tecnol\u00f3gica, al servicio de la industria de Urola Erdia - Iraurgi Berritzen","og_description":"M\u00e1s de 25 empresas del sector industrial de Urola Erdia participaron en una jornada especializada organizada por Iraurgi Berritzen para explorar las oportunidades y aplicaciones pr\u00e1cticas de la inteligencia artificial generativa. Con el apoyo de Digitalentu e Ibarmia, Iraurgi Berritzen organiz\u00f3 ayer, 17 de septiembre, en el Palacio Basazabal, una sesi\u00f3n formativa centrada en las [&hellip;]","og_url":"https:\/\/iraurgiberritzen.eus\/es\/la-ia-generativa-y-la-innovacion-tecnologica-al-servicio-de-la-industria-de-urola-erdia\/","og_site_name":"Iraurgi Berritzen","article_published_time":"2025-09-18T07:42:18+00:00","article_modified_time":"2025-09-18T07:46:22+00:00","og_image":[{"width":2560,"height":1440,"url":"https:\/\/iraurgiberritzen.eus\/wp-content\/uploads\/2025\/09\/PXL_20250917_070701213-scaled.jpg","type":"image\/jpeg"}],"author":"ainara","twitter_card":"summary_large_image","twitter_misc":{"Escrito por":"ainara","Tiempo de lectura":"2 minutos"},"schema":{"@context":"https:\/\/schema.org","@graph":[{"@type":"Article","@id":"https:\/\/iraurgiberritzen.eus\/es\/la-ia-generativa-y-la-innovacion-tecnologica-al-servicio-de-la-industria-de-urola-erdia\/#article","isPartOf":{"@id":"https:\/\/iraurgiberritzen.eus\/es\/la-ia-generativa-y-la-innovacion-tecnologica-al-servicio-de-la-industria-de-urola-erdia\/"},"author":{"name":"ainara","@id":"https:\/\/iraurgiberritzen.eus\/es\/#\/schema\/person\/a32c9825b3e2bfcbe757a97f6a15c8a5"},"headline":"La IA generativa y la innovaci\u00f3n tecnol\u00f3gica, al servicio de la industria de Urola Erdia","datePublished":"2025-09-18T07:42:18+00:00","dateModified":"2025-09-18T07:46:22+00:00","mainEntityOfPage":{"@id":"https:\/\/iraurgiberritzen.eus\/es\/la-ia-generativa-y-la-innovacion-tecnologica-al-servicio-de-la-industria-de-urola-erdia\/"},"wordCount":368,"publisher":{"@id":"https:\/\/iraurgiberritzen.eus\/es\/#organization"},"image":{"@id":"https:\/\/iraurgiberritzen.eus\/es\/la-ia-generativa-y-la-innovacion-tecnologica-al-servicio-de-la-industria-de-urola-erdia\/#primaryimage"},"thumbnailUrl":"https:\/\/iraurgiberritzen.eus\/wp-content\/uploads\/2025\/09\/PXL_20250917_070701213-scaled.jpg","articleSection":["Noticias"],"inLanguage":"es"},{"@type":"WebPage","@id":"https:\/\/iraurgiberritzen.eus\/es\/la-ia-generativa-y-la-innovacion-tecnologica-al-servicio-de-la-industria-de-urola-erdia\/","url":"https:\/\/iraurgiberritzen.eus\/es\/la-ia-generativa-y-la-innovacion-tecnologica-al-servicio-de-la-industria-de-urola-erdia\/","name":"La IA generativa y la innovaci\u00f3n tecnol\u00f3gica, al servicio de la industria de Urola Erdia - Iraurgi Berritzen","isPartOf":{"@id":"https:\/\/iraurgiberritzen.eus\/es\/#website"},"primaryImageOfPage":{"@id":"https:\/\/iraurgiberritzen.eus\/es\/la-ia-generativa-y-la-innovacion-tecnologica-al-servicio-de-la-industria-de-urola-erdia\/#primaryimage"},"image":{"@id":"https:\/\/iraurgiberritzen.eus\/es\/la-ia-generativa-y-la-innovacion-tecnologica-al-servicio-de-la-industria-de-urola-erdia\/#primaryimage"},"thumbnailUrl":"https:\/\/iraurgiberritzen.eus\/wp-content\/uploads\/2025\/09\/PXL_20250917_070701213-scaled.jpg","datePublished":"2025-09-18T07:42:18+00:00","dateModified":"2025-09-18T07:46:22+00:00","breadcrumb":{"@id":"https:\/\/iraurgiberritzen.eus\/es\/la-ia-generativa-y-la-innovacion-tecnologica-al-servicio-de-la-industria-de-urola-erdia\/#breadcrumb"},"inLanguage":"es","potentialAction":[{"@type":"ReadAction","target":["https:\/\/iraurgiberritzen.eus\/es\/la-ia-generativa-y-la-innovacion-tecnologica-al-servicio-de-la-industria-de-urola-erdia\/"]}]},{"@type":"ImageObject","inLanguage":"es","@id":"https:\/\/iraurgiberritzen.eus\/es\/la-ia-generativa-y-la-innovacion-tecnologica-al-servicio-de-la-industria-de-urola-erdia\/#primaryimage","url":"https:\/\/iraurgiberritzen.eus\/wp-content\/uploads\/2025\/09\/PXL_20250917_070701213-scaled.jpg","contentUrl":"https:\/\/iraurgiberritzen.eus\/wp-content\/uploads\/2025\/09\/PXL_20250917_070701213-scaled.jpg","width":2560,"height":1440},{"@type":"BreadcrumbList","@id":"https:\/\/iraurgiberritzen.eus\/es\/la-ia-generativa-y-la-innovacion-tecnologica-al-servicio-de-la-industria-de-urola-erdia\/#breadcrumb","itemListElement":[{"@type":"ListItem","position":1,"name":"Home","item":"https:\/\/iraurgiberritzen.eus\/es\/"},{"@type":"ListItem","position":2,"name":"La IA generativa y la innovaci\u00f3n tecnol\u00f3gica, al servicio de la industria de Urola Erdia"}]},{"@type":"WebSite","@id":"https:\/\/iraurgiberritzen.eus\/es\/#website","url":"https:\/\/iraurgiberritzen.eus\/es\/","name":"Iraurgi Berritzen","description":"Urola Erdiko Garapen Agentzia","publisher":{"@id":"https:\/\/iraurgiberritzen.eus\/es\/#organization"},"potentialAction":[{"@type":"SearchAction","target":{"@type":"EntryPoint","urlTemplate":"https:\/\/iraurgiberritzen.eus\/es\/?s={search_term_string}"},"query-input":{"@type":"PropertyValueSpecification","valueRequired":true,"valueName":"search_term_string"}}],"inLanguage":"es"},{"@type":"Organization","@id":"https:\/\/iraurgiberritzen.eus\/es\/#organization","name":"Iraurgi Berritzen","url":"https:\/\/iraurgiberritzen.eus\/es\/","logo":{"@type":"ImageObject","inLanguage":"es","@id":"https:\/\/iraurgiberritzen.eus\/es\/#\/schema\/logo\/image\/","url":"https:\/\/iraurgiberritzen.eus\/wp-content\/uploads\/2024\/02\/IRAURGI-BERRITZEN-logotipoa_2.png","contentUrl":"https:\/\/iraurgiberritzen.eus\/wp-content\/uploads\/2024\/02\/IRAURGI-BERRITZEN-logotipoa_2.png","width":496,"height":190,"caption":"Iraurgi Berritzen"},"image":{"@id":"https:\/\/iraurgiberritzen.eus\/es\/#\/schema\/logo\/image\/"}},{"@type":"Person","@id":"https:\/\/iraurgiberritzen.eus\/es\/#\/schema\/person\/a32c9825b3e2bfcbe757a97f6a15c8a5","name":"ainara"}]}},"_links":{"self":[{"href":"https:\/\/iraurgiberritzen.eus\/es\/wp-json\/wp\/v2\/posts\/24727","targetHints":{"allow":["GET"]}}],"collection":[{"href":"https:\/\/iraurgiberritzen.eus\/es\/wp-json\/wp\/v2\/posts"}],"about":[{"href":"https:\/\/iraurgiberritzen.eus\/es\/wp-json\/wp\/v2\/types\/post"}],"author":[{"embeddable":true,"href":"https:\/\/iraurgiberritzen.eus\/es\/wp-json\/wp\/v2\/users\/4"}],"replies":[{"embeddable":true,"href":"https:\/\/iraurgiberritzen.eus\/es\/wp-json\/wp\/v2\/comments?post=24727"}],"version-history":[{"count":3,"href":"https:\/\/iraurgiberritzen.eus\/es\/wp-json\/wp\/v2\/posts\/24727\/revisions"}],"predecessor-version":[{"id":24732,"href":"https:\/\/iraurgiberritzen.eus\/es\/wp-json\/wp\/v2\/posts\/24727\/revisions\/24732"}],"wp:featuredmedia":[{"embeddable":true,"href":"https:\/\/iraurgiberritzen.eus\/es\/wp-json\/wp\/v2\/media\/24721"}],"wp:attachment":[{"href":"https:\/\/iraurgiberritzen.eus\/es\/wp-json\/wp\/v2\/media?parent=24727"}],"wp:term":[{"taxonomy":"category","embeddable":true,"href":"https:\/\/iraurgiberritzen.eus\/es\/wp-json\/wp\/v2\/categories?post=24727"},{"taxonomy":"post_tag","embeddable":true,"href":"https:\/\/iraurgiberritzen.eus\/es\/wp-json\/wp\/v2\/tags?post=24727"}],"curies":[{"name":"wp","href":"https:\/\/api.w.org\/{rel}","templated":true}]}}