{"id":24759,"date":"2025-09-25T16:39:06","date_gmt":"2025-09-25T14:39:06","guid":{"rendered":"https:\/\/iraurgiberritzen.eus\/?p=24759"},"modified":"2025-09-26T08:03:13","modified_gmt":"2025-09-26T06:03:13","slug":"activacion-de-la-sostenibilidad-de-manera-estrategica-en-las-empresas","status":"publish","type":"post","link":"https:\/\/iraurgiberritzen.eus\/es\/activacion-de-la-sostenibilidad-de-manera-estrategica-en-las-empresas\/","title":{"rendered":"Activando la sostenibilidad de manera estrat\u00e9gica en las empresas"},"content":{"rendered":"<p><span data-contrast=\"auto\">Iraurgi Berritzen ha puesto hoy en marcha un proyecto que ayudar\u00e1 a las empresas de la comarca a comprender, activar e integrar la sostenibilidad de manera estrat\u00e9gica.<\/span><span data-ccp-props=\"{&quot;134233117&quot;:false,&quot;134233118&quot;:false,&quot;335551550&quot;:6,&quot;335551620&quot;:6,&quot;335559738&quot;:240,&quot;335559739&quot;:240}\">\u00a0<\/span><\/p>\n<p><span data-contrast=\"auto\"><strong>Cinco empresas industriales de la comarca<\/strong> (<\/span>ELMUBAS IBERICA, BERNARDO ECENARRO, ALBERDI MEKANIZATU LANAK, INTZA y VI4CRANE) participar\u00e1n en esta iniciativa, que se desarrollar\u00e1 desde hoy hasta el mes de diciembre.<\/p>\n<p><span data-contrast=\"auto\">El proyecto ofrece <\/span><b><span data-contrast=\"auto\">talleres pr\u00e1cticos, apoyo de personal experto y una hoja de ruta personalizada<\/span><\/b><span data-contrast=\"auto\"> adaptada a las necesidades de cada empresa. Entre las sesiones, los participantes mantendr\u00e1n reuniones individuales con <\/span><b><span data-contrast=\"auto\">David Zabala, de Dezetaa Consulting<\/span><\/b><span data-contrast=\"auto\">, con el fin de dise\u00f1ar planes de acci\u00f3n personalizados y aprovechar su experiencia y conocimiento.<\/span><span data-ccp-props=\"{&quot;134233117&quot;:false,&quot;134233118&quot;:false,&quot;335551550&quot;:6,&quot;335551620&quot;:6,&quot;335559738&quot;:240,&quot;335559739&quot;:240}\">\u00a0<\/span><\/p>\n<p><span data-contrast=\"auto\">Las empresas participantes tendr\u00e1n tambi\u00e9n la oportunidad de <\/span><b><span data-contrast=\"auto\">compartir experiencias entre ellas<\/span><\/b><span data-contrast=\"auto\"> y de generar espacios de aprendizaje colectivo durante el desarrollo del proyecto.<\/span><span data-ccp-props=\"{&quot;134233117&quot;:false,&quot;134233118&quot;:false,&quot;335551550&quot;:6,&quot;335551620&quot;:6,&quot;335559738&quot;:240,&quot;335559739&quot;:240}\">\u00a0<\/span><\/p>\n<p><span data-contrast=\"auto\">El objetivo es convertir la sostenibilidad en una aut\u00e9ntica palanca de <\/span><b><span data-contrast=\"auto\">rentabilidad, innovaci\u00f3n y competitividad<\/span><\/b><span data-contrast=\"auto\">, reforzando al mismo tiempo el posicionamiento de las empresas de la comarca.<\/span><span data-ccp-props=\"{&quot;134233117&quot;:false,&quot;134233118&quot;:false,&quot;335551550&quot;:6,&quot;335551620&quot;:6,&quot;335559738&quot;:240,&quot;335559739&quot;:240}\">\u00a0<\/span><\/p>\n<p><span data-contrast=\"auto\">La iniciativa se enmarca en la estrategia de Iraurgi Berritzen para impulsar la <\/span><b><span data-contrast=\"auto\">transici\u00f3n ecol\u00f3gica de las empresas industriales de la comarca<\/span><\/b><span data-contrast=\"auto\">, dentro del proyecto IkasEkin, y cuenta con el apoyo de la <\/span><b><span data-contrast=\"auto\">Diputaci\u00f3n Foral de Gipuzkoa, a trav\u00e9s del Departamento de Promoci\u00f3n Econ\u00f3mica, y de los Ayuntamientos de Azpeitia y Azkoitia<\/span><\/b><span data-contrast=\"auto\">.<\/span><span data-ccp-props=\"{&quot;134233117&quot;:false,&quot;134233118&quot;:false,&quot;335551550&quot;:6,&quot;335551620&quot;:6,&quot;335559738&quot;:240,&quot;335559739&quot;:240}\">\u00a0<\/span><\/p>\n","protected":false},"excerpt":{"rendered":"<p>Iraurgi Berritzen ha puesto hoy en marcha un proyecto que ayudar\u00e1 a las empresas de la comarca a comprender, activar e integrar la sostenibilidad de manera estrat\u00e9gica.\u00a0 Cinco empresas industriales de la comarca (ELMUBAS IBERICA, BERNARDO ECENARRO, ALBERDI MEKANIZATU LANAK, INTZA y VI4CRANE) participar\u00e1n en esta iniciativa, que se desarrollar\u00e1 desde hoy hasta el mes [&hellip;]<\/p>\n","protected":false},"author":4,"featured_media":24757,"comment_status":"closed","ping_status":"closed","sticky":false,"template":"","format":"standard","meta":{"_acf_changed":false,"footnotes":""},"categories":[4],"tags":[],"class_list":["post-24759","post","type-post","status-publish","format-standard","has-post-thumbnail","hentry","category-noticias","arloak-enpresa"],"acf":[],"yoast_head":"<!-- This site is optimized with the Yoast SEO plugin v27.4 - https:\/\/yoast.com\/product\/yoast-seo-wordpress\/ -->\n<title>Activando la sostenibilidad de manera estrat\u00e9gica en las empresas - Iraurgi Berritzen<\/title>\n<meta name=\"robots\" content=\"index, follow, max-snippet:-1, max-image-preview:large, max-video-preview:-1\" \/>\n<link rel=\"canonical\" href=\"https:\/\/iraurgiberritzen.eus\/es\/activacion-de-la-sostenibilidad-de-manera-estrategica-en-las-empresas\/\" \/>\n<meta property=\"og:locale\" content=\"es_ES\" \/>\n<meta property=\"og:type\" content=\"article\" \/>\n<meta property=\"og:title\" content=\"Activando la sostenibilidad de manera estrat\u00e9gica en las empresas - Iraurgi Berritzen\" \/>\n<meta property=\"og:description\" content=\"Iraurgi Berritzen ha puesto hoy en marcha un proyecto que ayudar\u00e1 a las empresas de la comarca a comprender, activar e integrar la sostenibilidad de manera estrat\u00e9gica.\u00a0 Cinco empresas industriales de la comarca (ELMUBAS IBERICA, BERNARDO ECENARRO, ALBERDI MEKANIZATU LANAK, INTZA y VI4CRANE) participar\u00e1n en esta iniciativa, que se desarrollar\u00e1 desde hoy hasta el mes [&hellip;]\" \/>\n<meta property=\"og:url\" content=\"https:\/\/iraurgiberritzen.eus\/es\/activacion-de-la-sostenibilidad-de-manera-estrategica-en-las-empresas\/\" \/>\n<meta property=\"og:site_name\" content=\"Iraurgi Berritzen\" \/>\n<meta property=\"article:published_time\" content=\"2025-09-25T14:39:06+00:00\" \/>\n<meta property=\"article:modified_time\" content=\"2025-09-26T06:03:13+00:00\" \/>\n<meta property=\"og:image\" content=\"https:\/\/iraurgiberritzen.eus\/wp-content\/uploads\/2025\/09\/WhatsApp-Image-2025-09-25-at-12.22.25.jpeg\" \/>\n\t<meta property=\"og:image:width\" content=\"1600\" \/>\n\t<meta property=\"og:image:height\" content=\"1200\" \/>\n\t<meta property=\"og:image:type\" content=\"image\/jpeg\" \/>\n<meta name=\"author\" content=\"ainara\" \/>\n<meta name=\"twitter:card\" content=\"summary_large_image\" \/>\n<meta name=\"twitter:label1\" content=\"Escrito por\" \/>\n\t<meta name=\"twitter:data1\" content=\"ainara\" \/>\n\t<meta name=\"twitter:label2\" content=\"Tiempo de lectura\" \/>\n\t<meta name=\"twitter:data2\" content=\"2 minutos\" \/>\n<script type=\"application\/ld+json\" class=\"yoast-schema-graph\">{\"@context\":\"https:\\\/\\\/schema.org\",\"@graph\":[{\"@type\":\"Article\",\"@id\":\"https:\\\/\\\/iraurgiberritzen.eus\\\/es\\\/activacion-de-la-sostenibilidad-de-manera-estrategica-en-las-empresas\\\/#article\",\"isPartOf\":{\"@id\":\"https:\\\/\\\/iraurgiberritzen.eus\\\/es\\\/activacion-de-la-sostenibilidad-de-manera-estrategica-en-las-empresas\\\/\"},\"author\":{\"name\":\"ainara\",\"@id\":\"https:\\\/\\\/iraurgiberritzen.eus\\\/es\\\/#\\\/schema\\\/person\\\/a32c9825b3e2bfcbe757a97f6a15c8a5\"},\"headline\":\"Activando la sostenibilidad de manera estrat\u00e9gica en las empresas\",\"datePublished\":\"2025-09-25T14:39:06+00:00\",\"dateModified\":\"2025-09-26T06:03:13+00:00\",\"mainEntityOfPage\":{\"@id\":\"https:\\\/\\\/iraurgiberritzen.eus\\\/es\\\/activacion-de-la-sostenibilidad-de-manera-estrategica-en-las-empresas\\\/\"},\"wordCount\":238,\"publisher\":{\"@id\":\"https:\\\/\\\/iraurgiberritzen.eus\\\/es\\\/#organization\"},\"image\":{\"@id\":\"https:\\\/\\\/iraurgiberritzen.eus\\\/es\\\/activacion-de-la-sostenibilidad-de-manera-estrategica-en-las-empresas\\\/#primaryimage\"},\"thumbnailUrl\":\"https:\\\/\\\/iraurgiberritzen.eus\\\/wp-content\\\/uploads\\\/2025\\\/09\\\/WhatsApp-Image-2025-09-25-at-12.22.25.jpeg\",\"articleSection\":[\"Noticias\"],\"inLanguage\":\"es\"},{\"@type\":\"WebPage\",\"@id\":\"https:\\\/\\\/iraurgiberritzen.eus\\\/es\\\/activacion-de-la-sostenibilidad-de-manera-estrategica-en-las-empresas\\\/\",\"url\":\"https:\\\/\\\/iraurgiberritzen.eus\\\/es\\\/activacion-de-la-sostenibilidad-de-manera-estrategica-en-las-empresas\\\/\",\"name\":\"Activando la sostenibilidad de manera estrat\u00e9gica en las empresas - Iraurgi Berritzen\",\"isPartOf\":{\"@id\":\"https:\\\/\\\/iraurgiberritzen.eus\\\/es\\\/#website\"},\"primaryImageOfPage\":{\"@id\":\"https:\\\/\\\/iraurgiberritzen.eus\\\/es\\\/activacion-de-la-sostenibilidad-de-manera-estrategica-en-las-empresas\\\/#primaryimage\"},\"image\":{\"@id\":\"https:\\\/\\\/iraurgiberritzen.eus\\\/es\\\/activacion-de-la-sostenibilidad-de-manera-estrategica-en-las-empresas\\\/#primaryimage\"},\"thumbnailUrl\":\"https:\\\/\\\/iraurgiberritzen.eus\\\/wp-content\\\/uploads\\\/2025\\\/09\\\/WhatsApp-Image-2025-09-25-at-12.22.25.jpeg\",\"datePublished\":\"2025-09-25T14:39:06+00:00\",\"dateModified\":\"2025-09-26T06:03:13+00:00\",\"breadcrumb\":{\"@id\":\"https:\\\/\\\/iraurgiberritzen.eus\\\/es\\\/activacion-de-la-sostenibilidad-de-manera-estrategica-en-las-empresas\\\/#breadcrumb\"},\"inLanguage\":\"es\",\"potentialAction\":[{\"@type\":\"ReadAction\",\"target\":[\"https:\\\/\\\/iraurgiberritzen.eus\\\/es\\\/activacion-de-la-sostenibilidad-de-manera-estrategica-en-las-empresas\\\/\"]}]},{\"@type\":\"ImageObject\",\"inLanguage\":\"es\",\"@id\":\"https:\\\/\\\/iraurgiberritzen.eus\\\/es\\\/activacion-de-la-sostenibilidad-de-manera-estrategica-en-las-empresas\\\/#primaryimage\",\"url\":\"https:\\\/\\\/iraurgiberritzen.eus\\\/wp-content\\\/uploads\\\/2025\\\/09\\\/WhatsApp-Image-2025-09-25-at-12.22.25.jpeg\",\"contentUrl\":\"https:\\\/\\\/iraurgiberritzen.eus\\\/wp-content\\\/uploads\\\/2025\\\/09\\\/WhatsApp-Image-2025-09-25-at-12.22.25.jpeg\",\"width\":1600,\"height\":1200},{\"@type\":\"BreadcrumbList\",\"@id\":\"https:\\\/\\\/iraurgiberritzen.eus\\\/es\\\/activacion-de-la-sostenibilidad-de-manera-estrategica-en-las-empresas\\\/#breadcrumb\",\"itemListElement\":[{\"@type\":\"ListItem\",\"position\":1,\"name\":\"Home\",\"item\":\"https:\\\/\\\/iraurgiberritzen.eus\\\/es\\\/\"},{\"@type\":\"ListItem\",\"position\":2,\"name\":\"Activando la sostenibilidad de manera estrat\u00e9gica en las empresas\"}]},{\"@type\":\"WebSite\",\"@id\":\"https:\\\/\\\/iraurgiberritzen.eus\\\/es\\\/#website\",\"url\":\"https:\\\/\\\/iraurgiberritzen.eus\\\/es\\\/\",\"name\":\"Iraurgi Berritzen\",\"description\":\"Urola Erdiko Garapen Agentzia\",\"publisher\":{\"@id\":\"https:\\\/\\\/iraurgiberritzen.eus\\\/es\\\/#organization\"},\"potentialAction\":[{\"@type\":\"SearchAction\",\"target\":{\"@type\":\"EntryPoint\",\"urlTemplate\":\"https:\\\/\\\/iraurgiberritzen.eus\\\/es\\\/?s={search_term_string}\"},\"query-input\":{\"@type\":\"PropertyValueSpecification\",\"valueRequired\":true,\"valueName\":\"search_term_string\"}}],\"inLanguage\":\"es\"},{\"@type\":\"Organization\",\"@id\":\"https:\\\/\\\/iraurgiberritzen.eus\\\/es\\\/#organization\",\"name\":\"Iraurgi Berritzen\",\"url\":\"https:\\\/\\\/iraurgiberritzen.eus\\\/es\\\/\",\"logo\":{\"@type\":\"ImageObject\",\"inLanguage\":\"es\",\"@id\":\"https:\\\/\\\/iraurgiberritzen.eus\\\/es\\\/#\\\/schema\\\/logo\\\/image\\\/\",\"url\":\"https:\\\/\\\/iraurgiberritzen.eus\\\/wp-content\\\/uploads\\\/2024\\\/02\\\/IRAURGI-BERRITZEN-logotipoa_2.png\",\"contentUrl\":\"https:\\\/\\\/iraurgiberritzen.eus\\\/wp-content\\\/uploads\\\/2024\\\/02\\\/IRAURGI-BERRITZEN-logotipoa_2.png\",\"width\":496,\"height\":190,\"caption\":\"Iraurgi Berritzen\"},\"image\":{\"@id\":\"https:\\\/\\\/iraurgiberritzen.eus\\\/es\\\/#\\\/schema\\\/logo\\\/image\\\/\"}},{\"@type\":\"Person\",\"@id\":\"https:\\\/\\\/iraurgiberritzen.eus\\\/es\\\/#\\\/schema\\\/person\\\/a32c9825b3e2bfcbe757a97f6a15c8a5\",\"name\":\"ainara\"}]}<\/script>\n<!-- \/ Yoast SEO plugin. -->","yoast_head_json":{"title":"Activando la sostenibilidad de manera estrat\u00e9gica en las empresas - Iraurgi Berritzen","robots":{"index":"index","follow":"follow","max-snippet":"max-snippet:-1","max-image-preview":"max-image-preview:large","max-video-preview":"max-video-preview:-1"},"canonical":"https:\/\/iraurgiberritzen.eus\/es\/activacion-de-la-sostenibilidad-de-manera-estrategica-en-las-empresas\/","og_locale":"es_ES","og_type":"article","og_title":"Activando la sostenibilidad de manera estrat\u00e9gica en las empresas - Iraurgi Berritzen","og_description":"Iraurgi Berritzen ha puesto hoy en marcha un proyecto que ayudar\u00e1 a las empresas de la comarca a comprender, activar e integrar la sostenibilidad de manera estrat\u00e9gica.\u00a0 Cinco empresas industriales de la comarca (ELMUBAS IBERICA, BERNARDO ECENARRO, ALBERDI MEKANIZATU LANAK, INTZA y VI4CRANE) participar\u00e1n en esta iniciativa, que se desarrollar\u00e1 desde hoy hasta el mes [&hellip;]","og_url":"https:\/\/iraurgiberritzen.eus\/es\/activacion-de-la-sostenibilidad-de-manera-estrategica-en-las-empresas\/","og_site_name":"Iraurgi Berritzen","article_published_time":"2025-09-25T14:39:06+00:00","article_modified_time":"2025-09-26T06:03:13+00:00","og_image":[{"width":1600,"height":1200,"url":"https:\/\/iraurgiberritzen.eus\/wp-content\/uploads\/2025\/09\/WhatsApp-Image-2025-09-25-at-12.22.25.jpeg","type":"image\/jpeg"}],"author":"ainara","twitter_card":"summary_large_image","twitter_misc":{"Escrito por":"ainara","Tiempo de lectura":"2 minutos"},"schema":{"@context":"https:\/\/schema.org","@graph":[{"@type":"Article","@id":"https:\/\/iraurgiberritzen.eus\/es\/activacion-de-la-sostenibilidad-de-manera-estrategica-en-las-empresas\/#article","isPartOf":{"@id":"https:\/\/iraurgiberritzen.eus\/es\/activacion-de-la-sostenibilidad-de-manera-estrategica-en-las-empresas\/"},"author":{"name":"ainara","@id":"https:\/\/iraurgiberritzen.eus\/es\/#\/schema\/person\/a32c9825b3e2bfcbe757a97f6a15c8a5"},"headline":"Activando la sostenibilidad de manera estrat\u00e9gica en las empresas","datePublished":"2025-09-25T14:39:06+00:00","dateModified":"2025-09-26T06:03:13+00:00","mainEntityOfPage":{"@id":"https:\/\/iraurgiberritzen.eus\/es\/activacion-de-la-sostenibilidad-de-manera-estrategica-en-las-empresas\/"},"wordCount":238,"publisher":{"@id":"https:\/\/iraurgiberritzen.eus\/es\/#organization"},"image":{"@id":"https:\/\/iraurgiberritzen.eus\/es\/activacion-de-la-sostenibilidad-de-manera-estrategica-en-las-empresas\/#primaryimage"},"thumbnailUrl":"https:\/\/iraurgiberritzen.eus\/wp-content\/uploads\/2025\/09\/WhatsApp-Image-2025-09-25-at-12.22.25.jpeg","articleSection":["Noticias"],"inLanguage":"es"},{"@type":"WebPage","@id":"https:\/\/iraurgiberritzen.eus\/es\/activacion-de-la-sostenibilidad-de-manera-estrategica-en-las-empresas\/","url":"https:\/\/iraurgiberritzen.eus\/es\/activacion-de-la-sostenibilidad-de-manera-estrategica-en-las-empresas\/","name":"Activando la sostenibilidad de manera estrat\u00e9gica en las empresas - Iraurgi Berritzen","isPartOf":{"@id":"https:\/\/iraurgiberritzen.eus\/es\/#website"},"primaryImageOfPage":{"@id":"https:\/\/iraurgiberritzen.eus\/es\/activacion-de-la-sostenibilidad-de-manera-estrategica-en-las-empresas\/#primaryimage"},"image":{"@id":"https:\/\/iraurgiberritzen.eus\/es\/activacion-de-la-sostenibilidad-de-manera-estrategica-en-las-empresas\/#primaryimage"},"thumbnailUrl":"https:\/\/iraurgiberritzen.eus\/wp-content\/uploads\/2025\/09\/WhatsApp-Image-2025-09-25-at-12.22.25.jpeg","datePublished":"2025-09-25T14:39:06+00:00","dateModified":"2025-09-26T06:03:13+00:00","breadcrumb":{"@id":"https:\/\/iraurgiberritzen.eus\/es\/activacion-de-la-sostenibilidad-de-manera-estrategica-en-las-empresas\/#breadcrumb"},"inLanguage":"es","potentialAction":[{"@type":"ReadAction","target":["https:\/\/iraurgiberritzen.eus\/es\/activacion-de-la-sostenibilidad-de-manera-estrategica-en-las-empresas\/"]}]},{"@type":"ImageObject","inLanguage":"es","@id":"https:\/\/iraurgiberritzen.eus\/es\/activacion-de-la-sostenibilidad-de-manera-estrategica-en-las-empresas\/#primaryimage","url":"https:\/\/iraurgiberritzen.eus\/wp-content\/uploads\/2025\/09\/WhatsApp-Image-2025-09-25-at-12.22.25.jpeg","contentUrl":"https:\/\/iraurgiberritzen.eus\/wp-content\/uploads\/2025\/09\/WhatsApp-Image-2025-09-25-at-12.22.25.jpeg","width":1600,"height":1200},{"@type":"BreadcrumbList","@id":"https:\/\/iraurgiberritzen.eus\/es\/activacion-de-la-sostenibilidad-de-manera-estrategica-en-las-empresas\/#breadcrumb","itemListElement":[{"@type":"ListItem","position":1,"name":"Home","item":"https:\/\/iraurgiberritzen.eus\/es\/"},{"@type":"ListItem","position":2,"name":"Activando la sostenibilidad de manera estrat\u00e9gica en las empresas"}]},{"@type":"WebSite","@id":"https:\/\/iraurgiberritzen.eus\/es\/#website","url":"https:\/\/iraurgiberritzen.eus\/es\/","name":"Iraurgi Berritzen","description":"Urola Erdiko Garapen Agentzia","publisher":{"@id":"https:\/\/iraurgiberritzen.eus\/es\/#organization"},"potentialAction":[{"@type":"SearchAction","target":{"@type":"EntryPoint","urlTemplate":"https:\/\/iraurgiberritzen.eus\/es\/?s={search_term_string}"},"query-input":{"@type":"PropertyValueSpecification","valueRequired":true,"valueName":"search_term_string"}}],"inLanguage":"es"},{"@type":"Organization","@id":"https:\/\/iraurgiberritzen.eus\/es\/#organization","name":"Iraurgi Berritzen","url":"https:\/\/iraurgiberritzen.eus\/es\/","logo":{"@type":"ImageObject","inLanguage":"es","@id":"https:\/\/iraurgiberritzen.eus\/es\/#\/schema\/logo\/image\/","url":"https:\/\/iraurgiberritzen.eus\/wp-content\/uploads\/2024\/02\/IRAURGI-BERRITZEN-logotipoa_2.png","contentUrl":"https:\/\/iraurgiberritzen.eus\/wp-content\/uploads\/2024\/02\/IRAURGI-BERRITZEN-logotipoa_2.png","width":496,"height":190,"caption":"Iraurgi Berritzen"},"image":{"@id":"https:\/\/iraurgiberritzen.eus\/es\/#\/schema\/logo\/image\/"}},{"@type":"Person","@id":"https:\/\/iraurgiberritzen.eus\/es\/#\/schema\/person\/a32c9825b3e2bfcbe757a97f6a15c8a5","name":"ainara"}]}},"_links":{"self":[{"href":"https:\/\/iraurgiberritzen.eus\/es\/wp-json\/wp\/v2\/posts\/24759","targetHints":{"allow":["GET"]}}],"collection":[{"href":"https:\/\/iraurgiberritzen.eus\/es\/wp-json\/wp\/v2\/posts"}],"about":[{"href":"https:\/\/iraurgiberritzen.eus\/es\/wp-json\/wp\/v2\/types\/post"}],"author":[{"embeddable":true,"href":"https:\/\/iraurgiberritzen.eus\/es\/wp-json\/wp\/v2\/users\/4"}],"replies":[{"embeddable":true,"href":"https:\/\/iraurgiberritzen.eus\/es\/wp-json\/wp\/v2\/comments?post=24759"}],"version-history":[{"count":2,"href":"https:\/\/iraurgiberritzen.eus\/es\/wp-json\/wp\/v2\/posts\/24759\/revisions"}],"predecessor-version":[{"id":24763,"href":"https:\/\/iraurgiberritzen.eus\/es\/wp-json\/wp\/v2\/posts\/24759\/revisions\/24763"}],"wp:featuredmedia":[{"embeddable":true,"href":"https:\/\/iraurgiberritzen.eus\/es\/wp-json\/wp\/v2\/media\/24757"}],"wp:attachment":[{"href":"https:\/\/iraurgiberritzen.eus\/es\/wp-json\/wp\/v2\/media?parent=24759"}],"wp:term":[{"taxonomy":"category","embeddable":true,"href":"https:\/\/iraurgiberritzen.eus\/es\/wp-json\/wp\/v2\/categories?post=24759"},{"taxonomy":"post_tag","embeddable":true,"href":"https:\/\/iraurgiberritzen.eus\/es\/wp-json\/wp\/v2\/tags?post=24759"}],"curies":[{"name":"wp","href":"https:\/\/api.w.org\/{rel}","templated":true}]}}