{"id":24780,"date":"2025-09-26T13:34:59","date_gmt":"2025-09-26T11:34:59","guid":{"rendered":"https:\/\/iraurgiberritzen.eus\/?p=24780"},"modified":"2025-09-29T00:23:22","modified_gmt":"2025-09-28T22:23:22","slug":"los-miembros-de-la-red-urolanekin-colaborando-para-impulsar-la-inclusion-sociolaboral-en-la-comarca","status":"publish","type":"post","link":"https:\/\/iraurgiberritzen.eus\/es\/los-miembros-de-la-red-urolanekin-colaborando-para-impulsar-la-inclusion-sociolaboral-en-la-comarca\/","title":{"rendered":"Agentes de la red UrolanEkin colaboran para impulsar la inclusi\u00f3n sociolaboral en la comarca"},"content":{"rendered":"<p><span data-contrast=\"auto\">Esta ma\u00f1ana, 26 de septiembre, se ha celebrado en el palacio Basazabal de Azpeitia la reuni\u00f3n de la red UrolanEkin, con el objetivo de mantener la v\u00eda de colaboraci\u00f3n entre los agentes de inserci\u00f3n laboral y social de la comarca.<\/span><span data-ccp-props=\"{&quot;134233117&quot;:false,&quot;134233118&quot;:false,&quot;335551550&quot;:6,&quot;335551620&quot;:6,&quot;335559738&quot;:240,&quot;335559739&quot;:240}\">\u00a0<\/span><\/p>\n<p><span data-contrast=\"auto\">Esta red, formada por los ayuntamientos de Urola Erdia, agentes de empleo y formaci\u00f3n, y agentes de inclusi\u00f3n social, tiene como finalidad principal ofrecer itinerarios eficaces de inserci\u00f3n laboral a personas en situaci\u00f3n de vulnerabilidad, promoviendo la coordinaci\u00f3n y las sinergias entre los agentes locales.<\/span><span data-ccp-props=\"{&quot;134233117&quot;:false,&quot;134233118&quot;:false,&quot;335551550&quot;:6,&quot;335551620&quot;:6,&quot;335559738&quot;:240,&quot;335559739&quot;:240}\">\u00a0<\/span><\/p>\n<p><span data-contrast=\"auto\">En esta reuni\u00f3n se ha dado a conocer la situaci\u00f3n de los itinerarios del proyecto <\/span><b><span data-contrast=\"auto\">UE ElkarEkin IV<\/span><\/b><span data-contrast=\"auto\"> para el periodo 2025-2026, apoyado por la Diputaci\u00f3n Foral de Gipuzkoa, analizando, entre otros, los itinerarios en marcha en el \u00e1mbito de la mecanizaci\u00f3n y de la atenci\u00f3n sociosanitaria a personas dependientes.<\/span><span data-ccp-props=\"{&quot;134233117&quot;:false,&quot;134233118&quot;:false,&quot;335551550&quot;:6,&quot;335551620&quot;:6,&quot;335559738&quot;:240,&quot;335559739&quot;:240}\">\u00a0<\/span><\/p>\n<p><span data-contrast=\"auto\">A continuaci\u00f3n, bajo la direcci\u00f3n de la secretar\u00eda t\u00e9cnica de la red, se ha llevado a cabo un taller participativo, dividido en los cuatro grupos de trabajo creados en la reuni\u00f3n de mayo. En esta din\u00e1mica grupal, tomando como base las aportaciones de reuniones anteriores, se han constituido cuatro grupos de proyecto seg\u00fan las prioridades de los agentes de la red, concret\u00e1ndose as\u00ed <\/span><b><span data-contrast=\"auto\">objetivos y\u00a0l\u00edneas de acci\u00f3n<\/span><\/b><span data-contrast=\"auto\">.<\/span><span data-ccp-props=\"{&quot;134233117&quot;:false,&quot;134233118&quot;:false,&quot;335551550&quot;:6,&quot;335551620&quot;:6,&quot;335559738&quot;:240,&quot;335559739&quot;:240}\">\u00a0<\/span><\/p>\n<ul>\n<li><span data-contrast=\"auto\">Acogida y acompa\u00f1amiento integral. <\/span><span data-ccp-props=\"{&quot;134233117&quot;:false,&quot;134233118&quot;:false,&quot;335551550&quot;:6,&quot;335551620&quot;:6,&quot;335559738&quot;:240,&quot;335559739&quot;:240}\">\u00a0<\/span><\/li>\n<li aria-setsize=\"-1\" data-leveltext=\"\uf0a8\" data-font=\"Wingdings\" data-listid=\"1\" data-list-defn-props=\"{&quot;335552541&quot;:1,&quot;335559684&quot;:-2,&quot;335559685&quot;:720,&quot;335559991&quot;:360,&quot;469769226&quot;:&quot;Wingdings&quot;,&quot;469769242&quot;:[8226],&quot;469777803&quot;:&quot;left&quot;,&quot;469777804&quot;:&quot;\uf0a8&quot;,&quot;469777815&quot;:&quot;hybridMultilevel&quot;}\" data-aria-posinset=\"2\" data-aria-level=\"1\"><span data-contrast=\"auto\">Formaci\u00f3n de agentes y de personas vulnerables. <\/span><span data-ccp-props=\"{&quot;134233117&quot;:false,&quot;134233118&quot;:false,&quot;335551550&quot;:6,&quot;335551620&quot;:6,&quot;335559738&quot;:240,&quot;335559739&quot;:240}\">\u00a0<\/span><\/li>\n<li aria-setsize=\"-1\" data-leveltext=\"\uf0a8\" data-font=\"Wingdings\" data-listid=\"1\" data-list-defn-props=\"{&quot;335552541&quot;:1,&quot;335559684&quot;:-2,&quot;335559685&quot;:720,&quot;335559991&quot;:360,&quot;469769226&quot;:&quot;Wingdings&quot;,&quot;469769242&quot;:[8226],&quot;469777803&quot;:&quot;left&quot;,&quot;469777804&quot;:&quot;\uf0a8&quot;,&quot;469777815&quot;:&quot;hybridMultilevel&quot;}\" data-aria-posinset=\"2\" data-aria-level=\"1\"><span data-contrast=\"auto\">Participaci\u00f3n de empresas. <\/span><span data-ccp-props=\"{&quot;134233117&quot;:false,&quot;134233118&quot;:false,&quot;335551550&quot;:6,&quot;335551620&quot;:6,&quot;335559738&quot;:240,&quot;335559739&quot;:240}\">\u00a0<\/span><\/li>\n<li aria-setsize=\"-1\" data-leveltext=\"\uf0a8\" data-font=\"Wingdings\" data-listid=\"1\" data-list-defn-props=\"{&quot;335552541&quot;:1,&quot;335559684&quot;:-2,&quot;335559685&quot;:720,&quot;335559991&quot;:360,&quot;469769226&quot;:&quot;Wingdings&quot;,&quot;469769242&quot;:[8226],&quot;469777803&quot;:&quot;left&quot;,&quot;469777804&quot;:&quot;\uf0a8&quot;,&quot;469777815&quot;:&quot;hybridMultilevel&quot;}\" data-aria-posinset=\"2\" data-aria-level=\"1\"><span data-contrast=\"auto\">Coordinaci\u00f3n interna de la red.<\/span><span data-ccp-props=\"{&quot;134233117&quot;:false,&quot;134233118&quot;:false,&quot;335551550&quot;:6,&quot;335551620&quot;:6,&quot;335559738&quot;:240,&quot;335559739&quot;:240}\">\u00a0<\/span><\/li>\n<\/ul>\n<p><span data-contrast=\"auto\">Antes de finalizar el encuentro, los grupos han compartido las conclusiones y propuestas obtenidas, reforzando el modelo de gobernanza colaborativa y reafirmando el compromiso de dar respuesta de manera coordinada a los retos sociales de la comarca.<\/span><span data-ccp-props=\"{&quot;134233117&quot;:false,&quot;134233118&quot;:false,&quot;335551550&quot;:6,&quot;335551620&quot;:6,&quot;335559738&quot;:240,&quot;335559739&quot;:240}\">\u00a0<\/span><\/p>\n<p>Participantes: Izarraitz Lanbide Heziketa, Azpeitiko Udala, Azkoitiko Udala, Zestoako Udala, Cepa Urola Kosta, Lanbide, Katealegaia, Zabaltzen Sartu, Sutargi, Gureak, Gurutze Gorria, Lorratz y Kalexka.<\/p>\n<p><span data-ccp-props=\"{&quot;134233117&quot;:false,&quot;134233118&quot;:false,&quot;335551550&quot;:6,&quot;335551620&quot;:6,&quot;335559738&quot;:240,&quot;335559739&quot;:240}\">\u00a0<\/span><\/p>\n","protected":false},"excerpt":{"rendered":"<p>Esta ma\u00f1ana, 26 de septiembre, se ha celebrado en el palacio Basazabal de Azpeitia la reuni\u00f3n de la red UrolanEkin, con el objetivo de mantener la v\u00eda de colaboraci\u00f3n entre los agentes de inserci\u00f3n laboral y social de la comarca.\u00a0 Esta red, formada por los ayuntamientos de Urola Erdia, agentes de empleo y formaci\u00f3n, y [&hellip;]<\/p>\n","protected":false},"author":4,"featured_media":24778,"comment_status":"closed","ping_status":"closed","sticky":false,"template":"","format":"standard","meta":{"_acf_changed":false,"footnotes":""},"categories":[4],"tags":[],"class_list":["post-24780","post","type-post","status-publish","format-standard","has-post-thumbnail","hentry","category-noticias","arloak-empleo"],"acf":[],"yoast_head":"<!-- This site is optimized with the Yoast SEO plugin v27.4 - https:\/\/yoast.com\/product\/yoast-seo-wordpress\/ -->\n<title>Agentes de la red UrolanEkin colaboran para impulsar la inclusi\u00f3n sociolaboral en la comarca - Iraurgi Berritzen<\/title>\n<meta name=\"robots\" content=\"index, follow, max-snippet:-1, max-image-preview:large, max-video-preview:-1\" \/>\n<link rel=\"canonical\" href=\"https:\/\/iraurgiberritzen.eus\/es\/los-miembros-de-la-red-urolanekin-colaborando-para-impulsar-la-inclusion-sociolaboral-en-la-comarca\/\" \/>\n<meta property=\"og:locale\" content=\"es_ES\" \/>\n<meta property=\"og:type\" content=\"article\" \/>\n<meta property=\"og:title\" content=\"Agentes de la red UrolanEkin colaboran para impulsar la inclusi\u00f3n sociolaboral en la comarca - Iraurgi Berritzen\" \/>\n<meta property=\"og:description\" content=\"Esta ma\u00f1ana, 26 de septiembre, se ha celebrado en el palacio Basazabal de Azpeitia la reuni\u00f3n de la red UrolanEkin, con el objetivo de mantener la v\u00eda de colaboraci\u00f3n entre los agentes de inserci\u00f3n laboral y social de la comarca.\u00a0 Esta red, formada por los ayuntamientos de Urola Erdia, agentes de empleo y formaci\u00f3n, y [&hellip;]\" \/>\n<meta property=\"og:url\" content=\"https:\/\/iraurgiberritzen.eus\/es\/los-miembros-de-la-red-urolanekin-colaborando-para-impulsar-la-inclusion-sociolaboral-en-la-comarca\/\" \/>\n<meta property=\"og:site_name\" content=\"Iraurgi Berritzen\" \/>\n<meta property=\"article:published_time\" content=\"2025-09-26T11:34:59+00:00\" \/>\n<meta property=\"article:modified_time\" content=\"2025-09-28T22:23:22+00:00\" \/>\n<meta property=\"og:image\" content=\"https:\/\/iraurgiberritzen.eus\/wp-content\/uploads\/2025\/09\/WhatsApp-Image-2025-09-26-at-13.30.02.jpeg\" \/>\n\t<meta property=\"og:image:width\" content=\"1600\" \/>\n\t<meta property=\"og:image:height\" content=\"1200\" \/>\n\t<meta property=\"og:image:type\" content=\"image\/jpeg\" \/>\n<meta name=\"author\" content=\"ainara\" \/>\n<meta name=\"twitter:card\" content=\"summary_large_image\" \/>\n<meta name=\"twitter:label1\" content=\"Escrito por\" \/>\n\t<meta name=\"twitter:data1\" content=\"ainara\" \/>\n\t<meta name=\"twitter:label2\" content=\"Tiempo de lectura\" \/>\n\t<meta name=\"twitter:data2\" content=\"2 minutos\" \/>\n<script type=\"application\/ld+json\" class=\"yoast-schema-graph\">{\"@context\":\"https:\\\/\\\/schema.org\",\"@graph\":[{\"@type\":\"Article\",\"@id\":\"https:\\\/\\\/iraurgiberritzen.eus\\\/es\\\/los-miembros-de-la-red-urolanekin-colaborando-para-impulsar-la-inclusion-sociolaboral-en-la-comarca\\\/#article\",\"isPartOf\":{\"@id\":\"https:\\\/\\\/iraurgiberritzen.eus\\\/es\\\/los-miembros-de-la-red-urolanekin-colaborando-para-impulsar-la-inclusion-sociolaboral-en-la-comarca\\\/\"},\"author\":{\"name\":\"ainara\",\"@id\":\"https:\\\/\\\/iraurgiberritzen.eus\\\/es\\\/#\\\/schema\\\/person\\\/a32c9825b3e2bfcbe757a97f6a15c8a5\"},\"headline\":\"Agentes de la red UrolanEkin colaboran para impulsar la inclusi\u00f3n sociolaboral en la comarca\",\"datePublished\":\"2025-09-26T11:34:59+00:00\",\"dateModified\":\"2025-09-28T22:23:22+00:00\",\"mainEntityOfPage\":{\"@id\":\"https:\\\/\\\/iraurgiberritzen.eus\\\/es\\\/los-miembros-de-la-red-urolanekin-colaborando-para-impulsar-la-inclusion-sociolaboral-en-la-comarca\\\/\"},\"wordCount\":326,\"publisher\":{\"@id\":\"https:\\\/\\\/iraurgiberritzen.eus\\\/es\\\/#organization\"},\"image\":{\"@id\":\"https:\\\/\\\/iraurgiberritzen.eus\\\/es\\\/los-miembros-de-la-red-urolanekin-colaborando-para-impulsar-la-inclusion-sociolaboral-en-la-comarca\\\/#primaryimage\"},\"thumbnailUrl\":\"https:\\\/\\\/iraurgiberritzen.eus\\\/wp-content\\\/uploads\\\/2025\\\/09\\\/WhatsApp-Image-2025-09-26-at-13.30.02.jpeg\",\"articleSection\":[\"Noticias\"],\"inLanguage\":\"es\"},{\"@type\":\"WebPage\",\"@id\":\"https:\\\/\\\/iraurgiberritzen.eus\\\/es\\\/los-miembros-de-la-red-urolanekin-colaborando-para-impulsar-la-inclusion-sociolaboral-en-la-comarca\\\/\",\"url\":\"https:\\\/\\\/iraurgiberritzen.eus\\\/es\\\/los-miembros-de-la-red-urolanekin-colaborando-para-impulsar-la-inclusion-sociolaboral-en-la-comarca\\\/\",\"name\":\"Agentes de la red UrolanEkin colaboran para impulsar la inclusi\u00f3n sociolaboral en la comarca - Iraurgi Berritzen\",\"isPartOf\":{\"@id\":\"https:\\\/\\\/iraurgiberritzen.eus\\\/es\\\/#website\"},\"primaryImageOfPage\":{\"@id\":\"https:\\\/\\\/iraurgiberritzen.eus\\\/es\\\/los-miembros-de-la-red-urolanekin-colaborando-para-impulsar-la-inclusion-sociolaboral-en-la-comarca\\\/#primaryimage\"},\"image\":{\"@id\":\"https:\\\/\\\/iraurgiberritzen.eus\\\/es\\\/los-miembros-de-la-red-urolanekin-colaborando-para-impulsar-la-inclusion-sociolaboral-en-la-comarca\\\/#primaryimage\"},\"thumbnailUrl\":\"https:\\\/\\\/iraurgiberritzen.eus\\\/wp-content\\\/uploads\\\/2025\\\/09\\\/WhatsApp-Image-2025-09-26-at-13.30.02.jpeg\",\"datePublished\":\"2025-09-26T11:34:59+00:00\",\"dateModified\":\"2025-09-28T22:23:22+00:00\",\"breadcrumb\":{\"@id\":\"https:\\\/\\\/iraurgiberritzen.eus\\\/es\\\/los-miembros-de-la-red-urolanekin-colaborando-para-impulsar-la-inclusion-sociolaboral-en-la-comarca\\\/#breadcrumb\"},\"inLanguage\":\"es\",\"potentialAction\":[{\"@type\":\"ReadAction\",\"target\":[\"https:\\\/\\\/iraurgiberritzen.eus\\\/es\\\/los-miembros-de-la-red-urolanekin-colaborando-para-impulsar-la-inclusion-sociolaboral-en-la-comarca\\\/\"]}]},{\"@type\":\"ImageObject\",\"inLanguage\":\"es\",\"@id\":\"https:\\\/\\\/iraurgiberritzen.eus\\\/es\\\/los-miembros-de-la-red-urolanekin-colaborando-para-impulsar-la-inclusion-sociolaboral-en-la-comarca\\\/#primaryimage\",\"url\":\"https:\\\/\\\/iraurgiberritzen.eus\\\/wp-content\\\/uploads\\\/2025\\\/09\\\/WhatsApp-Image-2025-09-26-at-13.30.02.jpeg\",\"contentUrl\":\"https:\\\/\\\/iraurgiberritzen.eus\\\/wp-content\\\/uploads\\\/2025\\\/09\\\/WhatsApp-Image-2025-09-26-at-13.30.02.jpeg\",\"width\":1600,\"height\":1200},{\"@type\":\"BreadcrumbList\",\"@id\":\"https:\\\/\\\/iraurgiberritzen.eus\\\/es\\\/los-miembros-de-la-red-urolanekin-colaborando-para-impulsar-la-inclusion-sociolaboral-en-la-comarca\\\/#breadcrumb\",\"itemListElement\":[{\"@type\":\"ListItem\",\"position\":1,\"name\":\"Home\",\"item\":\"https:\\\/\\\/iraurgiberritzen.eus\\\/es\\\/\"},{\"@type\":\"ListItem\",\"position\":2,\"name\":\"Agentes de la red UrolanEkin colaboran para impulsar la inclusi\u00f3n sociolaboral en la comarca\"}]},{\"@type\":\"WebSite\",\"@id\":\"https:\\\/\\\/iraurgiberritzen.eus\\\/es\\\/#website\",\"url\":\"https:\\\/\\\/iraurgiberritzen.eus\\\/es\\\/\",\"name\":\"Iraurgi Berritzen\",\"description\":\"Urola Erdiko Garapen Agentzia\",\"publisher\":{\"@id\":\"https:\\\/\\\/iraurgiberritzen.eus\\\/es\\\/#organization\"},\"potentialAction\":[{\"@type\":\"SearchAction\",\"target\":{\"@type\":\"EntryPoint\",\"urlTemplate\":\"https:\\\/\\\/iraurgiberritzen.eus\\\/es\\\/?s={search_term_string}\"},\"query-input\":{\"@type\":\"PropertyValueSpecification\",\"valueRequired\":true,\"valueName\":\"search_term_string\"}}],\"inLanguage\":\"es\"},{\"@type\":\"Organization\",\"@id\":\"https:\\\/\\\/iraurgiberritzen.eus\\\/es\\\/#organization\",\"name\":\"Iraurgi Berritzen\",\"url\":\"https:\\\/\\\/iraurgiberritzen.eus\\\/es\\\/\",\"logo\":{\"@type\":\"ImageObject\",\"inLanguage\":\"es\",\"@id\":\"https:\\\/\\\/iraurgiberritzen.eus\\\/es\\\/#\\\/schema\\\/logo\\\/image\\\/\",\"url\":\"https:\\\/\\\/iraurgiberritzen.eus\\\/wp-content\\\/uploads\\\/2024\\\/02\\\/IRAURGI-BERRITZEN-logotipoa_2.png\",\"contentUrl\":\"https:\\\/\\\/iraurgiberritzen.eus\\\/wp-content\\\/uploads\\\/2024\\\/02\\\/IRAURGI-BERRITZEN-logotipoa_2.png\",\"width\":496,\"height\":190,\"caption\":\"Iraurgi Berritzen\"},\"image\":{\"@id\":\"https:\\\/\\\/iraurgiberritzen.eus\\\/es\\\/#\\\/schema\\\/logo\\\/image\\\/\"}},{\"@type\":\"Person\",\"@id\":\"https:\\\/\\\/iraurgiberritzen.eus\\\/es\\\/#\\\/schema\\\/person\\\/a32c9825b3e2bfcbe757a97f6a15c8a5\",\"name\":\"ainara\"}]}<\/script>\n<!-- \/ Yoast SEO plugin. -->","yoast_head_json":{"title":"Agentes de la red UrolanEkin colaboran para impulsar la inclusi\u00f3n sociolaboral en la comarca - Iraurgi Berritzen","robots":{"index":"index","follow":"follow","max-snippet":"max-snippet:-1","max-image-preview":"max-image-preview:large","max-video-preview":"max-video-preview:-1"},"canonical":"https:\/\/iraurgiberritzen.eus\/es\/los-miembros-de-la-red-urolanekin-colaborando-para-impulsar-la-inclusion-sociolaboral-en-la-comarca\/","og_locale":"es_ES","og_type":"article","og_title":"Agentes de la red UrolanEkin colaboran para impulsar la inclusi\u00f3n sociolaboral en la comarca - Iraurgi Berritzen","og_description":"Esta ma\u00f1ana, 26 de septiembre, se ha celebrado en el palacio Basazabal de Azpeitia la reuni\u00f3n de la red UrolanEkin, con el objetivo de mantener la v\u00eda de colaboraci\u00f3n entre los agentes de inserci\u00f3n laboral y social de la comarca.\u00a0 Esta red, formada por los ayuntamientos de Urola Erdia, agentes de empleo y formaci\u00f3n, y [&hellip;]","og_url":"https:\/\/iraurgiberritzen.eus\/es\/los-miembros-de-la-red-urolanekin-colaborando-para-impulsar-la-inclusion-sociolaboral-en-la-comarca\/","og_site_name":"Iraurgi Berritzen","article_published_time":"2025-09-26T11:34:59+00:00","article_modified_time":"2025-09-28T22:23:22+00:00","og_image":[{"width":1600,"height":1200,"url":"https:\/\/iraurgiberritzen.eus\/wp-content\/uploads\/2025\/09\/WhatsApp-Image-2025-09-26-at-13.30.02.jpeg","type":"image\/jpeg"}],"author":"ainara","twitter_card":"summary_large_image","twitter_misc":{"Escrito por":"ainara","Tiempo de lectura":"2 minutos"},"schema":{"@context":"https:\/\/schema.org","@graph":[{"@type":"Article","@id":"https:\/\/iraurgiberritzen.eus\/es\/los-miembros-de-la-red-urolanekin-colaborando-para-impulsar-la-inclusion-sociolaboral-en-la-comarca\/#article","isPartOf":{"@id":"https:\/\/iraurgiberritzen.eus\/es\/los-miembros-de-la-red-urolanekin-colaborando-para-impulsar-la-inclusion-sociolaboral-en-la-comarca\/"},"author":{"name":"ainara","@id":"https:\/\/iraurgiberritzen.eus\/es\/#\/schema\/person\/a32c9825b3e2bfcbe757a97f6a15c8a5"},"headline":"Agentes de la red UrolanEkin colaboran para impulsar la inclusi\u00f3n sociolaboral en la comarca","datePublished":"2025-09-26T11:34:59+00:00","dateModified":"2025-09-28T22:23:22+00:00","mainEntityOfPage":{"@id":"https:\/\/iraurgiberritzen.eus\/es\/los-miembros-de-la-red-urolanekin-colaborando-para-impulsar-la-inclusion-sociolaboral-en-la-comarca\/"},"wordCount":326,"publisher":{"@id":"https:\/\/iraurgiberritzen.eus\/es\/#organization"},"image":{"@id":"https:\/\/iraurgiberritzen.eus\/es\/los-miembros-de-la-red-urolanekin-colaborando-para-impulsar-la-inclusion-sociolaboral-en-la-comarca\/#primaryimage"},"thumbnailUrl":"https:\/\/iraurgiberritzen.eus\/wp-content\/uploads\/2025\/09\/WhatsApp-Image-2025-09-26-at-13.30.02.jpeg","articleSection":["Noticias"],"inLanguage":"es"},{"@type":"WebPage","@id":"https:\/\/iraurgiberritzen.eus\/es\/los-miembros-de-la-red-urolanekin-colaborando-para-impulsar-la-inclusion-sociolaboral-en-la-comarca\/","url":"https:\/\/iraurgiberritzen.eus\/es\/los-miembros-de-la-red-urolanekin-colaborando-para-impulsar-la-inclusion-sociolaboral-en-la-comarca\/","name":"Agentes de la red UrolanEkin colaboran para impulsar la inclusi\u00f3n sociolaboral en la comarca - Iraurgi Berritzen","isPartOf":{"@id":"https:\/\/iraurgiberritzen.eus\/es\/#website"},"primaryImageOfPage":{"@id":"https:\/\/iraurgiberritzen.eus\/es\/los-miembros-de-la-red-urolanekin-colaborando-para-impulsar-la-inclusion-sociolaboral-en-la-comarca\/#primaryimage"},"image":{"@id":"https:\/\/iraurgiberritzen.eus\/es\/los-miembros-de-la-red-urolanekin-colaborando-para-impulsar-la-inclusion-sociolaboral-en-la-comarca\/#primaryimage"},"thumbnailUrl":"https:\/\/iraurgiberritzen.eus\/wp-content\/uploads\/2025\/09\/WhatsApp-Image-2025-09-26-at-13.30.02.jpeg","datePublished":"2025-09-26T11:34:59+00:00","dateModified":"2025-09-28T22:23:22+00:00","breadcrumb":{"@id":"https:\/\/iraurgiberritzen.eus\/es\/los-miembros-de-la-red-urolanekin-colaborando-para-impulsar-la-inclusion-sociolaboral-en-la-comarca\/#breadcrumb"},"inLanguage":"es","potentialAction":[{"@type":"ReadAction","target":["https:\/\/iraurgiberritzen.eus\/es\/los-miembros-de-la-red-urolanekin-colaborando-para-impulsar-la-inclusion-sociolaboral-en-la-comarca\/"]}]},{"@type":"ImageObject","inLanguage":"es","@id":"https:\/\/iraurgiberritzen.eus\/es\/los-miembros-de-la-red-urolanekin-colaborando-para-impulsar-la-inclusion-sociolaboral-en-la-comarca\/#primaryimage","url":"https:\/\/iraurgiberritzen.eus\/wp-content\/uploads\/2025\/09\/WhatsApp-Image-2025-09-26-at-13.30.02.jpeg","contentUrl":"https:\/\/iraurgiberritzen.eus\/wp-content\/uploads\/2025\/09\/WhatsApp-Image-2025-09-26-at-13.30.02.jpeg","width":1600,"height":1200},{"@type":"BreadcrumbList","@id":"https:\/\/iraurgiberritzen.eus\/es\/los-miembros-de-la-red-urolanekin-colaborando-para-impulsar-la-inclusion-sociolaboral-en-la-comarca\/#breadcrumb","itemListElement":[{"@type":"ListItem","position":1,"name":"Home","item":"https:\/\/iraurgiberritzen.eus\/es\/"},{"@type":"ListItem","position":2,"name":"Agentes de la red UrolanEkin colaboran para impulsar la inclusi\u00f3n sociolaboral en la comarca"}]},{"@type":"WebSite","@id":"https:\/\/iraurgiberritzen.eus\/es\/#website","url":"https:\/\/iraurgiberritzen.eus\/es\/","name":"Iraurgi Berritzen","description":"Urola Erdiko Garapen Agentzia","publisher":{"@id":"https:\/\/iraurgiberritzen.eus\/es\/#organization"},"potentialAction":[{"@type":"SearchAction","target":{"@type":"EntryPoint","urlTemplate":"https:\/\/iraurgiberritzen.eus\/es\/?s={search_term_string}"},"query-input":{"@type":"PropertyValueSpecification","valueRequired":true,"valueName":"search_term_string"}}],"inLanguage":"es"},{"@type":"Organization","@id":"https:\/\/iraurgiberritzen.eus\/es\/#organization","name":"Iraurgi Berritzen","url":"https:\/\/iraurgiberritzen.eus\/es\/","logo":{"@type":"ImageObject","inLanguage":"es","@id":"https:\/\/iraurgiberritzen.eus\/es\/#\/schema\/logo\/image\/","url":"https:\/\/iraurgiberritzen.eus\/wp-content\/uploads\/2024\/02\/IRAURGI-BERRITZEN-logotipoa_2.png","contentUrl":"https:\/\/iraurgiberritzen.eus\/wp-content\/uploads\/2024\/02\/IRAURGI-BERRITZEN-logotipoa_2.png","width":496,"height":190,"caption":"Iraurgi Berritzen"},"image":{"@id":"https:\/\/iraurgiberritzen.eus\/es\/#\/schema\/logo\/image\/"}},{"@type":"Person","@id":"https:\/\/iraurgiberritzen.eus\/es\/#\/schema\/person\/a32c9825b3e2bfcbe757a97f6a15c8a5","name":"ainara"}]}},"_links":{"self":[{"href":"https:\/\/iraurgiberritzen.eus\/es\/wp-json\/wp\/v2\/posts\/24780","targetHints":{"allow":["GET"]}}],"collection":[{"href":"https:\/\/iraurgiberritzen.eus\/es\/wp-json\/wp\/v2\/posts"}],"about":[{"href":"https:\/\/iraurgiberritzen.eus\/es\/wp-json\/wp\/v2\/types\/post"}],"author":[{"embeddable":true,"href":"https:\/\/iraurgiberritzen.eus\/es\/wp-json\/wp\/v2\/users\/4"}],"replies":[{"embeddable":true,"href":"https:\/\/iraurgiberritzen.eus\/es\/wp-json\/wp\/v2\/comments?post=24780"}],"version-history":[{"count":3,"href":"https:\/\/iraurgiberritzen.eus\/es\/wp-json\/wp\/v2\/posts\/24780\/revisions"}],"predecessor-version":[{"id":24787,"href":"https:\/\/iraurgiberritzen.eus\/es\/wp-json\/wp\/v2\/posts\/24780\/revisions\/24787"}],"wp:featuredmedia":[{"embeddable":true,"href":"https:\/\/iraurgiberritzen.eus\/es\/wp-json\/wp\/v2\/media\/24778"}],"wp:attachment":[{"href":"https:\/\/iraurgiberritzen.eus\/es\/wp-json\/wp\/v2\/media?parent=24780"}],"wp:term":[{"taxonomy":"category","embeddable":true,"href":"https:\/\/iraurgiberritzen.eus\/es\/wp-json\/wp\/v2\/categories?post=24780"},{"taxonomy":"post_tag","embeddable":true,"href":"https:\/\/iraurgiberritzen.eus\/es\/wp-json\/wp\/v2\/tags?post=24780"}],"curies":[{"name":"wp","href":"https:\/\/api.w.org\/{rel}","templated":true}]}}