{"id":24816,"date":"2025-09-29T13:25:28","date_gmt":"2025-09-29T11:25:28","guid":{"rendered":"https:\/\/iraurgiberritzen.eus\/?p=24816"},"modified":"2025-09-29T13:25:28","modified_gmt":"2025-09-29T11:25:28","slug":"hezkuntza-gunea-acuerda-las-lineas-generales-de-trabajo-del-curso-25-26","status":"publish","type":"post","link":"https:\/\/iraurgiberritzen.eus\/es\/hezkuntza-gunea-acuerda-las-lineas-generales-de-trabajo-del-curso-25-26\/","title":{"rendered":"Hezkuntza Gunea acuerda  las l\u00edneas generales de trabajo del curso 25\/26"},"content":{"rendered":"<p><span data-contrast=\"none\">Hoy se ha reunido Hezkuntza Gunea formado por los Directores de los 5 centros escolares de la comarca donde han compartido las prioridades 2025\/26 y acordado la planificaci\u00f3n de los proyectos a desarrollar a lo largo del curso.<\/span><span data-ccp-props=\"{&quot;134233117&quot;:true,&quot;134233118&quot;:true,&quot;335557856&quot;:16777215}\">\u00a0<\/span><\/p>\n<p><span data-contrast=\"none\">Entre las l\u00edneas de trabajo acordadas en com\u00fan:<\/span><span data-ccp-props=\"{&quot;134233117&quot;:true,&quot;134233118&quot;:true,&quot;335557856&quot;:16777215}\">\u00a0<\/span><\/p>\n<ul>\n<li aria-setsize=\"-1\" data-leveltext=\"\uf0b7\" data-font=\"Symbol\" data-listid=\"2\" data-list-defn-props=\"{&quot;335552541&quot;:1,&quot;335559685&quot;:720,&quot;335559991&quot;:360,&quot;469769226&quot;:&quot;Symbol&quot;,&quot;469769242&quot;:[8226],&quot;469777803&quot;:&quot;left&quot;,&quot;469777804&quot;:&quot;\uf0b7&quot;,&quot;469777815&quot;:&quot;multilevel&quot;}\" data-aria-posinset=\"1\" data-aria-level=\"1\"><span data-contrast=\"none\">Seguimiento de la l\u00ednea de trabajo\u202f <\/span><b><span data-contrast=\"none\">IKASIZ.<\/span><\/b><span data-contrast=\"none\">\u00a0<\/span>Creaci\u00f3n de espacios colectivos e individuales orientados a la sensibilizaci\u00f3n y a la capacitaci\u00f3n, seg\u00fan necesidades concretas, en colaboraci\u00f3n\u00a0con los equipos directivos.<\/li>\n<li aria-setsize=\"-1\" data-leveltext=\"\uf0b7\" data-font=\"Symbol\" data-listid=\"2\" data-list-defn-props=\"{&quot;335552541&quot;:1,&quot;335559685&quot;:720,&quot;335559991&quot;:360,&quot;469769226&quot;:&quot;Symbol&quot;,&quot;469769242&quot;:[8226],&quot;469777803&quot;:&quot;left&quot;,&quot;469777804&quot;:&quot;\uf0b7&quot;,&quot;469777815&quot;:&quot;multilevel&quot;}\" data-aria-posinset=\"1\" data-aria-level=\"1\"><b><span data-contrast=\"none\">Proyecto Ikastetxeak Saretzen (IB Harremanak)<\/span><\/b><span data-contrast=\"none\">: Desarrollo de espacios informales para seguir reforzando las relaciones entre los centros educativos y los diferentes agentes de la comarca.<\/span><span data-ccp-props=\"{&quot;335557856&quot;:16777215}\">\u00a0<\/span><\/li>\n<\/ul>\n<ul>\n<li aria-setsize=\"-1\" data-leveltext=\"\uf0b7\" data-font=\"Symbol\" data-listid=\"2\" data-list-defn-props=\"{&quot;335552541&quot;:1,&quot;335559685&quot;:720,&quot;335559991&quot;:360,&quot;469769226&quot;:&quot;Symbol&quot;,&quot;469769242&quot;:[8226],&quot;469777803&quot;:&quot;left&quot;,&quot;469777804&quot;:&quot;\uf0b7&quot;,&quot;469777815&quot;:&quot;multilevel&quot;}\" data-aria-posinset=\"3\" data-aria-level=\"1\"><b><span data-contrast=\"none\">Consolidaci\u00f3n y mejora de los proyectos en marcha<\/span><\/b><span data-contrast=\"none\">: Elkarrekin Eraikitzen, Gerolan Orientaci\u00f3n, Steam Urola Erdian e Izan Ekintzaile.<\/span><\/li>\n<\/ul>\n<p>El grupo de trabajo se re\u00fane 3 veces al a\u00f1o, consensuando prioridades desde el punto de vista estrat\u00e9gico, realizando las valoraciones pertinentes y tomando decisiones clave.<span data-ccp-props=\"{&quot;134233117&quot;:true,&quot;134233118&quot;:true,&quot;335557856&quot;:16777215}\">\u00a0<\/span><\/p>\n<p><span data-contrast=\"none\">El seguimiento operativo de cada proyecto se articula a trav\u00e9s de los grupos de trabajo formados por los diferentes proyectos l\u00edderes asociados a cada proyecto por parte de cada centro.<\/span><span data-ccp-props=\"{&quot;134233117&quot;:true,&quot;134233118&quot;:true,&quot;335557856&quot;:16777215}\">\u00a0<\/span><\/p>\n","protected":false},"excerpt":{"rendered":"<p>Hoy se ha reunido Hezkuntza Gunea formado por los Directores de los 5 centros escolares de la comarca donde han compartido las prioridades 2025\/26 y acordado la planificaci\u00f3n de los proyectos a desarrollar a lo largo del curso.\u00a0 Entre las l\u00edneas de trabajo acordadas en com\u00fan:\u00a0 Seguimiento de la l\u00ednea de trabajo\u202f IKASIZ.\u00a0Creaci\u00f3n de espacios [&hellip;]<\/p>\n","protected":false},"author":4,"featured_media":24814,"comment_status":"closed","ping_status":"closed","sticky":false,"template":"","format":"standard","meta":{"_acf_changed":false,"footnotes":""},"categories":[4],"tags":[],"class_list":["post-24816","post","type-post","status-publish","format-standard","has-post-thumbnail","hentry","category-noticias","arloak-educacion"],"acf":[],"yoast_head":"<!-- This site is optimized with the Yoast SEO plugin v27.4 - https:\/\/yoast.com\/product\/yoast-seo-wordpress\/ -->\n<title>Hezkuntza Gunea acuerda las l\u00edneas generales de trabajo del curso 25\/26 - Iraurgi Berritzen<\/title>\n<meta name=\"robots\" content=\"index, follow, max-snippet:-1, max-image-preview:large, max-video-preview:-1\" \/>\n<link rel=\"canonical\" href=\"https:\/\/iraurgiberritzen.eus\/es\/hezkuntza-gunea-acuerda-las-lineas-generales-de-trabajo-del-curso-25-26\/\" \/>\n<meta property=\"og:locale\" content=\"es_ES\" \/>\n<meta property=\"og:type\" content=\"article\" \/>\n<meta property=\"og:title\" content=\"Hezkuntza Gunea acuerda las l\u00edneas generales de trabajo del curso 25\/26 - Iraurgi Berritzen\" \/>\n<meta property=\"og:description\" content=\"Hoy se ha reunido Hezkuntza Gunea formado por los Directores de los 5 centros escolares de la comarca donde han compartido las prioridades 2025\/26 y acordado la planificaci\u00f3n de los proyectos a desarrollar a lo largo del curso.\u00a0 Entre las l\u00edneas de trabajo acordadas en com\u00fan:\u00a0 Seguimiento de la l\u00ednea de trabajo\u202f IKASIZ.\u00a0Creaci\u00f3n de espacios [&hellip;]\" \/>\n<meta property=\"og:url\" content=\"https:\/\/iraurgiberritzen.eus\/es\/hezkuntza-gunea-acuerda-las-lineas-generales-de-trabajo-del-curso-25-26\/\" \/>\n<meta property=\"og:site_name\" content=\"Iraurgi Berritzen\" \/>\n<meta property=\"article:published_time\" content=\"2025-09-29T11:25:28+00:00\" \/>\n<meta property=\"og:image\" content=\"https:\/\/iraurgiberritzen.eus\/wp-content\/uploads\/2025\/09\/WhatsApp-Image-2024-09-27-at-12.40.32-2048x1536-2.jpeg\" \/>\n\t<meta property=\"og:image:width\" content=\"2048\" \/>\n\t<meta property=\"og:image:height\" content=\"1536\" \/>\n\t<meta property=\"og:image:type\" content=\"image\/jpeg\" \/>\n<meta name=\"author\" content=\"ainara\" \/>\n<meta name=\"twitter:card\" content=\"summary_large_image\" \/>\n<meta name=\"twitter:label1\" content=\"Escrito por\" \/>\n\t<meta name=\"twitter:data1\" content=\"ainara\" \/>\n\t<meta name=\"twitter:label2\" content=\"Tiempo de lectura\" \/>\n\t<meta name=\"twitter:data2\" content=\"1 minuto\" \/>\n<script type=\"application\/ld+json\" class=\"yoast-schema-graph\">{\"@context\":\"https:\\\/\\\/schema.org\",\"@graph\":[{\"@type\":\"Article\",\"@id\":\"https:\\\/\\\/iraurgiberritzen.eus\\\/es\\\/hezkuntza-gunea-acuerda-las-lineas-generales-de-trabajo-del-curso-25-26\\\/#article\",\"isPartOf\":{\"@id\":\"https:\\\/\\\/iraurgiberritzen.eus\\\/es\\\/hezkuntza-gunea-acuerda-las-lineas-generales-de-trabajo-del-curso-25-26\\\/\"},\"author\":{\"name\":\"ainara\",\"@id\":\"https:\\\/\\\/iraurgiberritzen.eus\\\/es\\\/#\\\/schema\\\/person\\\/a32c9825b3e2bfcbe757a97f6a15c8a5\"},\"headline\":\"Hezkuntza Gunea acuerda las l\u00edneas generales de trabajo del curso 25\\\/26\",\"datePublished\":\"2025-09-29T11:25:28+00:00\",\"mainEntityOfPage\":{\"@id\":\"https:\\\/\\\/iraurgiberritzen.eus\\\/es\\\/hezkuntza-gunea-acuerda-las-lineas-generales-de-trabajo-del-curso-25-26\\\/\"},\"wordCount\":199,\"publisher\":{\"@id\":\"https:\\\/\\\/iraurgiberritzen.eus\\\/es\\\/#organization\"},\"image\":{\"@id\":\"https:\\\/\\\/iraurgiberritzen.eus\\\/es\\\/hezkuntza-gunea-acuerda-las-lineas-generales-de-trabajo-del-curso-25-26\\\/#primaryimage\"},\"thumbnailUrl\":\"https:\\\/\\\/iraurgiberritzen.eus\\\/wp-content\\\/uploads\\\/2025\\\/09\\\/WhatsApp-Image-2024-09-27-at-12.40.32-2048x1536-2.jpeg\",\"articleSection\":[\"Noticias\"],\"inLanguage\":\"es\"},{\"@type\":\"WebPage\",\"@id\":\"https:\\\/\\\/iraurgiberritzen.eus\\\/es\\\/hezkuntza-gunea-acuerda-las-lineas-generales-de-trabajo-del-curso-25-26\\\/\",\"url\":\"https:\\\/\\\/iraurgiberritzen.eus\\\/es\\\/hezkuntza-gunea-acuerda-las-lineas-generales-de-trabajo-del-curso-25-26\\\/\",\"name\":\"Hezkuntza Gunea acuerda las l\u00edneas generales de trabajo del curso 25\\\/26 - Iraurgi Berritzen\",\"isPartOf\":{\"@id\":\"https:\\\/\\\/iraurgiberritzen.eus\\\/es\\\/#website\"},\"primaryImageOfPage\":{\"@id\":\"https:\\\/\\\/iraurgiberritzen.eus\\\/es\\\/hezkuntza-gunea-acuerda-las-lineas-generales-de-trabajo-del-curso-25-26\\\/#primaryimage\"},\"image\":{\"@id\":\"https:\\\/\\\/iraurgiberritzen.eus\\\/es\\\/hezkuntza-gunea-acuerda-las-lineas-generales-de-trabajo-del-curso-25-26\\\/#primaryimage\"},\"thumbnailUrl\":\"https:\\\/\\\/iraurgiberritzen.eus\\\/wp-content\\\/uploads\\\/2025\\\/09\\\/WhatsApp-Image-2024-09-27-at-12.40.32-2048x1536-2.jpeg\",\"datePublished\":\"2025-09-29T11:25:28+00:00\",\"breadcrumb\":{\"@id\":\"https:\\\/\\\/iraurgiberritzen.eus\\\/es\\\/hezkuntza-gunea-acuerda-las-lineas-generales-de-trabajo-del-curso-25-26\\\/#breadcrumb\"},\"inLanguage\":\"es\",\"potentialAction\":[{\"@type\":\"ReadAction\",\"target\":[\"https:\\\/\\\/iraurgiberritzen.eus\\\/es\\\/hezkuntza-gunea-acuerda-las-lineas-generales-de-trabajo-del-curso-25-26\\\/\"]}]},{\"@type\":\"ImageObject\",\"inLanguage\":\"es\",\"@id\":\"https:\\\/\\\/iraurgiberritzen.eus\\\/es\\\/hezkuntza-gunea-acuerda-las-lineas-generales-de-trabajo-del-curso-25-26\\\/#primaryimage\",\"url\":\"https:\\\/\\\/iraurgiberritzen.eus\\\/wp-content\\\/uploads\\\/2025\\\/09\\\/WhatsApp-Image-2024-09-27-at-12.40.32-2048x1536-2.jpeg\",\"contentUrl\":\"https:\\\/\\\/iraurgiberritzen.eus\\\/wp-content\\\/uploads\\\/2025\\\/09\\\/WhatsApp-Image-2024-09-27-at-12.40.32-2048x1536-2.jpeg\",\"width\":2048,\"height\":1536},{\"@type\":\"BreadcrumbList\",\"@id\":\"https:\\\/\\\/iraurgiberritzen.eus\\\/es\\\/hezkuntza-gunea-acuerda-las-lineas-generales-de-trabajo-del-curso-25-26\\\/#breadcrumb\",\"itemListElement\":[{\"@type\":\"ListItem\",\"position\":1,\"name\":\"Home\",\"item\":\"https:\\\/\\\/iraurgiberritzen.eus\\\/es\\\/\"},{\"@type\":\"ListItem\",\"position\":2,\"name\":\"Hezkuntza Gunea acuerda las l\u00edneas generales de trabajo del curso 25\\\/26\"}]},{\"@type\":\"WebSite\",\"@id\":\"https:\\\/\\\/iraurgiberritzen.eus\\\/es\\\/#website\",\"url\":\"https:\\\/\\\/iraurgiberritzen.eus\\\/es\\\/\",\"name\":\"Iraurgi Berritzen\",\"description\":\"Urola Erdiko Garapen Agentzia\",\"publisher\":{\"@id\":\"https:\\\/\\\/iraurgiberritzen.eus\\\/es\\\/#organization\"},\"potentialAction\":[{\"@type\":\"SearchAction\",\"target\":{\"@type\":\"EntryPoint\",\"urlTemplate\":\"https:\\\/\\\/iraurgiberritzen.eus\\\/es\\\/?s={search_term_string}\"},\"query-input\":{\"@type\":\"PropertyValueSpecification\",\"valueRequired\":true,\"valueName\":\"search_term_string\"}}],\"inLanguage\":\"es\"},{\"@type\":\"Organization\",\"@id\":\"https:\\\/\\\/iraurgiberritzen.eus\\\/es\\\/#organization\",\"name\":\"Iraurgi Berritzen\",\"url\":\"https:\\\/\\\/iraurgiberritzen.eus\\\/es\\\/\",\"logo\":{\"@type\":\"ImageObject\",\"inLanguage\":\"es\",\"@id\":\"https:\\\/\\\/iraurgiberritzen.eus\\\/es\\\/#\\\/schema\\\/logo\\\/image\\\/\",\"url\":\"https:\\\/\\\/iraurgiberritzen.eus\\\/wp-content\\\/uploads\\\/2024\\\/02\\\/IRAURGI-BERRITZEN-logotipoa_2.png\",\"contentUrl\":\"https:\\\/\\\/iraurgiberritzen.eus\\\/wp-content\\\/uploads\\\/2024\\\/02\\\/IRAURGI-BERRITZEN-logotipoa_2.png\",\"width\":496,\"height\":190,\"caption\":\"Iraurgi Berritzen\"},\"image\":{\"@id\":\"https:\\\/\\\/iraurgiberritzen.eus\\\/es\\\/#\\\/schema\\\/logo\\\/image\\\/\"}},{\"@type\":\"Person\",\"@id\":\"https:\\\/\\\/iraurgiberritzen.eus\\\/es\\\/#\\\/schema\\\/person\\\/a32c9825b3e2bfcbe757a97f6a15c8a5\",\"name\":\"ainara\"}]}<\/script>\n<!-- \/ Yoast SEO plugin. -->","yoast_head_json":{"title":"Hezkuntza Gunea acuerda las l\u00edneas generales de trabajo del curso 25\/26 - Iraurgi Berritzen","robots":{"index":"index","follow":"follow","max-snippet":"max-snippet:-1","max-image-preview":"max-image-preview:large","max-video-preview":"max-video-preview:-1"},"canonical":"https:\/\/iraurgiberritzen.eus\/es\/hezkuntza-gunea-acuerda-las-lineas-generales-de-trabajo-del-curso-25-26\/","og_locale":"es_ES","og_type":"article","og_title":"Hezkuntza Gunea acuerda las l\u00edneas generales de trabajo del curso 25\/26 - Iraurgi Berritzen","og_description":"Hoy se ha reunido Hezkuntza Gunea formado por los Directores de los 5 centros escolares de la comarca donde han compartido las prioridades 2025\/26 y acordado la planificaci\u00f3n de los proyectos a desarrollar a lo largo del curso.\u00a0 Entre las l\u00edneas de trabajo acordadas en com\u00fan:\u00a0 Seguimiento de la l\u00ednea de trabajo\u202f IKASIZ.\u00a0Creaci\u00f3n de espacios [&hellip;]","og_url":"https:\/\/iraurgiberritzen.eus\/es\/hezkuntza-gunea-acuerda-las-lineas-generales-de-trabajo-del-curso-25-26\/","og_site_name":"Iraurgi Berritzen","article_published_time":"2025-09-29T11:25:28+00:00","og_image":[{"width":2048,"height":1536,"url":"https:\/\/iraurgiberritzen.eus\/wp-content\/uploads\/2025\/09\/WhatsApp-Image-2024-09-27-at-12.40.32-2048x1536-2.jpeg","type":"image\/jpeg"}],"author":"ainara","twitter_card":"summary_large_image","twitter_misc":{"Escrito por":"ainara","Tiempo de lectura":"1 minuto"},"schema":{"@context":"https:\/\/schema.org","@graph":[{"@type":"Article","@id":"https:\/\/iraurgiberritzen.eus\/es\/hezkuntza-gunea-acuerda-las-lineas-generales-de-trabajo-del-curso-25-26\/#article","isPartOf":{"@id":"https:\/\/iraurgiberritzen.eus\/es\/hezkuntza-gunea-acuerda-las-lineas-generales-de-trabajo-del-curso-25-26\/"},"author":{"name":"ainara","@id":"https:\/\/iraurgiberritzen.eus\/es\/#\/schema\/person\/a32c9825b3e2bfcbe757a97f6a15c8a5"},"headline":"Hezkuntza Gunea acuerda las l\u00edneas generales de trabajo del curso 25\/26","datePublished":"2025-09-29T11:25:28+00:00","mainEntityOfPage":{"@id":"https:\/\/iraurgiberritzen.eus\/es\/hezkuntza-gunea-acuerda-las-lineas-generales-de-trabajo-del-curso-25-26\/"},"wordCount":199,"publisher":{"@id":"https:\/\/iraurgiberritzen.eus\/es\/#organization"},"image":{"@id":"https:\/\/iraurgiberritzen.eus\/es\/hezkuntza-gunea-acuerda-las-lineas-generales-de-trabajo-del-curso-25-26\/#primaryimage"},"thumbnailUrl":"https:\/\/iraurgiberritzen.eus\/wp-content\/uploads\/2025\/09\/WhatsApp-Image-2024-09-27-at-12.40.32-2048x1536-2.jpeg","articleSection":["Noticias"],"inLanguage":"es"},{"@type":"WebPage","@id":"https:\/\/iraurgiberritzen.eus\/es\/hezkuntza-gunea-acuerda-las-lineas-generales-de-trabajo-del-curso-25-26\/","url":"https:\/\/iraurgiberritzen.eus\/es\/hezkuntza-gunea-acuerda-las-lineas-generales-de-trabajo-del-curso-25-26\/","name":"Hezkuntza Gunea acuerda las l\u00edneas generales de trabajo del curso 25\/26 - Iraurgi Berritzen","isPartOf":{"@id":"https:\/\/iraurgiberritzen.eus\/es\/#website"},"primaryImageOfPage":{"@id":"https:\/\/iraurgiberritzen.eus\/es\/hezkuntza-gunea-acuerda-las-lineas-generales-de-trabajo-del-curso-25-26\/#primaryimage"},"image":{"@id":"https:\/\/iraurgiberritzen.eus\/es\/hezkuntza-gunea-acuerda-las-lineas-generales-de-trabajo-del-curso-25-26\/#primaryimage"},"thumbnailUrl":"https:\/\/iraurgiberritzen.eus\/wp-content\/uploads\/2025\/09\/WhatsApp-Image-2024-09-27-at-12.40.32-2048x1536-2.jpeg","datePublished":"2025-09-29T11:25:28+00:00","breadcrumb":{"@id":"https:\/\/iraurgiberritzen.eus\/es\/hezkuntza-gunea-acuerda-las-lineas-generales-de-trabajo-del-curso-25-26\/#breadcrumb"},"inLanguage":"es","potentialAction":[{"@type":"ReadAction","target":["https:\/\/iraurgiberritzen.eus\/es\/hezkuntza-gunea-acuerda-las-lineas-generales-de-trabajo-del-curso-25-26\/"]}]},{"@type":"ImageObject","inLanguage":"es","@id":"https:\/\/iraurgiberritzen.eus\/es\/hezkuntza-gunea-acuerda-las-lineas-generales-de-trabajo-del-curso-25-26\/#primaryimage","url":"https:\/\/iraurgiberritzen.eus\/wp-content\/uploads\/2025\/09\/WhatsApp-Image-2024-09-27-at-12.40.32-2048x1536-2.jpeg","contentUrl":"https:\/\/iraurgiberritzen.eus\/wp-content\/uploads\/2025\/09\/WhatsApp-Image-2024-09-27-at-12.40.32-2048x1536-2.jpeg","width":2048,"height":1536},{"@type":"BreadcrumbList","@id":"https:\/\/iraurgiberritzen.eus\/es\/hezkuntza-gunea-acuerda-las-lineas-generales-de-trabajo-del-curso-25-26\/#breadcrumb","itemListElement":[{"@type":"ListItem","position":1,"name":"Home","item":"https:\/\/iraurgiberritzen.eus\/es\/"},{"@type":"ListItem","position":2,"name":"Hezkuntza Gunea acuerda las l\u00edneas generales de trabajo del curso 25\/26"}]},{"@type":"WebSite","@id":"https:\/\/iraurgiberritzen.eus\/es\/#website","url":"https:\/\/iraurgiberritzen.eus\/es\/","name":"Iraurgi Berritzen","description":"Urola Erdiko Garapen Agentzia","publisher":{"@id":"https:\/\/iraurgiberritzen.eus\/es\/#organization"},"potentialAction":[{"@type":"SearchAction","target":{"@type":"EntryPoint","urlTemplate":"https:\/\/iraurgiberritzen.eus\/es\/?s={search_term_string}"},"query-input":{"@type":"PropertyValueSpecification","valueRequired":true,"valueName":"search_term_string"}}],"inLanguage":"es"},{"@type":"Organization","@id":"https:\/\/iraurgiberritzen.eus\/es\/#organization","name":"Iraurgi Berritzen","url":"https:\/\/iraurgiberritzen.eus\/es\/","logo":{"@type":"ImageObject","inLanguage":"es","@id":"https:\/\/iraurgiberritzen.eus\/es\/#\/schema\/logo\/image\/","url":"https:\/\/iraurgiberritzen.eus\/wp-content\/uploads\/2024\/02\/IRAURGI-BERRITZEN-logotipoa_2.png","contentUrl":"https:\/\/iraurgiberritzen.eus\/wp-content\/uploads\/2024\/02\/IRAURGI-BERRITZEN-logotipoa_2.png","width":496,"height":190,"caption":"Iraurgi Berritzen"},"image":{"@id":"https:\/\/iraurgiberritzen.eus\/es\/#\/schema\/logo\/image\/"}},{"@type":"Person","@id":"https:\/\/iraurgiberritzen.eus\/es\/#\/schema\/person\/a32c9825b3e2bfcbe757a97f6a15c8a5","name":"ainara"}]}},"_links":{"self":[{"href":"https:\/\/iraurgiberritzen.eus\/es\/wp-json\/wp\/v2\/posts\/24816","targetHints":{"allow":["GET"]}}],"collection":[{"href":"https:\/\/iraurgiberritzen.eus\/es\/wp-json\/wp\/v2\/posts"}],"about":[{"href":"https:\/\/iraurgiberritzen.eus\/es\/wp-json\/wp\/v2\/types\/post"}],"author":[{"embeddable":true,"href":"https:\/\/iraurgiberritzen.eus\/es\/wp-json\/wp\/v2\/users\/4"}],"replies":[{"embeddable":true,"href":"https:\/\/iraurgiberritzen.eus\/es\/wp-json\/wp\/v2\/comments?post=24816"}],"version-history":[{"count":1,"href":"https:\/\/iraurgiberritzen.eus\/es\/wp-json\/wp\/v2\/posts\/24816\/revisions"}],"predecessor-version":[{"id":24817,"href":"https:\/\/iraurgiberritzen.eus\/es\/wp-json\/wp\/v2\/posts\/24816\/revisions\/24817"}],"wp:featuredmedia":[{"embeddable":true,"href":"https:\/\/iraurgiberritzen.eus\/es\/wp-json\/wp\/v2\/media\/24814"}],"wp:attachment":[{"href":"https:\/\/iraurgiberritzen.eus\/es\/wp-json\/wp\/v2\/media?parent=24816"}],"wp:term":[{"taxonomy":"category","embeddable":true,"href":"https:\/\/iraurgiberritzen.eus\/es\/wp-json\/wp\/v2\/categories?post=24816"},{"taxonomy":"post_tag","embeddable":true,"href":"https:\/\/iraurgiberritzen.eus\/es\/wp-json\/wp\/v2\/tags?post=24816"}],"curies":[{"name":"wp","href":"https:\/\/api.w.org\/{rel}","templated":true}]}}