{"id":24842,"date":"2025-10-02T15:58:25","date_gmt":"2025-10-02T13:58:25","guid":{"rendered":"https:\/\/iraurgiberritzen.eus\/?p=24842"},"modified":"2025-10-02T16:08:49","modified_gmt":"2025-10-02T14:08:49","slug":"visita-de-agentes-turisticos-de-gipuzkoa-en-colaboracion-con-el-hub-turistico","status":"publish","type":"post","link":"https:\/\/iraurgiberritzen.eus\/es\/visita-de-agentes-turisticos-de-gipuzkoa-en-colaboracion-con-el-hub-turistico\/","title":{"rendered":"Visita de agentes tur\u00edsticos de Gipuzkoa en colaboraci\u00f3n con el HUB tur\u00edstico"},"content":{"rendered":"<p data-start=\"143\" data-end=\"389\">Iraurgi Berritzen, en colaboraci\u00f3n con el HUB tur\u00edstico impulsado por la Diputaci\u00f3n Foral, ha tra\u00eddo a un grupo de profesionales del sector tur\u00edstico del territorio para conocer de primera mano dos recursos y productos tur\u00edsticos de la comarca.<\/p>\n<p data-start=\"391\" data-end=\"641\">El grupo, formado por 20 personas, visit\u00f3 en primer lugar el Museo Mendietxe de Azpeitia. All\u00ed, de la mano del alpinista y promotor del museo, Alex Txikon, pudieron conocer tanto el museo como los proyectos que se est\u00e1n desarrollando en su entorno.<\/p>\n<p data-start=\"643\" data-end=\"1164\">Despu\u00e9s estuvieron en Azkoitia para conocer el producto tur\u00edstico \u201cZu ere pilotari\u201d, desarrollado aprovechando la estrecha relaci\u00f3n del pueblo con la pelota. El gu\u00eda Ander Ugarte realiz\u00f3 una visita hist\u00f3rico-cultural que comenz\u00f3 en el Kontzejupe y finaliz\u00f3 en el Pilotarte Jorge Oteiza, para terminar la jornada en el front\u00f3n GUREA. All\u00ed, Jon Orbegozo, nuevo \u201ckantxero\u201d de GURA, explic\u00f3 cuestiones relacionadas con el juego de la pelota, concluyendo la jornada con los integrantes del grupo jugando a pelota.<\/p>\n","protected":false},"excerpt":{"rendered":"<p>Iraurgi Berritzen, en colaboraci\u00f3n con el HUB tur\u00edstico impulsado por la Diputaci\u00f3n Foral, ha tra\u00eddo a un grupo de profesionales del sector tur\u00edstico del territorio para conocer de primera mano dos recursos y productos tur\u00edsticos de la comarca. El grupo, formado por 20 personas, visit\u00f3 en primer lugar el Museo Mendietxe de Azpeitia. All\u00ed, de [&hellip;]<\/p>\n","protected":false},"author":4,"featured_media":24840,"comment_status":"closed","ping_status":"closed","sticky":false,"template":"","format":"standard","meta":{"_acf_changed":false,"footnotes":""},"categories":[4],"tags":[],"class_list":["post-24842","post","type-post","status-publish","format-standard","has-post-thumbnail","hentry","category-noticias","arloak-turismo"],"acf":[],"yoast_head":"<!-- This site is optimized with the Yoast SEO plugin v27.4 - https:\/\/yoast.com\/product\/yoast-seo-wordpress\/ -->\n<title>Visita de agentes tur\u00edsticos de Gipuzkoa en colaboraci\u00f3n con el HUB tur\u00edstico - Iraurgi Berritzen<\/title>\n<meta name=\"robots\" content=\"index, follow, max-snippet:-1, max-image-preview:large, max-video-preview:-1\" \/>\n<link rel=\"canonical\" href=\"https:\/\/iraurgiberritzen.eus\/es\/visita-de-agentes-turisticos-de-gipuzkoa-en-colaboracion-con-el-hub-turistico\/\" \/>\n<meta property=\"og:locale\" content=\"es_ES\" \/>\n<meta property=\"og:type\" content=\"article\" \/>\n<meta property=\"og:title\" content=\"Visita de agentes tur\u00edsticos de Gipuzkoa en colaboraci\u00f3n con el HUB tur\u00edstico - Iraurgi Berritzen\" \/>\n<meta property=\"og:description\" content=\"Iraurgi Berritzen, en colaboraci\u00f3n con el HUB tur\u00edstico impulsado por la Diputaci\u00f3n Foral, ha tra\u00eddo a un grupo de profesionales del sector tur\u00edstico del territorio para conocer de primera mano dos recursos y productos tur\u00edsticos de la comarca. El grupo, formado por 20 personas, visit\u00f3 en primer lugar el Museo Mendietxe de Azpeitia. All\u00ed, de [&hellip;]\" \/>\n<meta property=\"og:url\" content=\"https:\/\/iraurgiberritzen.eus\/es\/visita-de-agentes-turisticos-de-gipuzkoa-en-colaboracion-con-el-hub-turistico\/\" \/>\n<meta property=\"og:site_name\" content=\"Iraurgi Berritzen\" \/>\n<meta property=\"article:published_time\" content=\"2025-10-02T13:58:25+00:00\" \/>\n<meta property=\"article:modified_time\" content=\"2025-10-02T14:08:49+00:00\" \/>\n<meta property=\"og:image\" content=\"https:\/\/iraurgiberritzen.eus\/wp-content\/uploads\/2025\/10\/WhatsApp-Image-2025-10-01-at-13.52.37.jpeg\" \/>\n\t<meta property=\"og:image:width\" content=\"1201\" \/>\n\t<meta property=\"og:image:height\" content=\"1201\" \/>\n\t<meta property=\"og:image:type\" content=\"image\/jpeg\" \/>\n<meta name=\"author\" content=\"ainara\" \/>\n<meta name=\"twitter:card\" content=\"summary_large_image\" \/>\n<meta name=\"twitter:label1\" content=\"Escrito por\" \/>\n\t<meta name=\"twitter:data1\" content=\"ainara\" \/>\n\t<meta name=\"twitter:label2\" content=\"Tiempo de lectura\" \/>\n\t<meta name=\"twitter:data2\" content=\"2 minutos\" \/>\n<script type=\"application\/ld+json\" class=\"yoast-schema-graph\">{\"@context\":\"https:\\\/\\\/schema.org\",\"@graph\":[{\"@type\":\"Article\",\"@id\":\"https:\\\/\\\/iraurgiberritzen.eus\\\/es\\\/visita-de-agentes-turisticos-de-gipuzkoa-en-colaboracion-con-el-hub-turistico\\\/#article\",\"isPartOf\":{\"@id\":\"https:\\\/\\\/iraurgiberritzen.eus\\\/es\\\/visita-de-agentes-turisticos-de-gipuzkoa-en-colaboracion-con-el-hub-turistico\\\/\"},\"author\":{\"name\":\"ainara\",\"@id\":\"https:\\\/\\\/iraurgiberritzen.eus\\\/es\\\/#\\\/schema\\\/person\\\/a32c9825b3e2bfcbe757a97f6a15c8a5\"},\"headline\":\"Visita de agentes tur\u00edsticos de Gipuzkoa en colaboraci\u00f3n con el HUB tur\u00edstico\",\"datePublished\":\"2025-10-02T13:58:25+00:00\",\"dateModified\":\"2025-10-02T14:08:49+00:00\",\"mainEntityOfPage\":{\"@id\":\"https:\\\/\\\/iraurgiberritzen.eus\\\/es\\\/visita-de-agentes-turisticos-de-gipuzkoa-en-colaboracion-con-el-hub-turistico\\\/\"},\"wordCount\":184,\"publisher\":{\"@id\":\"https:\\\/\\\/iraurgiberritzen.eus\\\/es\\\/#organization\"},\"image\":{\"@id\":\"https:\\\/\\\/iraurgiberritzen.eus\\\/es\\\/visita-de-agentes-turisticos-de-gipuzkoa-en-colaboracion-con-el-hub-turistico\\\/#primaryimage\"},\"thumbnailUrl\":\"https:\\\/\\\/iraurgiberritzen.eus\\\/wp-content\\\/uploads\\\/2025\\\/10\\\/WhatsApp-Image-2025-10-01-at-13.52.37.jpeg\",\"articleSection\":[\"Noticias\"],\"inLanguage\":\"es\"},{\"@type\":\"WebPage\",\"@id\":\"https:\\\/\\\/iraurgiberritzen.eus\\\/es\\\/visita-de-agentes-turisticos-de-gipuzkoa-en-colaboracion-con-el-hub-turistico\\\/\",\"url\":\"https:\\\/\\\/iraurgiberritzen.eus\\\/es\\\/visita-de-agentes-turisticos-de-gipuzkoa-en-colaboracion-con-el-hub-turistico\\\/\",\"name\":\"Visita de agentes tur\u00edsticos de Gipuzkoa en colaboraci\u00f3n con el HUB tur\u00edstico - Iraurgi Berritzen\",\"isPartOf\":{\"@id\":\"https:\\\/\\\/iraurgiberritzen.eus\\\/es\\\/#website\"},\"primaryImageOfPage\":{\"@id\":\"https:\\\/\\\/iraurgiberritzen.eus\\\/es\\\/visita-de-agentes-turisticos-de-gipuzkoa-en-colaboracion-con-el-hub-turistico\\\/#primaryimage\"},\"image\":{\"@id\":\"https:\\\/\\\/iraurgiberritzen.eus\\\/es\\\/visita-de-agentes-turisticos-de-gipuzkoa-en-colaboracion-con-el-hub-turistico\\\/#primaryimage\"},\"thumbnailUrl\":\"https:\\\/\\\/iraurgiberritzen.eus\\\/wp-content\\\/uploads\\\/2025\\\/10\\\/WhatsApp-Image-2025-10-01-at-13.52.37.jpeg\",\"datePublished\":\"2025-10-02T13:58:25+00:00\",\"dateModified\":\"2025-10-02T14:08:49+00:00\",\"breadcrumb\":{\"@id\":\"https:\\\/\\\/iraurgiberritzen.eus\\\/es\\\/visita-de-agentes-turisticos-de-gipuzkoa-en-colaboracion-con-el-hub-turistico\\\/#breadcrumb\"},\"inLanguage\":\"es\",\"potentialAction\":[{\"@type\":\"ReadAction\",\"target\":[\"https:\\\/\\\/iraurgiberritzen.eus\\\/es\\\/visita-de-agentes-turisticos-de-gipuzkoa-en-colaboracion-con-el-hub-turistico\\\/\"]}]},{\"@type\":\"ImageObject\",\"inLanguage\":\"es\",\"@id\":\"https:\\\/\\\/iraurgiberritzen.eus\\\/es\\\/visita-de-agentes-turisticos-de-gipuzkoa-en-colaboracion-con-el-hub-turistico\\\/#primaryimage\",\"url\":\"https:\\\/\\\/iraurgiberritzen.eus\\\/wp-content\\\/uploads\\\/2025\\\/10\\\/WhatsApp-Image-2025-10-01-at-13.52.37.jpeg\",\"contentUrl\":\"https:\\\/\\\/iraurgiberritzen.eus\\\/wp-content\\\/uploads\\\/2025\\\/10\\\/WhatsApp-Image-2025-10-01-at-13.52.37.jpeg\",\"width\":1201,\"height\":1201},{\"@type\":\"BreadcrumbList\",\"@id\":\"https:\\\/\\\/iraurgiberritzen.eus\\\/es\\\/visita-de-agentes-turisticos-de-gipuzkoa-en-colaboracion-con-el-hub-turistico\\\/#breadcrumb\",\"itemListElement\":[{\"@type\":\"ListItem\",\"position\":1,\"name\":\"Home\",\"item\":\"https:\\\/\\\/iraurgiberritzen.eus\\\/es\\\/\"},{\"@type\":\"ListItem\",\"position\":2,\"name\":\"Visita de agentes tur\u00edsticos de Gipuzkoa en colaboraci\u00f3n con el HUB tur\u00edstico\"}]},{\"@type\":\"WebSite\",\"@id\":\"https:\\\/\\\/iraurgiberritzen.eus\\\/es\\\/#website\",\"url\":\"https:\\\/\\\/iraurgiberritzen.eus\\\/es\\\/\",\"name\":\"Iraurgi Berritzen\",\"description\":\"Urola Erdiko Garapen Agentzia\",\"publisher\":{\"@id\":\"https:\\\/\\\/iraurgiberritzen.eus\\\/es\\\/#organization\"},\"potentialAction\":[{\"@type\":\"SearchAction\",\"target\":{\"@type\":\"EntryPoint\",\"urlTemplate\":\"https:\\\/\\\/iraurgiberritzen.eus\\\/es\\\/?s={search_term_string}\"},\"query-input\":{\"@type\":\"PropertyValueSpecification\",\"valueRequired\":true,\"valueName\":\"search_term_string\"}}],\"inLanguage\":\"es\"},{\"@type\":\"Organization\",\"@id\":\"https:\\\/\\\/iraurgiberritzen.eus\\\/es\\\/#organization\",\"name\":\"Iraurgi Berritzen\",\"url\":\"https:\\\/\\\/iraurgiberritzen.eus\\\/es\\\/\",\"logo\":{\"@type\":\"ImageObject\",\"inLanguage\":\"es\",\"@id\":\"https:\\\/\\\/iraurgiberritzen.eus\\\/es\\\/#\\\/schema\\\/logo\\\/image\\\/\",\"url\":\"https:\\\/\\\/iraurgiberritzen.eus\\\/wp-content\\\/uploads\\\/2024\\\/02\\\/IRAURGI-BERRITZEN-logotipoa_2.png\",\"contentUrl\":\"https:\\\/\\\/iraurgiberritzen.eus\\\/wp-content\\\/uploads\\\/2024\\\/02\\\/IRAURGI-BERRITZEN-logotipoa_2.png\",\"width\":496,\"height\":190,\"caption\":\"Iraurgi Berritzen\"},\"image\":{\"@id\":\"https:\\\/\\\/iraurgiberritzen.eus\\\/es\\\/#\\\/schema\\\/logo\\\/image\\\/\"}},{\"@type\":\"Person\",\"@id\":\"https:\\\/\\\/iraurgiberritzen.eus\\\/es\\\/#\\\/schema\\\/person\\\/a32c9825b3e2bfcbe757a97f6a15c8a5\",\"name\":\"ainara\"}]}<\/script>\n<!-- \/ Yoast SEO plugin. -->","yoast_head_json":{"title":"Visita de agentes tur\u00edsticos de Gipuzkoa en colaboraci\u00f3n con el HUB tur\u00edstico - Iraurgi Berritzen","robots":{"index":"index","follow":"follow","max-snippet":"max-snippet:-1","max-image-preview":"max-image-preview:large","max-video-preview":"max-video-preview:-1"},"canonical":"https:\/\/iraurgiberritzen.eus\/es\/visita-de-agentes-turisticos-de-gipuzkoa-en-colaboracion-con-el-hub-turistico\/","og_locale":"es_ES","og_type":"article","og_title":"Visita de agentes tur\u00edsticos de Gipuzkoa en colaboraci\u00f3n con el HUB tur\u00edstico - Iraurgi Berritzen","og_description":"Iraurgi Berritzen, en colaboraci\u00f3n con el HUB tur\u00edstico impulsado por la Diputaci\u00f3n Foral, ha tra\u00eddo a un grupo de profesionales del sector tur\u00edstico del territorio para conocer de primera mano dos recursos y productos tur\u00edsticos de la comarca. El grupo, formado por 20 personas, visit\u00f3 en primer lugar el Museo Mendietxe de Azpeitia. All\u00ed, de [&hellip;]","og_url":"https:\/\/iraurgiberritzen.eus\/es\/visita-de-agentes-turisticos-de-gipuzkoa-en-colaboracion-con-el-hub-turistico\/","og_site_name":"Iraurgi Berritzen","article_published_time":"2025-10-02T13:58:25+00:00","article_modified_time":"2025-10-02T14:08:49+00:00","og_image":[{"width":1201,"height":1201,"url":"https:\/\/iraurgiberritzen.eus\/wp-content\/uploads\/2025\/10\/WhatsApp-Image-2025-10-01-at-13.52.37.jpeg","type":"image\/jpeg"}],"author":"ainara","twitter_card":"summary_large_image","twitter_misc":{"Escrito por":"ainara","Tiempo de lectura":"2 minutos"},"schema":{"@context":"https:\/\/schema.org","@graph":[{"@type":"Article","@id":"https:\/\/iraurgiberritzen.eus\/es\/visita-de-agentes-turisticos-de-gipuzkoa-en-colaboracion-con-el-hub-turistico\/#article","isPartOf":{"@id":"https:\/\/iraurgiberritzen.eus\/es\/visita-de-agentes-turisticos-de-gipuzkoa-en-colaboracion-con-el-hub-turistico\/"},"author":{"name":"ainara","@id":"https:\/\/iraurgiberritzen.eus\/es\/#\/schema\/person\/a32c9825b3e2bfcbe757a97f6a15c8a5"},"headline":"Visita de agentes tur\u00edsticos de Gipuzkoa en colaboraci\u00f3n con el HUB tur\u00edstico","datePublished":"2025-10-02T13:58:25+00:00","dateModified":"2025-10-02T14:08:49+00:00","mainEntityOfPage":{"@id":"https:\/\/iraurgiberritzen.eus\/es\/visita-de-agentes-turisticos-de-gipuzkoa-en-colaboracion-con-el-hub-turistico\/"},"wordCount":184,"publisher":{"@id":"https:\/\/iraurgiberritzen.eus\/es\/#organization"},"image":{"@id":"https:\/\/iraurgiberritzen.eus\/es\/visita-de-agentes-turisticos-de-gipuzkoa-en-colaboracion-con-el-hub-turistico\/#primaryimage"},"thumbnailUrl":"https:\/\/iraurgiberritzen.eus\/wp-content\/uploads\/2025\/10\/WhatsApp-Image-2025-10-01-at-13.52.37.jpeg","articleSection":["Noticias"],"inLanguage":"es"},{"@type":"WebPage","@id":"https:\/\/iraurgiberritzen.eus\/es\/visita-de-agentes-turisticos-de-gipuzkoa-en-colaboracion-con-el-hub-turistico\/","url":"https:\/\/iraurgiberritzen.eus\/es\/visita-de-agentes-turisticos-de-gipuzkoa-en-colaboracion-con-el-hub-turistico\/","name":"Visita de agentes tur\u00edsticos de Gipuzkoa en colaboraci\u00f3n con el HUB tur\u00edstico - Iraurgi Berritzen","isPartOf":{"@id":"https:\/\/iraurgiberritzen.eus\/es\/#website"},"primaryImageOfPage":{"@id":"https:\/\/iraurgiberritzen.eus\/es\/visita-de-agentes-turisticos-de-gipuzkoa-en-colaboracion-con-el-hub-turistico\/#primaryimage"},"image":{"@id":"https:\/\/iraurgiberritzen.eus\/es\/visita-de-agentes-turisticos-de-gipuzkoa-en-colaboracion-con-el-hub-turistico\/#primaryimage"},"thumbnailUrl":"https:\/\/iraurgiberritzen.eus\/wp-content\/uploads\/2025\/10\/WhatsApp-Image-2025-10-01-at-13.52.37.jpeg","datePublished":"2025-10-02T13:58:25+00:00","dateModified":"2025-10-02T14:08:49+00:00","breadcrumb":{"@id":"https:\/\/iraurgiberritzen.eus\/es\/visita-de-agentes-turisticos-de-gipuzkoa-en-colaboracion-con-el-hub-turistico\/#breadcrumb"},"inLanguage":"es","potentialAction":[{"@type":"ReadAction","target":["https:\/\/iraurgiberritzen.eus\/es\/visita-de-agentes-turisticos-de-gipuzkoa-en-colaboracion-con-el-hub-turistico\/"]}]},{"@type":"ImageObject","inLanguage":"es","@id":"https:\/\/iraurgiberritzen.eus\/es\/visita-de-agentes-turisticos-de-gipuzkoa-en-colaboracion-con-el-hub-turistico\/#primaryimage","url":"https:\/\/iraurgiberritzen.eus\/wp-content\/uploads\/2025\/10\/WhatsApp-Image-2025-10-01-at-13.52.37.jpeg","contentUrl":"https:\/\/iraurgiberritzen.eus\/wp-content\/uploads\/2025\/10\/WhatsApp-Image-2025-10-01-at-13.52.37.jpeg","width":1201,"height":1201},{"@type":"BreadcrumbList","@id":"https:\/\/iraurgiberritzen.eus\/es\/visita-de-agentes-turisticos-de-gipuzkoa-en-colaboracion-con-el-hub-turistico\/#breadcrumb","itemListElement":[{"@type":"ListItem","position":1,"name":"Home","item":"https:\/\/iraurgiberritzen.eus\/es\/"},{"@type":"ListItem","position":2,"name":"Visita de agentes tur\u00edsticos de Gipuzkoa en colaboraci\u00f3n con el HUB tur\u00edstico"}]},{"@type":"WebSite","@id":"https:\/\/iraurgiberritzen.eus\/es\/#website","url":"https:\/\/iraurgiberritzen.eus\/es\/","name":"Iraurgi Berritzen","description":"Urola Erdiko Garapen Agentzia","publisher":{"@id":"https:\/\/iraurgiberritzen.eus\/es\/#organization"},"potentialAction":[{"@type":"SearchAction","target":{"@type":"EntryPoint","urlTemplate":"https:\/\/iraurgiberritzen.eus\/es\/?s={search_term_string}"},"query-input":{"@type":"PropertyValueSpecification","valueRequired":true,"valueName":"search_term_string"}}],"inLanguage":"es"},{"@type":"Organization","@id":"https:\/\/iraurgiberritzen.eus\/es\/#organization","name":"Iraurgi Berritzen","url":"https:\/\/iraurgiberritzen.eus\/es\/","logo":{"@type":"ImageObject","inLanguage":"es","@id":"https:\/\/iraurgiberritzen.eus\/es\/#\/schema\/logo\/image\/","url":"https:\/\/iraurgiberritzen.eus\/wp-content\/uploads\/2024\/02\/IRAURGI-BERRITZEN-logotipoa_2.png","contentUrl":"https:\/\/iraurgiberritzen.eus\/wp-content\/uploads\/2024\/02\/IRAURGI-BERRITZEN-logotipoa_2.png","width":496,"height":190,"caption":"Iraurgi Berritzen"},"image":{"@id":"https:\/\/iraurgiberritzen.eus\/es\/#\/schema\/logo\/image\/"}},{"@type":"Person","@id":"https:\/\/iraurgiberritzen.eus\/es\/#\/schema\/person\/a32c9825b3e2bfcbe757a97f6a15c8a5","name":"ainara"}]}},"_links":{"self":[{"href":"https:\/\/iraurgiberritzen.eus\/es\/wp-json\/wp\/v2\/posts\/24842","targetHints":{"allow":["GET"]}}],"collection":[{"href":"https:\/\/iraurgiberritzen.eus\/es\/wp-json\/wp\/v2\/posts"}],"about":[{"href":"https:\/\/iraurgiberritzen.eus\/es\/wp-json\/wp\/v2\/types\/post"}],"author":[{"embeddable":true,"href":"https:\/\/iraurgiberritzen.eus\/es\/wp-json\/wp\/v2\/users\/4"}],"replies":[{"embeddable":true,"href":"https:\/\/iraurgiberritzen.eus\/es\/wp-json\/wp\/v2\/comments?post=24842"}],"version-history":[{"count":2,"href":"https:\/\/iraurgiberritzen.eus\/es\/wp-json\/wp\/v2\/posts\/24842\/revisions"}],"predecessor-version":[{"id":24869,"href":"https:\/\/iraurgiberritzen.eus\/es\/wp-json\/wp\/v2\/posts\/24842\/revisions\/24869"}],"wp:featuredmedia":[{"embeddable":true,"href":"https:\/\/iraurgiberritzen.eus\/es\/wp-json\/wp\/v2\/media\/24840"}],"wp:attachment":[{"href":"https:\/\/iraurgiberritzen.eus\/es\/wp-json\/wp\/v2\/media?parent=24842"}],"wp:term":[{"taxonomy":"category","embeddable":true,"href":"https:\/\/iraurgiberritzen.eus\/es\/wp-json\/wp\/v2\/categories?post=24842"},{"taxonomy":"post_tag","embeddable":true,"href":"https:\/\/iraurgiberritzen.eus\/es\/wp-json\/wp\/v2\/tags?post=24842"}],"curies":[{"name":"wp","href":"https:\/\/api.w.org\/{rel}","templated":true}]}}