{"id":24914,"date":"2025-10-09T22:53:06","date_gmt":"2025-10-09T20:53:06","guid":{"rendered":"https:\/\/iraurgiberritzen.eus\/?p=24914"},"modified":"2025-10-09T22:53:06","modified_gmt":"2025-10-09T20:53:06","slug":"urola-erdia-refuerza-su-compromiso-con-la-economia-circular-a-traves-del-proyecto-urekonomizatuz","status":"publish","type":"post","link":"https:\/\/iraurgiberritzen.eus\/es\/urola-erdia-refuerza-su-compromiso-con-la-economia-circular-a-traves-del-proyecto-urekonomizatuz\/","title":{"rendered":"Urola Erdia refuerza su compromiso con la econom\u00eda circular a trav\u00e9s del proyecto UrEKOnomizaTUZ"},"content":{"rendered":"<p><span data-contrast=\"auto\">Hoy se ha celebrado la <\/span><b><span data-contrast=\"auto\">sesi\u00f3n de cierre del proyecto UrEKOnomizaTUZ<\/span><\/b><span data-contrast=\"auto\">, con la participaci\u00f3n de diversas empresas de la comarca. Esta iniciativa, liderada por <\/span><b><span data-contrast=\"auto\">Iraurgi Berritzen<\/span><\/b><span data-contrast=\"auto\">, ha tenido un objetivo claro: <\/span><b><span data-contrast=\"auto\">evaluar y mejorar el impacto ambiental de las principales cadenas de valor de Urola Erdia<\/span><\/b><span data-contrast=\"auto\"> \u2014transformaci\u00f3n metalmec\u00e1nica, maquinaria y equipos, y alimentaci\u00f3n\u2014.<\/span><span data-ccp-props=\"{&quot;134233117&quot;:false,&quot;134233118&quot;:false,&quot;335559738&quot;:240,&quot;335559739&quot;:240}\">\u00a0<\/span><\/p>\n<p><span data-contrast=\"auto\">A lo largo del proyecto se ha utilizado la <\/span><b><span data-contrast=\"auto\">herramienta CCC (Climate &amp; Circularity Calculator)<\/span><\/b><span data-contrast=\"auto\"> desarrollada por <\/span><b><span data-contrast=\"auto\">IHOBE<\/span><\/b><span data-contrast=\"auto\">. Gracias a ella, las empresas participantes han podido <\/span><b><span data-contrast=\"auto\">calcular su huella ambiental corporativa (HAC)<\/span><\/b><span data-contrast=\"auto\">, identificar oportunidades de reducci\u00f3n de impacto y definir <\/span><b><span data-contrast=\"auto\">una hoja de ruta espec\u00edfica para la mejora ambiental<\/span><\/b><span data-contrast=\"auto\">, adem\u00e1s de <\/span><b><span data-contrast=\"auto\">establecer una estrategia de gobernanza de datos<\/span><\/b><span data-contrast=\"auto\"> que sienta las bases para la mejora continua.<\/span><span data-ccp-props=\"{&quot;134233117&quot;:false,&quot;134233118&quot;:false,&quot;335559738&quot;:240,&quot;335559739&quot;:240}\">\u00a0<\/span><\/p>\n<p><span data-contrast=\"auto\">Al final de la sesi\u00f3n, las empresas <\/span><b><span data-contrast=\"auto\">EKINTZA, ELMUBAS y GLUAL<\/span><\/b><span data-contrast=\"auto\"> han compartido con otras empresas del sector industrial de <\/span><b><span data-contrast=\"auto\">Urola Erdia<\/span><\/b><span data-contrast=\"auto\"> la experiencia que han tenido a lo largo de este proyecto, tanto en lo relativo al <\/span><b><span data-contrast=\"auto\">c\u00e1lculo de la huella ambiental<\/span><\/b><span data-contrast=\"auto\">, como en los <\/span><b><span data-contrast=\"auto\">avances realizados en la gesti\u00f3n y gobernanza de los datos<\/span><\/b><span data-contrast=\"auto\">.<\/span><span data-ccp-props=\"{&quot;134233117&quot;:false,&quot;134233118&quot;:false,&quot;335559738&quot;:240,&quot;335559739&quot;:240}\">\u00a0<\/span><\/p>\n<p><span data-contrast=\"auto\">El proyecto <\/span><b><span data-contrast=\"auto\">UrEKOnomizaTUZ<\/span><\/b><span data-contrast=\"auto\"> ha sido una iniciativa <\/span><b><span data-contrast=\"auto\">financiada por IHOBE<\/span><\/b><span data-contrast=\"auto\"> y se enmarca dentro de la <\/span><b><span data-contrast=\"auto\">estrategia de Iraurgi Berritzen<\/span><\/b><span data-contrast=\"auto\"> para <\/span><b><span data-contrast=\"auto\">impulsar la transici\u00f3n ecol\u00f3gica<\/span><\/b><span data-contrast=\"auto\"> y <\/span><b><span data-contrast=\"auto\">reforzar la sostenibilidad<\/span><\/b><span data-contrast=\"auto\"> de las empresas industriales de la comarca. En este sentido, la iniciativa ha supuesto un <\/span><b><span data-contrast=\"auto\">paso significativo a favor de la transici\u00f3n sostenible del territorio<\/span><\/b><span data-contrast=\"auto\">, consolidando la <\/span><b><span data-contrast=\"auto\">apuesta colectiva por la econom\u00eda circular y la eficiencia energ\u00e9tica<\/span><\/b><span data-contrast=\"auto\">.<\/span><span data-ccp-props=\"{&quot;134233117&quot;:false,&quot;134233118&quot;:false,&quot;201341983&quot;:0,&quot;335551550&quot;:6,&quot;335551620&quot;:6,&quot;335559685&quot;:0,&quot;335559737&quot;:0,&quot;335559738&quot;:240,&quot;335559739&quot;:240,&quot;335559740&quot;:279}\">\u00a0<\/span><\/p>\n<p><span data-ccp-props=\"{&quot;134233117&quot;:false,&quot;134233118&quot;:false,&quot;335559738&quot;:240,&quot;335559739&quot;:240}\">\u00a0<\/span><\/p>\n","protected":false},"excerpt":{"rendered":"<p>Hoy se ha celebrado la sesi\u00f3n de cierre del proyecto UrEKOnomizaTUZ, con la participaci\u00f3n de diversas empresas de la comarca. Esta iniciativa, liderada por Iraurgi Berritzen, ha tenido un objetivo claro: evaluar y mejorar el impacto ambiental de las principales cadenas de valor de Urola Erdia \u2014transformaci\u00f3n metalmec\u00e1nica, maquinaria y equipos, y alimentaci\u00f3n\u2014.\u00a0 A lo [&hellip;]<\/p>\n","protected":false},"author":4,"featured_media":24912,"comment_status":"closed","ping_status":"closed","sticky":false,"template":"","format":"standard","meta":{"_acf_changed":false,"footnotes":""},"categories":[4],"tags":[],"class_list":["post-24914","post","type-post","status-publish","format-standard","has-post-thumbnail","hentry","category-noticias","arloak-enpresa"],"acf":[],"yoast_head":"<!-- This site is optimized with the Yoast SEO plugin v27.4 - https:\/\/yoast.com\/product\/yoast-seo-wordpress\/ -->\n<title>Urola Erdia refuerza su compromiso con la econom\u00eda circular a trav\u00e9s del proyecto UrEKOnomizaTUZ - Iraurgi Berritzen<\/title>\n<meta name=\"robots\" content=\"index, follow, max-snippet:-1, max-image-preview:large, max-video-preview:-1\" \/>\n<link rel=\"canonical\" href=\"https:\/\/iraurgiberritzen.eus\/es\/urola-erdia-refuerza-su-compromiso-con-la-economia-circular-a-traves-del-proyecto-urekonomizatuz\/\" \/>\n<meta property=\"og:locale\" content=\"es_ES\" \/>\n<meta property=\"og:type\" content=\"article\" \/>\n<meta property=\"og:title\" content=\"Urola Erdia refuerza su compromiso con la econom\u00eda circular a trav\u00e9s del proyecto UrEKOnomizaTUZ - Iraurgi Berritzen\" \/>\n<meta property=\"og:description\" content=\"Hoy se ha celebrado la sesi\u00f3n de cierre del proyecto UrEKOnomizaTUZ, con la participaci\u00f3n de diversas empresas de la comarca. Esta iniciativa, liderada por Iraurgi Berritzen, ha tenido un objetivo claro: evaluar y mejorar el impacto ambiental de las principales cadenas de valor de Urola Erdia \u2014transformaci\u00f3n metalmec\u00e1nica, maquinaria y equipos, y alimentaci\u00f3n\u2014.\u00a0 A lo [&hellip;]\" \/>\n<meta property=\"og:url\" content=\"https:\/\/iraurgiberritzen.eus\/es\/urola-erdia-refuerza-su-compromiso-con-la-economia-circular-a-traves-del-proyecto-urekonomizatuz\/\" \/>\n<meta property=\"og:site_name\" content=\"Iraurgi Berritzen\" \/>\n<meta property=\"article:published_time\" content=\"2025-10-09T20:53:06+00:00\" \/>\n<meta property=\"og:image\" content=\"https:\/\/iraurgiberritzen.eus\/wp-content\/uploads\/2025\/10\/WhatsApp-Image-2025-10-09-at-12.59.16.jpeg\" \/>\n\t<meta property=\"og:image:width\" content=\"1600\" \/>\n\t<meta property=\"og:image:height\" content=\"1200\" \/>\n\t<meta property=\"og:image:type\" content=\"image\/jpeg\" \/>\n<meta name=\"author\" content=\"ainara\" \/>\n<meta name=\"twitter:card\" content=\"summary_large_image\" \/>\n<meta name=\"twitter:label1\" content=\"Escrito por\" \/>\n\t<meta name=\"twitter:data1\" content=\"ainara\" \/>\n\t<meta name=\"twitter:label2\" content=\"Tiempo de lectura\" \/>\n\t<meta name=\"twitter:data2\" content=\"2 minutos\" \/>\n<script type=\"application\/ld+json\" class=\"yoast-schema-graph\">{\"@context\":\"https:\\\/\\\/schema.org\",\"@graph\":[{\"@type\":\"Article\",\"@id\":\"https:\\\/\\\/iraurgiberritzen.eus\\\/es\\\/urola-erdia-refuerza-su-compromiso-con-la-economia-circular-a-traves-del-proyecto-urekonomizatuz\\\/#article\",\"isPartOf\":{\"@id\":\"https:\\\/\\\/iraurgiberritzen.eus\\\/es\\\/urola-erdia-refuerza-su-compromiso-con-la-economia-circular-a-traves-del-proyecto-urekonomizatuz\\\/\"},\"author\":{\"name\":\"ainara\",\"@id\":\"https:\\\/\\\/iraurgiberritzen.eus\\\/es\\\/#\\\/schema\\\/person\\\/a32c9825b3e2bfcbe757a97f6a15c8a5\"},\"headline\":\"Urola Erdia refuerza su compromiso con la econom\u00eda circular a trav\u00e9s del proyecto UrEKOnomizaTUZ\",\"datePublished\":\"2025-10-09T20:53:06+00:00\",\"mainEntityOfPage\":{\"@id\":\"https:\\\/\\\/iraurgiberritzen.eus\\\/es\\\/urola-erdia-refuerza-su-compromiso-con-la-economia-circular-a-traves-del-proyecto-urekonomizatuz\\\/\"},\"wordCount\":273,\"publisher\":{\"@id\":\"https:\\\/\\\/iraurgiberritzen.eus\\\/es\\\/#organization\"},\"image\":{\"@id\":\"https:\\\/\\\/iraurgiberritzen.eus\\\/es\\\/urola-erdia-refuerza-su-compromiso-con-la-economia-circular-a-traves-del-proyecto-urekonomizatuz\\\/#primaryimage\"},\"thumbnailUrl\":\"https:\\\/\\\/iraurgiberritzen.eus\\\/wp-content\\\/uploads\\\/2025\\\/10\\\/WhatsApp-Image-2025-10-09-at-12.59.16.jpeg\",\"articleSection\":[\"Noticias\"],\"inLanguage\":\"es\"},{\"@type\":\"WebPage\",\"@id\":\"https:\\\/\\\/iraurgiberritzen.eus\\\/es\\\/urola-erdia-refuerza-su-compromiso-con-la-economia-circular-a-traves-del-proyecto-urekonomizatuz\\\/\",\"url\":\"https:\\\/\\\/iraurgiberritzen.eus\\\/es\\\/urola-erdia-refuerza-su-compromiso-con-la-economia-circular-a-traves-del-proyecto-urekonomizatuz\\\/\",\"name\":\"Urola Erdia refuerza su compromiso con la econom\u00eda circular a trav\u00e9s del proyecto UrEKOnomizaTUZ - Iraurgi Berritzen\",\"isPartOf\":{\"@id\":\"https:\\\/\\\/iraurgiberritzen.eus\\\/es\\\/#website\"},\"primaryImageOfPage\":{\"@id\":\"https:\\\/\\\/iraurgiberritzen.eus\\\/es\\\/urola-erdia-refuerza-su-compromiso-con-la-economia-circular-a-traves-del-proyecto-urekonomizatuz\\\/#primaryimage\"},\"image\":{\"@id\":\"https:\\\/\\\/iraurgiberritzen.eus\\\/es\\\/urola-erdia-refuerza-su-compromiso-con-la-economia-circular-a-traves-del-proyecto-urekonomizatuz\\\/#primaryimage\"},\"thumbnailUrl\":\"https:\\\/\\\/iraurgiberritzen.eus\\\/wp-content\\\/uploads\\\/2025\\\/10\\\/WhatsApp-Image-2025-10-09-at-12.59.16.jpeg\",\"datePublished\":\"2025-10-09T20:53:06+00:00\",\"breadcrumb\":{\"@id\":\"https:\\\/\\\/iraurgiberritzen.eus\\\/es\\\/urola-erdia-refuerza-su-compromiso-con-la-economia-circular-a-traves-del-proyecto-urekonomizatuz\\\/#breadcrumb\"},\"inLanguage\":\"es\",\"potentialAction\":[{\"@type\":\"ReadAction\",\"target\":[\"https:\\\/\\\/iraurgiberritzen.eus\\\/es\\\/urola-erdia-refuerza-su-compromiso-con-la-economia-circular-a-traves-del-proyecto-urekonomizatuz\\\/\"]}]},{\"@type\":\"ImageObject\",\"inLanguage\":\"es\",\"@id\":\"https:\\\/\\\/iraurgiberritzen.eus\\\/es\\\/urola-erdia-refuerza-su-compromiso-con-la-economia-circular-a-traves-del-proyecto-urekonomizatuz\\\/#primaryimage\",\"url\":\"https:\\\/\\\/iraurgiberritzen.eus\\\/wp-content\\\/uploads\\\/2025\\\/10\\\/WhatsApp-Image-2025-10-09-at-12.59.16.jpeg\",\"contentUrl\":\"https:\\\/\\\/iraurgiberritzen.eus\\\/wp-content\\\/uploads\\\/2025\\\/10\\\/WhatsApp-Image-2025-10-09-at-12.59.16.jpeg\",\"width\":1600,\"height\":1200},{\"@type\":\"BreadcrumbList\",\"@id\":\"https:\\\/\\\/iraurgiberritzen.eus\\\/es\\\/urola-erdia-refuerza-su-compromiso-con-la-economia-circular-a-traves-del-proyecto-urekonomizatuz\\\/#breadcrumb\",\"itemListElement\":[{\"@type\":\"ListItem\",\"position\":1,\"name\":\"Home\",\"item\":\"https:\\\/\\\/iraurgiberritzen.eus\\\/es\\\/\"},{\"@type\":\"ListItem\",\"position\":2,\"name\":\"Urola Erdia refuerza su compromiso con la econom\u00eda circular a trav\u00e9s del proyecto UrEKOnomizaTUZ\"}]},{\"@type\":\"WebSite\",\"@id\":\"https:\\\/\\\/iraurgiberritzen.eus\\\/es\\\/#website\",\"url\":\"https:\\\/\\\/iraurgiberritzen.eus\\\/es\\\/\",\"name\":\"Iraurgi Berritzen\",\"description\":\"Urola Erdiko Garapen Agentzia\",\"publisher\":{\"@id\":\"https:\\\/\\\/iraurgiberritzen.eus\\\/es\\\/#organization\"},\"potentialAction\":[{\"@type\":\"SearchAction\",\"target\":{\"@type\":\"EntryPoint\",\"urlTemplate\":\"https:\\\/\\\/iraurgiberritzen.eus\\\/es\\\/?s={search_term_string}\"},\"query-input\":{\"@type\":\"PropertyValueSpecification\",\"valueRequired\":true,\"valueName\":\"search_term_string\"}}],\"inLanguage\":\"es\"},{\"@type\":\"Organization\",\"@id\":\"https:\\\/\\\/iraurgiberritzen.eus\\\/es\\\/#organization\",\"name\":\"Iraurgi Berritzen\",\"url\":\"https:\\\/\\\/iraurgiberritzen.eus\\\/es\\\/\",\"logo\":{\"@type\":\"ImageObject\",\"inLanguage\":\"es\",\"@id\":\"https:\\\/\\\/iraurgiberritzen.eus\\\/es\\\/#\\\/schema\\\/logo\\\/image\\\/\",\"url\":\"https:\\\/\\\/iraurgiberritzen.eus\\\/wp-content\\\/uploads\\\/2024\\\/02\\\/IRAURGI-BERRITZEN-logotipoa_2.png\",\"contentUrl\":\"https:\\\/\\\/iraurgiberritzen.eus\\\/wp-content\\\/uploads\\\/2024\\\/02\\\/IRAURGI-BERRITZEN-logotipoa_2.png\",\"width\":496,\"height\":190,\"caption\":\"Iraurgi Berritzen\"},\"image\":{\"@id\":\"https:\\\/\\\/iraurgiberritzen.eus\\\/es\\\/#\\\/schema\\\/logo\\\/image\\\/\"}},{\"@type\":\"Person\",\"@id\":\"https:\\\/\\\/iraurgiberritzen.eus\\\/es\\\/#\\\/schema\\\/person\\\/a32c9825b3e2bfcbe757a97f6a15c8a5\",\"name\":\"ainara\"}]}<\/script>\n<!-- \/ Yoast SEO plugin. -->","yoast_head_json":{"title":"Urola Erdia refuerza su compromiso con la econom\u00eda circular a trav\u00e9s del proyecto UrEKOnomizaTUZ - Iraurgi Berritzen","robots":{"index":"index","follow":"follow","max-snippet":"max-snippet:-1","max-image-preview":"max-image-preview:large","max-video-preview":"max-video-preview:-1"},"canonical":"https:\/\/iraurgiberritzen.eus\/es\/urola-erdia-refuerza-su-compromiso-con-la-economia-circular-a-traves-del-proyecto-urekonomizatuz\/","og_locale":"es_ES","og_type":"article","og_title":"Urola Erdia refuerza su compromiso con la econom\u00eda circular a trav\u00e9s del proyecto UrEKOnomizaTUZ - Iraurgi Berritzen","og_description":"Hoy se ha celebrado la sesi\u00f3n de cierre del proyecto UrEKOnomizaTUZ, con la participaci\u00f3n de diversas empresas de la comarca. Esta iniciativa, liderada por Iraurgi Berritzen, ha tenido un objetivo claro: evaluar y mejorar el impacto ambiental de las principales cadenas de valor de Urola Erdia \u2014transformaci\u00f3n metalmec\u00e1nica, maquinaria y equipos, y alimentaci\u00f3n\u2014.\u00a0 A lo [&hellip;]","og_url":"https:\/\/iraurgiberritzen.eus\/es\/urola-erdia-refuerza-su-compromiso-con-la-economia-circular-a-traves-del-proyecto-urekonomizatuz\/","og_site_name":"Iraurgi Berritzen","article_published_time":"2025-10-09T20:53:06+00:00","og_image":[{"width":1600,"height":1200,"url":"https:\/\/iraurgiberritzen.eus\/wp-content\/uploads\/2025\/10\/WhatsApp-Image-2025-10-09-at-12.59.16.jpeg","type":"image\/jpeg"}],"author":"ainara","twitter_card":"summary_large_image","twitter_misc":{"Escrito por":"ainara","Tiempo de lectura":"2 minutos"},"schema":{"@context":"https:\/\/schema.org","@graph":[{"@type":"Article","@id":"https:\/\/iraurgiberritzen.eus\/es\/urola-erdia-refuerza-su-compromiso-con-la-economia-circular-a-traves-del-proyecto-urekonomizatuz\/#article","isPartOf":{"@id":"https:\/\/iraurgiberritzen.eus\/es\/urola-erdia-refuerza-su-compromiso-con-la-economia-circular-a-traves-del-proyecto-urekonomizatuz\/"},"author":{"name":"ainara","@id":"https:\/\/iraurgiberritzen.eus\/es\/#\/schema\/person\/a32c9825b3e2bfcbe757a97f6a15c8a5"},"headline":"Urola Erdia refuerza su compromiso con la econom\u00eda circular a trav\u00e9s del proyecto UrEKOnomizaTUZ","datePublished":"2025-10-09T20:53:06+00:00","mainEntityOfPage":{"@id":"https:\/\/iraurgiberritzen.eus\/es\/urola-erdia-refuerza-su-compromiso-con-la-economia-circular-a-traves-del-proyecto-urekonomizatuz\/"},"wordCount":273,"publisher":{"@id":"https:\/\/iraurgiberritzen.eus\/es\/#organization"},"image":{"@id":"https:\/\/iraurgiberritzen.eus\/es\/urola-erdia-refuerza-su-compromiso-con-la-economia-circular-a-traves-del-proyecto-urekonomizatuz\/#primaryimage"},"thumbnailUrl":"https:\/\/iraurgiberritzen.eus\/wp-content\/uploads\/2025\/10\/WhatsApp-Image-2025-10-09-at-12.59.16.jpeg","articleSection":["Noticias"],"inLanguage":"es"},{"@type":"WebPage","@id":"https:\/\/iraurgiberritzen.eus\/es\/urola-erdia-refuerza-su-compromiso-con-la-economia-circular-a-traves-del-proyecto-urekonomizatuz\/","url":"https:\/\/iraurgiberritzen.eus\/es\/urola-erdia-refuerza-su-compromiso-con-la-economia-circular-a-traves-del-proyecto-urekonomizatuz\/","name":"Urola Erdia refuerza su compromiso con la econom\u00eda circular a trav\u00e9s del proyecto UrEKOnomizaTUZ - Iraurgi Berritzen","isPartOf":{"@id":"https:\/\/iraurgiberritzen.eus\/es\/#website"},"primaryImageOfPage":{"@id":"https:\/\/iraurgiberritzen.eus\/es\/urola-erdia-refuerza-su-compromiso-con-la-economia-circular-a-traves-del-proyecto-urekonomizatuz\/#primaryimage"},"image":{"@id":"https:\/\/iraurgiberritzen.eus\/es\/urola-erdia-refuerza-su-compromiso-con-la-economia-circular-a-traves-del-proyecto-urekonomizatuz\/#primaryimage"},"thumbnailUrl":"https:\/\/iraurgiberritzen.eus\/wp-content\/uploads\/2025\/10\/WhatsApp-Image-2025-10-09-at-12.59.16.jpeg","datePublished":"2025-10-09T20:53:06+00:00","breadcrumb":{"@id":"https:\/\/iraurgiberritzen.eus\/es\/urola-erdia-refuerza-su-compromiso-con-la-economia-circular-a-traves-del-proyecto-urekonomizatuz\/#breadcrumb"},"inLanguage":"es","potentialAction":[{"@type":"ReadAction","target":["https:\/\/iraurgiberritzen.eus\/es\/urola-erdia-refuerza-su-compromiso-con-la-economia-circular-a-traves-del-proyecto-urekonomizatuz\/"]}]},{"@type":"ImageObject","inLanguage":"es","@id":"https:\/\/iraurgiberritzen.eus\/es\/urola-erdia-refuerza-su-compromiso-con-la-economia-circular-a-traves-del-proyecto-urekonomizatuz\/#primaryimage","url":"https:\/\/iraurgiberritzen.eus\/wp-content\/uploads\/2025\/10\/WhatsApp-Image-2025-10-09-at-12.59.16.jpeg","contentUrl":"https:\/\/iraurgiberritzen.eus\/wp-content\/uploads\/2025\/10\/WhatsApp-Image-2025-10-09-at-12.59.16.jpeg","width":1600,"height":1200},{"@type":"BreadcrumbList","@id":"https:\/\/iraurgiberritzen.eus\/es\/urola-erdia-refuerza-su-compromiso-con-la-economia-circular-a-traves-del-proyecto-urekonomizatuz\/#breadcrumb","itemListElement":[{"@type":"ListItem","position":1,"name":"Home","item":"https:\/\/iraurgiberritzen.eus\/es\/"},{"@type":"ListItem","position":2,"name":"Urola Erdia refuerza su compromiso con la econom\u00eda circular a trav\u00e9s del proyecto UrEKOnomizaTUZ"}]},{"@type":"WebSite","@id":"https:\/\/iraurgiberritzen.eus\/es\/#website","url":"https:\/\/iraurgiberritzen.eus\/es\/","name":"Iraurgi Berritzen","description":"Urola Erdiko Garapen Agentzia","publisher":{"@id":"https:\/\/iraurgiberritzen.eus\/es\/#organization"},"potentialAction":[{"@type":"SearchAction","target":{"@type":"EntryPoint","urlTemplate":"https:\/\/iraurgiberritzen.eus\/es\/?s={search_term_string}"},"query-input":{"@type":"PropertyValueSpecification","valueRequired":true,"valueName":"search_term_string"}}],"inLanguage":"es"},{"@type":"Organization","@id":"https:\/\/iraurgiberritzen.eus\/es\/#organization","name":"Iraurgi Berritzen","url":"https:\/\/iraurgiberritzen.eus\/es\/","logo":{"@type":"ImageObject","inLanguage":"es","@id":"https:\/\/iraurgiberritzen.eus\/es\/#\/schema\/logo\/image\/","url":"https:\/\/iraurgiberritzen.eus\/wp-content\/uploads\/2024\/02\/IRAURGI-BERRITZEN-logotipoa_2.png","contentUrl":"https:\/\/iraurgiberritzen.eus\/wp-content\/uploads\/2024\/02\/IRAURGI-BERRITZEN-logotipoa_2.png","width":496,"height":190,"caption":"Iraurgi Berritzen"},"image":{"@id":"https:\/\/iraurgiberritzen.eus\/es\/#\/schema\/logo\/image\/"}},{"@type":"Person","@id":"https:\/\/iraurgiberritzen.eus\/es\/#\/schema\/person\/a32c9825b3e2bfcbe757a97f6a15c8a5","name":"ainara"}]}},"_links":{"self":[{"href":"https:\/\/iraurgiberritzen.eus\/es\/wp-json\/wp\/v2\/posts\/24914","targetHints":{"allow":["GET"]}}],"collection":[{"href":"https:\/\/iraurgiberritzen.eus\/es\/wp-json\/wp\/v2\/posts"}],"about":[{"href":"https:\/\/iraurgiberritzen.eus\/es\/wp-json\/wp\/v2\/types\/post"}],"author":[{"embeddable":true,"href":"https:\/\/iraurgiberritzen.eus\/es\/wp-json\/wp\/v2\/users\/4"}],"replies":[{"embeddable":true,"href":"https:\/\/iraurgiberritzen.eus\/es\/wp-json\/wp\/v2\/comments?post=24914"}],"version-history":[{"count":1,"href":"https:\/\/iraurgiberritzen.eus\/es\/wp-json\/wp\/v2\/posts\/24914\/revisions"}],"predecessor-version":[{"id":24915,"href":"https:\/\/iraurgiberritzen.eus\/es\/wp-json\/wp\/v2\/posts\/24914\/revisions\/24915"}],"wp:featuredmedia":[{"embeddable":true,"href":"https:\/\/iraurgiberritzen.eus\/es\/wp-json\/wp\/v2\/media\/24912"}],"wp:attachment":[{"href":"https:\/\/iraurgiberritzen.eus\/es\/wp-json\/wp\/v2\/media?parent=24914"}],"wp:term":[{"taxonomy":"category","embeddable":true,"href":"https:\/\/iraurgiberritzen.eus\/es\/wp-json\/wp\/v2\/categories?post=24914"},{"taxonomy":"post_tag","embeddable":true,"href":"https:\/\/iraurgiberritzen.eus\/es\/wp-json\/wp\/v2\/tags?post=24914"}],"curies":[{"name":"wp","href":"https:\/\/api.w.org\/{rel}","templated":true}]}}