{"id":24941,"date":"2025-10-17T15:04:10","date_gmt":"2025-10-17T13:04:10","guid":{"rendered":"https:\/\/iraurgiberritzen.eus\/?p=24941"},"modified":"2025-10-17T15:04:10","modified_gmt":"2025-10-17T13:04:10","slug":"la-contratacion-de-personas-extranjeras-eje-del-nuevo-ikasiz","status":"publish","type":"post","link":"https:\/\/iraurgiberritzen.eus\/es\/la-contratacion-de-personas-extranjeras-eje-del-nuevo-ikasiz\/","title":{"rendered":"La contrataci\u00f3n de personas extranjeras, eje del nuevo IKASIZ"},"content":{"rendered":"<p><span data-contrast=\"auto\">En el marco del programa <\/span><b><span data-contrast=\"auto\">IKASIZ<\/span><\/b><span data-contrast=\"auto\">, Iraurgi Berritzen ha organizado hoy una <\/span><b><span data-contrast=\"auto\">jornada online centrada en los procesos de contrataci\u00f3n de personas extranjeras<\/span><\/b><span data-contrast=\"auto\">, con el objetivo de ofrecer informaci\u00f3n y orientaci\u00f3n pr\u00e1ctica a las empresas de la comarca. La sesi\u00f3n se enmarca dentro de la <\/span><b><span data-contrast=\"auto\">l\u00ednea de transici\u00f3n social<\/span><\/b><span data-contrast=\"auto\">, cuyo prop\u00f3sito es acompa\u00f1ar a las pymes de Urola Erdia en su adaptaci\u00f3n a un mercado laboral cada vez m\u00e1s diverso e inclusivo.<\/span><span data-ccp-props=\"{&quot;134233117&quot;:false,&quot;134233118&quot;:false,&quot;335559738&quot;:0,&quot;335559739&quot;:0}\">\u00a0<\/span><\/p>\n<p><span data-contrast=\"auto\">Durante la sesi\u00f3n se han abordado los <\/span><b><span data-contrast=\"auto\">principales aspectos normativos y administrativos<\/span><\/b><span data-contrast=\"auto\"> relacionados con la contrataci\u00f3n de personas extranjeras, as\u00ed como los <\/span><b><span data-contrast=\"auto\">procedimientos de autorizaci\u00f3n y las obligaciones que deben cumplir las empresas<\/span><\/b><span data-contrast=\"auto\">. Las personas participantes han tenido tambi\u00e9n la oportunidad de <\/span><b><span data-contrast=\"auto\">resolver dudas y compartir experiencias<\/span><\/b><span data-contrast=\"auto\">, en una sesi\u00f3n din\u00e1mica y participativa celebrada en formato online.<\/span><span data-ccp-props=\"{&quot;134233117&quot;:false,&quot;134233118&quot;:false,&quot;335559738&quot;:240,&quot;335559739&quot;:240}\">\u00a0<\/span><\/p>\n<p><span data-contrast=\"auto\">Esta iniciativa forma parte de la <\/span><b><span data-contrast=\"auto\">l\u00ednea estrat\u00e9gica de transici\u00f3n social de Iraurgi Berritzen<\/span><\/b><span data-contrast=\"auto\">, que busca <\/span><b><span data-contrast=\"auto\">apoyar a las pymes de la comarca en sus procesos de transformaci\u00f3n econ\u00f3mica y social<\/span><\/b><span data-contrast=\"auto\">. <\/span><span data-ccp-props=\"{&quot;134233117&quot;:false,&quot;134233118&quot;:false,&quot;335559738&quot;:240,&quot;335559739&quot;:240}\">\u00a0<\/span><\/p>\n<p aria-level=\"3\"><b><span data-contrast=\"auto\">Colaboraci\u00f3n y conocimiento compartido hacia una sociedad m\u00e1s inclusiva<\/span><\/b><span data-ccp-props=\"{&quot;134233117&quot;:false,&quot;134233118&quot;:false,&quot;134245418&quot;:true,&quot;134245529&quot;:true,&quot;335559738&quot;:281,&quot;335559739&quot;:281}\">\u00a0<\/span><\/p>\n<p><span data-contrast=\"auto\">Las personas participantes han valorado muy positivamente la jornada, destacando que este tipo de iniciativas suponen una oportunidad para <\/span><b><span data-contrast=\"auto\">impulsar una gesti\u00f3n empresarial m\u00e1s inclusiva<\/span><\/b><span data-contrast=\"auto\"> y <\/span><b><span data-contrast=\"auto\">abordar los procesos de contrataci\u00f3n de personas extranjeras de forma eficaz y conforme a la normativa vigente<\/span><\/b><span data-contrast=\"auto\">.<\/span><span data-ccp-props=\"{&quot;134233117&quot;:false,&quot;134233118&quot;:false,&quot;335559738&quot;:240,&quot;335559739&quot;:240}\">\u00a0<\/span><\/p>\n<p><span data-contrast=\"auto\">Una vez m\u00e1s, <\/span><b><span data-contrast=\"auto\">Iraurgi Berritzen reafirma su compromiso con las empresas de la comarca<\/span><\/b><span data-contrast=\"auto\">, acompa\u00f1\u00e1ndolas en sus procesos de transici\u00f3n hacia un modelo m\u00e1s justo, inclusivo y sostenible.<\/span><span data-ccp-props=\"{&quot;134233117&quot;:false,&quot;134233118&quot;:false,&quot;335559738&quot;:240,&quot;335559739&quot;:240}\">\u00a0<\/span><\/p>\n","protected":false},"excerpt":{"rendered":"<p>En el marco del programa IKASIZ, Iraurgi Berritzen ha organizado hoy una jornada online centrada en los procesos de contrataci\u00f3n de personas extranjeras, con el objetivo de ofrecer informaci\u00f3n y orientaci\u00f3n pr\u00e1ctica a las empresas de la comarca. La sesi\u00f3n se enmarca dentro de la l\u00ednea de transici\u00f3n social, cuyo prop\u00f3sito es acompa\u00f1ar a las [&hellip;]<\/p>\n","protected":false},"author":4,"featured_media":24949,"comment_status":"closed","ping_status":"closed","sticky":false,"template":"","format":"standard","meta":{"_acf_changed":false,"footnotes":""},"categories":[4],"tags":[],"class_list":["post-24941","post","type-post","status-publish","format-standard","has-post-thumbnail","hentry","category-noticias","arloak-enpresa"],"acf":[],"yoast_head":"<!-- This site is optimized with the Yoast SEO plugin v27.4 - https:\/\/yoast.com\/product\/yoast-seo-wordpress\/ -->\n<title>La contrataci\u00f3n de personas extranjeras, eje del nuevo IKASIZ - Iraurgi Berritzen<\/title>\n<meta name=\"robots\" content=\"index, follow, max-snippet:-1, max-image-preview:large, max-video-preview:-1\" \/>\n<link rel=\"canonical\" href=\"https:\/\/iraurgiberritzen.eus\/es\/la-contratacion-de-personas-extranjeras-eje-del-nuevo-ikasiz\/\" \/>\n<meta property=\"og:locale\" content=\"es_ES\" \/>\n<meta property=\"og:type\" content=\"article\" \/>\n<meta property=\"og:title\" content=\"La contrataci\u00f3n de personas extranjeras, eje del nuevo IKASIZ - Iraurgi Berritzen\" \/>\n<meta property=\"og:description\" content=\"En el marco del programa IKASIZ, Iraurgi Berritzen ha organizado hoy una jornada online centrada en los procesos de contrataci\u00f3n de personas extranjeras, con el objetivo de ofrecer informaci\u00f3n y orientaci\u00f3n pr\u00e1ctica a las empresas de la comarca. La sesi\u00f3n se enmarca dentro de la l\u00ednea de transici\u00f3n social, cuyo prop\u00f3sito es acompa\u00f1ar a las [&hellip;]\" \/>\n<meta property=\"og:url\" content=\"https:\/\/iraurgiberritzen.eus\/es\/la-contratacion-de-personas-extranjeras-eje-del-nuevo-ikasiz\/\" \/>\n<meta property=\"og:site_name\" content=\"Iraurgi Berritzen\" \/>\n<meta property=\"article:published_time\" content=\"2025-10-17T13:04:10+00:00\" \/>\n<meta property=\"og:image\" content=\"https:\/\/iraurgiberritzen.eus\/wp-content\/uploads\/2025\/10\/Captura-de-pantalla-2025-10-17-a-las-9.09.45-1-scaled.png\" \/>\n\t<meta property=\"og:image:width\" content=\"2560\" \/>\n\t<meta property=\"og:image:height\" content=\"1224\" \/>\n\t<meta property=\"og:image:type\" content=\"image\/png\" \/>\n<meta name=\"author\" content=\"ainara\" \/>\n<meta name=\"twitter:card\" content=\"summary_large_image\" \/>\n<meta name=\"twitter:label1\" content=\"Escrito por\" \/>\n\t<meta name=\"twitter:data1\" content=\"ainara\" \/>\n\t<meta name=\"twitter:label2\" content=\"Tiempo de lectura\" \/>\n\t<meta name=\"twitter:data2\" content=\"2 minutos\" \/>\n<script type=\"application\/ld+json\" class=\"yoast-schema-graph\">{\"@context\":\"https:\\\/\\\/schema.org\",\"@graph\":[{\"@type\":\"Article\",\"@id\":\"https:\\\/\\\/iraurgiberritzen.eus\\\/es\\\/la-contratacion-de-personas-extranjeras-eje-del-nuevo-ikasiz\\\/#article\",\"isPartOf\":{\"@id\":\"https:\\\/\\\/iraurgiberritzen.eus\\\/es\\\/la-contratacion-de-personas-extranjeras-eje-del-nuevo-ikasiz\\\/\"},\"author\":{\"name\":\"ainara\",\"@id\":\"https:\\\/\\\/iraurgiberritzen.eus\\\/es\\\/#\\\/schema\\\/person\\\/a32c9825b3e2bfcbe757a97f6a15c8a5\"},\"headline\":\"La contrataci\u00f3n de personas extranjeras, eje del nuevo IKASIZ\",\"datePublished\":\"2025-10-17T13:04:10+00:00\",\"mainEntityOfPage\":{\"@id\":\"https:\\\/\\\/iraurgiberritzen.eus\\\/es\\\/la-contratacion-de-personas-extranjeras-eje-del-nuevo-ikasiz\\\/\"},\"wordCount\":281,\"publisher\":{\"@id\":\"https:\\\/\\\/iraurgiberritzen.eus\\\/es\\\/#organization\"},\"image\":{\"@id\":\"https:\\\/\\\/iraurgiberritzen.eus\\\/es\\\/la-contratacion-de-personas-extranjeras-eje-del-nuevo-ikasiz\\\/#primaryimage\"},\"thumbnailUrl\":\"https:\\\/\\\/iraurgiberritzen.eus\\\/wp-content\\\/uploads\\\/2025\\\/10\\\/PORTADA-IB-WEB-800-x-550-px-4-1.jpg\",\"articleSection\":[\"Noticias\"],\"inLanguage\":\"es\"},{\"@type\":\"WebPage\",\"@id\":\"https:\\\/\\\/iraurgiberritzen.eus\\\/es\\\/la-contratacion-de-personas-extranjeras-eje-del-nuevo-ikasiz\\\/\",\"url\":\"https:\\\/\\\/iraurgiberritzen.eus\\\/es\\\/la-contratacion-de-personas-extranjeras-eje-del-nuevo-ikasiz\\\/\",\"name\":\"La contrataci\u00f3n de personas extranjeras, eje del nuevo IKASIZ - Iraurgi Berritzen\",\"isPartOf\":{\"@id\":\"https:\\\/\\\/iraurgiberritzen.eus\\\/es\\\/#website\"},\"primaryImageOfPage\":{\"@id\":\"https:\\\/\\\/iraurgiberritzen.eus\\\/es\\\/la-contratacion-de-personas-extranjeras-eje-del-nuevo-ikasiz\\\/#primaryimage\"},\"image\":{\"@id\":\"https:\\\/\\\/iraurgiberritzen.eus\\\/es\\\/la-contratacion-de-personas-extranjeras-eje-del-nuevo-ikasiz\\\/#primaryimage\"},\"thumbnailUrl\":\"https:\\\/\\\/iraurgiberritzen.eus\\\/wp-content\\\/uploads\\\/2025\\\/10\\\/PORTADA-IB-WEB-800-x-550-px-4-1.jpg\",\"datePublished\":\"2025-10-17T13:04:10+00:00\",\"breadcrumb\":{\"@id\":\"https:\\\/\\\/iraurgiberritzen.eus\\\/es\\\/la-contratacion-de-personas-extranjeras-eje-del-nuevo-ikasiz\\\/#breadcrumb\"},\"inLanguage\":\"es\",\"potentialAction\":[{\"@type\":\"ReadAction\",\"target\":[\"https:\\\/\\\/iraurgiberritzen.eus\\\/es\\\/la-contratacion-de-personas-extranjeras-eje-del-nuevo-ikasiz\\\/\"]}]},{\"@type\":\"ImageObject\",\"inLanguage\":\"es\",\"@id\":\"https:\\\/\\\/iraurgiberritzen.eus\\\/es\\\/la-contratacion-de-personas-extranjeras-eje-del-nuevo-ikasiz\\\/#primaryimage\",\"url\":\"https:\\\/\\\/iraurgiberritzen.eus\\\/wp-content\\\/uploads\\\/2025\\\/10\\\/PORTADA-IB-WEB-800-x-550-px-4-1.jpg\",\"contentUrl\":\"https:\\\/\\\/iraurgiberritzen.eus\\\/wp-content\\\/uploads\\\/2025\\\/10\\\/PORTADA-IB-WEB-800-x-550-px-4-1.jpg\",\"width\":2500,\"height\":1719},{\"@type\":\"BreadcrumbList\",\"@id\":\"https:\\\/\\\/iraurgiberritzen.eus\\\/es\\\/la-contratacion-de-personas-extranjeras-eje-del-nuevo-ikasiz\\\/#breadcrumb\",\"itemListElement\":[{\"@type\":\"ListItem\",\"position\":1,\"name\":\"Home\",\"item\":\"https:\\\/\\\/iraurgiberritzen.eus\\\/es\\\/\"},{\"@type\":\"ListItem\",\"position\":2,\"name\":\"La contrataci\u00f3n de personas extranjeras, eje del nuevo IKASIZ\"}]},{\"@type\":\"WebSite\",\"@id\":\"https:\\\/\\\/iraurgiberritzen.eus\\\/es\\\/#website\",\"url\":\"https:\\\/\\\/iraurgiberritzen.eus\\\/es\\\/\",\"name\":\"Iraurgi Berritzen\",\"description\":\"Urola Erdiko Garapen Agentzia\",\"publisher\":{\"@id\":\"https:\\\/\\\/iraurgiberritzen.eus\\\/es\\\/#organization\"},\"potentialAction\":[{\"@type\":\"SearchAction\",\"target\":{\"@type\":\"EntryPoint\",\"urlTemplate\":\"https:\\\/\\\/iraurgiberritzen.eus\\\/es\\\/?s={search_term_string}\"},\"query-input\":{\"@type\":\"PropertyValueSpecification\",\"valueRequired\":true,\"valueName\":\"search_term_string\"}}],\"inLanguage\":\"es\"},{\"@type\":\"Organization\",\"@id\":\"https:\\\/\\\/iraurgiberritzen.eus\\\/es\\\/#organization\",\"name\":\"Iraurgi Berritzen\",\"url\":\"https:\\\/\\\/iraurgiberritzen.eus\\\/es\\\/\",\"logo\":{\"@type\":\"ImageObject\",\"inLanguage\":\"es\",\"@id\":\"https:\\\/\\\/iraurgiberritzen.eus\\\/es\\\/#\\\/schema\\\/logo\\\/image\\\/\",\"url\":\"https:\\\/\\\/iraurgiberritzen.eus\\\/wp-content\\\/uploads\\\/2024\\\/02\\\/IRAURGI-BERRITZEN-logotipoa_2.png\",\"contentUrl\":\"https:\\\/\\\/iraurgiberritzen.eus\\\/wp-content\\\/uploads\\\/2024\\\/02\\\/IRAURGI-BERRITZEN-logotipoa_2.png\",\"width\":496,\"height\":190,\"caption\":\"Iraurgi Berritzen\"},\"image\":{\"@id\":\"https:\\\/\\\/iraurgiberritzen.eus\\\/es\\\/#\\\/schema\\\/logo\\\/image\\\/\"}},{\"@type\":\"Person\",\"@id\":\"https:\\\/\\\/iraurgiberritzen.eus\\\/es\\\/#\\\/schema\\\/person\\\/a32c9825b3e2bfcbe757a97f6a15c8a5\",\"name\":\"ainara\"}]}<\/script>\n<!-- \/ Yoast SEO plugin. -->","yoast_head_json":{"title":"La contrataci\u00f3n de personas extranjeras, eje del nuevo IKASIZ - Iraurgi Berritzen","robots":{"index":"index","follow":"follow","max-snippet":"max-snippet:-1","max-image-preview":"max-image-preview:large","max-video-preview":"max-video-preview:-1"},"canonical":"https:\/\/iraurgiberritzen.eus\/es\/la-contratacion-de-personas-extranjeras-eje-del-nuevo-ikasiz\/","og_locale":"es_ES","og_type":"article","og_title":"La contrataci\u00f3n de personas extranjeras, eje del nuevo IKASIZ - Iraurgi Berritzen","og_description":"En el marco del programa IKASIZ, Iraurgi Berritzen ha organizado hoy una jornada online centrada en los procesos de contrataci\u00f3n de personas extranjeras, con el objetivo de ofrecer informaci\u00f3n y orientaci\u00f3n pr\u00e1ctica a las empresas de la comarca. La sesi\u00f3n se enmarca dentro de la l\u00ednea de transici\u00f3n social, cuyo prop\u00f3sito es acompa\u00f1ar a las [&hellip;]","og_url":"https:\/\/iraurgiberritzen.eus\/es\/la-contratacion-de-personas-extranjeras-eje-del-nuevo-ikasiz\/","og_site_name":"Iraurgi Berritzen","article_published_time":"2025-10-17T13:04:10+00:00","og_image":[{"width":2560,"height":1224,"url":"https:\/\/iraurgiberritzen.eus\/wp-content\/uploads\/2025\/10\/Captura-de-pantalla-2025-10-17-a-las-9.09.45-1-scaled.png","type":"image\/png"}],"author":"ainara","twitter_card":"summary_large_image","twitter_misc":{"Escrito por":"ainara","Tiempo de lectura":"2 minutos"},"schema":{"@context":"https:\/\/schema.org","@graph":[{"@type":"Article","@id":"https:\/\/iraurgiberritzen.eus\/es\/la-contratacion-de-personas-extranjeras-eje-del-nuevo-ikasiz\/#article","isPartOf":{"@id":"https:\/\/iraurgiberritzen.eus\/es\/la-contratacion-de-personas-extranjeras-eje-del-nuevo-ikasiz\/"},"author":{"name":"ainara","@id":"https:\/\/iraurgiberritzen.eus\/es\/#\/schema\/person\/a32c9825b3e2bfcbe757a97f6a15c8a5"},"headline":"La contrataci\u00f3n de personas extranjeras, eje del nuevo IKASIZ","datePublished":"2025-10-17T13:04:10+00:00","mainEntityOfPage":{"@id":"https:\/\/iraurgiberritzen.eus\/es\/la-contratacion-de-personas-extranjeras-eje-del-nuevo-ikasiz\/"},"wordCount":281,"publisher":{"@id":"https:\/\/iraurgiberritzen.eus\/es\/#organization"},"image":{"@id":"https:\/\/iraurgiberritzen.eus\/es\/la-contratacion-de-personas-extranjeras-eje-del-nuevo-ikasiz\/#primaryimage"},"thumbnailUrl":"https:\/\/iraurgiberritzen.eus\/wp-content\/uploads\/2025\/10\/PORTADA-IB-WEB-800-x-550-px-4-1.jpg","articleSection":["Noticias"],"inLanguage":"es"},{"@type":"WebPage","@id":"https:\/\/iraurgiberritzen.eus\/es\/la-contratacion-de-personas-extranjeras-eje-del-nuevo-ikasiz\/","url":"https:\/\/iraurgiberritzen.eus\/es\/la-contratacion-de-personas-extranjeras-eje-del-nuevo-ikasiz\/","name":"La contrataci\u00f3n de personas extranjeras, eje del nuevo IKASIZ - Iraurgi Berritzen","isPartOf":{"@id":"https:\/\/iraurgiberritzen.eus\/es\/#website"},"primaryImageOfPage":{"@id":"https:\/\/iraurgiberritzen.eus\/es\/la-contratacion-de-personas-extranjeras-eje-del-nuevo-ikasiz\/#primaryimage"},"image":{"@id":"https:\/\/iraurgiberritzen.eus\/es\/la-contratacion-de-personas-extranjeras-eje-del-nuevo-ikasiz\/#primaryimage"},"thumbnailUrl":"https:\/\/iraurgiberritzen.eus\/wp-content\/uploads\/2025\/10\/PORTADA-IB-WEB-800-x-550-px-4-1.jpg","datePublished":"2025-10-17T13:04:10+00:00","breadcrumb":{"@id":"https:\/\/iraurgiberritzen.eus\/es\/la-contratacion-de-personas-extranjeras-eje-del-nuevo-ikasiz\/#breadcrumb"},"inLanguage":"es","potentialAction":[{"@type":"ReadAction","target":["https:\/\/iraurgiberritzen.eus\/es\/la-contratacion-de-personas-extranjeras-eje-del-nuevo-ikasiz\/"]}]},{"@type":"ImageObject","inLanguage":"es","@id":"https:\/\/iraurgiberritzen.eus\/es\/la-contratacion-de-personas-extranjeras-eje-del-nuevo-ikasiz\/#primaryimage","url":"https:\/\/iraurgiberritzen.eus\/wp-content\/uploads\/2025\/10\/PORTADA-IB-WEB-800-x-550-px-4-1.jpg","contentUrl":"https:\/\/iraurgiberritzen.eus\/wp-content\/uploads\/2025\/10\/PORTADA-IB-WEB-800-x-550-px-4-1.jpg","width":2500,"height":1719},{"@type":"BreadcrumbList","@id":"https:\/\/iraurgiberritzen.eus\/es\/la-contratacion-de-personas-extranjeras-eje-del-nuevo-ikasiz\/#breadcrumb","itemListElement":[{"@type":"ListItem","position":1,"name":"Home","item":"https:\/\/iraurgiberritzen.eus\/es\/"},{"@type":"ListItem","position":2,"name":"La contrataci\u00f3n de personas extranjeras, eje del nuevo IKASIZ"}]},{"@type":"WebSite","@id":"https:\/\/iraurgiberritzen.eus\/es\/#website","url":"https:\/\/iraurgiberritzen.eus\/es\/","name":"Iraurgi Berritzen","description":"Urola Erdiko Garapen Agentzia","publisher":{"@id":"https:\/\/iraurgiberritzen.eus\/es\/#organization"},"potentialAction":[{"@type":"SearchAction","target":{"@type":"EntryPoint","urlTemplate":"https:\/\/iraurgiberritzen.eus\/es\/?s={search_term_string}"},"query-input":{"@type":"PropertyValueSpecification","valueRequired":true,"valueName":"search_term_string"}}],"inLanguage":"es"},{"@type":"Organization","@id":"https:\/\/iraurgiberritzen.eus\/es\/#organization","name":"Iraurgi Berritzen","url":"https:\/\/iraurgiberritzen.eus\/es\/","logo":{"@type":"ImageObject","inLanguage":"es","@id":"https:\/\/iraurgiberritzen.eus\/es\/#\/schema\/logo\/image\/","url":"https:\/\/iraurgiberritzen.eus\/wp-content\/uploads\/2024\/02\/IRAURGI-BERRITZEN-logotipoa_2.png","contentUrl":"https:\/\/iraurgiberritzen.eus\/wp-content\/uploads\/2024\/02\/IRAURGI-BERRITZEN-logotipoa_2.png","width":496,"height":190,"caption":"Iraurgi Berritzen"},"image":{"@id":"https:\/\/iraurgiberritzen.eus\/es\/#\/schema\/logo\/image\/"}},{"@type":"Person","@id":"https:\/\/iraurgiberritzen.eus\/es\/#\/schema\/person\/a32c9825b3e2bfcbe757a97f6a15c8a5","name":"ainara"}]}},"_links":{"self":[{"href":"https:\/\/iraurgiberritzen.eus\/es\/wp-json\/wp\/v2\/posts\/24941","targetHints":{"allow":["GET"]}}],"collection":[{"href":"https:\/\/iraurgiberritzen.eus\/es\/wp-json\/wp\/v2\/posts"}],"about":[{"href":"https:\/\/iraurgiberritzen.eus\/es\/wp-json\/wp\/v2\/types\/post"}],"author":[{"embeddable":true,"href":"https:\/\/iraurgiberritzen.eus\/es\/wp-json\/wp\/v2\/users\/4"}],"replies":[{"embeddable":true,"href":"https:\/\/iraurgiberritzen.eus\/es\/wp-json\/wp\/v2\/comments?post=24941"}],"version-history":[{"count":1,"href":"https:\/\/iraurgiberritzen.eus\/es\/wp-json\/wp\/v2\/posts\/24941\/revisions"}],"predecessor-version":[{"id":24942,"href":"https:\/\/iraurgiberritzen.eus\/es\/wp-json\/wp\/v2\/posts\/24941\/revisions\/24942"}],"wp:featuredmedia":[{"embeddable":true,"href":"https:\/\/iraurgiberritzen.eus\/es\/wp-json\/wp\/v2\/media\/24949"}],"wp:attachment":[{"href":"https:\/\/iraurgiberritzen.eus\/es\/wp-json\/wp\/v2\/media?parent=24941"}],"wp:term":[{"taxonomy":"category","embeddable":true,"href":"https:\/\/iraurgiberritzen.eus\/es\/wp-json\/wp\/v2\/categories?post=24941"},{"taxonomy":"post_tag","embeddable":true,"href":"https:\/\/iraurgiberritzen.eus\/es\/wp-json\/wp\/v2\/tags?post=24941"}],"curies":[{"name":"wp","href":"https:\/\/api.w.org\/{rel}","templated":true}]}}