{"id":24961,"date":"2025-10-20T12:12:53","date_gmt":"2025-10-20T10:12:53","guid":{"rendered":"https:\/\/iraurgiberritzen.eus\/?p=24961"},"modified":"2025-10-20T12:12:53","modified_gmt":"2025-10-20T10:12:53","slug":"reunion-de-responsables-de-it-de-la-comarca-centrada-en-el-pentesting-y-el-analisis-de-vulnerabilidades","status":"publish","type":"post","link":"https:\/\/iraurgiberritzen.eus\/es\/reunion-de-responsables-de-it-de-la-comarca-centrada-en-el-pentesting-y-el-analisis-de-vulnerabilidades\/","title":{"rendered":"Reuni\u00f3n de responsables de IT de la comarca centrada en el pentesting y el an\u00e1lisis de vulnerabilidades"},"content":{"rendered":"<h5><b><i><span data-contrast=\"auto\">En la sesi\u00f3n de trabajo organizada por Iraurgi Berritzen y el Centro de Ciberseguridad Industrial ZIUR, se abordaron temas clave como el an\u00e1lisis de vulnerabilidades, el pentesting y el intercambio de experiencias entre empresas industriales de la comarca.<\/span><\/i><\/b><span data-ccp-props=\"{&quot;134233117&quot;:false,&quot;134233118&quot;:false,&quot;201341983&quot;:0,&quot;335551550&quot;:1,&quot;335551620&quot;:1,&quot;335559685&quot;:0,&quot;335559737&quot;:0,&quot;335559738&quot;:0,&quot;335559739&quot;:160,&quot;335559740&quot;:279}\">\u00a0<\/span><\/h5>\n<p><span data-contrast=\"auto\">Los responsables de IT de las empresas industriales de <\/span><b><span data-contrast=\"auto\">Urola Erdia<\/span><\/b><span data-contrast=\"auto\"> se reunieron el pasado jueves por la ma\u00f1ana en el <\/span><b><span data-contrast=\"auto\">palacio Basazabal (Azpeitia)<\/span><\/b><span data-contrast=\"auto\">, en una jornada organizada conjuntamente por el \u00e1rea de Industria de Iraurgi Berritzen y el Centro ZIUR.<\/span><span data-ccp-props=\"{&quot;134233117&quot;:false,&quot;134233118&quot;:false,&quot;335551550&quot;:1,&quot;335551620&quot;:1,&quot;335559738&quot;:240,&quot;335559739&quot;:240}\">\u00a0<\/span><\/p>\n<p><span data-contrast=\"auto\">El objetivo de la sesi\u00f3n fue <\/span><b><span data-contrast=\"auto\">comprender la importancia y utilidad del an\u00e1lisis de vulnerabilidades<\/span><\/b><span data-contrast=\"auto\">, conocer <\/span><b><span data-contrast=\"auto\">herramientas y soluciones t\u00e9cnicas<\/span><\/b><span data-contrast=\"auto\"> relacionadas con el <\/span><i><span data-contrast=\"auto\">pentesting<\/span><\/i><span data-contrast=\"auto\"> y <\/span><b><span data-contrast=\"auto\">compartir experiencias y buenas pr\u00e1cticas<\/span><\/b><span data-contrast=\"auto\"> entre las empresas participantes.<\/span><span data-ccp-props=\"{&quot;134233117&quot;:false,&quot;134233118&quot;:false,&quot;335551550&quot;:1,&quot;335551620&quot;:1,&quot;335559738&quot;:240,&quot;335559739&quot;:240}\">\u00a0<\/span><\/p>\n<p><span data-contrast=\"auto\">Durante la jornada se presentaron diversas herramientas utilizadas en pruebas de <\/span><i><span data-contrast=\"auto\">pentesting<\/span><\/i><span data-contrast=\"auto\">, se realiz\u00f3 un <\/span><b><span data-contrast=\"auto\">ejercicio pr\u00e1ctico<\/span><\/b><span data-contrast=\"auto\"> y posteriormente se analizaron conjuntamente los resultados. Adem\u00e1s, las empresas <\/span><b><span data-contrast=\"auto\">Biele<\/span><\/b><span data-contrast=\"auto\"> e <\/span><b><span data-contrast=\"auto\">Ibarmia<\/span><\/b><span data-contrast=\"auto\"> compartieron su experiencia en la aplicaci\u00f3n de procedimientos de <\/span><i><span data-contrast=\"auto\">pentesting<\/span><\/i><span data-contrast=\"auto\">. A continuaci\u00f3n, el resto de las empresas participantes aportaron tambi\u00e9n sus perspectivas y experiencias en un debate abierto.<\/span><span data-ccp-props=\"{&quot;134233117&quot;:false,&quot;134233118&quot;:false,&quot;335551550&quot;:1,&quot;335551620&quot;:1,&quot;335559738&quot;:240,&quot;335559739&quot;:240}\">\u00a0<\/span><\/p>\n<p><span data-contrast=\"auto\">El <\/span><i><span data-contrast=\"auto\">pentesting<\/span><\/i><span data-contrast=\"auto\"> (<\/span><i><span data-contrast=\"auto\">Penetration Testing<\/span><\/i><span data-contrast=\"auto\">) es una pr\u00e1ctica habitual en el \u00e1mbito de la <\/span><b><span data-contrast=\"auto\">ciberseguridad<\/span><\/b><span data-contrast=\"auto\">, cuyo objetivo es identificar las posibles <\/span><b><span data-contrast=\"auto\">vulnerabilidades y riesgos<\/span><\/b><span data-contrast=\"auto\"> en los sistemas de informaci\u00f3n de una organizaci\u00f3n. Mediante simulaciones de ciberataques se detectan riesgos potenciales, lo que permite establecer una <\/span><b><span data-contrast=\"auto\">cultura preventiva y de protecci\u00f3n activa<\/span><\/b><span data-contrast=\"auto\"> en el entorno industrial.<\/span><span data-ccp-props=\"{&quot;134233117&quot;:false,&quot;134233118&quot;:false,&quot;335551550&quot;:1,&quot;335551620&quot;:1,&quot;335559738&quot;:240,&quot;335559739&quot;:240}\">\u00a0<\/span><\/p>\n<p><span data-contrast=\"auto\">En la sesi\u00f3n participaron responsables de IT de las siguientes empresas industriales de la comarca: <\/span><b><span data-contrast=\"auto\">Biele, Ibarmia, Sammic, Erlo, Elkarmedia, Sarralle<\/span><\/b><span data-contrast=\"auto\"> e <\/span><b><span data-contrast=\"auto\">Irurena<\/span><\/b><span data-contrast=\"auto\">.<\/span><span data-ccp-props=\"{&quot;134233117&quot;:false,&quot;134233118&quot;:false,&quot;335551550&quot;:1,&quot;335551620&quot;:1,&quot;335559738&quot;:240,&quot;335559739&quot;:240}\">\u00a0<\/span><\/p>\n<p><span data-contrast=\"auto\">Esta jornada se enmarca dentro de las <\/span><b><span data-contrast=\"auto\">iniciativas impulsadas por Iraurgi Berritzen<\/span><\/b><span data-contrast=\"auto\"> para acompa\u00f1ar a las <\/span><b><span data-contrast=\"auto\">pymes de la comarca en su transici\u00f3n tecnol\u00f3gica y digital<\/span><\/b><span data-contrast=\"auto\">, con el objetivo de <\/span><b><span data-contrast=\"auto\">reforzar la ciberseguridad en el tejido industrial<\/span><\/b><span data-contrast=\"auto\">.<\/span><span data-ccp-props=\"{&quot;134233117&quot;:false,&quot;134233118&quot;:false,&quot;335551550&quot;:1,&quot;335551620&quot;:1,&quot;335559738&quot;:240,&quot;335559739&quot;:240}\">\u00a0<\/span><\/p>\n","protected":false},"excerpt":{"rendered":"<p>En la sesi\u00f3n de trabajo organizada por Iraurgi Berritzen y el Centro de Ciberseguridad Industrial ZIUR, se abordaron temas clave como el an\u00e1lisis de vulnerabilidades, el pentesting y el intercambio de experiencias entre empresas industriales de la comarca.\u00a0 Los responsables de IT de las empresas industriales de Urola Erdia se reunieron el pasado jueves por [&hellip;]<\/p>\n","protected":false},"author":4,"featured_media":24959,"comment_status":"closed","ping_status":"closed","sticky":false,"template":"","format":"standard","meta":{"_acf_changed":false,"footnotes":""},"categories":[4],"tags":[],"class_list":["post-24961","post","type-post","status-publish","format-standard","has-post-thumbnail","hentry","category-noticias","arloak-enpresa"],"acf":[],"yoast_head":"<!-- This site is optimized with the Yoast SEO plugin v27.4 - https:\/\/yoast.com\/product\/yoast-seo-wordpress\/ -->\n<title>Reuni\u00f3n de responsables de IT de la comarca centrada en el pentesting y el an\u00e1lisis de vulnerabilidades - Iraurgi Berritzen<\/title>\n<meta name=\"robots\" content=\"index, follow, max-snippet:-1, max-image-preview:large, max-video-preview:-1\" \/>\n<link rel=\"canonical\" href=\"https:\/\/iraurgiberritzen.eus\/es\/reunion-de-responsables-de-it-de-la-comarca-centrada-en-el-pentesting-y-el-analisis-de-vulnerabilidades\/\" \/>\n<meta property=\"og:locale\" content=\"es_ES\" \/>\n<meta property=\"og:type\" content=\"article\" \/>\n<meta property=\"og:title\" content=\"Reuni\u00f3n de responsables de IT de la comarca centrada en el pentesting y el an\u00e1lisis de vulnerabilidades - Iraurgi Berritzen\" \/>\n<meta property=\"og:description\" content=\"En la sesi\u00f3n de trabajo organizada por Iraurgi Berritzen y el Centro de Ciberseguridad Industrial ZIUR, se abordaron temas clave como el an\u00e1lisis de vulnerabilidades, el pentesting y el intercambio de experiencias entre empresas industriales de la comarca.\u00a0 Los responsables de IT de las empresas industriales de Urola Erdia se reunieron el pasado jueves por [&hellip;]\" \/>\n<meta property=\"og:url\" content=\"https:\/\/iraurgiberritzen.eus\/es\/reunion-de-responsables-de-it-de-la-comarca-centrada-en-el-pentesting-y-el-analisis-de-vulnerabilidades\/\" \/>\n<meta property=\"og:site_name\" content=\"Iraurgi Berritzen\" \/>\n<meta property=\"article:published_time\" content=\"2025-10-20T10:12:53+00:00\" \/>\n<meta property=\"og:image\" content=\"https:\/\/iraurgiberritzen.eus\/wp-content\/uploads\/2025\/10\/PXL_20251016_071337703.MP_-scaled.jpg\" \/>\n\t<meta property=\"og:image:width\" content=\"2560\" \/>\n\t<meta property=\"og:image:height\" content=\"1440\" \/>\n\t<meta property=\"og:image:type\" content=\"image\/jpeg\" \/>\n<meta name=\"author\" content=\"ainara\" \/>\n<meta name=\"twitter:card\" content=\"summary_large_image\" \/>\n<meta name=\"twitter:label1\" content=\"Escrito por\" \/>\n\t<meta name=\"twitter:data1\" content=\"ainara\" \/>\n\t<meta name=\"twitter:label2\" content=\"Tiempo de lectura\" \/>\n\t<meta name=\"twitter:data2\" content=\"2 minutos\" \/>\n<script type=\"application\/ld+json\" class=\"yoast-schema-graph\">{\"@context\":\"https:\\\/\\\/schema.org\",\"@graph\":[{\"@type\":\"Article\",\"@id\":\"https:\\\/\\\/iraurgiberritzen.eus\\\/es\\\/reunion-de-responsables-de-it-de-la-comarca-centrada-en-el-pentesting-y-el-analisis-de-vulnerabilidades\\\/#article\",\"isPartOf\":{\"@id\":\"https:\\\/\\\/iraurgiberritzen.eus\\\/es\\\/reunion-de-responsables-de-it-de-la-comarca-centrada-en-el-pentesting-y-el-analisis-de-vulnerabilidades\\\/\"},\"author\":{\"name\":\"ainara\",\"@id\":\"https:\\\/\\\/iraurgiberritzen.eus\\\/es\\\/#\\\/schema\\\/person\\\/a32c9825b3e2bfcbe757a97f6a15c8a5\"},\"headline\":\"Reuni\u00f3n de responsables de IT de la comarca centrada en el pentesting y el an\u00e1lisis de vulnerabilidades\",\"datePublished\":\"2025-10-20T10:12:53+00:00\",\"mainEntityOfPage\":{\"@id\":\"https:\\\/\\\/iraurgiberritzen.eus\\\/es\\\/reunion-de-responsables-de-it-de-la-comarca-centrada-en-el-pentesting-y-el-analisis-de-vulnerabilidades\\\/\"},\"wordCount\":324,\"publisher\":{\"@id\":\"https:\\\/\\\/iraurgiberritzen.eus\\\/es\\\/#organization\"},\"image\":{\"@id\":\"https:\\\/\\\/iraurgiberritzen.eus\\\/es\\\/reunion-de-responsables-de-it-de-la-comarca-centrada-en-el-pentesting-y-el-analisis-de-vulnerabilidades\\\/#primaryimage\"},\"thumbnailUrl\":\"https:\\\/\\\/iraurgiberritzen.eus\\\/wp-content\\\/uploads\\\/2025\\\/10\\\/PXL_20251016_071337703.MP_-scaled.jpg\",\"articleSection\":[\"Noticias\"],\"inLanguage\":\"es\"},{\"@type\":\"WebPage\",\"@id\":\"https:\\\/\\\/iraurgiberritzen.eus\\\/es\\\/reunion-de-responsables-de-it-de-la-comarca-centrada-en-el-pentesting-y-el-analisis-de-vulnerabilidades\\\/\",\"url\":\"https:\\\/\\\/iraurgiberritzen.eus\\\/es\\\/reunion-de-responsables-de-it-de-la-comarca-centrada-en-el-pentesting-y-el-analisis-de-vulnerabilidades\\\/\",\"name\":\"Reuni\u00f3n de responsables de IT de la comarca centrada en el pentesting y el an\u00e1lisis de vulnerabilidades - Iraurgi Berritzen\",\"isPartOf\":{\"@id\":\"https:\\\/\\\/iraurgiberritzen.eus\\\/es\\\/#website\"},\"primaryImageOfPage\":{\"@id\":\"https:\\\/\\\/iraurgiberritzen.eus\\\/es\\\/reunion-de-responsables-de-it-de-la-comarca-centrada-en-el-pentesting-y-el-analisis-de-vulnerabilidades\\\/#primaryimage\"},\"image\":{\"@id\":\"https:\\\/\\\/iraurgiberritzen.eus\\\/es\\\/reunion-de-responsables-de-it-de-la-comarca-centrada-en-el-pentesting-y-el-analisis-de-vulnerabilidades\\\/#primaryimage\"},\"thumbnailUrl\":\"https:\\\/\\\/iraurgiberritzen.eus\\\/wp-content\\\/uploads\\\/2025\\\/10\\\/PXL_20251016_071337703.MP_-scaled.jpg\",\"datePublished\":\"2025-10-20T10:12:53+00:00\",\"breadcrumb\":{\"@id\":\"https:\\\/\\\/iraurgiberritzen.eus\\\/es\\\/reunion-de-responsables-de-it-de-la-comarca-centrada-en-el-pentesting-y-el-analisis-de-vulnerabilidades\\\/#breadcrumb\"},\"inLanguage\":\"es\",\"potentialAction\":[{\"@type\":\"ReadAction\",\"target\":[\"https:\\\/\\\/iraurgiberritzen.eus\\\/es\\\/reunion-de-responsables-de-it-de-la-comarca-centrada-en-el-pentesting-y-el-analisis-de-vulnerabilidades\\\/\"]}]},{\"@type\":\"ImageObject\",\"inLanguage\":\"es\",\"@id\":\"https:\\\/\\\/iraurgiberritzen.eus\\\/es\\\/reunion-de-responsables-de-it-de-la-comarca-centrada-en-el-pentesting-y-el-analisis-de-vulnerabilidades\\\/#primaryimage\",\"url\":\"https:\\\/\\\/iraurgiberritzen.eus\\\/wp-content\\\/uploads\\\/2025\\\/10\\\/PXL_20251016_071337703.MP_-scaled.jpg\",\"contentUrl\":\"https:\\\/\\\/iraurgiberritzen.eus\\\/wp-content\\\/uploads\\\/2025\\\/10\\\/PXL_20251016_071337703.MP_-scaled.jpg\",\"width\":2560,\"height\":1440},{\"@type\":\"BreadcrumbList\",\"@id\":\"https:\\\/\\\/iraurgiberritzen.eus\\\/es\\\/reunion-de-responsables-de-it-de-la-comarca-centrada-en-el-pentesting-y-el-analisis-de-vulnerabilidades\\\/#breadcrumb\",\"itemListElement\":[{\"@type\":\"ListItem\",\"position\":1,\"name\":\"Home\",\"item\":\"https:\\\/\\\/iraurgiberritzen.eus\\\/es\\\/\"},{\"@type\":\"ListItem\",\"position\":2,\"name\":\"Reuni\u00f3n de responsables de IT de la comarca centrada en el pentesting y el an\u00e1lisis de vulnerabilidades\"}]},{\"@type\":\"WebSite\",\"@id\":\"https:\\\/\\\/iraurgiberritzen.eus\\\/es\\\/#website\",\"url\":\"https:\\\/\\\/iraurgiberritzen.eus\\\/es\\\/\",\"name\":\"Iraurgi Berritzen\",\"description\":\"Urola Erdiko Garapen Agentzia\",\"publisher\":{\"@id\":\"https:\\\/\\\/iraurgiberritzen.eus\\\/es\\\/#organization\"},\"potentialAction\":[{\"@type\":\"SearchAction\",\"target\":{\"@type\":\"EntryPoint\",\"urlTemplate\":\"https:\\\/\\\/iraurgiberritzen.eus\\\/es\\\/?s={search_term_string}\"},\"query-input\":{\"@type\":\"PropertyValueSpecification\",\"valueRequired\":true,\"valueName\":\"search_term_string\"}}],\"inLanguage\":\"es\"},{\"@type\":\"Organization\",\"@id\":\"https:\\\/\\\/iraurgiberritzen.eus\\\/es\\\/#organization\",\"name\":\"Iraurgi Berritzen\",\"url\":\"https:\\\/\\\/iraurgiberritzen.eus\\\/es\\\/\",\"logo\":{\"@type\":\"ImageObject\",\"inLanguage\":\"es\",\"@id\":\"https:\\\/\\\/iraurgiberritzen.eus\\\/es\\\/#\\\/schema\\\/logo\\\/image\\\/\",\"url\":\"https:\\\/\\\/iraurgiberritzen.eus\\\/wp-content\\\/uploads\\\/2024\\\/02\\\/IRAURGI-BERRITZEN-logotipoa_2.png\",\"contentUrl\":\"https:\\\/\\\/iraurgiberritzen.eus\\\/wp-content\\\/uploads\\\/2024\\\/02\\\/IRAURGI-BERRITZEN-logotipoa_2.png\",\"width\":496,\"height\":190,\"caption\":\"Iraurgi Berritzen\"},\"image\":{\"@id\":\"https:\\\/\\\/iraurgiberritzen.eus\\\/es\\\/#\\\/schema\\\/logo\\\/image\\\/\"}},{\"@type\":\"Person\",\"@id\":\"https:\\\/\\\/iraurgiberritzen.eus\\\/es\\\/#\\\/schema\\\/person\\\/a32c9825b3e2bfcbe757a97f6a15c8a5\",\"name\":\"ainara\"}]}<\/script>\n<!-- \/ Yoast SEO plugin. -->","yoast_head_json":{"title":"Reuni\u00f3n de responsables de IT de la comarca centrada en el pentesting y el an\u00e1lisis de vulnerabilidades - Iraurgi Berritzen","robots":{"index":"index","follow":"follow","max-snippet":"max-snippet:-1","max-image-preview":"max-image-preview:large","max-video-preview":"max-video-preview:-1"},"canonical":"https:\/\/iraurgiberritzen.eus\/es\/reunion-de-responsables-de-it-de-la-comarca-centrada-en-el-pentesting-y-el-analisis-de-vulnerabilidades\/","og_locale":"es_ES","og_type":"article","og_title":"Reuni\u00f3n de responsables de IT de la comarca centrada en el pentesting y el an\u00e1lisis de vulnerabilidades - Iraurgi Berritzen","og_description":"En la sesi\u00f3n de trabajo organizada por Iraurgi Berritzen y el Centro de Ciberseguridad Industrial ZIUR, se abordaron temas clave como el an\u00e1lisis de vulnerabilidades, el pentesting y el intercambio de experiencias entre empresas industriales de la comarca.\u00a0 Los responsables de IT de las empresas industriales de Urola Erdia se reunieron el pasado jueves por [&hellip;]","og_url":"https:\/\/iraurgiberritzen.eus\/es\/reunion-de-responsables-de-it-de-la-comarca-centrada-en-el-pentesting-y-el-analisis-de-vulnerabilidades\/","og_site_name":"Iraurgi Berritzen","article_published_time":"2025-10-20T10:12:53+00:00","og_image":[{"width":2560,"height":1440,"url":"https:\/\/iraurgiberritzen.eus\/wp-content\/uploads\/2025\/10\/PXL_20251016_071337703.MP_-scaled.jpg","type":"image\/jpeg"}],"author":"ainara","twitter_card":"summary_large_image","twitter_misc":{"Escrito por":"ainara","Tiempo de lectura":"2 minutos"},"schema":{"@context":"https:\/\/schema.org","@graph":[{"@type":"Article","@id":"https:\/\/iraurgiberritzen.eus\/es\/reunion-de-responsables-de-it-de-la-comarca-centrada-en-el-pentesting-y-el-analisis-de-vulnerabilidades\/#article","isPartOf":{"@id":"https:\/\/iraurgiberritzen.eus\/es\/reunion-de-responsables-de-it-de-la-comarca-centrada-en-el-pentesting-y-el-analisis-de-vulnerabilidades\/"},"author":{"name":"ainara","@id":"https:\/\/iraurgiberritzen.eus\/es\/#\/schema\/person\/a32c9825b3e2bfcbe757a97f6a15c8a5"},"headline":"Reuni\u00f3n de responsables de IT de la comarca centrada en el pentesting y el an\u00e1lisis de vulnerabilidades","datePublished":"2025-10-20T10:12:53+00:00","mainEntityOfPage":{"@id":"https:\/\/iraurgiberritzen.eus\/es\/reunion-de-responsables-de-it-de-la-comarca-centrada-en-el-pentesting-y-el-analisis-de-vulnerabilidades\/"},"wordCount":324,"publisher":{"@id":"https:\/\/iraurgiberritzen.eus\/es\/#organization"},"image":{"@id":"https:\/\/iraurgiberritzen.eus\/es\/reunion-de-responsables-de-it-de-la-comarca-centrada-en-el-pentesting-y-el-analisis-de-vulnerabilidades\/#primaryimage"},"thumbnailUrl":"https:\/\/iraurgiberritzen.eus\/wp-content\/uploads\/2025\/10\/PXL_20251016_071337703.MP_-scaled.jpg","articleSection":["Noticias"],"inLanguage":"es"},{"@type":"WebPage","@id":"https:\/\/iraurgiberritzen.eus\/es\/reunion-de-responsables-de-it-de-la-comarca-centrada-en-el-pentesting-y-el-analisis-de-vulnerabilidades\/","url":"https:\/\/iraurgiberritzen.eus\/es\/reunion-de-responsables-de-it-de-la-comarca-centrada-en-el-pentesting-y-el-analisis-de-vulnerabilidades\/","name":"Reuni\u00f3n de responsables de IT de la comarca centrada en el pentesting y el an\u00e1lisis de vulnerabilidades - Iraurgi Berritzen","isPartOf":{"@id":"https:\/\/iraurgiberritzen.eus\/es\/#website"},"primaryImageOfPage":{"@id":"https:\/\/iraurgiberritzen.eus\/es\/reunion-de-responsables-de-it-de-la-comarca-centrada-en-el-pentesting-y-el-analisis-de-vulnerabilidades\/#primaryimage"},"image":{"@id":"https:\/\/iraurgiberritzen.eus\/es\/reunion-de-responsables-de-it-de-la-comarca-centrada-en-el-pentesting-y-el-analisis-de-vulnerabilidades\/#primaryimage"},"thumbnailUrl":"https:\/\/iraurgiberritzen.eus\/wp-content\/uploads\/2025\/10\/PXL_20251016_071337703.MP_-scaled.jpg","datePublished":"2025-10-20T10:12:53+00:00","breadcrumb":{"@id":"https:\/\/iraurgiberritzen.eus\/es\/reunion-de-responsables-de-it-de-la-comarca-centrada-en-el-pentesting-y-el-analisis-de-vulnerabilidades\/#breadcrumb"},"inLanguage":"es","potentialAction":[{"@type":"ReadAction","target":["https:\/\/iraurgiberritzen.eus\/es\/reunion-de-responsables-de-it-de-la-comarca-centrada-en-el-pentesting-y-el-analisis-de-vulnerabilidades\/"]}]},{"@type":"ImageObject","inLanguage":"es","@id":"https:\/\/iraurgiberritzen.eus\/es\/reunion-de-responsables-de-it-de-la-comarca-centrada-en-el-pentesting-y-el-analisis-de-vulnerabilidades\/#primaryimage","url":"https:\/\/iraurgiberritzen.eus\/wp-content\/uploads\/2025\/10\/PXL_20251016_071337703.MP_-scaled.jpg","contentUrl":"https:\/\/iraurgiberritzen.eus\/wp-content\/uploads\/2025\/10\/PXL_20251016_071337703.MP_-scaled.jpg","width":2560,"height":1440},{"@type":"BreadcrumbList","@id":"https:\/\/iraurgiberritzen.eus\/es\/reunion-de-responsables-de-it-de-la-comarca-centrada-en-el-pentesting-y-el-analisis-de-vulnerabilidades\/#breadcrumb","itemListElement":[{"@type":"ListItem","position":1,"name":"Home","item":"https:\/\/iraurgiberritzen.eus\/es\/"},{"@type":"ListItem","position":2,"name":"Reuni\u00f3n de responsables de IT de la comarca centrada en el pentesting y el an\u00e1lisis de vulnerabilidades"}]},{"@type":"WebSite","@id":"https:\/\/iraurgiberritzen.eus\/es\/#website","url":"https:\/\/iraurgiberritzen.eus\/es\/","name":"Iraurgi Berritzen","description":"Urola Erdiko Garapen Agentzia","publisher":{"@id":"https:\/\/iraurgiberritzen.eus\/es\/#organization"},"potentialAction":[{"@type":"SearchAction","target":{"@type":"EntryPoint","urlTemplate":"https:\/\/iraurgiberritzen.eus\/es\/?s={search_term_string}"},"query-input":{"@type":"PropertyValueSpecification","valueRequired":true,"valueName":"search_term_string"}}],"inLanguage":"es"},{"@type":"Organization","@id":"https:\/\/iraurgiberritzen.eus\/es\/#organization","name":"Iraurgi Berritzen","url":"https:\/\/iraurgiberritzen.eus\/es\/","logo":{"@type":"ImageObject","inLanguage":"es","@id":"https:\/\/iraurgiberritzen.eus\/es\/#\/schema\/logo\/image\/","url":"https:\/\/iraurgiberritzen.eus\/wp-content\/uploads\/2024\/02\/IRAURGI-BERRITZEN-logotipoa_2.png","contentUrl":"https:\/\/iraurgiberritzen.eus\/wp-content\/uploads\/2024\/02\/IRAURGI-BERRITZEN-logotipoa_2.png","width":496,"height":190,"caption":"Iraurgi Berritzen"},"image":{"@id":"https:\/\/iraurgiberritzen.eus\/es\/#\/schema\/logo\/image\/"}},{"@type":"Person","@id":"https:\/\/iraurgiberritzen.eus\/es\/#\/schema\/person\/a32c9825b3e2bfcbe757a97f6a15c8a5","name":"ainara"}]}},"_links":{"self":[{"href":"https:\/\/iraurgiberritzen.eus\/es\/wp-json\/wp\/v2\/posts\/24961","targetHints":{"allow":["GET"]}}],"collection":[{"href":"https:\/\/iraurgiberritzen.eus\/es\/wp-json\/wp\/v2\/posts"}],"about":[{"href":"https:\/\/iraurgiberritzen.eus\/es\/wp-json\/wp\/v2\/types\/post"}],"author":[{"embeddable":true,"href":"https:\/\/iraurgiberritzen.eus\/es\/wp-json\/wp\/v2\/users\/4"}],"replies":[{"embeddable":true,"href":"https:\/\/iraurgiberritzen.eus\/es\/wp-json\/wp\/v2\/comments?post=24961"}],"version-history":[{"count":1,"href":"https:\/\/iraurgiberritzen.eus\/es\/wp-json\/wp\/v2\/posts\/24961\/revisions"}],"predecessor-version":[{"id":24962,"href":"https:\/\/iraurgiberritzen.eus\/es\/wp-json\/wp\/v2\/posts\/24961\/revisions\/24962"}],"wp:featuredmedia":[{"embeddable":true,"href":"https:\/\/iraurgiberritzen.eus\/es\/wp-json\/wp\/v2\/media\/24959"}],"wp:attachment":[{"href":"https:\/\/iraurgiberritzen.eus\/es\/wp-json\/wp\/v2\/media?parent=24961"}],"wp:term":[{"taxonomy":"category","embeddable":true,"href":"https:\/\/iraurgiberritzen.eus\/es\/wp-json\/wp\/v2\/categories?post=24961"},{"taxonomy":"post_tag","embeddable":true,"href":"https:\/\/iraurgiberritzen.eus\/es\/wp-json\/wp\/v2\/tags?post=24961"}],"curies":[{"name":"wp","href":"https:\/\/api.w.org\/{rel}","templated":true}]}}