{"id":24973,"date":"2025-10-20T15:30:02","date_gmt":"2025-10-20T13:30:02","guid":{"rendered":"https:\/\/iraurgiberritzen.eus\/?p=24973"},"modified":"2025-10-29T10:20:48","modified_gmt":"2025-10-29T08:20:48","slug":"nuevos-certificados-de-profesionalidad-para-personas-desempleadas-dentro-del-proyecto-elkarekin-lanean-2025-2026","status":"publish","type":"post","link":"https:\/\/iraurgiberritzen.eus\/es\/nuevos-certificados-de-profesionalidad-para-personas-desempleadas-dentro-del-proyecto-elkarekin-lanean-2025-2026\/","title":{"rendered":"Nuevos certificados de profesionalidad para personas desempleadas dentro del proyecto ElkarEkin Lanean 2025-2026"},"content":{"rendered":"<h5><em>Durante el mes de octubre se han puesto en marcha nuevas oportunidades de formaci\u00f3n para personas desempleadas de Urola Medio, con el inicio de dos certificados de profesionalidad en el marco del proyecto financiado por la Diputaci\u00f3n Foral de Gipuzkoa ElkarEkin Lanean IV 2025-2026: Atenci\u00f3n sociosanitaria a personas dependientes en instituciones sociales y Mecanizado por arranque de viruta.<\/em><\/h5>\n<p><strong>Desde Iraurgi Berritzen<\/strong>, a trav\u00e9s del \u00c1rea de Empleo, en los \u00faltimos a\u00f1os se han desarrollado <strong>diversas l\u00edneas de actuaci\u00f3n para fomentar el empleo y reducir el desempleo en Urola Medio<\/strong>, en colaboraci\u00f3n con los agentes de la comarca. Entre ellas destaca el <strong>proyecto ElkarEkin Lanean<\/strong>, una <strong>herramienta estrat\u00e9gica para reforzar la empleabilidad de las personas en situaci\u00f3n o riesgo de vulnerabilidad<\/strong>, ofreciendo <strong>itinerarios personalizados de inserci\u00f3n sociolaboral<\/strong>. Se han puesto en marcha dos itinerarios formativos:<\/p>\n<ul>\n<li><strong>Atenci\u00f3n sociosanitaria a personas dependientes en instituciones sociales<\/strong><br \/>\nEste curso comenz\u00f3 el <strong>6 de octubre<\/strong> en el <strong>Palacio Basazabal de Azpeitia<\/strong>, de la mano de Zabaltzen Sartu, y se prolongar\u00e1 hasta el <strong>3 de febrero de 2025<\/strong>, con un total de <strong>370 horas de formaci\u00f3n<\/strong>. Una vez finalizado, las personas participantes realizar\u00e1n <strong>80 horas de pr\u00e1cticas<\/strong> en centros sociosanitarios de la zona.<\/li>\n<li><strong>Mecanizado por arranque de viruta<\/strong><br \/>\nIniciado el <strong>13 de octubre<\/strong> en el <strong>centro de Formaci\u00f3n Profesional Izarraitz de Azkoitia<\/strong>, el curso finalizar\u00e1 el <strong>22 de abril de 2026<\/strong>, con una duraci\u00f3n total de <strong>510 horas<\/strong>. Posteriormente, las <strong>15 personas participantes<\/strong> realizar\u00e1n <strong>80 horas de pr\u00e1cticas<\/strong> en empresas del entorno.<\/li>\n<\/ul>\n<p>Asimismo, <strong data-start=\"389\" data-end=\"539\">informamos a las empresas de la comarca de que varios participantes del primer curso de mecanizado ya est\u00e1n preparados para comenzar sus pr\u00e1cticas<\/strong>. Animamos a las empresas interesadas en aprovechar esta oportunidad a ponerse en contacto con nosotros, escribiendo a la siguiente direcci\u00f3n: <strong><a class=\"decorated-link cursor-pointer\" rel=\"noopener\" data-start=\"686\" data-end=\"759\">sfernandez@iraurgiberritzen.eus <\/a><\/strong><a class=\"decorated-link cursor-pointer\" rel=\"noopener\" data-start=\"686\" data-end=\"759\">(Sandra Fern\u00e1ndez)<\/a>.<\/p>\n","protected":false},"excerpt":{"rendered":"<p>Durante el mes de octubre se han puesto en marcha nuevas oportunidades de formaci\u00f3n para personas desempleadas de Urola Medio, con el inicio de dos certificados de profesionalidad en el marco del proyecto financiado por la Diputaci\u00f3n Foral de Gipuzkoa ElkarEkin Lanean IV 2025-2026: Atenci\u00f3n sociosanitaria a personas dependientes en instituciones sociales y Mecanizado por [&hellip;]<\/p>\n","protected":false},"author":4,"featured_media":24988,"comment_status":"closed","ping_status":"closed","sticky":false,"template":"","format":"standard","meta":{"_acf_changed":false,"footnotes":""},"categories":[4],"tags":[],"class_list":["post-24973","post","type-post","status-publish","format-standard","has-post-thumbnail","hentry","category-noticias","arloak-empleo"],"acf":[],"yoast_head":"<!-- This site is optimized with the Yoast SEO plugin v27.4 - https:\/\/yoast.com\/product\/yoast-seo-wordpress\/ -->\n<title>Nuevos certificados de profesionalidad para personas desempleadas dentro del proyecto ElkarEkin Lanean 2025-2026 - Iraurgi Berritzen<\/title>\n<meta name=\"robots\" content=\"index, follow, max-snippet:-1, max-image-preview:large, max-video-preview:-1\" \/>\n<link rel=\"canonical\" href=\"https:\/\/iraurgiberritzen.eus\/es\/nuevos-certificados-de-profesionalidad-para-personas-desempleadas-dentro-del-proyecto-elkarekin-lanean-2025-2026\/\" \/>\n<meta property=\"og:locale\" content=\"es_ES\" \/>\n<meta property=\"og:type\" content=\"article\" \/>\n<meta property=\"og:title\" content=\"Nuevos certificados de profesionalidad para personas desempleadas dentro del proyecto ElkarEkin Lanean 2025-2026 - Iraurgi Berritzen\" \/>\n<meta property=\"og:description\" content=\"Durante el mes de octubre se han puesto en marcha nuevas oportunidades de formaci\u00f3n para personas desempleadas de Urola Medio, con el inicio de dos certificados de profesionalidad en el marco del proyecto financiado por la Diputaci\u00f3n Foral de Gipuzkoa ElkarEkin Lanean IV 2025-2026: Atenci\u00f3n sociosanitaria a personas dependientes en instituciones sociales y Mecanizado por [&hellip;]\" \/>\n<meta property=\"og:url\" content=\"https:\/\/iraurgiberritzen.eus\/es\/nuevos-certificados-de-profesionalidad-para-personas-desempleadas-dentro-del-proyecto-elkarekin-lanean-2025-2026\/\" \/>\n<meta property=\"og:site_name\" content=\"Iraurgi Berritzen\" \/>\n<meta property=\"article:published_time\" content=\"2025-10-20T13:30:02+00:00\" \/>\n<meta property=\"article:modified_time\" content=\"2025-10-29T08:20:48+00:00\" \/>\n<meta property=\"og:image\" content=\"https:\/\/iraurgiberritzen.eus\/wp-content\/uploads\/2025\/10\/PORTADA-IB-WEB-800-x-550-px-7-1024x704.jpg\" \/>\n\t<meta property=\"og:image:width\" content=\"1024\" \/>\n\t<meta property=\"og:image:height\" content=\"704\" \/>\n\t<meta property=\"og:image:type\" content=\"image\/jpeg\" \/>\n<meta name=\"author\" content=\"ainara\" \/>\n<meta name=\"twitter:card\" content=\"summary_large_image\" \/>\n<meta name=\"twitter:label1\" content=\"Escrito por\" \/>\n\t<meta name=\"twitter:data1\" content=\"ainara\" \/>\n\t<meta name=\"twitter:label2\" content=\"Tiempo de lectura\" \/>\n\t<meta name=\"twitter:data2\" content=\"2 minutos\" \/>\n<script type=\"application\/ld+json\" class=\"yoast-schema-graph\">{\"@context\":\"https:\\\/\\\/schema.org\",\"@graph\":[{\"@type\":\"Article\",\"@id\":\"https:\\\/\\\/iraurgiberritzen.eus\\\/es\\\/nuevos-certificados-de-profesionalidad-para-personas-desempleadas-dentro-del-proyecto-elkarekin-lanean-2025-2026\\\/#article\",\"isPartOf\":{\"@id\":\"https:\\\/\\\/iraurgiberritzen.eus\\\/es\\\/nuevos-certificados-de-profesionalidad-para-personas-desempleadas-dentro-del-proyecto-elkarekin-lanean-2025-2026\\\/\"},\"author\":{\"name\":\"ainara\",\"@id\":\"https:\\\/\\\/iraurgiberritzen.eus\\\/es\\\/#\\\/schema\\\/person\\\/a32c9825b3e2bfcbe757a97f6a15c8a5\"},\"headline\":\"Nuevos certificados de profesionalidad para personas desempleadas dentro del proyecto ElkarEkin Lanean 2025-2026\",\"datePublished\":\"2025-10-20T13:30:02+00:00\",\"dateModified\":\"2025-10-29T08:20:48+00:00\",\"mainEntityOfPage\":{\"@id\":\"https:\\\/\\\/iraurgiberritzen.eus\\\/es\\\/nuevos-certificados-de-profesionalidad-para-personas-desempleadas-dentro-del-proyecto-elkarekin-lanean-2025-2026\\\/\"},\"wordCount\":319,\"publisher\":{\"@id\":\"https:\\\/\\\/iraurgiberritzen.eus\\\/es\\\/#organization\"},\"image\":{\"@id\":\"https:\\\/\\\/iraurgiberritzen.eus\\\/es\\\/nuevos-certificados-de-profesionalidad-para-personas-desempleadas-dentro-del-proyecto-elkarekin-lanean-2025-2026\\\/#primaryimage\"},\"thumbnailUrl\":\"https:\\\/\\\/iraurgiberritzen.eus\\\/wp-content\\\/uploads\\\/2025\\\/10\\\/PORTADA-IB-WEB-800-x-550-px-7.jpg\",\"articleSection\":[\"Noticias\"],\"inLanguage\":\"es\"},{\"@type\":\"WebPage\",\"@id\":\"https:\\\/\\\/iraurgiberritzen.eus\\\/es\\\/nuevos-certificados-de-profesionalidad-para-personas-desempleadas-dentro-del-proyecto-elkarekin-lanean-2025-2026\\\/\",\"url\":\"https:\\\/\\\/iraurgiberritzen.eus\\\/es\\\/nuevos-certificados-de-profesionalidad-para-personas-desempleadas-dentro-del-proyecto-elkarekin-lanean-2025-2026\\\/\",\"name\":\"Nuevos certificados de profesionalidad para personas desempleadas dentro del proyecto ElkarEkin Lanean 2025-2026 - Iraurgi Berritzen\",\"isPartOf\":{\"@id\":\"https:\\\/\\\/iraurgiberritzen.eus\\\/es\\\/#website\"},\"primaryImageOfPage\":{\"@id\":\"https:\\\/\\\/iraurgiberritzen.eus\\\/es\\\/nuevos-certificados-de-profesionalidad-para-personas-desempleadas-dentro-del-proyecto-elkarekin-lanean-2025-2026\\\/#primaryimage\"},\"image\":{\"@id\":\"https:\\\/\\\/iraurgiberritzen.eus\\\/es\\\/nuevos-certificados-de-profesionalidad-para-personas-desempleadas-dentro-del-proyecto-elkarekin-lanean-2025-2026\\\/#primaryimage\"},\"thumbnailUrl\":\"https:\\\/\\\/iraurgiberritzen.eus\\\/wp-content\\\/uploads\\\/2025\\\/10\\\/PORTADA-IB-WEB-800-x-550-px-7.jpg\",\"datePublished\":\"2025-10-20T13:30:02+00:00\",\"dateModified\":\"2025-10-29T08:20:48+00:00\",\"breadcrumb\":{\"@id\":\"https:\\\/\\\/iraurgiberritzen.eus\\\/es\\\/nuevos-certificados-de-profesionalidad-para-personas-desempleadas-dentro-del-proyecto-elkarekin-lanean-2025-2026\\\/#breadcrumb\"},\"inLanguage\":\"es\",\"potentialAction\":[{\"@type\":\"ReadAction\",\"target\":[\"https:\\\/\\\/iraurgiberritzen.eus\\\/es\\\/nuevos-certificados-de-profesionalidad-para-personas-desempleadas-dentro-del-proyecto-elkarekin-lanean-2025-2026\\\/\"]}]},{\"@type\":\"ImageObject\",\"inLanguage\":\"es\",\"@id\":\"https:\\\/\\\/iraurgiberritzen.eus\\\/es\\\/nuevos-certificados-de-profesionalidad-para-personas-desempleadas-dentro-del-proyecto-elkarekin-lanean-2025-2026\\\/#primaryimage\",\"url\":\"https:\\\/\\\/iraurgiberritzen.eus\\\/wp-content\\\/uploads\\\/2025\\\/10\\\/PORTADA-IB-WEB-800-x-550-px-7.jpg\",\"contentUrl\":\"https:\\\/\\\/iraurgiberritzen.eus\\\/wp-content\\\/uploads\\\/2025\\\/10\\\/PORTADA-IB-WEB-800-x-550-px-7.jpg\",\"width\":2500,\"height\":1719},{\"@type\":\"BreadcrumbList\",\"@id\":\"https:\\\/\\\/iraurgiberritzen.eus\\\/es\\\/nuevos-certificados-de-profesionalidad-para-personas-desempleadas-dentro-del-proyecto-elkarekin-lanean-2025-2026\\\/#breadcrumb\",\"itemListElement\":[{\"@type\":\"ListItem\",\"position\":1,\"name\":\"Home\",\"item\":\"https:\\\/\\\/iraurgiberritzen.eus\\\/es\\\/\"},{\"@type\":\"ListItem\",\"position\":2,\"name\":\"Nuevos certificados de profesionalidad para personas desempleadas dentro del proyecto ElkarEkin Lanean 2025-2026\"}]},{\"@type\":\"WebSite\",\"@id\":\"https:\\\/\\\/iraurgiberritzen.eus\\\/es\\\/#website\",\"url\":\"https:\\\/\\\/iraurgiberritzen.eus\\\/es\\\/\",\"name\":\"Iraurgi Berritzen\",\"description\":\"Urola Erdiko Garapen Agentzia\",\"publisher\":{\"@id\":\"https:\\\/\\\/iraurgiberritzen.eus\\\/es\\\/#organization\"},\"potentialAction\":[{\"@type\":\"SearchAction\",\"target\":{\"@type\":\"EntryPoint\",\"urlTemplate\":\"https:\\\/\\\/iraurgiberritzen.eus\\\/es\\\/?s={search_term_string}\"},\"query-input\":{\"@type\":\"PropertyValueSpecification\",\"valueRequired\":true,\"valueName\":\"search_term_string\"}}],\"inLanguage\":\"es\"},{\"@type\":\"Organization\",\"@id\":\"https:\\\/\\\/iraurgiberritzen.eus\\\/es\\\/#organization\",\"name\":\"Iraurgi Berritzen\",\"url\":\"https:\\\/\\\/iraurgiberritzen.eus\\\/es\\\/\",\"logo\":{\"@type\":\"ImageObject\",\"inLanguage\":\"es\",\"@id\":\"https:\\\/\\\/iraurgiberritzen.eus\\\/es\\\/#\\\/schema\\\/logo\\\/image\\\/\",\"url\":\"https:\\\/\\\/iraurgiberritzen.eus\\\/wp-content\\\/uploads\\\/2024\\\/02\\\/IRAURGI-BERRITZEN-logotipoa_2.png\",\"contentUrl\":\"https:\\\/\\\/iraurgiberritzen.eus\\\/wp-content\\\/uploads\\\/2024\\\/02\\\/IRAURGI-BERRITZEN-logotipoa_2.png\",\"width\":496,\"height\":190,\"caption\":\"Iraurgi Berritzen\"},\"image\":{\"@id\":\"https:\\\/\\\/iraurgiberritzen.eus\\\/es\\\/#\\\/schema\\\/logo\\\/image\\\/\"}},{\"@type\":\"Person\",\"@id\":\"https:\\\/\\\/iraurgiberritzen.eus\\\/es\\\/#\\\/schema\\\/person\\\/a32c9825b3e2bfcbe757a97f6a15c8a5\",\"name\":\"ainara\"}]}<\/script>\n<!-- \/ Yoast SEO plugin. -->","yoast_head_json":{"title":"Nuevos certificados de profesionalidad para personas desempleadas dentro del proyecto ElkarEkin Lanean 2025-2026 - Iraurgi Berritzen","robots":{"index":"index","follow":"follow","max-snippet":"max-snippet:-1","max-image-preview":"max-image-preview:large","max-video-preview":"max-video-preview:-1"},"canonical":"https:\/\/iraurgiberritzen.eus\/es\/nuevos-certificados-de-profesionalidad-para-personas-desempleadas-dentro-del-proyecto-elkarekin-lanean-2025-2026\/","og_locale":"es_ES","og_type":"article","og_title":"Nuevos certificados de profesionalidad para personas desempleadas dentro del proyecto ElkarEkin Lanean 2025-2026 - Iraurgi Berritzen","og_description":"Durante el mes de octubre se han puesto en marcha nuevas oportunidades de formaci\u00f3n para personas desempleadas de Urola Medio, con el inicio de dos certificados de profesionalidad en el marco del proyecto financiado por la Diputaci\u00f3n Foral de Gipuzkoa ElkarEkin Lanean IV 2025-2026: Atenci\u00f3n sociosanitaria a personas dependientes en instituciones sociales y Mecanizado por [&hellip;]","og_url":"https:\/\/iraurgiberritzen.eus\/es\/nuevos-certificados-de-profesionalidad-para-personas-desempleadas-dentro-del-proyecto-elkarekin-lanean-2025-2026\/","og_site_name":"Iraurgi Berritzen","article_published_time":"2025-10-20T13:30:02+00:00","article_modified_time":"2025-10-29T08:20:48+00:00","og_image":[{"width":1024,"height":704,"url":"https:\/\/iraurgiberritzen.eus\/wp-content\/uploads\/2025\/10\/PORTADA-IB-WEB-800-x-550-px-7-1024x704.jpg","type":"image\/jpeg"}],"author":"ainara","twitter_card":"summary_large_image","twitter_misc":{"Escrito por":"ainara","Tiempo de lectura":"2 minutos"},"schema":{"@context":"https:\/\/schema.org","@graph":[{"@type":"Article","@id":"https:\/\/iraurgiberritzen.eus\/es\/nuevos-certificados-de-profesionalidad-para-personas-desempleadas-dentro-del-proyecto-elkarekin-lanean-2025-2026\/#article","isPartOf":{"@id":"https:\/\/iraurgiberritzen.eus\/es\/nuevos-certificados-de-profesionalidad-para-personas-desempleadas-dentro-del-proyecto-elkarekin-lanean-2025-2026\/"},"author":{"name":"ainara","@id":"https:\/\/iraurgiberritzen.eus\/es\/#\/schema\/person\/a32c9825b3e2bfcbe757a97f6a15c8a5"},"headline":"Nuevos certificados de profesionalidad para personas desempleadas dentro del proyecto ElkarEkin Lanean 2025-2026","datePublished":"2025-10-20T13:30:02+00:00","dateModified":"2025-10-29T08:20:48+00:00","mainEntityOfPage":{"@id":"https:\/\/iraurgiberritzen.eus\/es\/nuevos-certificados-de-profesionalidad-para-personas-desempleadas-dentro-del-proyecto-elkarekin-lanean-2025-2026\/"},"wordCount":319,"publisher":{"@id":"https:\/\/iraurgiberritzen.eus\/es\/#organization"},"image":{"@id":"https:\/\/iraurgiberritzen.eus\/es\/nuevos-certificados-de-profesionalidad-para-personas-desempleadas-dentro-del-proyecto-elkarekin-lanean-2025-2026\/#primaryimage"},"thumbnailUrl":"https:\/\/iraurgiberritzen.eus\/wp-content\/uploads\/2025\/10\/PORTADA-IB-WEB-800-x-550-px-7.jpg","articleSection":["Noticias"],"inLanguage":"es"},{"@type":"WebPage","@id":"https:\/\/iraurgiberritzen.eus\/es\/nuevos-certificados-de-profesionalidad-para-personas-desempleadas-dentro-del-proyecto-elkarekin-lanean-2025-2026\/","url":"https:\/\/iraurgiberritzen.eus\/es\/nuevos-certificados-de-profesionalidad-para-personas-desempleadas-dentro-del-proyecto-elkarekin-lanean-2025-2026\/","name":"Nuevos certificados de profesionalidad para personas desempleadas dentro del proyecto ElkarEkin Lanean 2025-2026 - Iraurgi Berritzen","isPartOf":{"@id":"https:\/\/iraurgiberritzen.eus\/es\/#website"},"primaryImageOfPage":{"@id":"https:\/\/iraurgiberritzen.eus\/es\/nuevos-certificados-de-profesionalidad-para-personas-desempleadas-dentro-del-proyecto-elkarekin-lanean-2025-2026\/#primaryimage"},"image":{"@id":"https:\/\/iraurgiberritzen.eus\/es\/nuevos-certificados-de-profesionalidad-para-personas-desempleadas-dentro-del-proyecto-elkarekin-lanean-2025-2026\/#primaryimage"},"thumbnailUrl":"https:\/\/iraurgiberritzen.eus\/wp-content\/uploads\/2025\/10\/PORTADA-IB-WEB-800-x-550-px-7.jpg","datePublished":"2025-10-20T13:30:02+00:00","dateModified":"2025-10-29T08:20:48+00:00","breadcrumb":{"@id":"https:\/\/iraurgiberritzen.eus\/es\/nuevos-certificados-de-profesionalidad-para-personas-desempleadas-dentro-del-proyecto-elkarekin-lanean-2025-2026\/#breadcrumb"},"inLanguage":"es","potentialAction":[{"@type":"ReadAction","target":["https:\/\/iraurgiberritzen.eus\/es\/nuevos-certificados-de-profesionalidad-para-personas-desempleadas-dentro-del-proyecto-elkarekin-lanean-2025-2026\/"]}]},{"@type":"ImageObject","inLanguage":"es","@id":"https:\/\/iraurgiberritzen.eus\/es\/nuevos-certificados-de-profesionalidad-para-personas-desempleadas-dentro-del-proyecto-elkarekin-lanean-2025-2026\/#primaryimage","url":"https:\/\/iraurgiberritzen.eus\/wp-content\/uploads\/2025\/10\/PORTADA-IB-WEB-800-x-550-px-7.jpg","contentUrl":"https:\/\/iraurgiberritzen.eus\/wp-content\/uploads\/2025\/10\/PORTADA-IB-WEB-800-x-550-px-7.jpg","width":2500,"height":1719},{"@type":"BreadcrumbList","@id":"https:\/\/iraurgiberritzen.eus\/es\/nuevos-certificados-de-profesionalidad-para-personas-desempleadas-dentro-del-proyecto-elkarekin-lanean-2025-2026\/#breadcrumb","itemListElement":[{"@type":"ListItem","position":1,"name":"Home","item":"https:\/\/iraurgiberritzen.eus\/es\/"},{"@type":"ListItem","position":2,"name":"Nuevos certificados de profesionalidad para personas desempleadas dentro del proyecto ElkarEkin Lanean 2025-2026"}]},{"@type":"WebSite","@id":"https:\/\/iraurgiberritzen.eus\/es\/#website","url":"https:\/\/iraurgiberritzen.eus\/es\/","name":"Iraurgi Berritzen","description":"Urola Erdiko Garapen Agentzia","publisher":{"@id":"https:\/\/iraurgiberritzen.eus\/es\/#organization"},"potentialAction":[{"@type":"SearchAction","target":{"@type":"EntryPoint","urlTemplate":"https:\/\/iraurgiberritzen.eus\/es\/?s={search_term_string}"},"query-input":{"@type":"PropertyValueSpecification","valueRequired":true,"valueName":"search_term_string"}}],"inLanguage":"es"},{"@type":"Organization","@id":"https:\/\/iraurgiberritzen.eus\/es\/#organization","name":"Iraurgi Berritzen","url":"https:\/\/iraurgiberritzen.eus\/es\/","logo":{"@type":"ImageObject","inLanguage":"es","@id":"https:\/\/iraurgiberritzen.eus\/es\/#\/schema\/logo\/image\/","url":"https:\/\/iraurgiberritzen.eus\/wp-content\/uploads\/2024\/02\/IRAURGI-BERRITZEN-logotipoa_2.png","contentUrl":"https:\/\/iraurgiberritzen.eus\/wp-content\/uploads\/2024\/02\/IRAURGI-BERRITZEN-logotipoa_2.png","width":496,"height":190,"caption":"Iraurgi Berritzen"},"image":{"@id":"https:\/\/iraurgiberritzen.eus\/es\/#\/schema\/logo\/image\/"}},{"@type":"Person","@id":"https:\/\/iraurgiberritzen.eus\/es\/#\/schema\/person\/a32c9825b3e2bfcbe757a97f6a15c8a5","name":"ainara"}]}},"_links":{"self":[{"href":"https:\/\/iraurgiberritzen.eus\/es\/wp-json\/wp\/v2\/posts\/24973","targetHints":{"allow":["GET"]}}],"collection":[{"href":"https:\/\/iraurgiberritzen.eus\/es\/wp-json\/wp\/v2\/posts"}],"about":[{"href":"https:\/\/iraurgiberritzen.eus\/es\/wp-json\/wp\/v2\/types\/post"}],"author":[{"embeddable":true,"href":"https:\/\/iraurgiberritzen.eus\/es\/wp-json\/wp\/v2\/users\/4"}],"replies":[{"embeddable":true,"href":"https:\/\/iraurgiberritzen.eus\/es\/wp-json\/wp\/v2\/comments?post=24973"}],"version-history":[{"count":7,"href":"https:\/\/iraurgiberritzen.eus\/es\/wp-json\/wp\/v2\/posts\/24973\/revisions"}],"predecessor-version":[{"id":25038,"href":"https:\/\/iraurgiberritzen.eus\/es\/wp-json\/wp\/v2\/posts\/24973\/revisions\/25038"}],"wp:featuredmedia":[{"embeddable":true,"href":"https:\/\/iraurgiberritzen.eus\/es\/wp-json\/wp\/v2\/media\/24988"}],"wp:attachment":[{"href":"https:\/\/iraurgiberritzen.eus\/es\/wp-json\/wp\/v2\/media?parent=24973"}],"wp:term":[{"taxonomy":"category","embeddable":true,"href":"https:\/\/iraurgiberritzen.eus\/es\/wp-json\/wp\/v2\/categories?post=24973"},{"taxonomy":"post_tag","embeddable":true,"href":"https:\/\/iraurgiberritzen.eus\/es\/wp-json\/wp\/v2\/tags?post=24973"}],"curies":[{"name":"wp","href":"https:\/\/api.w.org\/{rel}","templated":true}]}}