{"id":24998,"date":"2025-10-21T12:43:14","date_gmt":"2025-10-21T10:43:14","guid":{"rendered":"https:\/\/iraurgiberritzen.eus\/?p=24998"},"modified":"2025-10-30T11:33:09","modified_gmt":"2025-10-30T09:33:09","slug":"re-think-industry-2025-las-pymes-industriales-guipuzcoanas-miran-al-futuro","status":"publish","type":"post","link":"https:\/\/iraurgiberritzen.eus\/es\/re-think-industry-2025-las-pymes-industriales-guipuzcoanas-miran-al-futuro\/","title":{"rendered":"Re-Think Industry 2025: las pymes industriales guipuzcoanas miran al futuro"},"content":{"rendered":"<p><b><i><span data-contrast=\"auto\">El pr\u00f3ximo 12 de noviembre, el Palacio Kursaal acoger\u00e1 la cuarta edici\u00f3n del congreso Re-Think Industry 2025, consolidado como el principal punto de encuentro de las pymes industriales de Gipuzkoa, con el objetivo de reflexionar sobre innovaci\u00f3n, competitividad y nuevas transiciones.<\/span><\/i><\/b><span data-ccp-props=\"{&quot;134233117&quot;:true,&quot;134233118&quot;:true,&quot;201341983&quot;:0,&quot;335559740&quot;:240}\">\u00a0<\/span><\/p>\n<p><span data-contrast=\"auto\">Bajo el lema <\/span><b><span data-contrast=\"auto\">\u201cTransformando hoy la industria del futuro\u201d<\/span><\/b><span data-contrast=\"auto\">, la jornada ofrecer\u00e1 un espacio para <\/span><b><span data-contrast=\"auto\">compartir conocimientos, experiencias y buenas pr\u00e1cticas<\/span><\/b><span data-contrast=\"auto\">, impulsando la <\/span><b><span data-contrast=\"auto\">transformaci\u00f3n y la competitividad del sector industrial<\/span><\/b><span data-contrast=\"auto\">.<\/span><span data-ccp-props=\"{&quot;134233117&quot;:true,&quot;134233118&quot;:true,&quot;201341983&quot;:0,&quot;335559740&quot;:240}\">\u00a0<\/span><\/p>\n<p><span data-contrast=\"auto\">El congreso est\u00e1 organizado por la <\/span><b><span data-contrast=\"auto\">Diputaci\u00f3n Foral de Gipuzkoa<\/span><\/b><span data-contrast=\"auto\">, con la colaboraci\u00f3n de los <\/span><b><span data-contrast=\"auto\">principales agentes del ecosistema industrial del territorio<\/span><\/b><span data-contrast=\"auto\"> \u2014entre ellos, <\/span><b><span data-contrast=\"auto\">Iraurgi Berritzen<\/span><\/b><span data-contrast=\"auto\">\u2014, y reunir\u00e1, como en ediciones anteriores, a <\/span><b><span data-contrast=\"auto\">centenares de empresas y profesionales<\/span><\/b><span data-contrast=\"auto\">.<\/span><span data-ccp-props=\"{&quot;134233117&quot;:true,&quot;134233118&quot;:true,&quot;201341983&quot;:0,&quot;335559740&quot;:240}\">\u00a0<\/span><\/p>\n<p><span data-contrast=\"auto\">Las <\/span><b><span data-contrast=\"auto\">mesas redondas de la ma\u00f1ana<\/span><\/b><span data-contrast=\"auto\"> abordar\u00e1n los grandes retos actuales de la industria: <\/span><b><span data-contrast=\"auto\">inteligencia artificial, internacionalizaci\u00f3n, intraemprendimiento y gesti\u00f3n participativa<\/span><\/b><span data-contrast=\"auto\">, entre otros. Adem\u00e1s, contar\u00e1 con la participaci\u00f3n de ponentes destacados como <\/span><b><span data-contrast=\"auto\">Cristina Garmendia (Cotec)<\/span><\/b><span data-contrast=\"auto\"> y <\/span><b><span data-contrast=\"auto\">Javier Aizpurua (BasQ, DIPC)<\/span><\/b><span data-contrast=\"auto\">.<\/span><span data-ccp-props=\"{&quot;134233117&quot;:true,&quot;134233118&quot;:true,&quot;201341983&quot;:0,&quot;335559740&quot;:240}\">\u00a0<\/span><\/p>\n<p><span class=\"TextRun SCXW23246172 BCX0\" lang=\"ES-ES\" xml:lang=\"ES-ES\" data-contrast=\"auto\"><span class=\"NormalTextRun SCXW23246172 BCX0\">En las <strong>mesas redondas<\/strong> tambi\u00e9n participar\u00e1n las empresas <\/span><\/span><span class=\"TextRun MacChromeBold SCXW23246172 BCX0\" lang=\"ES-ES\" xml:lang=\"ES-ES\" data-contrast=\"auto\"><span class=\"NormalTextRun SCXW23246172 BCX0\"><strong>IBARMIA<\/strong> <\/span><\/span><span class=\"TextRun SCXW23246172 BCX0\" lang=\"ES-ES\" xml:lang=\"ES-ES\" data-contrast=\"auto\"><span class=\"NormalTextRun SCXW23246172 BCX0\">(<\/span><span class=\"NormalTextRun SCXW23246172 BCX0\">inteligencia artificial)<\/span><span class=\"NormalTextRun SCXW23246172 BCX0\">,<\/span><\/span><span class=\"TextRun MacChromeBold SCXW23246172 BCX0\" lang=\"ES-ES\" xml:lang=\"ES-ES\" data-contrast=\"auto\"><span class=\"NormalTextRun SCXW23246172 BCX0\"><strong> Vi4Crane<\/strong> <\/span><\/span><span class=\"TextRun SCXW23246172 BCX0\" lang=\"ES-ES\" xml:lang=\"ES-ES\" data-contrast=\"auto\"><span class=\"NormalTextRun SCXW23246172 BCX0\">(I<\/span><span class=\"NormalTextRun SCXW23246172 BCX0\">nteligencia artificial)<\/span><\/span><span class=\"TextRun SCXW23246172 BCX0\" lang=\"ES-ES\" xml:lang=\"ES-ES\" data-contrast=\"auto\"><span class=\"NormalTextRun SCXW23246172 BCX0\">\u00a0<\/span><\/span><span class=\"TextRun MacChromeBold SCXW23246172 BCX0\" lang=\"ES-ES\" xml:lang=\"ES-ES\" data-contrast=\"auto\"><span class=\"NormalTextRun SCXW23246172 BCX0\">e <\/span><strong><span class=\"NormalTextRun SpellingErrorV2Themed SCXW23246172 BCX0\">Irurena<\/span> <span class=\"NormalTextRun SpellingErrorV2Themed SCXW23246172 BCX0\">Group<\/span> <\/strong><\/span><span class=\"TextRun SCXW23246172 BCX0\" lang=\"ES-ES\" xml:lang=\"ES-ES\" data-contrast=\"auto\"><span class=\"NormalTextRun SCXW23246172 BCX0\">(<\/span><span class=\"NormalTextRun SpellingErrorV2Themed SCXW23246172 BCX0\">I<\/span><span class=\"NormalTextRun SpellingErrorV2Themed SCXW23246172 BCX0\">ntraemprendimiento<\/span><span class=\"NormalTextRun SCXW23246172 BCX0\">)<\/span><span class=\"NormalTextRun SCXW23246172 BCX0\">,<\/span><\/span> <span class=\"TextRun MacChromeBold SCXW23246172 BCX0\" lang=\"ES-ES\" xml:lang=\"ES-ES\" data-contrast=\"auto\"><strong><span class=\"NormalTextRun SCXW23246172 BCX0\">de <\/span><span class=\"NormalTextRun SpellingErrorV2Themed SCXW23246172 BCX0\">Urola<\/span> <span class=\"NormalTextRun SpellingErrorV2Themed SCXW23246172 BCX0\">Erdia<\/span><\/strong><span class=\"NormalTextRun SCXW23246172 BCX0\">,<\/span><\/span><span class=\"TextRun SCXW23246172 BCX0\" lang=\"ES-ES\" xml:lang=\"ES-ES\" data-contrast=\"auto\"><span class=\"NormalTextRun SCXW23246172 BCX0\"> compartiendo sus experiencias y puntos de vista sobre los retos de futuro de la industria.<\/span><\/span><span class=\"EOP SCXW23246172 BCX0\" data-ccp-props=\"{&quot;134233117&quot;:true,&quot;134233118&quot;:true,&quot;201341983&quot;:0,&quot;335559740&quot;:240}\">\u00a0<\/span><\/p>\n<p><span data-contrast=\"auto\">La <\/span><b><span data-contrast=\"auto\">diputada general, Eider Mendoza<\/span><\/b><span data-contrast=\"auto\">, y el <\/span><b><span data-contrast=\"auto\">diputado de Promoci\u00f3n Econ\u00f3mica y Proyectos Estrat\u00e9gicos, Unai Andueza<\/span><\/b><span data-contrast=\"auto\">, abrir\u00e1n y clausurar\u00e1n el congreso, subrayando el <\/span><b><span data-contrast=\"auto\">compromiso con la transici\u00f3n tecnol\u00f3gica, ecol\u00f3gica y social<\/span><\/b><span data-contrast=\"auto\"> de las pymes industriales guipuzcoanas.<\/span><span data-ccp-props=\"{&quot;134233117&quot;:true,&quot;134233118&quot;:true,&quot;201341983&quot;:0,&quot;335559740&quot;:240}\">\u00a0<\/span><\/p>\n<p><span data-contrast=\"auto\">En los \u00faltimos a\u00f1os, la iniciativa <\/span><b><span data-contrast=\"auto\">Re-Think Industry<\/span><\/b><span data-contrast=\"auto\"> ha contribuido a <\/span><b><span data-contrast=\"auto\">fortalecer la colaboraci\u00f3n y la cultura de innovaci\u00f3n<\/span><\/b><span data-contrast=\"auto\"> entre las peque\u00f1as y medianas empresas del territorio.<\/span><span data-ccp-props=\"{&quot;134233117&quot;:true,&quot;134233118&quot;:true,&quot;201341983&quot;:0,&quot;335559740&quot;:240}\">\u00a0<\/span><\/p>\n<p><span data-contrast=\"auto\">Desde <\/span><b><span data-contrast=\"auto\">Iraurgi Berritzen<\/span><\/b><span data-contrast=\"auto\">, destacamos el papel clave de este tipo de iniciativas en la <\/span><b><span data-contrast=\"auto\">transformaci\u00f3n de la industria de Urola Erdia<\/span><\/b><span data-contrast=\"auto\">.<\/span><span data-ccp-props=\"{&quot;134233117&quot;:true,&quot;134233118&quot;:true,&quot;201341983&quot;:0,&quot;335559740&quot;:240}\">\u00a0<\/span><\/p>\n<p><span data-contrast=\"auto\">Espacios como este permiten <\/span><b><span data-contrast=\"auto\">conocer nuevas tendencias<\/span><\/b><span data-contrast=\"auto\">, <\/span><b><span data-contrast=\"auto\">compartir experiencias<\/span><\/b><span data-contrast=\"auto\">, <\/span><b><span data-contrast=\"auto\">atraer talento<\/span><\/b><span data-contrast=\"auto\"> y <\/span><b><span data-contrast=\"auto\">fortalecer el ecosistema industrial local<\/span><\/b><span data-contrast=\"auto\">.<\/span><span data-ccp-props=\"{&quot;134233117&quot;:true,&quot;134233118&quot;:true,&quot;201341983&quot;:0,&quot;335559740&quot;:240}\">\u00a0<\/span><\/p>\n<p><span data-contrast=\"auto\">Por ello, animamos a <\/span><b><span data-contrast=\"auto\">todas las empresas industriales de la comarca<\/span><\/b><span data-contrast=\"auto\"> a <\/span><b><span data-contrast=\"auto\">participar y aprovechar<\/span><\/b><span data-contrast=\"auto\"> la experiencia que ofrece <\/span><b><span data-contrast=\"auto\">Re-Think Industry 2025<\/span><\/b><span data-contrast=\"auto\">.<\/span><span data-ccp-props=\"{&quot;134233117&quot;:true,&quot;134233118&quot;:true,&quot;201341983&quot;:0,&quot;335559740&quot;:240}\">\u00a0<\/span><\/p>\n<p>Programa completo e inscripciones en el siguiente link<b><span data-contrast=\"auto\">:<\/span><\/b> <strong><a href=\"https:\/\/plaza.gipuzkoa.eus\/es\/re-think-industry-2025\">Re-Think Industry 2025<\/a>\u00a0<\/strong><\/p>\n<p><span data-ccp-props=\"{&quot;134233117&quot;:true,&quot;134233118&quot;:true,&quot;201341983&quot;:0,&quot;335559740&quot;:240}\">\u00a0<\/span><\/p>\n","protected":false},"excerpt":{"rendered":"<p>El pr\u00f3ximo 12 de noviembre, el Palacio Kursaal acoger\u00e1 la cuarta edici\u00f3n del congreso Re-Think Industry 2025, consolidado como el principal punto de encuentro de las pymes industriales de Gipuzkoa, con el objetivo de reflexionar sobre innovaci\u00f3n, competitividad y nuevas transiciones.\u00a0 Bajo el lema \u201cTransformando hoy la industria del futuro\u201d, la jornada ofrecer\u00e1 un espacio [&hellip;]<\/p>\n","protected":false},"author":4,"featured_media":24999,"comment_status":"closed","ping_status":"closed","sticky":false,"template":"","format":"standard","meta":{"_acf_changed":false,"footnotes":""},"categories":[4],"tags":[],"class_list":["post-24998","post","type-post","status-publish","format-standard","has-post-thumbnail","hentry","category-noticias","arloak-enpresa"],"acf":[],"yoast_head":"<!-- This site is optimized with the Yoast SEO plugin v27.4 - https:\/\/yoast.com\/product\/yoast-seo-wordpress\/ -->\n<title>Re-Think Industry 2025: las pymes industriales guipuzcoanas miran al futuro - Iraurgi Berritzen<\/title>\n<meta name=\"robots\" content=\"index, follow, max-snippet:-1, max-image-preview:large, max-video-preview:-1\" \/>\n<link rel=\"canonical\" href=\"https:\/\/iraurgiberritzen.eus\/es\/re-think-industry-2025-las-pymes-industriales-guipuzcoanas-miran-al-futuro\/\" \/>\n<meta property=\"og:locale\" content=\"es_ES\" \/>\n<meta property=\"og:type\" content=\"article\" \/>\n<meta property=\"og:title\" content=\"Re-Think Industry 2025: las pymes industriales guipuzcoanas miran al futuro - Iraurgi Berritzen\" \/>\n<meta property=\"og:description\" content=\"El pr\u00f3ximo 12 de noviembre, el Palacio Kursaal acoger\u00e1 la cuarta edici\u00f3n del congreso Re-Think Industry 2025, consolidado como el principal punto de encuentro de las pymes industriales de Gipuzkoa, con el objetivo de reflexionar sobre innovaci\u00f3n, competitividad y nuevas transiciones.\u00a0 Bajo el lema \u201cTransformando hoy la industria del futuro\u201d, la jornada ofrecer\u00e1 un espacio [&hellip;]\" \/>\n<meta property=\"og:url\" content=\"https:\/\/iraurgiberritzen.eus\/es\/re-think-industry-2025-las-pymes-industriales-guipuzcoanas-miran-al-futuro\/\" \/>\n<meta property=\"og:site_name\" content=\"Iraurgi Berritzen\" \/>\n<meta property=\"article:published_time\" content=\"2025-10-21T10:43:14+00:00\" \/>\n<meta property=\"article:modified_time\" content=\"2025-10-30T09:33:09+00:00\" \/>\n<meta property=\"og:image\" content=\"https:\/\/iraurgiberritzen.eus\/wp-content\/uploads\/2025\/10\/Re-Think_Industry_X_FB_ES_01.jpg\" \/>\n\t<meta property=\"og:image:width\" content=\"1920\" \/>\n\t<meta property=\"og:image:height\" content=\"1080\" \/>\n\t<meta property=\"og:image:type\" content=\"image\/jpeg\" \/>\n<meta name=\"author\" content=\"ainara\" \/>\n<meta name=\"twitter:card\" content=\"summary_large_image\" \/>\n<meta name=\"twitter:label1\" content=\"Escrito por\" \/>\n\t<meta name=\"twitter:data1\" content=\"ainara\" \/>\n\t<meta name=\"twitter:label2\" content=\"Tiempo de lectura\" \/>\n\t<meta name=\"twitter:data2\" content=\"2 minutos\" \/>\n<script type=\"application\/ld+json\" class=\"yoast-schema-graph\">{\"@context\":\"https:\\\/\\\/schema.org\",\"@graph\":[{\"@type\":\"Article\",\"@id\":\"https:\\\/\\\/iraurgiberritzen.eus\\\/es\\\/re-think-industry-2025-las-pymes-industriales-guipuzcoanas-miran-al-futuro\\\/#article\",\"isPartOf\":{\"@id\":\"https:\\\/\\\/iraurgiberritzen.eus\\\/es\\\/re-think-industry-2025-las-pymes-industriales-guipuzcoanas-miran-al-futuro\\\/\"},\"author\":{\"name\":\"ainara\",\"@id\":\"https:\\\/\\\/iraurgiberritzen.eus\\\/es\\\/#\\\/schema\\\/person\\\/a32c9825b3e2bfcbe757a97f6a15c8a5\"},\"headline\":\"Re-Think Industry 2025: las pymes industriales guipuzcoanas miran al futuro\",\"datePublished\":\"2025-10-21T10:43:14+00:00\",\"dateModified\":\"2025-10-30T09:33:09+00:00\",\"mainEntityOfPage\":{\"@id\":\"https:\\\/\\\/iraurgiberritzen.eus\\\/es\\\/re-think-industry-2025-las-pymes-industriales-guipuzcoanas-miran-al-futuro\\\/\"},\"wordCount\":355,\"publisher\":{\"@id\":\"https:\\\/\\\/iraurgiberritzen.eus\\\/es\\\/#organization\"},\"image\":{\"@id\":\"https:\\\/\\\/iraurgiberritzen.eus\\\/es\\\/re-think-industry-2025-las-pymes-industriales-guipuzcoanas-miran-al-futuro\\\/#primaryimage\"},\"thumbnailUrl\":\"https:\\\/\\\/iraurgiberritzen.eus\\\/wp-content\\\/uploads\\\/2025\\\/10\\\/Re-Think_Industry_X_FB_ES_01.jpg\",\"articleSection\":[\"Noticias\"],\"inLanguage\":\"es\"},{\"@type\":\"WebPage\",\"@id\":\"https:\\\/\\\/iraurgiberritzen.eus\\\/es\\\/re-think-industry-2025-las-pymes-industriales-guipuzcoanas-miran-al-futuro\\\/\",\"url\":\"https:\\\/\\\/iraurgiberritzen.eus\\\/es\\\/re-think-industry-2025-las-pymes-industriales-guipuzcoanas-miran-al-futuro\\\/\",\"name\":\"Re-Think Industry 2025: las pymes industriales guipuzcoanas miran al futuro - Iraurgi Berritzen\",\"isPartOf\":{\"@id\":\"https:\\\/\\\/iraurgiberritzen.eus\\\/es\\\/#website\"},\"primaryImageOfPage\":{\"@id\":\"https:\\\/\\\/iraurgiberritzen.eus\\\/es\\\/re-think-industry-2025-las-pymes-industriales-guipuzcoanas-miran-al-futuro\\\/#primaryimage\"},\"image\":{\"@id\":\"https:\\\/\\\/iraurgiberritzen.eus\\\/es\\\/re-think-industry-2025-las-pymes-industriales-guipuzcoanas-miran-al-futuro\\\/#primaryimage\"},\"thumbnailUrl\":\"https:\\\/\\\/iraurgiberritzen.eus\\\/wp-content\\\/uploads\\\/2025\\\/10\\\/Re-Think_Industry_X_FB_ES_01.jpg\",\"datePublished\":\"2025-10-21T10:43:14+00:00\",\"dateModified\":\"2025-10-30T09:33:09+00:00\",\"breadcrumb\":{\"@id\":\"https:\\\/\\\/iraurgiberritzen.eus\\\/es\\\/re-think-industry-2025-las-pymes-industriales-guipuzcoanas-miran-al-futuro\\\/#breadcrumb\"},\"inLanguage\":\"es\",\"potentialAction\":[{\"@type\":\"ReadAction\",\"target\":[\"https:\\\/\\\/iraurgiberritzen.eus\\\/es\\\/re-think-industry-2025-las-pymes-industriales-guipuzcoanas-miran-al-futuro\\\/\"]}]},{\"@type\":\"ImageObject\",\"inLanguage\":\"es\",\"@id\":\"https:\\\/\\\/iraurgiberritzen.eus\\\/es\\\/re-think-industry-2025-las-pymes-industriales-guipuzcoanas-miran-al-futuro\\\/#primaryimage\",\"url\":\"https:\\\/\\\/iraurgiberritzen.eus\\\/wp-content\\\/uploads\\\/2025\\\/10\\\/Re-Think_Industry_X_FB_ES_01.jpg\",\"contentUrl\":\"https:\\\/\\\/iraurgiberritzen.eus\\\/wp-content\\\/uploads\\\/2025\\\/10\\\/Re-Think_Industry_X_FB_ES_01.jpg\",\"width\":1920,\"height\":1080},{\"@type\":\"BreadcrumbList\",\"@id\":\"https:\\\/\\\/iraurgiberritzen.eus\\\/es\\\/re-think-industry-2025-las-pymes-industriales-guipuzcoanas-miran-al-futuro\\\/#breadcrumb\",\"itemListElement\":[{\"@type\":\"ListItem\",\"position\":1,\"name\":\"Home\",\"item\":\"https:\\\/\\\/iraurgiberritzen.eus\\\/es\\\/\"},{\"@type\":\"ListItem\",\"position\":2,\"name\":\"Re-Think Industry 2025: las pymes industriales guipuzcoanas miran al futuro\"}]},{\"@type\":\"WebSite\",\"@id\":\"https:\\\/\\\/iraurgiberritzen.eus\\\/es\\\/#website\",\"url\":\"https:\\\/\\\/iraurgiberritzen.eus\\\/es\\\/\",\"name\":\"Iraurgi Berritzen\",\"description\":\"Urola Erdiko Garapen Agentzia\",\"publisher\":{\"@id\":\"https:\\\/\\\/iraurgiberritzen.eus\\\/es\\\/#organization\"},\"potentialAction\":[{\"@type\":\"SearchAction\",\"target\":{\"@type\":\"EntryPoint\",\"urlTemplate\":\"https:\\\/\\\/iraurgiberritzen.eus\\\/es\\\/?s={search_term_string}\"},\"query-input\":{\"@type\":\"PropertyValueSpecification\",\"valueRequired\":true,\"valueName\":\"search_term_string\"}}],\"inLanguage\":\"es\"},{\"@type\":\"Organization\",\"@id\":\"https:\\\/\\\/iraurgiberritzen.eus\\\/es\\\/#organization\",\"name\":\"Iraurgi Berritzen\",\"url\":\"https:\\\/\\\/iraurgiberritzen.eus\\\/es\\\/\",\"logo\":{\"@type\":\"ImageObject\",\"inLanguage\":\"es\",\"@id\":\"https:\\\/\\\/iraurgiberritzen.eus\\\/es\\\/#\\\/schema\\\/logo\\\/image\\\/\",\"url\":\"https:\\\/\\\/iraurgiberritzen.eus\\\/wp-content\\\/uploads\\\/2024\\\/02\\\/IRAURGI-BERRITZEN-logotipoa_2.png\",\"contentUrl\":\"https:\\\/\\\/iraurgiberritzen.eus\\\/wp-content\\\/uploads\\\/2024\\\/02\\\/IRAURGI-BERRITZEN-logotipoa_2.png\",\"width\":496,\"height\":190,\"caption\":\"Iraurgi Berritzen\"},\"image\":{\"@id\":\"https:\\\/\\\/iraurgiberritzen.eus\\\/es\\\/#\\\/schema\\\/logo\\\/image\\\/\"}},{\"@type\":\"Person\",\"@id\":\"https:\\\/\\\/iraurgiberritzen.eus\\\/es\\\/#\\\/schema\\\/person\\\/a32c9825b3e2bfcbe757a97f6a15c8a5\",\"name\":\"ainara\"}]}<\/script>\n<!-- \/ Yoast SEO plugin. -->","yoast_head_json":{"title":"Re-Think Industry 2025: las pymes industriales guipuzcoanas miran al futuro - Iraurgi Berritzen","robots":{"index":"index","follow":"follow","max-snippet":"max-snippet:-1","max-image-preview":"max-image-preview:large","max-video-preview":"max-video-preview:-1"},"canonical":"https:\/\/iraurgiberritzen.eus\/es\/re-think-industry-2025-las-pymes-industriales-guipuzcoanas-miran-al-futuro\/","og_locale":"es_ES","og_type":"article","og_title":"Re-Think Industry 2025: las pymes industriales guipuzcoanas miran al futuro - Iraurgi Berritzen","og_description":"El pr\u00f3ximo 12 de noviembre, el Palacio Kursaal acoger\u00e1 la cuarta edici\u00f3n del congreso Re-Think Industry 2025, consolidado como el principal punto de encuentro de las pymes industriales de Gipuzkoa, con el objetivo de reflexionar sobre innovaci\u00f3n, competitividad y nuevas transiciones.\u00a0 Bajo el lema \u201cTransformando hoy la industria del futuro\u201d, la jornada ofrecer\u00e1 un espacio [&hellip;]","og_url":"https:\/\/iraurgiberritzen.eus\/es\/re-think-industry-2025-las-pymes-industriales-guipuzcoanas-miran-al-futuro\/","og_site_name":"Iraurgi Berritzen","article_published_time":"2025-10-21T10:43:14+00:00","article_modified_time":"2025-10-30T09:33:09+00:00","og_image":[{"width":1920,"height":1080,"url":"https:\/\/iraurgiberritzen.eus\/wp-content\/uploads\/2025\/10\/Re-Think_Industry_X_FB_ES_01.jpg","type":"image\/jpeg"}],"author":"ainara","twitter_card":"summary_large_image","twitter_misc":{"Escrito por":"ainara","Tiempo de lectura":"2 minutos"},"schema":{"@context":"https:\/\/schema.org","@graph":[{"@type":"Article","@id":"https:\/\/iraurgiberritzen.eus\/es\/re-think-industry-2025-las-pymes-industriales-guipuzcoanas-miran-al-futuro\/#article","isPartOf":{"@id":"https:\/\/iraurgiberritzen.eus\/es\/re-think-industry-2025-las-pymes-industriales-guipuzcoanas-miran-al-futuro\/"},"author":{"name":"ainara","@id":"https:\/\/iraurgiberritzen.eus\/es\/#\/schema\/person\/a32c9825b3e2bfcbe757a97f6a15c8a5"},"headline":"Re-Think Industry 2025: las pymes industriales guipuzcoanas miran al futuro","datePublished":"2025-10-21T10:43:14+00:00","dateModified":"2025-10-30T09:33:09+00:00","mainEntityOfPage":{"@id":"https:\/\/iraurgiberritzen.eus\/es\/re-think-industry-2025-las-pymes-industriales-guipuzcoanas-miran-al-futuro\/"},"wordCount":355,"publisher":{"@id":"https:\/\/iraurgiberritzen.eus\/es\/#organization"},"image":{"@id":"https:\/\/iraurgiberritzen.eus\/es\/re-think-industry-2025-las-pymes-industriales-guipuzcoanas-miran-al-futuro\/#primaryimage"},"thumbnailUrl":"https:\/\/iraurgiberritzen.eus\/wp-content\/uploads\/2025\/10\/Re-Think_Industry_X_FB_ES_01.jpg","articleSection":["Noticias"],"inLanguage":"es"},{"@type":"WebPage","@id":"https:\/\/iraurgiberritzen.eus\/es\/re-think-industry-2025-las-pymes-industriales-guipuzcoanas-miran-al-futuro\/","url":"https:\/\/iraurgiberritzen.eus\/es\/re-think-industry-2025-las-pymes-industriales-guipuzcoanas-miran-al-futuro\/","name":"Re-Think Industry 2025: las pymes industriales guipuzcoanas miran al futuro - Iraurgi Berritzen","isPartOf":{"@id":"https:\/\/iraurgiberritzen.eus\/es\/#website"},"primaryImageOfPage":{"@id":"https:\/\/iraurgiberritzen.eus\/es\/re-think-industry-2025-las-pymes-industriales-guipuzcoanas-miran-al-futuro\/#primaryimage"},"image":{"@id":"https:\/\/iraurgiberritzen.eus\/es\/re-think-industry-2025-las-pymes-industriales-guipuzcoanas-miran-al-futuro\/#primaryimage"},"thumbnailUrl":"https:\/\/iraurgiberritzen.eus\/wp-content\/uploads\/2025\/10\/Re-Think_Industry_X_FB_ES_01.jpg","datePublished":"2025-10-21T10:43:14+00:00","dateModified":"2025-10-30T09:33:09+00:00","breadcrumb":{"@id":"https:\/\/iraurgiberritzen.eus\/es\/re-think-industry-2025-las-pymes-industriales-guipuzcoanas-miran-al-futuro\/#breadcrumb"},"inLanguage":"es","potentialAction":[{"@type":"ReadAction","target":["https:\/\/iraurgiberritzen.eus\/es\/re-think-industry-2025-las-pymes-industriales-guipuzcoanas-miran-al-futuro\/"]}]},{"@type":"ImageObject","inLanguage":"es","@id":"https:\/\/iraurgiberritzen.eus\/es\/re-think-industry-2025-las-pymes-industriales-guipuzcoanas-miran-al-futuro\/#primaryimage","url":"https:\/\/iraurgiberritzen.eus\/wp-content\/uploads\/2025\/10\/Re-Think_Industry_X_FB_ES_01.jpg","contentUrl":"https:\/\/iraurgiberritzen.eus\/wp-content\/uploads\/2025\/10\/Re-Think_Industry_X_FB_ES_01.jpg","width":1920,"height":1080},{"@type":"BreadcrumbList","@id":"https:\/\/iraurgiberritzen.eus\/es\/re-think-industry-2025-las-pymes-industriales-guipuzcoanas-miran-al-futuro\/#breadcrumb","itemListElement":[{"@type":"ListItem","position":1,"name":"Home","item":"https:\/\/iraurgiberritzen.eus\/es\/"},{"@type":"ListItem","position":2,"name":"Re-Think Industry 2025: las pymes industriales guipuzcoanas miran al futuro"}]},{"@type":"WebSite","@id":"https:\/\/iraurgiberritzen.eus\/es\/#website","url":"https:\/\/iraurgiberritzen.eus\/es\/","name":"Iraurgi Berritzen","description":"Urola Erdiko Garapen Agentzia","publisher":{"@id":"https:\/\/iraurgiberritzen.eus\/es\/#organization"},"potentialAction":[{"@type":"SearchAction","target":{"@type":"EntryPoint","urlTemplate":"https:\/\/iraurgiberritzen.eus\/es\/?s={search_term_string}"},"query-input":{"@type":"PropertyValueSpecification","valueRequired":true,"valueName":"search_term_string"}}],"inLanguage":"es"},{"@type":"Organization","@id":"https:\/\/iraurgiberritzen.eus\/es\/#organization","name":"Iraurgi Berritzen","url":"https:\/\/iraurgiberritzen.eus\/es\/","logo":{"@type":"ImageObject","inLanguage":"es","@id":"https:\/\/iraurgiberritzen.eus\/es\/#\/schema\/logo\/image\/","url":"https:\/\/iraurgiberritzen.eus\/wp-content\/uploads\/2024\/02\/IRAURGI-BERRITZEN-logotipoa_2.png","contentUrl":"https:\/\/iraurgiberritzen.eus\/wp-content\/uploads\/2024\/02\/IRAURGI-BERRITZEN-logotipoa_2.png","width":496,"height":190,"caption":"Iraurgi Berritzen"},"image":{"@id":"https:\/\/iraurgiberritzen.eus\/es\/#\/schema\/logo\/image\/"}},{"@type":"Person","@id":"https:\/\/iraurgiberritzen.eus\/es\/#\/schema\/person\/a32c9825b3e2bfcbe757a97f6a15c8a5","name":"ainara"}]}},"_links":{"self":[{"href":"https:\/\/iraurgiberritzen.eus\/es\/wp-json\/wp\/v2\/posts\/24998","targetHints":{"allow":["GET"]}}],"collection":[{"href":"https:\/\/iraurgiberritzen.eus\/es\/wp-json\/wp\/v2\/posts"}],"about":[{"href":"https:\/\/iraurgiberritzen.eus\/es\/wp-json\/wp\/v2\/types\/post"}],"author":[{"embeddable":true,"href":"https:\/\/iraurgiberritzen.eus\/es\/wp-json\/wp\/v2\/users\/4"}],"replies":[{"embeddable":true,"href":"https:\/\/iraurgiberritzen.eus\/es\/wp-json\/wp\/v2\/comments?post=24998"}],"version-history":[{"count":5,"href":"https:\/\/iraurgiberritzen.eus\/es\/wp-json\/wp\/v2\/posts\/24998\/revisions"}],"predecessor-version":[{"id":25067,"href":"https:\/\/iraurgiberritzen.eus\/es\/wp-json\/wp\/v2\/posts\/24998\/revisions\/25067"}],"wp:featuredmedia":[{"embeddable":true,"href":"https:\/\/iraurgiberritzen.eus\/es\/wp-json\/wp\/v2\/media\/24999"}],"wp:attachment":[{"href":"https:\/\/iraurgiberritzen.eus\/es\/wp-json\/wp\/v2\/media?parent=24998"}],"wp:term":[{"taxonomy":"category","embeddable":true,"href":"https:\/\/iraurgiberritzen.eus\/es\/wp-json\/wp\/v2\/categories?post=24998"},{"taxonomy":"post_tag","embeddable":true,"href":"https:\/\/iraurgiberritzen.eus\/es\/wp-json\/wp\/v2\/tags?post=24998"}],"curies":[{"name":"wp","href":"https:\/\/api.w.org\/{rel}","templated":true}]}}