{"id":25008,"date":"2025-10-21T19:13:03","date_gmt":"2025-10-21T17:13:03","guid":{"rendered":"https:\/\/iraurgiberritzen.eus\/?p=25008"},"modified":"2025-10-22T20:12:38","modified_gmt":"2025-10-22T18:12:38","slug":"el-intercambio-de-experiencias-entre-centros-educativos-sera-el-eje-del-proyecto-zimat-urola-erdian-2025-26","status":"publish","type":"post","link":"https:\/\/iraurgiberritzen.eus\/es\/el-intercambio-de-experiencias-entre-centros-educativos-sera-el-eje-del-proyecto-zimat-urola-erdian-2025-26\/","title":{"rendered":"El intercambio de experiencias entre centros educativos ser\u00e1 el eje del proyecto ZIMAT Urola Erdian 2025\/26"},"content":{"rendered":"<p><span data-contrast=\"auto\">Los cinco centros educativos de la comarca acordaron, el pasado <\/span><b><span data-contrast=\"auto\">viernes 17 de octubre<\/span><\/b><span data-contrast=\"auto\">, las principales acciones que desarrollar\u00e1n conjuntamente en el marco del proyecto <\/span><b><span data-contrast=\"auto\">\u201cZIMAT Urola Erdian 2025\/26\u201d<\/span><\/b><span data-contrast=\"auto\">.<\/span><span data-ccp-props=\"{&quot;134233117&quot;:false,&quot;134233118&quot;:false,&quot;335551550&quot;:0,&quot;335551620&quot;:0,&quot;335559738&quot;:240,&quot;335559739&quot;:240}\">\u00a0<\/span><\/p>\n<p><span data-contrast=\"auto\">El grupo de trabajo ha destacado <\/span><b><span data-contrast=\"auto\">el intercambio de experiencias entre centros<\/span><\/b><span data-contrast=\"auto\"> como eje principal del curso, y ha decidido llevar a cabo <\/span><b><span data-contrast=\"auto\">tres sesiones de trabajo tem\u00e1ticas<\/span><\/b><span data-contrast=\"auto\">:<\/span><span data-ccp-props=\"{&quot;134233117&quot;:false,&quot;134233118&quot;:false,&quot;335551550&quot;:0,&quot;335551620&quot;:0,&quot;335559738&quot;:240,&quot;335559739&quot;:240}\">\u00a0<\/span><\/p>\n<ul>\n<li><b><span data-contrast=\"auto\">Encuentro entre los departamentos de Tecnolog\u00eda:<\/span><\/b><span data-contrast=\"auto\"> dirigido al profesorado que imparte la asignatura de \u201cTecnolog\u00eda\u201d.<\/span><\/li>\n<li><b><span data-contrast=\"auto\">Sesi\u00f3n sobre la gesti\u00f3n de laboratorios en los centros:<\/span><\/b><span data-contrast=\"auto\"> orientada a docentes de asignaturas como \u201cCiencias Naturales\u201d, \u201cF\u00edsica\u201d, \u201cQu\u00edmica\u201d, \u201cBiolog\u00eda\u201d y similares.<\/span><span data-ccp-props=\"{&quot;134233117&quot;:false,&quot;134233118&quot;:false,&quot;335551550&quot;:0,&quot;335551620&quot;:0,&quot;335559738&quot;:240,&quot;335559739&quot;:240}\">\u00a0<\/span><\/li>\n<li><b><span data-contrast=\"auto\">Intercambio entre los departamentos de TIC:<\/span><\/b><span data-contrast=\"auto\"> dirigido al profesorado que imparte materias relacionadas con las \u201cTIC\u201d o la \u201cDigitalizaci\u00f3n\u201d.<\/span><span data-ccp-props=\"{&quot;134233117&quot;:false,&quot;134233118&quot;:false,&quot;335551550&quot;:0,&quot;335551620&quot;:0,&quot;335559738&quot;:240,&quot;335559739&quot;:240}\">\u00a0<\/span><\/li>\n<\/ul>\n<p><span data-contrast=\"auto\">Por otro lado, el grupo de trabajo ha definido tambi\u00e9n <\/span><b><span data-contrast=\"auto\">la fecha y el lugar de la feria<\/span><\/b><span data-contrast=\"auto\"> que servir\u00e1 de punto de encuentro para los distintos proyectos de ciencia y tecnolog\u00eda desarrollados a lo largo del curso. La feria del curso <\/span><b><span data-contrast=\"auto\">2025\/26 se celebrar\u00e1 en Azpeitia, el jueves 11 de junio de 2026.<\/span><\/b><span data-ccp-props=\"{&quot;134233117&quot;:false,&quot;134233118&quot;:false,&quot;335551550&quot;:0,&quot;335551620&quot;:0,&quot;335559738&quot;:240,&quot;335559739&quot;:240}\">\u00a0<\/span><\/p>\n<p><span data-contrast=\"auto\">El proyecto, en marcha desde el curso <\/span><b><span data-contrast=\"auto\">2017\/2018<\/span><\/b><span data-contrast=\"auto\">, est\u00e1 dirigido al alumnado de <\/span><b><span data-contrast=\"auto\">ESO y Bachillerato<\/span><\/b><span data-contrast=\"auto\"> de la comarca. Su objetivo es fomentar la <\/span><b><span data-contrast=\"auto\">formaci\u00f3n y las experiencias en competencias cient\u00edficas y tecnol\u00f3gicas<\/span><\/b><span data-contrast=\"auto\">, a trav\u00e9s del desarrollo de diferentes proyectos. La metodolog\u00eda de aprendizaje utilizada se basa en <\/span><b><span data-contrast=\"auto\">el m\u00e9todo cient\u00edfico<\/span><\/b><span data-contrast=\"auto\"> o en <\/span><b><span data-contrast=\"auto\">el aprendizaje basado en problemas<\/span><\/b><span data-contrast=\"auto\">.<\/span><span data-ccp-props=\"{&quot;134233117&quot;:false,&quot;134233118&quot;:false,&quot;335551550&quot;:0,&quot;335551620&quot;:0,&quot;335559738&quot;:240,&quot;335559739&quot;:240}\">\u00a0<\/span><\/p>\n","protected":false},"excerpt":{"rendered":"<p>Los cinco centros educativos de la comarca acordaron, el pasado viernes 17 de octubre, las principales acciones que desarrollar\u00e1n conjuntamente en el marco del proyecto \u201cZIMAT Urola Erdian 2025\/26\u201d.\u00a0 El grupo de trabajo ha destacado el intercambio de experiencias entre centros como eje principal del curso, y ha decidido llevar a cabo tres sesiones de [&hellip;]<\/p>\n","protected":false},"author":4,"featured_media":25013,"comment_status":"closed","ping_status":"closed","sticky":false,"template":"","format":"standard","meta":{"_acf_changed":false,"footnotes":""},"categories":[4],"tags":[],"class_list":["post-25008","post","type-post","status-publish","format-standard","has-post-thumbnail","hentry","category-noticias","arloak-zimat-es"],"acf":[],"yoast_head":"<!-- This site is optimized with the Yoast SEO plugin v27.4 - https:\/\/yoast.com\/product\/yoast-seo-wordpress\/ -->\n<title>El intercambio de experiencias entre centros educativos ser\u00e1 el eje del proyecto ZIMAT Urola Erdian 2025\/26 - Iraurgi Berritzen<\/title>\n<meta name=\"robots\" content=\"index, follow, max-snippet:-1, max-image-preview:large, max-video-preview:-1\" \/>\n<link rel=\"canonical\" href=\"https:\/\/iraurgiberritzen.eus\/es\/el-intercambio-de-experiencias-entre-centros-educativos-sera-el-eje-del-proyecto-zimat-urola-erdian-2025-26\/\" \/>\n<meta property=\"og:locale\" content=\"es_ES\" \/>\n<meta property=\"og:type\" content=\"article\" \/>\n<meta property=\"og:title\" content=\"El intercambio de experiencias entre centros educativos ser\u00e1 el eje del proyecto ZIMAT Urola Erdian 2025\/26 - Iraurgi Berritzen\" \/>\n<meta property=\"og:description\" content=\"Los cinco centros educativos de la comarca acordaron, el pasado viernes 17 de octubre, las principales acciones que desarrollar\u00e1n conjuntamente en el marco del proyecto \u201cZIMAT Urola Erdian 2025\/26\u201d.\u00a0 El grupo de trabajo ha destacado el intercambio de experiencias entre centros como eje principal del curso, y ha decidido llevar a cabo tres sesiones de [&hellip;]\" \/>\n<meta property=\"og:url\" content=\"https:\/\/iraurgiberritzen.eus\/es\/el-intercambio-de-experiencias-entre-centros-educativos-sera-el-eje-del-proyecto-zimat-urola-erdian-2025-26\/\" \/>\n<meta property=\"og:site_name\" content=\"Iraurgi Berritzen\" \/>\n<meta property=\"article:published_time\" content=\"2025-10-21T17:13:03+00:00\" \/>\n<meta property=\"article:modified_time\" content=\"2025-10-22T18:12:38+00:00\" \/>\n<meta property=\"og:image\" content=\"https:\/\/iraurgiberritzen.eus\/wp-content\/uploads\/2025\/10\/PORTADA-IB-WEB-800-x-550-px-10-1024x704.jpg\" \/>\n\t<meta property=\"og:image:width\" content=\"1024\" \/>\n\t<meta property=\"og:image:height\" content=\"704\" \/>\n\t<meta property=\"og:image:type\" content=\"image\/jpeg\" \/>\n<meta name=\"author\" content=\"ainara\" \/>\n<meta name=\"twitter:card\" content=\"summary_large_image\" \/>\n<meta name=\"twitter:label1\" content=\"Escrito por\" \/>\n\t<meta name=\"twitter:data1\" content=\"ainara\" \/>\n\t<meta name=\"twitter:label2\" content=\"Tiempo de lectura\" \/>\n\t<meta name=\"twitter:data2\" content=\"2 minutos\" \/>\n<script type=\"application\/ld+json\" class=\"yoast-schema-graph\">{\"@context\":\"https:\\\/\\\/schema.org\",\"@graph\":[{\"@type\":\"Article\",\"@id\":\"https:\\\/\\\/iraurgiberritzen.eus\\\/es\\\/el-intercambio-de-experiencias-entre-centros-educativos-sera-el-eje-del-proyecto-zimat-urola-erdian-2025-26\\\/#article\",\"isPartOf\":{\"@id\":\"https:\\\/\\\/iraurgiberritzen.eus\\\/es\\\/el-intercambio-de-experiencias-entre-centros-educativos-sera-el-eje-del-proyecto-zimat-urola-erdian-2025-26\\\/\"},\"author\":{\"name\":\"ainara\",\"@id\":\"https:\\\/\\\/iraurgiberritzen.eus\\\/es\\\/#\\\/schema\\\/person\\\/a32c9825b3e2bfcbe757a97f6a15c8a5\"},\"headline\":\"El intercambio de experiencias entre centros educativos ser\u00e1 el eje del proyecto ZIMAT Urola Erdian 2025\\\/26\",\"datePublished\":\"2025-10-21T17:13:03+00:00\",\"dateModified\":\"2025-10-22T18:12:38+00:00\",\"mainEntityOfPage\":{\"@id\":\"https:\\\/\\\/iraurgiberritzen.eus\\\/es\\\/el-intercambio-de-experiencias-entre-centros-educativos-sera-el-eje-del-proyecto-zimat-urola-erdian-2025-26\\\/\"},\"wordCount\":253,\"publisher\":{\"@id\":\"https:\\\/\\\/iraurgiberritzen.eus\\\/es\\\/#organization\"},\"image\":{\"@id\":\"https:\\\/\\\/iraurgiberritzen.eus\\\/es\\\/el-intercambio-de-experiencias-entre-centros-educativos-sera-el-eje-del-proyecto-zimat-urola-erdian-2025-26\\\/#primaryimage\"},\"thumbnailUrl\":\"https:\\\/\\\/iraurgiberritzen.eus\\\/wp-content\\\/uploads\\\/2025\\\/10\\\/PORTADA-IB-WEB-800-x-550-px-10.jpg\",\"articleSection\":[\"Noticias\"],\"inLanguage\":\"es\"},{\"@type\":\"WebPage\",\"@id\":\"https:\\\/\\\/iraurgiberritzen.eus\\\/es\\\/el-intercambio-de-experiencias-entre-centros-educativos-sera-el-eje-del-proyecto-zimat-urola-erdian-2025-26\\\/\",\"url\":\"https:\\\/\\\/iraurgiberritzen.eus\\\/es\\\/el-intercambio-de-experiencias-entre-centros-educativos-sera-el-eje-del-proyecto-zimat-urola-erdian-2025-26\\\/\",\"name\":\"El intercambio de experiencias entre centros educativos ser\u00e1 el eje del proyecto ZIMAT Urola Erdian 2025\\\/26 - Iraurgi Berritzen\",\"isPartOf\":{\"@id\":\"https:\\\/\\\/iraurgiberritzen.eus\\\/es\\\/#website\"},\"primaryImageOfPage\":{\"@id\":\"https:\\\/\\\/iraurgiberritzen.eus\\\/es\\\/el-intercambio-de-experiencias-entre-centros-educativos-sera-el-eje-del-proyecto-zimat-urola-erdian-2025-26\\\/#primaryimage\"},\"image\":{\"@id\":\"https:\\\/\\\/iraurgiberritzen.eus\\\/es\\\/el-intercambio-de-experiencias-entre-centros-educativos-sera-el-eje-del-proyecto-zimat-urola-erdian-2025-26\\\/#primaryimage\"},\"thumbnailUrl\":\"https:\\\/\\\/iraurgiberritzen.eus\\\/wp-content\\\/uploads\\\/2025\\\/10\\\/PORTADA-IB-WEB-800-x-550-px-10.jpg\",\"datePublished\":\"2025-10-21T17:13:03+00:00\",\"dateModified\":\"2025-10-22T18:12:38+00:00\",\"breadcrumb\":{\"@id\":\"https:\\\/\\\/iraurgiberritzen.eus\\\/es\\\/el-intercambio-de-experiencias-entre-centros-educativos-sera-el-eje-del-proyecto-zimat-urola-erdian-2025-26\\\/#breadcrumb\"},\"inLanguage\":\"es\",\"potentialAction\":[{\"@type\":\"ReadAction\",\"target\":[\"https:\\\/\\\/iraurgiberritzen.eus\\\/es\\\/el-intercambio-de-experiencias-entre-centros-educativos-sera-el-eje-del-proyecto-zimat-urola-erdian-2025-26\\\/\"]}]},{\"@type\":\"ImageObject\",\"inLanguage\":\"es\",\"@id\":\"https:\\\/\\\/iraurgiberritzen.eus\\\/es\\\/el-intercambio-de-experiencias-entre-centros-educativos-sera-el-eje-del-proyecto-zimat-urola-erdian-2025-26\\\/#primaryimage\",\"url\":\"https:\\\/\\\/iraurgiberritzen.eus\\\/wp-content\\\/uploads\\\/2025\\\/10\\\/PORTADA-IB-WEB-800-x-550-px-10.jpg\",\"contentUrl\":\"https:\\\/\\\/iraurgiberritzen.eus\\\/wp-content\\\/uploads\\\/2025\\\/10\\\/PORTADA-IB-WEB-800-x-550-px-10.jpg\",\"width\":2500,\"height\":1719},{\"@type\":\"BreadcrumbList\",\"@id\":\"https:\\\/\\\/iraurgiberritzen.eus\\\/es\\\/el-intercambio-de-experiencias-entre-centros-educativos-sera-el-eje-del-proyecto-zimat-urola-erdian-2025-26\\\/#breadcrumb\",\"itemListElement\":[{\"@type\":\"ListItem\",\"position\":1,\"name\":\"Home\",\"item\":\"https:\\\/\\\/iraurgiberritzen.eus\\\/es\\\/\"},{\"@type\":\"ListItem\",\"position\":2,\"name\":\"El intercambio de experiencias entre centros educativos ser\u00e1 el eje del proyecto ZIMAT Urola Erdian 2025\\\/26\"}]},{\"@type\":\"WebSite\",\"@id\":\"https:\\\/\\\/iraurgiberritzen.eus\\\/es\\\/#website\",\"url\":\"https:\\\/\\\/iraurgiberritzen.eus\\\/es\\\/\",\"name\":\"Iraurgi Berritzen\",\"description\":\"Urola Erdiko Garapen Agentzia\",\"publisher\":{\"@id\":\"https:\\\/\\\/iraurgiberritzen.eus\\\/es\\\/#organization\"},\"potentialAction\":[{\"@type\":\"SearchAction\",\"target\":{\"@type\":\"EntryPoint\",\"urlTemplate\":\"https:\\\/\\\/iraurgiberritzen.eus\\\/es\\\/?s={search_term_string}\"},\"query-input\":{\"@type\":\"PropertyValueSpecification\",\"valueRequired\":true,\"valueName\":\"search_term_string\"}}],\"inLanguage\":\"es\"},{\"@type\":\"Organization\",\"@id\":\"https:\\\/\\\/iraurgiberritzen.eus\\\/es\\\/#organization\",\"name\":\"Iraurgi Berritzen\",\"url\":\"https:\\\/\\\/iraurgiberritzen.eus\\\/es\\\/\",\"logo\":{\"@type\":\"ImageObject\",\"inLanguage\":\"es\",\"@id\":\"https:\\\/\\\/iraurgiberritzen.eus\\\/es\\\/#\\\/schema\\\/logo\\\/image\\\/\",\"url\":\"https:\\\/\\\/iraurgiberritzen.eus\\\/wp-content\\\/uploads\\\/2024\\\/02\\\/IRAURGI-BERRITZEN-logotipoa_2.png\",\"contentUrl\":\"https:\\\/\\\/iraurgiberritzen.eus\\\/wp-content\\\/uploads\\\/2024\\\/02\\\/IRAURGI-BERRITZEN-logotipoa_2.png\",\"width\":496,\"height\":190,\"caption\":\"Iraurgi Berritzen\"},\"image\":{\"@id\":\"https:\\\/\\\/iraurgiberritzen.eus\\\/es\\\/#\\\/schema\\\/logo\\\/image\\\/\"}},{\"@type\":\"Person\",\"@id\":\"https:\\\/\\\/iraurgiberritzen.eus\\\/es\\\/#\\\/schema\\\/person\\\/a32c9825b3e2bfcbe757a97f6a15c8a5\",\"name\":\"ainara\"}]}<\/script>\n<!-- \/ Yoast SEO plugin. -->","yoast_head_json":{"title":"El intercambio de experiencias entre centros educativos ser\u00e1 el eje del proyecto ZIMAT Urola Erdian 2025\/26 - Iraurgi Berritzen","robots":{"index":"index","follow":"follow","max-snippet":"max-snippet:-1","max-image-preview":"max-image-preview:large","max-video-preview":"max-video-preview:-1"},"canonical":"https:\/\/iraurgiberritzen.eus\/es\/el-intercambio-de-experiencias-entre-centros-educativos-sera-el-eje-del-proyecto-zimat-urola-erdian-2025-26\/","og_locale":"es_ES","og_type":"article","og_title":"El intercambio de experiencias entre centros educativos ser\u00e1 el eje del proyecto ZIMAT Urola Erdian 2025\/26 - Iraurgi Berritzen","og_description":"Los cinco centros educativos de la comarca acordaron, el pasado viernes 17 de octubre, las principales acciones que desarrollar\u00e1n conjuntamente en el marco del proyecto \u201cZIMAT Urola Erdian 2025\/26\u201d.\u00a0 El grupo de trabajo ha destacado el intercambio de experiencias entre centros como eje principal del curso, y ha decidido llevar a cabo tres sesiones de [&hellip;]","og_url":"https:\/\/iraurgiberritzen.eus\/es\/el-intercambio-de-experiencias-entre-centros-educativos-sera-el-eje-del-proyecto-zimat-urola-erdian-2025-26\/","og_site_name":"Iraurgi Berritzen","article_published_time":"2025-10-21T17:13:03+00:00","article_modified_time":"2025-10-22T18:12:38+00:00","og_image":[{"width":1024,"height":704,"url":"https:\/\/iraurgiberritzen.eus\/wp-content\/uploads\/2025\/10\/PORTADA-IB-WEB-800-x-550-px-10-1024x704.jpg","type":"image\/jpeg"}],"author":"ainara","twitter_card":"summary_large_image","twitter_misc":{"Escrito por":"ainara","Tiempo de lectura":"2 minutos"},"schema":{"@context":"https:\/\/schema.org","@graph":[{"@type":"Article","@id":"https:\/\/iraurgiberritzen.eus\/es\/el-intercambio-de-experiencias-entre-centros-educativos-sera-el-eje-del-proyecto-zimat-urola-erdian-2025-26\/#article","isPartOf":{"@id":"https:\/\/iraurgiberritzen.eus\/es\/el-intercambio-de-experiencias-entre-centros-educativos-sera-el-eje-del-proyecto-zimat-urola-erdian-2025-26\/"},"author":{"name":"ainara","@id":"https:\/\/iraurgiberritzen.eus\/es\/#\/schema\/person\/a32c9825b3e2bfcbe757a97f6a15c8a5"},"headline":"El intercambio de experiencias entre centros educativos ser\u00e1 el eje del proyecto ZIMAT Urola Erdian 2025\/26","datePublished":"2025-10-21T17:13:03+00:00","dateModified":"2025-10-22T18:12:38+00:00","mainEntityOfPage":{"@id":"https:\/\/iraurgiberritzen.eus\/es\/el-intercambio-de-experiencias-entre-centros-educativos-sera-el-eje-del-proyecto-zimat-urola-erdian-2025-26\/"},"wordCount":253,"publisher":{"@id":"https:\/\/iraurgiberritzen.eus\/es\/#organization"},"image":{"@id":"https:\/\/iraurgiberritzen.eus\/es\/el-intercambio-de-experiencias-entre-centros-educativos-sera-el-eje-del-proyecto-zimat-urola-erdian-2025-26\/#primaryimage"},"thumbnailUrl":"https:\/\/iraurgiberritzen.eus\/wp-content\/uploads\/2025\/10\/PORTADA-IB-WEB-800-x-550-px-10.jpg","articleSection":["Noticias"],"inLanguage":"es"},{"@type":"WebPage","@id":"https:\/\/iraurgiberritzen.eus\/es\/el-intercambio-de-experiencias-entre-centros-educativos-sera-el-eje-del-proyecto-zimat-urola-erdian-2025-26\/","url":"https:\/\/iraurgiberritzen.eus\/es\/el-intercambio-de-experiencias-entre-centros-educativos-sera-el-eje-del-proyecto-zimat-urola-erdian-2025-26\/","name":"El intercambio de experiencias entre centros educativos ser\u00e1 el eje del proyecto ZIMAT Urola Erdian 2025\/26 - Iraurgi Berritzen","isPartOf":{"@id":"https:\/\/iraurgiberritzen.eus\/es\/#website"},"primaryImageOfPage":{"@id":"https:\/\/iraurgiberritzen.eus\/es\/el-intercambio-de-experiencias-entre-centros-educativos-sera-el-eje-del-proyecto-zimat-urola-erdian-2025-26\/#primaryimage"},"image":{"@id":"https:\/\/iraurgiberritzen.eus\/es\/el-intercambio-de-experiencias-entre-centros-educativos-sera-el-eje-del-proyecto-zimat-urola-erdian-2025-26\/#primaryimage"},"thumbnailUrl":"https:\/\/iraurgiberritzen.eus\/wp-content\/uploads\/2025\/10\/PORTADA-IB-WEB-800-x-550-px-10.jpg","datePublished":"2025-10-21T17:13:03+00:00","dateModified":"2025-10-22T18:12:38+00:00","breadcrumb":{"@id":"https:\/\/iraurgiberritzen.eus\/es\/el-intercambio-de-experiencias-entre-centros-educativos-sera-el-eje-del-proyecto-zimat-urola-erdian-2025-26\/#breadcrumb"},"inLanguage":"es","potentialAction":[{"@type":"ReadAction","target":["https:\/\/iraurgiberritzen.eus\/es\/el-intercambio-de-experiencias-entre-centros-educativos-sera-el-eje-del-proyecto-zimat-urola-erdian-2025-26\/"]}]},{"@type":"ImageObject","inLanguage":"es","@id":"https:\/\/iraurgiberritzen.eus\/es\/el-intercambio-de-experiencias-entre-centros-educativos-sera-el-eje-del-proyecto-zimat-urola-erdian-2025-26\/#primaryimage","url":"https:\/\/iraurgiberritzen.eus\/wp-content\/uploads\/2025\/10\/PORTADA-IB-WEB-800-x-550-px-10.jpg","contentUrl":"https:\/\/iraurgiberritzen.eus\/wp-content\/uploads\/2025\/10\/PORTADA-IB-WEB-800-x-550-px-10.jpg","width":2500,"height":1719},{"@type":"BreadcrumbList","@id":"https:\/\/iraurgiberritzen.eus\/es\/el-intercambio-de-experiencias-entre-centros-educativos-sera-el-eje-del-proyecto-zimat-urola-erdian-2025-26\/#breadcrumb","itemListElement":[{"@type":"ListItem","position":1,"name":"Home","item":"https:\/\/iraurgiberritzen.eus\/es\/"},{"@type":"ListItem","position":2,"name":"El intercambio de experiencias entre centros educativos ser\u00e1 el eje del proyecto ZIMAT Urola Erdian 2025\/26"}]},{"@type":"WebSite","@id":"https:\/\/iraurgiberritzen.eus\/es\/#website","url":"https:\/\/iraurgiberritzen.eus\/es\/","name":"Iraurgi Berritzen","description":"Urola Erdiko Garapen Agentzia","publisher":{"@id":"https:\/\/iraurgiberritzen.eus\/es\/#organization"},"potentialAction":[{"@type":"SearchAction","target":{"@type":"EntryPoint","urlTemplate":"https:\/\/iraurgiberritzen.eus\/es\/?s={search_term_string}"},"query-input":{"@type":"PropertyValueSpecification","valueRequired":true,"valueName":"search_term_string"}}],"inLanguage":"es"},{"@type":"Organization","@id":"https:\/\/iraurgiberritzen.eus\/es\/#organization","name":"Iraurgi Berritzen","url":"https:\/\/iraurgiberritzen.eus\/es\/","logo":{"@type":"ImageObject","inLanguage":"es","@id":"https:\/\/iraurgiberritzen.eus\/es\/#\/schema\/logo\/image\/","url":"https:\/\/iraurgiberritzen.eus\/wp-content\/uploads\/2024\/02\/IRAURGI-BERRITZEN-logotipoa_2.png","contentUrl":"https:\/\/iraurgiberritzen.eus\/wp-content\/uploads\/2024\/02\/IRAURGI-BERRITZEN-logotipoa_2.png","width":496,"height":190,"caption":"Iraurgi Berritzen"},"image":{"@id":"https:\/\/iraurgiberritzen.eus\/es\/#\/schema\/logo\/image\/"}},{"@type":"Person","@id":"https:\/\/iraurgiberritzen.eus\/es\/#\/schema\/person\/a32c9825b3e2bfcbe757a97f6a15c8a5","name":"ainara"}]}},"_links":{"self":[{"href":"https:\/\/iraurgiberritzen.eus\/es\/wp-json\/wp\/v2\/posts\/25008","targetHints":{"allow":["GET"]}}],"collection":[{"href":"https:\/\/iraurgiberritzen.eus\/es\/wp-json\/wp\/v2\/posts"}],"about":[{"href":"https:\/\/iraurgiberritzen.eus\/es\/wp-json\/wp\/v2\/types\/post"}],"author":[{"embeddable":true,"href":"https:\/\/iraurgiberritzen.eus\/es\/wp-json\/wp\/v2\/users\/4"}],"replies":[{"embeddable":true,"href":"https:\/\/iraurgiberritzen.eus\/es\/wp-json\/wp\/v2\/comments?post=25008"}],"version-history":[{"count":3,"href":"https:\/\/iraurgiberritzen.eus\/es\/wp-json\/wp\/v2\/posts\/25008\/revisions"}],"predecessor-version":[{"id":25017,"href":"https:\/\/iraurgiberritzen.eus\/es\/wp-json\/wp\/v2\/posts\/25008\/revisions\/25017"}],"wp:featuredmedia":[{"embeddable":true,"href":"https:\/\/iraurgiberritzen.eus\/es\/wp-json\/wp\/v2\/media\/25013"}],"wp:attachment":[{"href":"https:\/\/iraurgiberritzen.eus\/es\/wp-json\/wp\/v2\/media?parent=25008"}],"wp:term":[{"taxonomy":"category","embeddable":true,"href":"https:\/\/iraurgiberritzen.eus\/es\/wp-json\/wp\/v2\/categories?post=25008"},{"taxonomy":"post_tag","embeddable":true,"href":"https:\/\/iraurgiberritzen.eus\/es\/wp-json\/wp\/v2\/tags?post=25008"}],"curies":[{"name":"wp","href":"https:\/\/api.w.org\/{rel}","templated":true}]}}