{"id":25026,"date":"2025-10-23T16:07:40","date_gmt":"2025-10-23T14:07:40","guid":{"rendered":"https:\/\/iraurgiberritzen.eus\/?p=25026"},"modified":"2025-10-23T16:09:21","modified_gmt":"2025-10-23T14:09:21","slug":"gestion-de-personas-como-uno-de-los-ejes-de-la-estrategia","status":"publish","type":"post","link":"https:\/\/iraurgiberritzen.eus\/es\/gestion-de-personas-como-uno-de-los-ejes-de-la-estrategia\/","title":{"rendered":"Gesti\u00f3n de Personas: como uno de los ejes de la estrategia"},"content":{"rendered":"<div class=\"x_elementToProof\">\n<p><strong>Responsables de Personas de 10 empresas<\/strong>\u00a0se han reunido bajo la coodinacion de\u00a0<strong>Iraurgi Berritzen\u00a0<\/strong>y la dinamizaci\u00f3n de\u00a0<strong>OPE.\u00a0<\/strong><\/p>\n<p>Partiendo del an\u00e1lisis de casos reales, las empresas han compartido diferentes visiones y experiencias divididos en diferentes equipos de trabajo. \u00a0Entre las cuestiones sobre las que se ha trabajado&#8230;<\/p>\n<p style=\"text-align: center;\"><strong><em>\u00bfQu\u00e9 papel tenemos en la estrategia? \u2013 \u00bfC\u00f3mo integramos la estrategia en el d\u00eda a d\u00eda? \u2013 \u00bfC\u00f3mo la incorporamos en la organizaci\u00f3n?<\/em><\/strong><\/p>\n<p>El grupo de trabajo tiene como objetivo ser un espacio para la sensibilizaci\u00f3n, la capacitaci\u00f3n, el intercambio de experiencias, el fortalecimiento de las relaciones de confianza y el aprendizaje conjunto entre las empresas de la red.<\/p>\n<p>Asimismo, se han acordado canales para identificar nuevas l\u00edneas de trabajo a desarrollar en el futuro.<\/p>\n<\/div>\n","protected":false},"excerpt":{"rendered":"<p>Responsables de Personas de 10 empresas\u00a0se han reunido bajo la coodinacion de\u00a0Iraurgi Berritzen\u00a0y la dinamizaci\u00f3n de\u00a0OPE.\u00a0 Partiendo del an\u00e1lisis de casos reales, las empresas han compartido diferentes visiones y experiencias divididos en diferentes equipos de trabajo. \u00a0Entre las cuestiones sobre las que se ha trabajado&#8230; \u00bfQu\u00e9 papel tenemos en la estrategia? \u2013 \u00bfC\u00f3mo integramos la [&hellip;]<\/p>\n","protected":false},"author":4,"featured_media":25021,"comment_status":"closed","ping_status":"closed","sticky":false,"template":"","format":"standard","meta":{"_acf_changed":false,"footnotes":""},"categories":[4],"tags":[],"class_list":["post-25026","post","type-post","status-publish","format-standard","has-post-thumbnail","hentry","category-noticias","arloak-enpresa"],"acf":[],"yoast_head":"<!-- This site is optimized with the Yoast SEO plugin v27.4 - https:\/\/yoast.com\/product\/yoast-seo-wordpress\/ -->\n<title>Gesti\u00f3n de Personas: como uno de los ejes de la estrategia - Iraurgi Berritzen<\/title>\n<meta name=\"robots\" content=\"index, follow, max-snippet:-1, max-image-preview:large, max-video-preview:-1\" \/>\n<link rel=\"canonical\" href=\"https:\/\/iraurgiberritzen.eus\/es\/gestion-de-personas-como-uno-de-los-ejes-de-la-estrategia\/\" \/>\n<meta property=\"og:locale\" content=\"es_ES\" \/>\n<meta property=\"og:type\" content=\"article\" \/>\n<meta property=\"og:title\" content=\"Gesti\u00f3n de Personas: como uno de los ejes de la estrategia - Iraurgi Berritzen\" \/>\n<meta property=\"og:description\" content=\"Responsables de Personas de 10 empresas\u00a0se han reunido bajo la coodinacion de\u00a0Iraurgi Berritzen\u00a0y la dinamizaci\u00f3n de\u00a0OPE.\u00a0 Partiendo del an\u00e1lisis de casos reales, las empresas han compartido diferentes visiones y experiencias divididos en diferentes equipos de trabajo. \u00a0Entre las cuestiones sobre las que se ha trabajado&#8230; \u00bfQu\u00e9 papel tenemos en la estrategia? \u2013 \u00bfC\u00f3mo integramos la [&hellip;]\" \/>\n<meta property=\"og:url\" content=\"https:\/\/iraurgiberritzen.eus\/es\/gestion-de-personas-como-uno-de-los-ejes-de-la-estrategia\/\" \/>\n<meta property=\"og:site_name\" content=\"Iraurgi Berritzen\" \/>\n<meta property=\"article:published_time\" content=\"2025-10-23T14:07:40+00:00\" \/>\n<meta property=\"article:modified_time\" content=\"2025-10-23T14:09:21+00:00\" \/>\n<meta property=\"og:image\" content=\"https:\/\/iraurgiberritzen.eus\/wp-content\/uploads\/2025\/10\/WhatsApp-Image-2025-10-23-at-15.57.43.jpeg\" \/>\n\t<meta property=\"og:image:width\" content=\"1008\" \/>\n\t<meta property=\"og:image:height\" content=\"756\" \/>\n\t<meta property=\"og:image:type\" content=\"image\/jpeg\" \/>\n<meta name=\"author\" content=\"ainara\" \/>\n<meta name=\"twitter:card\" content=\"summary_large_image\" \/>\n<meta name=\"twitter:label1\" content=\"Escrito por\" \/>\n\t<meta name=\"twitter:data1\" content=\"ainara\" \/>\n\t<meta name=\"twitter:label2\" content=\"Tiempo de lectura\" \/>\n\t<meta name=\"twitter:data2\" content=\"1 minuto\" \/>\n<script type=\"application\/ld+json\" class=\"yoast-schema-graph\">{\"@context\":\"https:\\\/\\\/schema.org\",\"@graph\":[{\"@type\":\"Article\",\"@id\":\"https:\\\/\\\/iraurgiberritzen.eus\\\/es\\\/gestion-de-personas-como-uno-de-los-ejes-de-la-estrategia\\\/#article\",\"isPartOf\":{\"@id\":\"https:\\\/\\\/iraurgiberritzen.eus\\\/es\\\/gestion-de-personas-como-uno-de-los-ejes-de-la-estrategia\\\/\"},\"author\":{\"name\":\"ainara\",\"@id\":\"https:\\\/\\\/iraurgiberritzen.eus\\\/es\\\/#\\\/schema\\\/person\\\/a32c9825b3e2bfcbe757a97f6a15c8a5\"},\"headline\":\"Gesti\u00f3n de Personas: como uno de los ejes de la estrategia\",\"datePublished\":\"2025-10-23T14:07:40+00:00\",\"dateModified\":\"2025-10-23T14:09:21+00:00\",\"mainEntityOfPage\":{\"@id\":\"https:\\\/\\\/iraurgiberritzen.eus\\\/es\\\/gestion-de-personas-como-uno-de-los-ejes-de-la-estrategia\\\/\"},\"wordCount\":143,\"publisher\":{\"@id\":\"https:\\\/\\\/iraurgiberritzen.eus\\\/es\\\/#organization\"},\"image\":{\"@id\":\"https:\\\/\\\/iraurgiberritzen.eus\\\/es\\\/gestion-de-personas-como-uno-de-los-ejes-de-la-estrategia\\\/#primaryimage\"},\"thumbnailUrl\":\"https:\\\/\\\/iraurgiberritzen.eus\\\/wp-content\\\/uploads\\\/2025\\\/10\\\/WhatsApp-Image-2025-10-23-at-15.57.43.jpeg\",\"articleSection\":[\"Noticias\"],\"inLanguage\":\"es\"},{\"@type\":\"WebPage\",\"@id\":\"https:\\\/\\\/iraurgiberritzen.eus\\\/es\\\/gestion-de-personas-como-uno-de-los-ejes-de-la-estrategia\\\/\",\"url\":\"https:\\\/\\\/iraurgiberritzen.eus\\\/es\\\/gestion-de-personas-como-uno-de-los-ejes-de-la-estrategia\\\/\",\"name\":\"Gesti\u00f3n de Personas: como uno de los ejes de la estrategia - Iraurgi Berritzen\",\"isPartOf\":{\"@id\":\"https:\\\/\\\/iraurgiberritzen.eus\\\/es\\\/#website\"},\"primaryImageOfPage\":{\"@id\":\"https:\\\/\\\/iraurgiberritzen.eus\\\/es\\\/gestion-de-personas-como-uno-de-los-ejes-de-la-estrategia\\\/#primaryimage\"},\"image\":{\"@id\":\"https:\\\/\\\/iraurgiberritzen.eus\\\/es\\\/gestion-de-personas-como-uno-de-los-ejes-de-la-estrategia\\\/#primaryimage\"},\"thumbnailUrl\":\"https:\\\/\\\/iraurgiberritzen.eus\\\/wp-content\\\/uploads\\\/2025\\\/10\\\/WhatsApp-Image-2025-10-23-at-15.57.43.jpeg\",\"datePublished\":\"2025-10-23T14:07:40+00:00\",\"dateModified\":\"2025-10-23T14:09:21+00:00\",\"breadcrumb\":{\"@id\":\"https:\\\/\\\/iraurgiberritzen.eus\\\/es\\\/gestion-de-personas-como-uno-de-los-ejes-de-la-estrategia\\\/#breadcrumb\"},\"inLanguage\":\"es\",\"potentialAction\":[{\"@type\":\"ReadAction\",\"target\":[\"https:\\\/\\\/iraurgiberritzen.eus\\\/es\\\/gestion-de-personas-como-uno-de-los-ejes-de-la-estrategia\\\/\"]}]},{\"@type\":\"ImageObject\",\"inLanguage\":\"es\",\"@id\":\"https:\\\/\\\/iraurgiberritzen.eus\\\/es\\\/gestion-de-personas-como-uno-de-los-ejes-de-la-estrategia\\\/#primaryimage\",\"url\":\"https:\\\/\\\/iraurgiberritzen.eus\\\/wp-content\\\/uploads\\\/2025\\\/10\\\/WhatsApp-Image-2025-10-23-at-15.57.43.jpeg\",\"contentUrl\":\"https:\\\/\\\/iraurgiberritzen.eus\\\/wp-content\\\/uploads\\\/2025\\\/10\\\/WhatsApp-Image-2025-10-23-at-15.57.43.jpeg\",\"width\":1008,\"height\":756},{\"@type\":\"BreadcrumbList\",\"@id\":\"https:\\\/\\\/iraurgiberritzen.eus\\\/es\\\/gestion-de-personas-como-uno-de-los-ejes-de-la-estrategia\\\/#breadcrumb\",\"itemListElement\":[{\"@type\":\"ListItem\",\"position\":1,\"name\":\"Home\",\"item\":\"https:\\\/\\\/iraurgiberritzen.eus\\\/es\\\/\"},{\"@type\":\"ListItem\",\"position\":2,\"name\":\"Gesti\u00f3n de Personas: como uno de los ejes de la estrategia\"}]},{\"@type\":\"WebSite\",\"@id\":\"https:\\\/\\\/iraurgiberritzen.eus\\\/es\\\/#website\",\"url\":\"https:\\\/\\\/iraurgiberritzen.eus\\\/es\\\/\",\"name\":\"Iraurgi Berritzen\",\"description\":\"Urola Erdiko Garapen Agentzia\",\"publisher\":{\"@id\":\"https:\\\/\\\/iraurgiberritzen.eus\\\/es\\\/#organization\"},\"potentialAction\":[{\"@type\":\"SearchAction\",\"target\":{\"@type\":\"EntryPoint\",\"urlTemplate\":\"https:\\\/\\\/iraurgiberritzen.eus\\\/es\\\/?s={search_term_string}\"},\"query-input\":{\"@type\":\"PropertyValueSpecification\",\"valueRequired\":true,\"valueName\":\"search_term_string\"}}],\"inLanguage\":\"es\"},{\"@type\":\"Organization\",\"@id\":\"https:\\\/\\\/iraurgiberritzen.eus\\\/es\\\/#organization\",\"name\":\"Iraurgi Berritzen\",\"url\":\"https:\\\/\\\/iraurgiberritzen.eus\\\/es\\\/\",\"logo\":{\"@type\":\"ImageObject\",\"inLanguage\":\"es\",\"@id\":\"https:\\\/\\\/iraurgiberritzen.eus\\\/es\\\/#\\\/schema\\\/logo\\\/image\\\/\",\"url\":\"https:\\\/\\\/iraurgiberritzen.eus\\\/wp-content\\\/uploads\\\/2024\\\/02\\\/IRAURGI-BERRITZEN-logotipoa_2.png\",\"contentUrl\":\"https:\\\/\\\/iraurgiberritzen.eus\\\/wp-content\\\/uploads\\\/2024\\\/02\\\/IRAURGI-BERRITZEN-logotipoa_2.png\",\"width\":496,\"height\":190,\"caption\":\"Iraurgi Berritzen\"},\"image\":{\"@id\":\"https:\\\/\\\/iraurgiberritzen.eus\\\/es\\\/#\\\/schema\\\/logo\\\/image\\\/\"}},{\"@type\":\"Person\",\"@id\":\"https:\\\/\\\/iraurgiberritzen.eus\\\/es\\\/#\\\/schema\\\/person\\\/a32c9825b3e2bfcbe757a97f6a15c8a5\",\"name\":\"ainara\"}]}<\/script>\n<!-- \/ Yoast SEO plugin. -->","yoast_head_json":{"title":"Gesti\u00f3n de Personas: como uno de los ejes de la estrategia - Iraurgi Berritzen","robots":{"index":"index","follow":"follow","max-snippet":"max-snippet:-1","max-image-preview":"max-image-preview:large","max-video-preview":"max-video-preview:-1"},"canonical":"https:\/\/iraurgiberritzen.eus\/es\/gestion-de-personas-como-uno-de-los-ejes-de-la-estrategia\/","og_locale":"es_ES","og_type":"article","og_title":"Gesti\u00f3n de Personas: como uno de los ejes de la estrategia - Iraurgi Berritzen","og_description":"Responsables de Personas de 10 empresas\u00a0se han reunido bajo la coodinacion de\u00a0Iraurgi Berritzen\u00a0y la dinamizaci\u00f3n de\u00a0OPE.\u00a0 Partiendo del an\u00e1lisis de casos reales, las empresas han compartido diferentes visiones y experiencias divididos en diferentes equipos de trabajo. \u00a0Entre las cuestiones sobre las que se ha trabajado&#8230; \u00bfQu\u00e9 papel tenemos en la estrategia? \u2013 \u00bfC\u00f3mo integramos la [&hellip;]","og_url":"https:\/\/iraurgiberritzen.eus\/es\/gestion-de-personas-como-uno-de-los-ejes-de-la-estrategia\/","og_site_name":"Iraurgi Berritzen","article_published_time":"2025-10-23T14:07:40+00:00","article_modified_time":"2025-10-23T14:09:21+00:00","og_image":[{"width":1008,"height":756,"url":"https:\/\/iraurgiberritzen.eus\/wp-content\/uploads\/2025\/10\/WhatsApp-Image-2025-10-23-at-15.57.43.jpeg","type":"image\/jpeg"}],"author":"ainara","twitter_card":"summary_large_image","twitter_misc":{"Escrito por":"ainara","Tiempo de lectura":"1 minuto"},"schema":{"@context":"https:\/\/schema.org","@graph":[{"@type":"Article","@id":"https:\/\/iraurgiberritzen.eus\/es\/gestion-de-personas-como-uno-de-los-ejes-de-la-estrategia\/#article","isPartOf":{"@id":"https:\/\/iraurgiberritzen.eus\/es\/gestion-de-personas-como-uno-de-los-ejes-de-la-estrategia\/"},"author":{"name":"ainara","@id":"https:\/\/iraurgiberritzen.eus\/es\/#\/schema\/person\/a32c9825b3e2bfcbe757a97f6a15c8a5"},"headline":"Gesti\u00f3n de Personas: como uno de los ejes de la estrategia","datePublished":"2025-10-23T14:07:40+00:00","dateModified":"2025-10-23T14:09:21+00:00","mainEntityOfPage":{"@id":"https:\/\/iraurgiberritzen.eus\/es\/gestion-de-personas-como-uno-de-los-ejes-de-la-estrategia\/"},"wordCount":143,"publisher":{"@id":"https:\/\/iraurgiberritzen.eus\/es\/#organization"},"image":{"@id":"https:\/\/iraurgiberritzen.eus\/es\/gestion-de-personas-como-uno-de-los-ejes-de-la-estrategia\/#primaryimage"},"thumbnailUrl":"https:\/\/iraurgiberritzen.eus\/wp-content\/uploads\/2025\/10\/WhatsApp-Image-2025-10-23-at-15.57.43.jpeg","articleSection":["Noticias"],"inLanguage":"es"},{"@type":"WebPage","@id":"https:\/\/iraurgiberritzen.eus\/es\/gestion-de-personas-como-uno-de-los-ejes-de-la-estrategia\/","url":"https:\/\/iraurgiberritzen.eus\/es\/gestion-de-personas-como-uno-de-los-ejes-de-la-estrategia\/","name":"Gesti\u00f3n de Personas: como uno de los ejes de la estrategia - Iraurgi Berritzen","isPartOf":{"@id":"https:\/\/iraurgiberritzen.eus\/es\/#website"},"primaryImageOfPage":{"@id":"https:\/\/iraurgiberritzen.eus\/es\/gestion-de-personas-como-uno-de-los-ejes-de-la-estrategia\/#primaryimage"},"image":{"@id":"https:\/\/iraurgiberritzen.eus\/es\/gestion-de-personas-como-uno-de-los-ejes-de-la-estrategia\/#primaryimage"},"thumbnailUrl":"https:\/\/iraurgiberritzen.eus\/wp-content\/uploads\/2025\/10\/WhatsApp-Image-2025-10-23-at-15.57.43.jpeg","datePublished":"2025-10-23T14:07:40+00:00","dateModified":"2025-10-23T14:09:21+00:00","breadcrumb":{"@id":"https:\/\/iraurgiberritzen.eus\/es\/gestion-de-personas-como-uno-de-los-ejes-de-la-estrategia\/#breadcrumb"},"inLanguage":"es","potentialAction":[{"@type":"ReadAction","target":["https:\/\/iraurgiberritzen.eus\/es\/gestion-de-personas-como-uno-de-los-ejes-de-la-estrategia\/"]}]},{"@type":"ImageObject","inLanguage":"es","@id":"https:\/\/iraurgiberritzen.eus\/es\/gestion-de-personas-como-uno-de-los-ejes-de-la-estrategia\/#primaryimage","url":"https:\/\/iraurgiberritzen.eus\/wp-content\/uploads\/2025\/10\/WhatsApp-Image-2025-10-23-at-15.57.43.jpeg","contentUrl":"https:\/\/iraurgiberritzen.eus\/wp-content\/uploads\/2025\/10\/WhatsApp-Image-2025-10-23-at-15.57.43.jpeg","width":1008,"height":756},{"@type":"BreadcrumbList","@id":"https:\/\/iraurgiberritzen.eus\/es\/gestion-de-personas-como-uno-de-los-ejes-de-la-estrategia\/#breadcrumb","itemListElement":[{"@type":"ListItem","position":1,"name":"Home","item":"https:\/\/iraurgiberritzen.eus\/es\/"},{"@type":"ListItem","position":2,"name":"Gesti\u00f3n de Personas: como uno de los ejes de la estrategia"}]},{"@type":"WebSite","@id":"https:\/\/iraurgiberritzen.eus\/es\/#website","url":"https:\/\/iraurgiberritzen.eus\/es\/","name":"Iraurgi Berritzen","description":"Urola Erdiko Garapen Agentzia","publisher":{"@id":"https:\/\/iraurgiberritzen.eus\/es\/#organization"},"potentialAction":[{"@type":"SearchAction","target":{"@type":"EntryPoint","urlTemplate":"https:\/\/iraurgiberritzen.eus\/es\/?s={search_term_string}"},"query-input":{"@type":"PropertyValueSpecification","valueRequired":true,"valueName":"search_term_string"}}],"inLanguage":"es"},{"@type":"Organization","@id":"https:\/\/iraurgiberritzen.eus\/es\/#organization","name":"Iraurgi Berritzen","url":"https:\/\/iraurgiberritzen.eus\/es\/","logo":{"@type":"ImageObject","inLanguage":"es","@id":"https:\/\/iraurgiberritzen.eus\/es\/#\/schema\/logo\/image\/","url":"https:\/\/iraurgiberritzen.eus\/wp-content\/uploads\/2024\/02\/IRAURGI-BERRITZEN-logotipoa_2.png","contentUrl":"https:\/\/iraurgiberritzen.eus\/wp-content\/uploads\/2024\/02\/IRAURGI-BERRITZEN-logotipoa_2.png","width":496,"height":190,"caption":"Iraurgi Berritzen"},"image":{"@id":"https:\/\/iraurgiberritzen.eus\/es\/#\/schema\/logo\/image\/"}},{"@type":"Person","@id":"https:\/\/iraurgiberritzen.eus\/es\/#\/schema\/person\/a32c9825b3e2bfcbe757a97f6a15c8a5","name":"ainara"}]}},"_links":{"self":[{"href":"https:\/\/iraurgiberritzen.eus\/es\/wp-json\/wp\/v2\/posts\/25026","targetHints":{"allow":["GET"]}}],"collection":[{"href":"https:\/\/iraurgiberritzen.eus\/es\/wp-json\/wp\/v2\/posts"}],"about":[{"href":"https:\/\/iraurgiberritzen.eus\/es\/wp-json\/wp\/v2\/types\/post"}],"author":[{"embeddable":true,"href":"https:\/\/iraurgiberritzen.eus\/es\/wp-json\/wp\/v2\/users\/4"}],"replies":[{"embeddable":true,"href":"https:\/\/iraurgiberritzen.eus\/es\/wp-json\/wp\/v2\/comments?post=25026"}],"version-history":[{"count":3,"href":"https:\/\/iraurgiberritzen.eus\/es\/wp-json\/wp\/v2\/posts\/25026\/revisions"}],"predecessor-version":[{"id":25029,"href":"https:\/\/iraurgiberritzen.eus\/es\/wp-json\/wp\/v2\/posts\/25026\/revisions\/25029"}],"wp:featuredmedia":[{"embeddable":true,"href":"https:\/\/iraurgiberritzen.eus\/es\/wp-json\/wp\/v2\/media\/25021"}],"wp:attachment":[{"href":"https:\/\/iraurgiberritzen.eus\/es\/wp-json\/wp\/v2\/media?parent=25026"}],"wp:term":[{"taxonomy":"category","embeddable":true,"href":"https:\/\/iraurgiberritzen.eus\/es\/wp-json\/wp\/v2\/categories?post=25026"},{"taxonomy":"post_tag","embeddable":true,"href":"https:\/\/iraurgiberritzen.eus\/es\/wp-json\/wp\/v2\/tags?post=25026"}],"curies":[{"name":"wp","href":"https:\/\/api.w.org\/{rel}","templated":true}]}}