{"id":25032,"date":"2025-10-24T12:47:47","date_gmt":"2025-10-24T10:47:47","guid":{"rendered":"https:\/\/iraurgiberritzen.eus\/?p=25032"},"modified":"2025-10-29T11:52:57","modified_gmt":"2025-10-29T09:52:57","slug":"el-indice-de-desempleo-de-urola-erdia-se-situa-en-el-7-a-finales-de-septiembre","status":"publish","type":"post","link":"https:\/\/iraurgiberritzen.eus\/es\/el-indice-de-desempleo-de-urola-erdia-se-situa-en-el-7-a-finales-de-septiembre\/","title":{"rendered":"El \u00edndice de desempleo de Urola Erdia se sit\u00faa en el 7% a finales de septiembre"},"content":{"rendered":"<p>En Urola Erdia, seg\u00fan Lanbide, el Servicio Vasco de Empleo, a finales de septiembre de 2025 se contabilizaron 1.152 personas en situaci\u00f3n de desempleo.<\/p>\n<p>Seg\u00fan las estimaciones de Iraurgi Berritzen, el \u00edndice de desempleo de Urola Erdia se situ\u00f3 en el 7,0% a finales de septiembre. En cambio, los \u00edndices de desempleo de Gipuzkoa y la CAV fueron del 7,8% y del 9,6%, respectivamente.<\/p>\n<p>Si se analiza el \u00edndice de desempleo por g\u00e9nero en la comarca, los \u00edndices son del 5,4% para los hombres y del 8,7% para las mujeres.<\/p>\n<p>Evoluci\u00f3n del tercer trimestre del a\u00f1o seg\u00fan diferentes indicadores<\/p>\n<p>Entre julio y septiembre se han observado diferentes evoluciones en los indicadores del mercado laboral. Entre otros, se pueden destacar los siguientes puntos:<\/p>\n<ul>\n<li>En Urola Erdia, a finales de septiembre se contabilizaron 13.119 personas afiliadas. La evoluci\u00f3n en el \u00faltimo a\u00f1o ha sido positiva, ya que se registraron 34 afiliaciones m\u00e1s que en septiembre del a\u00f1o anterior, lo que supone un incremento del 0,3%. En el mismo periodo, en Gipuzkoa y en la CAV se registraron crecimientos del 0,6% y del 0,9%, respectivamente.<br \/>\nA finales de septiembre, el 77,8% de las afiliaciones correspond\u00edan al r\u00e9gimen general. En cuanto a los sectores econ\u00f3micos, el 41,3% de las afiliaciones pertenec\u00edan a la industria y el 47,8% al sector servicios.<\/li>\n<li>En relaci\u00f3n con la evoluci\u00f3n de los contratos, en el tercer trimestre de 2025 se registraron 1.389 contratos en Urola Erdia. De ellos, el 74,1% correspondi\u00f3 al sector servicios y el 18,6% al sector industrial.<\/li>\n<li>En cuanto a los Expedientes de Renta de Garant\u00eda de Ingresos (RGI), el n\u00famero de expedientes contabilizados en Urola Erdia ha seguido una tendencia al alza durante el \u00faltimo a\u00f1o. En concreto, se registraron 27 expedientes m\u00e1s que hace un a\u00f1o.<\/li>\n<li>Finalmente, a finales de septiembre se han contabilizado 10 Expedientes de Regulaci\u00f3n de Empleo (ERE) en la comarca, que afectaban en total a 209 trabajadores.<\/li>\n<\/ul>\n<p>Iraurgi Berritzen continuar\u00e1 en los pr\u00f3ximos meses analizando la evoluci\u00f3n de los indicadores socioecon\u00f3micos de la comarca, con el objetivo de conocer en todo momento la evoluci\u00f3n del mercado laboral y adaptar las pol\u00edticas de promoci\u00f3n comarcal a las necesidades del momento.<\/p>\n<img loading=\"lazy\" decoding=\"async\" class=\"wp-image-25046 aligncenter\" src=\"https:\/\/iraurgiberritzen.eus\/wp-content\/uploads\/2025\/10\/2025-3H_Infografia_ES-137x300.png\" alt=\"\" width=\"721\" height=\"1579\" srcset=\"https:\/\/iraurgiberritzen.eus\/wp-content\/uploads\/2025\/10\/2025-3H_Infografia_ES-137x300.png 137w, https:\/\/iraurgiberritzen.eus\/wp-content\/uploads\/2025\/10\/2025-3H_Infografia_ES-468x1024.png 468w, https:\/\/iraurgiberritzen.eus\/wp-content\/uploads\/2025\/10\/2025-3H_Infografia_ES-702x1536.png 702w\" sizes=\"auto, (max-width: 721px) 100vw, 721px\" \/>\n<p>&nbsp;<\/p>\n","protected":false},"excerpt":{"rendered":"<p>En Urola Erdia, seg\u00fan Lanbide, el Servicio Vasco de Empleo, a finales de septiembre de 2025 se contabilizaron 1.152 personas en situaci\u00f3n de desempleo. Seg\u00fan las estimaciones de Iraurgi Berritzen, el \u00edndice de desempleo de Urola Erdia se situ\u00f3 en el 7,0% a finales de septiembre. En cambio, los \u00edndices de desempleo de Gipuzkoa y [&hellip;]<\/p>\n","protected":false},"author":4,"featured_media":25071,"comment_status":"closed","ping_status":"closed","sticky":false,"template":"","format":"standard","meta":{"_acf_changed":false,"footnotes":""},"categories":[4],"tags":[],"class_list":["post-25032","post","type-post","status-publish","format-standard","has-post-thumbnail","hentry","category-noticias","arloak-desarrollo-local"],"acf":[],"yoast_head":"<!-- This site is optimized with the Yoast SEO plugin v27.4 - https:\/\/yoast.com\/product\/yoast-seo-wordpress\/ -->\n<title>El \u00edndice de desempleo de Urola Erdia se sit\u00faa en el 7% a finales de septiembre - Iraurgi Berritzen<\/title>\n<meta name=\"robots\" content=\"index, follow, max-snippet:-1, max-image-preview:large, max-video-preview:-1\" \/>\n<link rel=\"canonical\" href=\"https:\/\/iraurgiberritzen.eus\/es\/el-indice-de-desempleo-de-urola-erdia-se-situa-en-el-7-a-finales-de-septiembre\/\" \/>\n<meta property=\"og:locale\" content=\"es_ES\" \/>\n<meta property=\"og:type\" content=\"article\" \/>\n<meta property=\"og:title\" content=\"El \u00edndice de desempleo de Urola Erdia se sit\u00faa en el 7% a finales de septiembre - Iraurgi Berritzen\" \/>\n<meta property=\"og:description\" content=\"En Urola Erdia, seg\u00fan Lanbide, el Servicio Vasco de Empleo, a finales de septiembre de 2025 se contabilizaron 1.152 personas en situaci\u00f3n de desempleo. Seg\u00fan las estimaciones de Iraurgi Berritzen, el \u00edndice de desempleo de Urola Erdia se situ\u00f3 en el 7,0% a finales de septiembre. En cambio, los \u00edndices de desempleo de Gipuzkoa y [&hellip;]\" \/>\n<meta property=\"og:url\" content=\"https:\/\/iraurgiberritzen.eus\/es\/el-indice-de-desempleo-de-urola-erdia-se-situa-en-el-7-a-finales-de-septiembre\/\" \/>\n<meta property=\"og:site_name\" content=\"Iraurgi Berritzen\" \/>\n<meta property=\"article:published_time\" content=\"2025-10-24T10:47:47+00:00\" \/>\n<meta property=\"article:modified_time\" content=\"2025-10-29T09:52:57+00:00\" \/>\n<meta property=\"og:image\" content=\"https:\/\/iraurgiberritzen.eus\/wp-content\/uploads\/2024\/01\/d53aa7f89db2d1935feed7588780d953.jpg\" \/>\n\t<meta property=\"og:image:width\" content=\"400\" \/>\n\t<meta property=\"og:image:height\" content=\"259\" \/>\n\t<meta property=\"og:image:type\" content=\"image\/jpeg\" \/>\n<meta name=\"author\" content=\"ainara\" \/>\n<meta name=\"twitter:card\" content=\"summary_large_image\" \/>\n<meta name=\"twitter:label1\" content=\"Escrito por\" \/>\n\t<meta name=\"twitter:data1\" content=\"ainara\" \/>\n\t<meta name=\"twitter:label2\" content=\"Tiempo de lectura\" \/>\n\t<meta name=\"twitter:data2\" content=\"3 minutos\" \/>\n<script type=\"application\/ld+json\" class=\"yoast-schema-graph\">{\"@context\":\"https:\\\/\\\/schema.org\",\"@graph\":[{\"@type\":\"Article\",\"@id\":\"https:\\\/\\\/iraurgiberritzen.eus\\\/es\\\/el-indice-de-desempleo-de-urola-erdia-se-situa-en-el-7-a-finales-de-septiembre\\\/#article\",\"isPartOf\":{\"@id\":\"https:\\\/\\\/iraurgiberritzen.eus\\\/es\\\/el-indice-de-desempleo-de-urola-erdia-se-situa-en-el-7-a-finales-de-septiembre\\\/\"},\"author\":{\"name\":\"ainara\",\"@id\":\"https:\\\/\\\/iraurgiberritzen.eus\\\/es\\\/#\\\/schema\\\/person\\\/a32c9825b3e2bfcbe757a97f6a15c8a5\"},\"headline\":\"El \u00edndice de desempleo de Urola Erdia se sit\u00faa en el 7% a finales de septiembre\",\"datePublished\":\"2025-10-24T10:47:47+00:00\",\"dateModified\":\"2025-10-29T09:52:57+00:00\",\"mainEntityOfPage\":{\"@id\":\"https:\\\/\\\/iraurgiberritzen.eus\\\/es\\\/el-indice-de-desempleo-de-urola-erdia-se-situa-en-el-7-a-finales-de-septiembre\\\/\"},\"wordCount\":383,\"publisher\":{\"@id\":\"https:\\\/\\\/iraurgiberritzen.eus\\\/es\\\/#organization\"},\"image\":{\"@id\":\"https:\\\/\\\/iraurgiberritzen.eus\\\/es\\\/el-indice-de-desempleo-de-urola-erdia-se-situa-en-el-7-a-finales-de-septiembre\\\/#primaryimage\"},\"thumbnailUrl\":\"https:\\\/\\\/iraurgiberritzen.eus\\\/wp-content\\\/uploads\\\/2025\\\/10\\\/PORTADA-IB-WEB-800-x-550-px-13.jpg\",\"articleSection\":[\"Noticias\"],\"inLanguage\":\"es\"},{\"@type\":\"WebPage\",\"@id\":\"https:\\\/\\\/iraurgiberritzen.eus\\\/es\\\/el-indice-de-desempleo-de-urola-erdia-se-situa-en-el-7-a-finales-de-septiembre\\\/\",\"url\":\"https:\\\/\\\/iraurgiberritzen.eus\\\/es\\\/el-indice-de-desempleo-de-urola-erdia-se-situa-en-el-7-a-finales-de-septiembre\\\/\",\"name\":\"El \u00edndice de desempleo de Urola Erdia se sit\u00faa en el 7% a finales de septiembre - Iraurgi Berritzen\",\"isPartOf\":{\"@id\":\"https:\\\/\\\/iraurgiberritzen.eus\\\/es\\\/#website\"},\"primaryImageOfPage\":{\"@id\":\"https:\\\/\\\/iraurgiberritzen.eus\\\/es\\\/el-indice-de-desempleo-de-urola-erdia-se-situa-en-el-7-a-finales-de-septiembre\\\/#primaryimage\"},\"image\":{\"@id\":\"https:\\\/\\\/iraurgiberritzen.eus\\\/es\\\/el-indice-de-desempleo-de-urola-erdia-se-situa-en-el-7-a-finales-de-septiembre\\\/#primaryimage\"},\"thumbnailUrl\":\"https:\\\/\\\/iraurgiberritzen.eus\\\/wp-content\\\/uploads\\\/2025\\\/10\\\/PORTADA-IB-WEB-800-x-550-px-13.jpg\",\"datePublished\":\"2025-10-24T10:47:47+00:00\",\"dateModified\":\"2025-10-29T09:52:57+00:00\",\"breadcrumb\":{\"@id\":\"https:\\\/\\\/iraurgiberritzen.eus\\\/es\\\/el-indice-de-desempleo-de-urola-erdia-se-situa-en-el-7-a-finales-de-septiembre\\\/#breadcrumb\"},\"inLanguage\":\"es\",\"potentialAction\":[{\"@type\":\"ReadAction\",\"target\":[\"https:\\\/\\\/iraurgiberritzen.eus\\\/es\\\/el-indice-de-desempleo-de-urola-erdia-se-situa-en-el-7-a-finales-de-septiembre\\\/\"]}]},{\"@type\":\"ImageObject\",\"inLanguage\":\"es\",\"@id\":\"https:\\\/\\\/iraurgiberritzen.eus\\\/es\\\/el-indice-de-desempleo-de-urola-erdia-se-situa-en-el-7-a-finales-de-septiembre\\\/#primaryimage\",\"url\":\"https:\\\/\\\/iraurgiberritzen.eus\\\/wp-content\\\/uploads\\\/2025\\\/10\\\/PORTADA-IB-WEB-800-x-550-px-13.jpg\",\"contentUrl\":\"https:\\\/\\\/iraurgiberritzen.eus\\\/wp-content\\\/uploads\\\/2025\\\/10\\\/PORTADA-IB-WEB-800-x-550-px-13.jpg\",\"width\":2500,\"height\":1719},{\"@type\":\"BreadcrumbList\",\"@id\":\"https:\\\/\\\/iraurgiberritzen.eus\\\/es\\\/el-indice-de-desempleo-de-urola-erdia-se-situa-en-el-7-a-finales-de-septiembre\\\/#breadcrumb\",\"itemListElement\":[{\"@type\":\"ListItem\",\"position\":1,\"name\":\"Home\",\"item\":\"https:\\\/\\\/iraurgiberritzen.eus\\\/es\\\/\"},{\"@type\":\"ListItem\",\"position\":2,\"name\":\"El \u00edndice de desempleo de Urola Erdia se sit\u00faa en el 7% a finales de septiembre\"}]},{\"@type\":\"WebSite\",\"@id\":\"https:\\\/\\\/iraurgiberritzen.eus\\\/es\\\/#website\",\"url\":\"https:\\\/\\\/iraurgiberritzen.eus\\\/es\\\/\",\"name\":\"Iraurgi Berritzen\",\"description\":\"Urola Erdiko Garapen Agentzia\",\"publisher\":{\"@id\":\"https:\\\/\\\/iraurgiberritzen.eus\\\/es\\\/#organization\"},\"potentialAction\":[{\"@type\":\"SearchAction\",\"target\":{\"@type\":\"EntryPoint\",\"urlTemplate\":\"https:\\\/\\\/iraurgiberritzen.eus\\\/es\\\/?s={search_term_string}\"},\"query-input\":{\"@type\":\"PropertyValueSpecification\",\"valueRequired\":true,\"valueName\":\"search_term_string\"}}],\"inLanguage\":\"es\"},{\"@type\":\"Organization\",\"@id\":\"https:\\\/\\\/iraurgiberritzen.eus\\\/es\\\/#organization\",\"name\":\"Iraurgi Berritzen\",\"url\":\"https:\\\/\\\/iraurgiberritzen.eus\\\/es\\\/\",\"logo\":{\"@type\":\"ImageObject\",\"inLanguage\":\"es\",\"@id\":\"https:\\\/\\\/iraurgiberritzen.eus\\\/es\\\/#\\\/schema\\\/logo\\\/image\\\/\",\"url\":\"https:\\\/\\\/iraurgiberritzen.eus\\\/wp-content\\\/uploads\\\/2024\\\/02\\\/IRAURGI-BERRITZEN-logotipoa_2.png\",\"contentUrl\":\"https:\\\/\\\/iraurgiberritzen.eus\\\/wp-content\\\/uploads\\\/2024\\\/02\\\/IRAURGI-BERRITZEN-logotipoa_2.png\",\"width\":496,\"height\":190,\"caption\":\"Iraurgi Berritzen\"},\"image\":{\"@id\":\"https:\\\/\\\/iraurgiberritzen.eus\\\/es\\\/#\\\/schema\\\/logo\\\/image\\\/\"}},{\"@type\":\"Person\",\"@id\":\"https:\\\/\\\/iraurgiberritzen.eus\\\/es\\\/#\\\/schema\\\/person\\\/a32c9825b3e2bfcbe757a97f6a15c8a5\",\"name\":\"ainara\"}]}<\/script>\n<!-- \/ Yoast SEO plugin. -->","yoast_head_json":{"title":"El \u00edndice de desempleo de Urola Erdia se sit\u00faa en el 7% a finales de septiembre - Iraurgi Berritzen","robots":{"index":"index","follow":"follow","max-snippet":"max-snippet:-1","max-image-preview":"max-image-preview:large","max-video-preview":"max-video-preview:-1"},"canonical":"https:\/\/iraurgiberritzen.eus\/es\/el-indice-de-desempleo-de-urola-erdia-se-situa-en-el-7-a-finales-de-septiembre\/","og_locale":"es_ES","og_type":"article","og_title":"El \u00edndice de desempleo de Urola Erdia se sit\u00faa en el 7% a finales de septiembre - Iraurgi Berritzen","og_description":"En Urola Erdia, seg\u00fan Lanbide, el Servicio Vasco de Empleo, a finales de septiembre de 2025 se contabilizaron 1.152 personas en situaci\u00f3n de desempleo. Seg\u00fan las estimaciones de Iraurgi Berritzen, el \u00edndice de desempleo de Urola Erdia se situ\u00f3 en el 7,0% a finales de septiembre. En cambio, los \u00edndices de desempleo de Gipuzkoa y [&hellip;]","og_url":"https:\/\/iraurgiberritzen.eus\/es\/el-indice-de-desempleo-de-urola-erdia-se-situa-en-el-7-a-finales-de-septiembre\/","og_site_name":"Iraurgi Berritzen","article_published_time":"2025-10-24T10:47:47+00:00","article_modified_time":"2025-10-29T09:52:57+00:00","og_image":[{"width":400,"height":259,"url":"https:\/\/iraurgiberritzen.eus\/wp-content\/uploads\/2024\/01\/d53aa7f89db2d1935feed7588780d953.jpg","type":"image\/jpeg"}],"author":"ainara","twitter_card":"summary_large_image","twitter_misc":{"Escrito por":"ainara","Tiempo de lectura":"3 minutos"},"schema":{"@context":"https:\/\/schema.org","@graph":[{"@type":"Article","@id":"https:\/\/iraurgiberritzen.eus\/es\/el-indice-de-desempleo-de-urola-erdia-se-situa-en-el-7-a-finales-de-septiembre\/#article","isPartOf":{"@id":"https:\/\/iraurgiberritzen.eus\/es\/el-indice-de-desempleo-de-urola-erdia-se-situa-en-el-7-a-finales-de-septiembre\/"},"author":{"name":"ainara","@id":"https:\/\/iraurgiberritzen.eus\/es\/#\/schema\/person\/a32c9825b3e2bfcbe757a97f6a15c8a5"},"headline":"El \u00edndice de desempleo de Urola Erdia se sit\u00faa en el 7% a finales de septiembre","datePublished":"2025-10-24T10:47:47+00:00","dateModified":"2025-10-29T09:52:57+00:00","mainEntityOfPage":{"@id":"https:\/\/iraurgiberritzen.eus\/es\/el-indice-de-desempleo-de-urola-erdia-se-situa-en-el-7-a-finales-de-septiembre\/"},"wordCount":383,"publisher":{"@id":"https:\/\/iraurgiberritzen.eus\/es\/#organization"},"image":{"@id":"https:\/\/iraurgiberritzen.eus\/es\/el-indice-de-desempleo-de-urola-erdia-se-situa-en-el-7-a-finales-de-septiembre\/#primaryimage"},"thumbnailUrl":"https:\/\/iraurgiberritzen.eus\/wp-content\/uploads\/2025\/10\/PORTADA-IB-WEB-800-x-550-px-13.jpg","articleSection":["Noticias"],"inLanguage":"es"},{"@type":"WebPage","@id":"https:\/\/iraurgiberritzen.eus\/es\/el-indice-de-desempleo-de-urola-erdia-se-situa-en-el-7-a-finales-de-septiembre\/","url":"https:\/\/iraurgiberritzen.eus\/es\/el-indice-de-desempleo-de-urola-erdia-se-situa-en-el-7-a-finales-de-septiembre\/","name":"El \u00edndice de desempleo de Urola Erdia se sit\u00faa en el 7% a finales de septiembre - Iraurgi Berritzen","isPartOf":{"@id":"https:\/\/iraurgiberritzen.eus\/es\/#website"},"primaryImageOfPage":{"@id":"https:\/\/iraurgiberritzen.eus\/es\/el-indice-de-desempleo-de-urola-erdia-se-situa-en-el-7-a-finales-de-septiembre\/#primaryimage"},"image":{"@id":"https:\/\/iraurgiberritzen.eus\/es\/el-indice-de-desempleo-de-urola-erdia-se-situa-en-el-7-a-finales-de-septiembre\/#primaryimage"},"thumbnailUrl":"https:\/\/iraurgiberritzen.eus\/wp-content\/uploads\/2025\/10\/PORTADA-IB-WEB-800-x-550-px-13.jpg","datePublished":"2025-10-24T10:47:47+00:00","dateModified":"2025-10-29T09:52:57+00:00","breadcrumb":{"@id":"https:\/\/iraurgiberritzen.eus\/es\/el-indice-de-desempleo-de-urola-erdia-se-situa-en-el-7-a-finales-de-septiembre\/#breadcrumb"},"inLanguage":"es","potentialAction":[{"@type":"ReadAction","target":["https:\/\/iraurgiberritzen.eus\/es\/el-indice-de-desempleo-de-urola-erdia-se-situa-en-el-7-a-finales-de-septiembre\/"]}]},{"@type":"ImageObject","inLanguage":"es","@id":"https:\/\/iraurgiberritzen.eus\/es\/el-indice-de-desempleo-de-urola-erdia-se-situa-en-el-7-a-finales-de-septiembre\/#primaryimage","url":"https:\/\/iraurgiberritzen.eus\/wp-content\/uploads\/2025\/10\/PORTADA-IB-WEB-800-x-550-px-13.jpg","contentUrl":"https:\/\/iraurgiberritzen.eus\/wp-content\/uploads\/2025\/10\/PORTADA-IB-WEB-800-x-550-px-13.jpg","width":2500,"height":1719},{"@type":"BreadcrumbList","@id":"https:\/\/iraurgiberritzen.eus\/es\/el-indice-de-desempleo-de-urola-erdia-se-situa-en-el-7-a-finales-de-septiembre\/#breadcrumb","itemListElement":[{"@type":"ListItem","position":1,"name":"Home","item":"https:\/\/iraurgiberritzen.eus\/es\/"},{"@type":"ListItem","position":2,"name":"El \u00edndice de desempleo de Urola Erdia se sit\u00faa en el 7% a finales de septiembre"}]},{"@type":"WebSite","@id":"https:\/\/iraurgiberritzen.eus\/es\/#website","url":"https:\/\/iraurgiberritzen.eus\/es\/","name":"Iraurgi Berritzen","description":"Urola Erdiko Garapen Agentzia","publisher":{"@id":"https:\/\/iraurgiberritzen.eus\/es\/#organization"},"potentialAction":[{"@type":"SearchAction","target":{"@type":"EntryPoint","urlTemplate":"https:\/\/iraurgiberritzen.eus\/es\/?s={search_term_string}"},"query-input":{"@type":"PropertyValueSpecification","valueRequired":true,"valueName":"search_term_string"}}],"inLanguage":"es"},{"@type":"Organization","@id":"https:\/\/iraurgiberritzen.eus\/es\/#organization","name":"Iraurgi Berritzen","url":"https:\/\/iraurgiberritzen.eus\/es\/","logo":{"@type":"ImageObject","inLanguage":"es","@id":"https:\/\/iraurgiberritzen.eus\/es\/#\/schema\/logo\/image\/","url":"https:\/\/iraurgiberritzen.eus\/wp-content\/uploads\/2024\/02\/IRAURGI-BERRITZEN-logotipoa_2.png","contentUrl":"https:\/\/iraurgiberritzen.eus\/wp-content\/uploads\/2024\/02\/IRAURGI-BERRITZEN-logotipoa_2.png","width":496,"height":190,"caption":"Iraurgi Berritzen"},"image":{"@id":"https:\/\/iraurgiberritzen.eus\/es\/#\/schema\/logo\/image\/"}},{"@type":"Person","@id":"https:\/\/iraurgiberritzen.eus\/es\/#\/schema\/person\/a32c9825b3e2bfcbe757a97f6a15c8a5","name":"ainara"}]}},"_links":{"self":[{"href":"https:\/\/iraurgiberritzen.eus\/es\/wp-json\/wp\/v2\/posts\/25032","targetHints":{"allow":["GET"]}}],"collection":[{"href":"https:\/\/iraurgiberritzen.eus\/es\/wp-json\/wp\/v2\/posts"}],"about":[{"href":"https:\/\/iraurgiberritzen.eus\/es\/wp-json\/wp\/v2\/types\/post"}],"author":[{"embeddable":true,"href":"https:\/\/iraurgiberritzen.eus\/es\/wp-json\/wp\/v2\/users\/4"}],"replies":[{"embeddable":true,"href":"https:\/\/iraurgiberritzen.eus\/es\/wp-json\/wp\/v2\/comments?post=25032"}],"version-history":[{"count":3,"href":"https:\/\/iraurgiberritzen.eus\/es\/wp-json\/wp\/v2\/posts\/25032\/revisions"}],"predecessor-version":[{"id":25049,"href":"https:\/\/iraurgiberritzen.eus\/es\/wp-json\/wp\/v2\/posts\/25032\/revisions\/25049"}],"wp:featuredmedia":[{"embeddable":true,"href":"https:\/\/iraurgiberritzen.eus\/es\/wp-json\/wp\/v2\/media\/25071"}],"wp:attachment":[{"href":"https:\/\/iraurgiberritzen.eus\/es\/wp-json\/wp\/v2\/media?parent=25032"}],"wp:term":[{"taxonomy":"category","embeddable":true,"href":"https:\/\/iraurgiberritzen.eus\/es\/wp-json\/wp\/v2\/categories?post=25032"},{"taxonomy":"post_tag","embeddable":true,"href":"https:\/\/iraurgiberritzen.eus\/es\/wp-json\/wp\/v2\/tags?post=25032"}],"curies":[{"name":"wp","href":"https:\/\/api.w.org\/{rel}","templated":true}]}}