{"id":25200,"date":"2025-11-12T12:33:44","date_gmt":"2025-11-12T10:33:44","guid":{"rendered":"https:\/\/iraurgiberritzen.eus\/?p=25200"},"modified":"2025-11-12T12:33:44","modified_gmt":"2025-11-12T10:33:44","slug":"las-personas-emprendedoras-de-la-comarca-analizan-el-comportamiento-y-los-habitos-de-consumo-en-la-xiii-cafe-tertulia","status":"publish","type":"post","link":"https:\/\/iraurgiberritzen.eus\/es\/las-personas-emprendedoras-de-la-comarca-analizan-el-comportamiento-y-los-habitos-de-consumo-en-la-xiii-cafe-tertulia\/","title":{"rendered":"Las personas emprendedoras de la comarca analizan el comportamiento y los h\u00e1bitos de consumo en la XIII Caf\u00e9 Tertulia"},"content":{"rendered":"<h5><b><i><span data-contrast=\"auto\">Bajo la dinamizaci\u00f3n de la consultora IE Team, las personas participantes analizaron las tendencias actuales de consumo y compartieron estrategias para aplicarlas en sus propios negocios.<\/span><\/i><\/b><span data-ccp-props=\"{&quot;134233117&quot;:false,&quot;134233118&quot;:false,&quot;201341983&quot;:0,&quot;335551550&quot;:1,&quot;335551620&quot;:1,&quot;335559685&quot;:0,&quot;335559737&quot;:0,&quot;335559738&quot;:0,&quot;335559739&quot;:160,&quot;335559740&quot;:279}\">\u00a0<\/span><\/h5>\n<p><span data-contrast=\"auto\">En el marco del KLINK Gunea, ayer <\/span><b><span data-contrast=\"auto\">12 de noviembre<\/span><\/b><span data-contrast=\"auto\"> se celebr\u00f3 en el <\/span><b><span data-contrast=\"auto\">Palacio Intsausti de Azkoitia<\/span><\/b><span data-contrast=\"auto\"> la <\/span><b><span data-contrast=\"auto\">XIII. Caf\u00e9 Tertulia<\/span><\/b><span data-contrast=\"auto\">, un encuentro pr\u00e1ctico e inspirador dise\u00f1ado especialmente para personas emprendedoras. Bajo el t\u00edtulo <\/span><i><span data-contrast=\"auto\">\u201c<\/span><\/i><b><i><span data-contrast=\"auto\">Comportamiento y h\u00e1bitos de consumo: c\u00f3mo adaptar nuestros negocios\u201d<\/span><\/i><\/b><b><span data-contrast=\"auto\">, <\/span><\/b><span data-contrast=\"auto\">los y las participantes reflexionaron sobre las nuevas tendencias del consumidor y compartieron claves para adaptarse a ellas en su d\u00eda a d\u00eda empresarial.<\/span><span data-ccp-props=\"{&quot;134233117&quot;:false,&quot;134233118&quot;:false,&quot;335551550&quot;:0,&quot;335551620&quot;:0,&quot;335559738&quot;:240,&quot;335559739&quot;:240}\">\u00a0<\/span><\/p>\n<p><span data-contrast=\"auto\">La tertulia se desarroll\u00f3 en un espacio de confianza creado en torno a un caf\u00e9, donde las personas emprendedoras compartieron sus experiencias y puntos de vista, abordando temas como <\/span><b><span data-contrast=\"auto\">la experiencia del cliente, la digitalizaci\u00f3n y la colaboraci\u00f3n local<\/span><\/b><span data-contrast=\"auto\">. En la sesi\u00f3n, dinamizada por la consultora <\/span><b><span data-contrast=\"auto\">IE Team<\/span><\/b><span data-contrast=\"auto\">, se analizaron<\/span><b><span data-contrast=\"auto\"> los cambios que est\u00e1n experimentando los consumidores en sus h\u00e1bitos y valores<\/span><\/b><span data-contrast=\"auto\">, as\u00ed como la manera de adaptarse a ellos desde una perspectiva pr\u00e1ctica.<\/span><span data-ccp-props=\"{&quot;134233117&quot;:false,&quot;134233118&quot;:false,&quot;335551550&quot;:0,&quot;335551620&quot;:0,&quot;335559738&quot;:240,&quot;335559739&quot;:240}\">\u00a0<\/span><\/p>\n<p><span data-contrast=\"auto\">Los temas abordados fueron:<\/span><span data-ccp-props=\"{&quot;134233117&quot;:false,&quot;134233118&quot;:false,&quot;335551550&quot;:0,&quot;335551620&quot;:0,&quot;335559738&quot;:240,&quot;335559739&quot;:240}\">\u00a0<\/span><\/p>\n<ul>\n<li aria-setsize=\"-1\" data-leveltext=\"\uf0b7\" data-font=\"Symbol\" data-listid=\"2\" data-list-defn-props=\"{&quot;335552541&quot;:1,&quot;335559683&quot;:0,&quot;335559684&quot;:-2,&quot;335559685&quot;:720,&quot;335559991&quot;:360,&quot;469769226&quot;:&quot;Symbol&quot;,&quot;469769242&quot;:[8226],&quot;469777803&quot;:&quot;left&quot;,&quot;469777804&quot;:&quot;\uf0b7&quot;,&quot;469777815&quot;:&quot;hybridMultilevel&quot;}\" data-aria-posinset=\"1\" data-aria-level=\"1\"><span data-contrast=\"auto\">Las <\/span><b><span data-contrast=\"auto\">tendencias de consumo <\/span><\/b><span data-contrast=\"auto\">y comportamientos de las diferentes generaciones.<\/span><span data-ccp-props=\"{&quot;134233117&quot;:false,&quot;134233118&quot;:false,&quot;335551550&quot;:0,&quot;335551620&quot;:0,&quot;335559738&quot;:240,&quot;335559739&quot;:240}\">\u00a0<\/span><\/li>\n<li aria-setsize=\"-1\" data-leveltext=\"\uf0b7\" data-font=\"Symbol\" data-listid=\"2\" data-list-defn-props=\"{&quot;335552541&quot;:1,&quot;335559683&quot;:0,&quot;335559684&quot;:-2,&quot;335559685&quot;:720,&quot;335559991&quot;:360,&quot;469769226&quot;:&quot;Symbol&quot;,&quot;469769242&quot;:[8226],&quot;469777803&quot;:&quot;left&quot;,&quot;469777804&quot;:&quot;\uf0b7&quot;,&quot;469777815&quot;:&quot;hybridMultilevel&quot;}\" data-aria-posinset=\"1\" data-aria-level=\"1\"><span data-contrast=\"auto\">La <\/span><b><span data-contrast=\"auto\">importancia de la experiencia del cliente <\/span><\/b><span data-contrast=\"auto\">y c\u00f3mo simplificarla.<\/span><span data-ccp-props=\"{&quot;134233117&quot;:false,&quot;134233118&quot;:false,&quot;335551550&quot;:0,&quot;335551620&quot;:0,&quot;335559738&quot;:240,&quot;335559739&quot;:240}\">\u00a0<\/span><\/li>\n<li aria-setsize=\"-1\" data-leveltext=\"\uf0b7\" data-font=\"Symbol\" data-listid=\"2\" data-list-defn-props=\"{&quot;335552541&quot;:1,&quot;335559683&quot;:0,&quot;335559684&quot;:-2,&quot;335559685&quot;:720,&quot;335559991&quot;:360,&quot;469769226&quot;:&quot;Symbol&quot;,&quot;469769242&quot;:[8226],&quot;469777803&quot;:&quot;left&quot;,&quot;469777804&quot;:&quot;\uf0b7&quot;,&quot;469777815&quot;:&quot;hybridMultilevel&quot;}\" data-aria-posinset=\"1\" data-aria-level=\"1\"><span data-contrast=\"auto\">La <\/span><b><span data-contrast=\"auto\">digitalizaci\u00f3n sencilla <\/span><\/b><span data-contrast=\"auto\">y el uso de herramientas accesibles.<\/span><span data-ccp-props=\"{&quot;134233117&quot;:false,&quot;134233118&quot;:false,&quot;335551550&quot;:0,&quot;335551620&quot;:0,&quot;335559738&quot;:240,&quot;335559739&quot;:240}\">\u00a0<\/span><\/li>\n<li aria-setsize=\"-1\" data-leveltext=\"\uf0b7\" data-font=\"Symbol\" data-listid=\"2\" data-list-defn-props=\"{&quot;335552541&quot;:1,&quot;335559683&quot;:0,&quot;335559684&quot;:-2,&quot;335559685&quot;:720,&quot;335559991&quot;:360,&quot;469769226&quot;:&quot;Symbol&quot;,&quot;469769242&quot;:[8226],&quot;469777803&quot;:&quot;left&quot;,&quot;469777804&quot;:&quot;\uf0b7&quot;,&quot;469777815&quot;:&quot;hybridMultilevel&quot;}\" data-aria-posinset=\"1\" data-aria-level=\"1\"><span data-contrast=\"auto\">La <\/span><b><span data-contrast=\"auto\">colaboraci\u00f3n local <\/span><\/b><span data-contrast=\"auto\">y la manera de comunicar \u201cpor qu\u00e9 hacemos lo que hacemos\u201d.<\/span><span data-ccp-props=\"{&quot;134233117&quot;:false,&quot;134233118&quot;:false,&quot;335551550&quot;:0,&quot;335551620&quot;:0,&quot;335559738&quot;:240,&quot;335559739&quot;:240}\">\u00a0<\/span><\/li>\n<\/ul>\n<p><span data-contrast=\"auto\">Las personas participantes destacaron el car\u00e1cter pr\u00e1ctico e inspirador de la sesi\u00f3n, se\u00f1alando que las herramientas y reflexiones compartidas les resultar\u00e1n de gran utilidad para adaptarse a los nuevos h\u00e1bitos de consumo.<\/span><span data-ccp-props=\"{&quot;134233117&quot;:false,&quot;134233118&quot;:false,&quot;335551550&quot;:0,&quot;335551620&quot;:0,&quot;335559738&quot;:240,&quot;335559739&quot;:240}\">\u00a0<\/span><\/p>\n<p><span data-contrast=\"auto\">Esta <\/span><b><span data-contrast=\"auto\">XIII edici\u00f3n<\/span><\/b><span data-contrast=\"auto\"> forma parte del ciclo de <\/span><b><span data-contrast=\"auto\">Caf\u00e9 Tertulias<\/span><\/b><span data-contrast=\"auto\"> que se celebra dos veces al a\u00f1o, y que con el paso del tiempo se ha consolidado como un <\/span><b><span data-contrast=\"auto\">espacio de referencia para el intercambio de experiencias y la puesta en pr\u00e1ctica de ideas entre personas emprendedoras<\/span><\/b><span data-contrast=\"auto\">.<\/span><span data-ccp-props=\"{&quot;134233117&quot;:false,&quot;134233118&quot;:false,&quot;335551550&quot;:0,&quot;335551620&quot;:0,&quot;335559738&quot;:240,&quot;335559739&quot;:240}\">\u00a0<\/span><\/p>\n","protected":false},"excerpt":{"rendered":"<p>Bajo la dinamizaci\u00f3n de la consultora IE Team, las personas participantes analizaron las tendencias actuales de consumo y compartieron estrategias para aplicarlas en sus propios negocios.\u00a0 En el marco del KLINK Gunea, ayer 12 de noviembre se celebr\u00f3 en el Palacio Intsausti de Azkoitia la XIII. Caf\u00e9 Tertulia, un encuentro pr\u00e1ctico e inspirador dise\u00f1ado especialmente [&hellip;]<\/p>\n","protected":false},"author":4,"featured_media":25217,"comment_status":"closed","ping_status":"closed","sticky":false,"template":"","format":"standard","meta":{"_acf_changed":false,"footnotes":""},"categories":[4],"tags":[],"class_list":["post-25200","post","type-post","status-publish","format-standard","has-post-thumbnail","hentry","category-noticias","arloak-emprendimiento"],"acf":[],"yoast_head":"<!-- This site is optimized with the Yoast SEO plugin v27.4 - https:\/\/yoast.com\/product\/yoast-seo-wordpress\/ -->\n<title>Las personas emprendedoras de la comarca analizan el comportamiento y los h\u00e1bitos de consumo en la XIII Caf\u00e9 Tertulia - Iraurgi Berritzen<\/title>\n<meta name=\"robots\" content=\"index, follow, max-snippet:-1, max-image-preview:large, max-video-preview:-1\" \/>\n<link rel=\"canonical\" href=\"https:\/\/iraurgiberritzen.eus\/es\/las-personas-emprendedoras-de-la-comarca-analizan-el-comportamiento-y-los-habitos-de-consumo-en-la-xiii-cafe-tertulia\/\" \/>\n<meta property=\"og:locale\" content=\"es_ES\" \/>\n<meta property=\"og:type\" content=\"article\" \/>\n<meta property=\"og:title\" content=\"Las personas emprendedoras de la comarca analizan el comportamiento y los h\u00e1bitos de consumo en la XIII Caf\u00e9 Tertulia - Iraurgi Berritzen\" \/>\n<meta property=\"og:description\" content=\"Bajo la dinamizaci\u00f3n de la consultora IE Team, las personas participantes analizaron las tendencias actuales de consumo y compartieron estrategias para aplicarlas en sus propios negocios.\u00a0 En el marco del KLINK Gunea, ayer 12 de noviembre se celebr\u00f3 en el Palacio Intsausti de Azkoitia la XIII. Caf\u00e9 Tertulia, un encuentro pr\u00e1ctico e inspirador dise\u00f1ado especialmente [&hellip;]\" \/>\n<meta property=\"og:url\" content=\"https:\/\/iraurgiberritzen.eus\/es\/las-personas-emprendedoras-de-la-comarca-analizan-el-comportamiento-y-los-habitos-de-consumo-en-la-xiii-cafe-tertulia\/\" \/>\n<meta property=\"og:site_name\" content=\"Iraurgi Berritzen\" \/>\n<meta property=\"article:published_time\" content=\"2025-11-12T10:33:44+00:00\" \/>\n<meta name=\"author\" content=\"ainara\" \/>\n<meta name=\"twitter:card\" content=\"summary_large_image\" \/>\n<meta name=\"twitter:label1\" content=\"Escrito por\" \/>\n\t<meta name=\"twitter:data1\" content=\"ainara\" \/>\n\t<meta name=\"twitter:label2\" content=\"Tiempo de lectura\" \/>\n\t<meta name=\"twitter:data2\" content=\"2 minutos\" \/>\n<script type=\"application\/ld+json\" class=\"yoast-schema-graph\">{\"@context\":\"https:\\\/\\\/schema.org\",\"@graph\":[{\"@type\":\"Article\",\"@id\":\"https:\\\/\\\/iraurgiberritzen.eus\\\/es\\\/las-personas-emprendedoras-de-la-comarca-analizan-el-comportamiento-y-los-habitos-de-consumo-en-la-xiii-cafe-tertulia\\\/#article\",\"isPartOf\":{\"@id\":\"https:\\\/\\\/iraurgiberritzen.eus\\\/es\\\/las-personas-emprendedoras-de-la-comarca-analizan-el-comportamiento-y-los-habitos-de-consumo-en-la-xiii-cafe-tertulia\\\/\"},\"author\":{\"name\":\"ainara\",\"@id\":\"https:\\\/\\\/iraurgiberritzen.eus\\\/es\\\/#\\\/schema\\\/person\\\/a32c9825b3e2bfcbe757a97f6a15c8a5\"},\"headline\":\"Las personas emprendedoras de la comarca analizan el comportamiento y los h\u00e1bitos de consumo en la XIII Caf\u00e9 Tertulia\",\"datePublished\":\"2025-11-12T10:33:44+00:00\",\"mainEntityOfPage\":{\"@id\":\"https:\\\/\\\/iraurgiberritzen.eus\\\/es\\\/las-personas-emprendedoras-de-la-comarca-analizan-el-comportamiento-y-los-habitos-de-consumo-en-la-xiii-cafe-tertulia\\\/\"},\"wordCount\":339,\"publisher\":{\"@id\":\"https:\\\/\\\/iraurgiberritzen.eus\\\/es\\\/#organization\"},\"image\":{\"@id\":\"https:\\\/\\\/iraurgiberritzen.eus\\\/es\\\/las-personas-emprendedoras-de-la-comarca-analizan-el-comportamiento-y-los-habitos-de-consumo-en-la-xiii-cafe-tertulia\\\/#primaryimage\"},\"thumbnailUrl\":\"https:\\\/\\\/iraurgiberritzen.eus\\\/wp-content\\\/uploads\\\/2025\\\/11\\\/PXL_20251112_132522380.MP_-1-scaled.jpg\",\"articleSection\":[\"Noticias\"],\"inLanguage\":\"es\"},{\"@type\":\"WebPage\",\"@id\":\"https:\\\/\\\/iraurgiberritzen.eus\\\/es\\\/las-personas-emprendedoras-de-la-comarca-analizan-el-comportamiento-y-los-habitos-de-consumo-en-la-xiii-cafe-tertulia\\\/\",\"url\":\"https:\\\/\\\/iraurgiberritzen.eus\\\/es\\\/las-personas-emprendedoras-de-la-comarca-analizan-el-comportamiento-y-los-habitos-de-consumo-en-la-xiii-cafe-tertulia\\\/\",\"name\":\"Las personas emprendedoras de la comarca analizan el comportamiento y los h\u00e1bitos de consumo en la XIII Caf\u00e9 Tertulia - Iraurgi Berritzen\",\"isPartOf\":{\"@id\":\"https:\\\/\\\/iraurgiberritzen.eus\\\/es\\\/#website\"},\"primaryImageOfPage\":{\"@id\":\"https:\\\/\\\/iraurgiberritzen.eus\\\/es\\\/las-personas-emprendedoras-de-la-comarca-analizan-el-comportamiento-y-los-habitos-de-consumo-en-la-xiii-cafe-tertulia\\\/#primaryimage\"},\"image\":{\"@id\":\"https:\\\/\\\/iraurgiberritzen.eus\\\/es\\\/las-personas-emprendedoras-de-la-comarca-analizan-el-comportamiento-y-los-habitos-de-consumo-en-la-xiii-cafe-tertulia\\\/#primaryimage\"},\"thumbnailUrl\":\"https:\\\/\\\/iraurgiberritzen.eus\\\/wp-content\\\/uploads\\\/2025\\\/11\\\/PXL_20251112_132522380.MP_-1-scaled.jpg\",\"datePublished\":\"2025-11-12T10:33:44+00:00\",\"breadcrumb\":{\"@id\":\"https:\\\/\\\/iraurgiberritzen.eus\\\/es\\\/las-personas-emprendedoras-de-la-comarca-analizan-el-comportamiento-y-los-habitos-de-consumo-en-la-xiii-cafe-tertulia\\\/#breadcrumb\"},\"inLanguage\":\"es\",\"potentialAction\":[{\"@type\":\"ReadAction\",\"target\":[\"https:\\\/\\\/iraurgiberritzen.eus\\\/es\\\/las-personas-emprendedoras-de-la-comarca-analizan-el-comportamiento-y-los-habitos-de-consumo-en-la-xiii-cafe-tertulia\\\/\"]}]},{\"@type\":\"ImageObject\",\"inLanguage\":\"es\",\"@id\":\"https:\\\/\\\/iraurgiberritzen.eus\\\/es\\\/las-personas-emprendedoras-de-la-comarca-analizan-el-comportamiento-y-los-habitos-de-consumo-en-la-xiii-cafe-tertulia\\\/#primaryimage\",\"url\":\"https:\\\/\\\/iraurgiberritzen.eus\\\/wp-content\\\/uploads\\\/2025\\\/11\\\/PXL_20251112_132522380.MP_-1-scaled.jpg\",\"contentUrl\":\"https:\\\/\\\/iraurgiberritzen.eus\\\/wp-content\\\/uploads\\\/2025\\\/11\\\/PXL_20251112_132522380.MP_-1-scaled.jpg\",\"width\":2560,\"height\":1920},{\"@type\":\"BreadcrumbList\",\"@id\":\"https:\\\/\\\/iraurgiberritzen.eus\\\/es\\\/las-personas-emprendedoras-de-la-comarca-analizan-el-comportamiento-y-los-habitos-de-consumo-en-la-xiii-cafe-tertulia\\\/#breadcrumb\",\"itemListElement\":[{\"@type\":\"ListItem\",\"position\":1,\"name\":\"Home\",\"item\":\"https:\\\/\\\/iraurgiberritzen.eus\\\/es\\\/\"},{\"@type\":\"ListItem\",\"position\":2,\"name\":\"Las personas emprendedoras de la comarca analizan el comportamiento y los h\u00e1bitos de consumo en la XIII Caf\u00e9 Tertulia\"}]},{\"@type\":\"WebSite\",\"@id\":\"https:\\\/\\\/iraurgiberritzen.eus\\\/es\\\/#website\",\"url\":\"https:\\\/\\\/iraurgiberritzen.eus\\\/es\\\/\",\"name\":\"Iraurgi Berritzen\",\"description\":\"Urola Erdiko Garapen Agentzia\",\"publisher\":{\"@id\":\"https:\\\/\\\/iraurgiberritzen.eus\\\/es\\\/#organization\"},\"potentialAction\":[{\"@type\":\"SearchAction\",\"target\":{\"@type\":\"EntryPoint\",\"urlTemplate\":\"https:\\\/\\\/iraurgiberritzen.eus\\\/es\\\/?s={search_term_string}\"},\"query-input\":{\"@type\":\"PropertyValueSpecification\",\"valueRequired\":true,\"valueName\":\"search_term_string\"}}],\"inLanguage\":\"es\"},{\"@type\":\"Organization\",\"@id\":\"https:\\\/\\\/iraurgiberritzen.eus\\\/es\\\/#organization\",\"name\":\"Iraurgi Berritzen\",\"url\":\"https:\\\/\\\/iraurgiberritzen.eus\\\/es\\\/\",\"logo\":{\"@type\":\"ImageObject\",\"inLanguage\":\"es\",\"@id\":\"https:\\\/\\\/iraurgiberritzen.eus\\\/es\\\/#\\\/schema\\\/logo\\\/image\\\/\",\"url\":\"https:\\\/\\\/iraurgiberritzen.eus\\\/wp-content\\\/uploads\\\/2024\\\/02\\\/IRAURGI-BERRITZEN-logotipoa_2.png\",\"contentUrl\":\"https:\\\/\\\/iraurgiberritzen.eus\\\/wp-content\\\/uploads\\\/2024\\\/02\\\/IRAURGI-BERRITZEN-logotipoa_2.png\",\"width\":496,\"height\":190,\"caption\":\"Iraurgi Berritzen\"},\"image\":{\"@id\":\"https:\\\/\\\/iraurgiberritzen.eus\\\/es\\\/#\\\/schema\\\/logo\\\/image\\\/\"}},{\"@type\":\"Person\",\"@id\":\"https:\\\/\\\/iraurgiberritzen.eus\\\/es\\\/#\\\/schema\\\/person\\\/a32c9825b3e2bfcbe757a97f6a15c8a5\",\"name\":\"ainara\"}]}<\/script>\n<!-- \/ Yoast SEO plugin. -->","yoast_head_json":{"title":"Las personas emprendedoras de la comarca analizan el comportamiento y los h\u00e1bitos de consumo en la XIII Caf\u00e9 Tertulia - Iraurgi Berritzen","robots":{"index":"index","follow":"follow","max-snippet":"max-snippet:-1","max-image-preview":"max-image-preview:large","max-video-preview":"max-video-preview:-1"},"canonical":"https:\/\/iraurgiberritzen.eus\/es\/las-personas-emprendedoras-de-la-comarca-analizan-el-comportamiento-y-los-habitos-de-consumo-en-la-xiii-cafe-tertulia\/","og_locale":"es_ES","og_type":"article","og_title":"Las personas emprendedoras de la comarca analizan el comportamiento y los h\u00e1bitos de consumo en la XIII Caf\u00e9 Tertulia - Iraurgi Berritzen","og_description":"Bajo la dinamizaci\u00f3n de la consultora IE Team, las personas participantes analizaron las tendencias actuales de consumo y compartieron estrategias para aplicarlas en sus propios negocios.\u00a0 En el marco del KLINK Gunea, ayer 12 de noviembre se celebr\u00f3 en el Palacio Intsausti de Azkoitia la XIII. Caf\u00e9 Tertulia, un encuentro pr\u00e1ctico e inspirador dise\u00f1ado especialmente [&hellip;]","og_url":"https:\/\/iraurgiberritzen.eus\/es\/las-personas-emprendedoras-de-la-comarca-analizan-el-comportamiento-y-los-habitos-de-consumo-en-la-xiii-cafe-tertulia\/","og_site_name":"Iraurgi Berritzen","article_published_time":"2025-11-12T10:33:44+00:00","author":"ainara","twitter_card":"summary_large_image","twitter_misc":{"Escrito por":"ainara","Tiempo de lectura":"2 minutos"},"schema":{"@context":"https:\/\/schema.org","@graph":[{"@type":"Article","@id":"https:\/\/iraurgiberritzen.eus\/es\/las-personas-emprendedoras-de-la-comarca-analizan-el-comportamiento-y-los-habitos-de-consumo-en-la-xiii-cafe-tertulia\/#article","isPartOf":{"@id":"https:\/\/iraurgiberritzen.eus\/es\/las-personas-emprendedoras-de-la-comarca-analizan-el-comportamiento-y-los-habitos-de-consumo-en-la-xiii-cafe-tertulia\/"},"author":{"name":"ainara","@id":"https:\/\/iraurgiberritzen.eus\/es\/#\/schema\/person\/a32c9825b3e2bfcbe757a97f6a15c8a5"},"headline":"Las personas emprendedoras de la comarca analizan el comportamiento y los h\u00e1bitos de consumo en la XIII Caf\u00e9 Tertulia","datePublished":"2025-11-12T10:33:44+00:00","mainEntityOfPage":{"@id":"https:\/\/iraurgiberritzen.eus\/es\/las-personas-emprendedoras-de-la-comarca-analizan-el-comportamiento-y-los-habitos-de-consumo-en-la-xiii-cafe-tertulia\/"},"wordCount":339,"publisher":{"@id":"https:\/\/iraurgiberritzen.eus\/es\/#organization"},"image":{"@id":"https:\/\/iraurgiberritzen.eus\/es\/las-personas-emprendedoras-de-la-comarca-analizan-el-comportamiento-y-los-habitos-de-consumo-en-la-xiii-cafe-tertulia\/#primaryimage"},"thumbnailUrl":"https:\/\/iraurgiberritzen.eus\/wp-content\/uploads\/2025\/11\/PXL_20251112_132522380.MP_-1-scaled.jpg","articleSection":["Noticias"],"inLanguage":"es"},{"@type":"WebPage","@id":"https:\/\/iraurgiberritzen.eus\/es\/las-personas-emprendedoras-de-la-comarca-analizan-el-comportamiento-y-los-habitos-de-consumo-en-la-xiii-cafe-tertulia\/","url":"https:\/\/iraurgiberritzen.eus\/es\/las-personas-emprendedoras-de-la-comarca-analizan-el-comportamiento-y-los-habitos-de-consumo-en-la-xiii-cafe-tertulia\/","name":"Las personas emprendedoras de la comarca analizan el comportamiento y los h\u00e1bitos de consumo en la XIII Caf\u00e9 Tertulia - Iraurgi Berritzen","isPartOf":{"@id":"https:\/\/iraurgiberritzen.eus\/es\/#website"},"primaryImageOfPage":{"@id":"https:\/\/iraurgiberritzen.eus\/es\/las-personas-emprendedoras-de-la-comarca-analizan-el-comportamiento-y-los-habitos-de-consumo-en-la-xiii-cafe-tertulia\/#primaryimage"},"image":{"@id":"https:\/\/iraurgiberritzen.eus\/es\/las-personas-emprendedoras-de-la-comarca-analizan-el-comportamiento-y-los-habitos-de-consumo-en-la-xiii-cafe-tertulia\/#primaryimage"},"thumbnailUrl":"https:\/\/iraurgiberritzen.eus\/wp-content\/uploads\/2025\/11\/PXL_20251112_132522380.MP_-1-scaled.jpg","datePublished":"2025-11-12T10:33:44+00:00","breadcrumb":{"@id":"https:\/\/iraurgiberritzen.eus\/es\/las-personas-emprendedoras-de-la-comarca-analizan-el-comportamiento-y-los-habitos-de-consumo-en-la-xiii-cafe-tertulia\/#breadcrumb"},"inLanguage":"es","potentialAction":[{"@type":"ReadAction","target":["https:\/\/iraurgiberritzen.eus\/es\/las-personas-emprendedoras-de-la-comarca-analizan-el-comportamiento-y-los-habitos-de-consumo-en-la-xiii-cafe-tertulia\/"]}]},{"@type":"ImageObject","inLanguage":"es","@id":"https:\/\/iraurgiberritzen.eus\/es\/las-personas-emprendedoras-de-la-comarca-analizan-el-comportamiento-y-los-habitos-de-consumo-en-la-xiii-cafe-tertulia\/#primaryimage","url":"https:\/\/iraurgiberritzen.eus\/wp-content\/uploads\/2025\/11\/PXL_20251112_132522380.MP_-1-scaled.jpg","contentUrl":"https:\/\/iraurgiberritzen.eus\/wp-content\/uploads\/2025\/11\/PXL_20251112_132522380.MP_-1-scaled.jpg","width":2560,"height":1920},{"@type":"BreadcrumbList","@id":"https:\/\/iraurgiberritzen.eus\/es\/las-personas-emprendedoras-de-la-comarca-analizan-el-comportamiento-y-los-habitos-de-consumo-en-la-xiii-cafe-tertulia\/#breadcrumb","itemListElement":[{"@type":"ListItem","position":1,"name":"Home","item":"https:\/\/iraurgiberritzen.eus\/es\/"},{"@type":"ListItem","position":2,"name":"Las personas emprendedoras de la comarca analizan el comportamiento y los h\u00e1bitos de consumo en la XIII Caf\u00e9 Tertulia"}]},{"@type":"WebSite","@id":"https:\/\/iraurgiberritzen.eus\/es\/#website","url":"https:\/\/iraurgiberritzen.eus\/es\/","name":"Iraurgi Berritzen","description":"Urola Erdiko Garapen Agentzia","publisher":{"@id":"https:\/\/iraurgiberritzen.eus\/es\/#organization"},"potentialAction":[{"@type":"SearchAction","target":{"@type":"EntryPoint","urlTemplate":"https:\/\/iraurgiberritzen.eus\/es\/?s={search_term_string}"},"query-input":{"@type":"PropertyValueSpecification","valueRequired":true,"valueName":"search_term_string"}}],"inLanguage":"es"},{"@type":"Organization","@id":"https:\/\/iraurgiberritzen.eus\/es\/#organization","name":"Iraurgi Berritzen","url":"https:\/\/iraurgiberritzen.eus\/es\/","logo":{"@type":"ImageObject","inLanguage":"es","@id":"https:\/\/iraurgiberritzen.eus\/es\/#\/schema\/logo\/image\/","url":"https:\/\/iraurgiberritzen.eus\/wp-content\/uploads\/2024\/02\/IRAURGI-BERRITZEN-logotipoa_2.png","contentUrl":"https:\/\/iraurgiberritzen.eus\/wp-content\/uploads\/2024\/02\/IRAURGI-BERRITZEN-logotipoa_2.png","width":496,"height":190,"caption":"Iraurgi Berritzen"},"image":{"@id":"https:\/\/iraurgiberritzen.eus\/es\/#\/schema\/logo\/image\/"}},{"@type":"Person","@id":"https:\/\/iraurgiberritzen.eus\/es\/#\/schema\/person\/a32c9825b3e2bfcbe757a97f6a15c8a5","name":"ainara"}]}},"_links":{"self":[{"href":"https:\/\/iraurgiberritzen.eus\/es\/wp-json\/wp\/v2\/posts\/25200","targetHints":{"allow":["GET"]}}],"collection":[{"href":"https:\/\/iraurgiberritzen.eus\/es\/wp-json\/wp\/v2\/posts"}],"about":[{"href":"https:\/\/iraurgiberritzen.eus\/es\/wp-json\/wp\/v2\/types\/post"}],"author":[{"embeddable":true,"href":"https:\/\/iraurgiberritzen.eus\/es\/wp-json\/wp\/v2\/users\/4"}],"replies":[{"embeddable":true,"href":"https:\/\/iraurgiberritzen.eus\/es\/wp-json\/wp\/v2\/comments?post=25200"}],"version-history":[{"count":1,"href":"https:\/\/iraurgiberritzen.eus\/es\/wp-json\/wp\/v2\/posts\/25200\/revisions"}],"predecessor-version":[{"id":25201,"href":"https:\/\/iraurgiberritzen.eus\/es\/wp-json\/wp\/v2\/posts\/25200\/revisions\/25201"}],"wp:featuredmedia":[{"embeddable":true,"href":"https:\/\/iraurgiberritzen.eus\/es\/wp-json\/wp\/v2\/media\/25217"}],"wp:attachment":[{"href":"https:\/\/iraurgiberritzen.eus\/es\/wp-json\/wp\/v2\/media?parent=25200"}],"wp:term":[{"taxonomy":"category","embeddable":true,"href":"https:\/\/iraurgiberritzen.eus\/es\/wp-json\/wp\/v2\/categories?post=25200"},{"taxonomy":"post_tag","embeddable":true,"href":"https:\/\/iraurgiberritzen.eus\/es\/wp-json\/wp\/v2\/tags?post=25200"}],"curies":[{"name":"wp","href":"https:\/\/api.w.org\/{rel}","templated":true}]}}