{"id":25206,"date":"2025-11-12T12:38:04","date_gmt":"2025-11-12T10:38:04","guid":{"rendered":"https:\/\/iraurgiberritzen.eus\/?p=25206"},"modified":"2025-11-13T16:43:58","modified_gmt":"2025-11-13T14:43:58","slug":"las-empresas-de-urola-erdia-avanzan-en-la-transicion-ecologica","status":"publish","type":"post","link":"https:\/\/iraurgiberritzen.eus\/es\/las-empresas-de-urola-erdia-avanzan-en-la-transicion-ecologica\/","title":{"rendered":"Las empresas de Urola Erdia avanzan en la transici\u00f3n ecol\u00f3gica"},"content":{"rendered":"<h5><b><i><span data-contrast=\"auto\">A trav\u00e9s de las tres \u00faltimas jornadas pr\u00e1cticas organizadas por Iraurgi Berritzen, se ha puesto fin al ciclo de sesiones impulsadas para hacer frente al reto de la transici\u00f3n ecol\u00f3gica.<\/span><\/i><\/b><span data-ccp-props=\"{&quot;134233117&quot;:false,&quot;134233118&quot;:false,&quot;335559738&quot;:240,&quot;335559739&quot;:240}\">\u00a0<\/span><\/h5>\n<p><span data-contrast=\"auto\">Estas tres sesiones, celebradas los d\u00edas, 24 de septiembre, 15 de octubre y 5 de noviembre, ha<\/span><span data-contrast=\"auto\">n ofrecido a las empresas del sector industrial de la comarca la oportunidad de <\/span><b><span data-contrast=\"auto\">conocer la normativa sobre la transici\u00f3n energ\u00e9tica y el cambio clim\u00e1tico, trabajar en acciones de adaptaci\u00f3n y familiarizarse con herramientas pr\u00e1cticas para mejorar la sostenibilidad<\/span><\/b><span data-contrast=\"auto\">.<\/span><span data-ccp-props=\"{&quot;134233117&quot;:false,&quot;134233118&quot;:false,&quot;335559738&quot;:240,&quot;335559739&quot;:240}\">\u00a0<\/span><\/p>\n<p><span data-contrast=\"auto\">En la primera sesi\u00f3n, <\/span><i><span data-contrast=\"auto\">\u201cPrep\u00e1rate ante cambio clim\u00e1tico: claves legales y estrat\u00e9gicas\u201d<\/span><\/i><span data-contrast=\"auto\">, se abordaron <\/span><b><span data-contrast=\"auto\">las bases de las leyes sobre la transici\u00f3n energ\u00e9tica y el cambio clim\u00e1tico, as\u00ed como las principales obligaciones que implican para las empresas<\/span><\/b><span data-contrast=\"auto\">. Entre ellas, <\/span><span data-contrast=\"auto\">la <\/span><b><span data-contrast=\"auto\">Ley 4\/2019, de 21 de febrero, de Sostenibilidad Energ\u00e9tica del Pa\u00eds Vasco<\/span><\/b><span data-contrast=\"auto\">.<\/span><span data-ccp-props=\"{&quot;134233117&quot;:false,&quot;134233118&quot;:false,&quot;335559738&quot;:240,&quot;335559739&quot;:240}\">\u00a0<\/span><\/p>\n<p><span data-contrast=\"auto\">En la <\/span><b><span data-contrast=\"auto\">segunda sesi\u00f3n<\/span><\/b><span data-contrast=\"auto\">, <\/span><i><span data-contrast=\"auto\">\u201cCumple con la normativa clim\u00e1tica: planifica acciones sostenibles en tu empresa\u201d<\/span><\/i><span data-contrast=\"auto\">, se ofreci\u00f3 una<\/span><b><span data-contrast=\"auto\"> visi\u00f3n pr\u00e1ctica de la legislaci\u00f3n aplicable <\/span><\/b><span data-contrast=\"auto\">y, mediante ejemplos reales, se mostr\u00f3 c\u00f3mo integrar los compromisos clim\u00e1ticos en la gesti\u00f3n empresarial. Se trat\u00f3, entre otras, la <\/span><b><span data-contrast=\"auto\">Ley 1\/2024, de 8 de febrero, de Transici\u00f3n Energ\u00e9tica y Cambio Clim\u00e1tico<\/span><\/b><span data-contrast=\"auto\">, as\u00ed como las ayudas dirigidas a las empresas industriales relacionadas con esta materia.<\/span><span data-ccp-props=\"{&quot;134233117&quot;:false,&quot;134233118&quot;:false,&quot;335559738&quot;:240,&quot;335559739&quot;:240}\">\u00a0<\/span><\/p>\n<p><span data-contrast=\"auto\">En la <\/span><b><span data-contrast=\"auto\">\u00faltima sesi\u00f3n<\/span><\/b><span data-contrast=\"auto\">, <\/span><i><span data-contrast=\"auto\">\u201cDescubre herramientas sostenibles para ser una empresa m\u00e1s competitiva\u201d<\/span><\/i><span data-contrast=\"auto\">, los participantes tuvieron la oportunidad de <\/span><b><span data-contrast=\"auto\">conocer herramientas y recursos fundamentales para cumplir con las obligaciones medioambientales y promover la sostenibilidad y la competitividad<\/span><\/b><span data-contrast=\"auto\">. Entre ellas, gu\u00edas, kits de c\u00e1lculo (<\/span><i><span data-contrast=\"auto\">Ihobe, Ekoberrikuntza Circular Euskadi<\/span><\/i><span data-contrast=\"auto\">), el <\/span><b><span data-contrast=\"auto\">Fondo <\/span><\/b><span data-contrast=\"auto\">Voluntario de Carbono de Gipuzkoa, la fiscalidad ambiental y las tecnolog\u00edas limpias.<\/span><span data-ccp-props=\"{&quot;134233117&quot;:false,&quot;134233118&quot;:false,&quot;335559738&quot;:240,&quot;335559739&quot;:240}\">\u00a0<\/span><\/p>\n<p><span data-contrast=\"auto\">Los participantes han destacado el <\/span><b><span data-contrast=\"auto\">valor estrat\u00e9gico<\/span><\/b><span data-contrast=\"auto\"> que este tipo de acciones formativas tienen para las empresas de la comarca, ya que contribuyen a <\/span><b><span data-contrast=\"auto\">impulsar su competitividad y consolidar su compromiso con el medio ambiente<\/span><\/b><span data-contrast=\"auto\">.<\/span><span data-ccp-props=\"{&quot;134233117&quot;:false,&quot;134233118&quot;:false,&quot;335559738&quot;:240,&quot;335559739&quot;:240}\">\u00a0<\/span><\/p>\n<p><span data-contrast=\"auto\">Las sesiones han sido dirigidas por <\/span><b><span data-contrast=\"auto\">Edurne Sim\u00f3n<\/span><\/b><span data-contrast=\"auto\">, de la empresa <\/span><b><span data-contrast=\"auto\">Izadi 21<\/span><\/b><span data-contrast=\"auto\">, se han adaptado a los intereses y necesidades de los participantes y se han realizado con el apoyo de la <\/span><b><span data-contrast=\"auto\">Diputaci\u00f3n Foral de Gipuzkoa<\/span><\/b><span data-contrast=\"auto\">.<\/span><span data-ccp-props=\"{&quot;134233117&quot;:false,&quot;134233118&quot;:false,&quot;335559738&quot;:240,&quot;335559739&quot;:240}\">\u00a0<\/span><\/p>\n<p><span data-contrast=\"auto\">Una vez m\u00e1s, <\/span><b><span data-contrast=\"auto\">Iraurgi Berritzen<\/span><\/b><span data-contrast=\"auto\"> reafirma su <\/span><b><span data-contrast=\"auto\">compromiso de apoyar <\/span><\/b><span data-contrast=\"auto\">a las empresas de Urola Erdia <\/span><b><span data-contrast=\"auto\">en su transici\u00f3n ecol\u00f3gica<\/span><\/b><span data-contrast=\"auto\">, apostando por una industria local m\u00e1s sostenible y competitiva.<\/span><span data-ccp-props=\"{&quot;134233117&quot;:false,&quot;134233118&quot;:false,&quot;335559738&quot;:240,&quot;335559739&quot;:240}\">\u00a0<\/span><\/p>\n<p><span data-contrast=\"auto\">M\u00e1s informaci\u00f3n sobre las sesiones e iniciativas del \u00e1mbito industrial:<\/span><br \/>\n<span data-contrast=\"auto\"> \ud83d\udc49 <\/span><a href=\"https:\/\/iraurgiberritzen.eus\/es\/industria\/\"><span data-contrast=\"none\">iraurgiberritzen.eus\/industria<\/span><\/a><span data-ccp-props=\"{&quot;134233117&quot;:false,&quot;134233118&quot;:false,&quot;335559738&quot;:240,&quot;335559739&quot;:240}\">\u00a0<\/span><\/p>\n<p><span data-ccp-props=\"{&quot;134233117&quot;:true,&quot;134233118&quot;:true,&quot;201341983&quot;:0,&quot;335559740&quot;:240}\">\u00a0<\/span><\/p>\n<p><span data-ccp-props=\"{&quot;134233117&quot;:true,&quot;134233118&quot;:true,&quot;201341983&quot;:0,&quot;335559740&quot;:240}\">\u00a0<\/span><\/p>\n","protected":false},"excerpt":{"rendered":"<p>A trav\u00e9s de las tres \u00faltimas jornadas pr\u00e1cticas organizadas por Iraurgi Berritzen, se ha puesto fin al ciclo de sesiones impulsadas para hacer frente al reto de la transici\u00f3n ecol\u00f3gica.\u00a0 Estas tres sesiones, celebradas los d\u00edas, 24 de septiembre, 15 de octubre y 5 de noviembre, han ofrecido a las empresas del sector industrial de [&hellip;]<\/p>\n","protected":false},"author":4,"featured_media":25248,"comment_status":"closed","ping_status":"closed","sticky":false,"template":"","format":"standard","meta":{"_acf_changed":false,"footnotes":""},"categories":[4],"tags":[],"class_list":["post-25206","post","type-post","status-publish","format-standard","has-post-thumbnail","hentry","category-noticias","arloak-enpresa"],"acf":[],"yoast_head":"<!-- This site is optimized with the Yoast SEO plugin v27.4 - https:\/\/yoast.com\/product\/yoast-seo-wordpress\/ -->\n<title>Las empresas de Urola Erdia avanzan en la transici\u00f3n ecol\u00f3gica - Iraurgi Berritzen<\/title>\n<meta name=\"robots\" content=\"index, follow, max-snippet:-1, max-image-preview:large, max-video-preview:-1\" \/>\n<link rel=\"canonical\" href=\"https:\/\/iraurgiberritzen.eus\/es\/las-empresas-de-urola-erdia-avanzan-en-la-transicion-ecologica\/\" \/>\n<meta property=\"og:locale\" content=\"es_ES\" \/>\n<meta property=\"og:type\" content=\"article\" \/>\n<meta property=\"og:title\" content=\"Las empresas de Urola Erdia avanzan en la transici\u00f3n ecol\u00f3gica - Iraurgi Berritzen\" \/>\n<meta property=\"og:description\" content=\"A trav\u00e9s de las tres \u00faltimas jornadas pr\u00e1cticas organizadas por Iraurgi Berritzen, se ha puesto fin al ciclo de sesiones impulsadas para hacer frente al reto de la transici\u00f3n ecol\u00f3gica.\u00a0 Estas tres sesiones, celebradas los d\u00edas, 24 de septiembre, 15 de octubre y 5 de noviembre, han ofrecido a las empresas del sector industrial de [&hellip;]\" \/>\n<meta property=\"og:url\" content=\"https:\/\/iraurgiberritzen.eus\/es\/las-empresas-de-urola-erdia-avanzan-en-la-transicion-ecologica\/\" \/>\n<meta property=\"og:site_name\" content=\"Iraurgi Berritzen\" \/>\n<meta property=\"article:published_time\" content=\"2025-11-12T10:38:04+00:00\" \/>\n<meta property=\"article:modified_time\" content=\"2025-11-13T14:43:58+00:00\" \/>\n<meta property=\"og:image\" content=\"https:\/\/iraurgiberritzen.eus\/wp-content\/uploads\/2025\/11\/8.jpg\" \/>\n\t<meta property=\"og:image:width\" content=\"2500\" \/>\n\t<meta property=\"og:image:height\" content=\"1719\" \/>\n\t<meta property=\"og:image:type\" content=\"image\/jpeg\" \/>\n<meta name=\"author\" content=\"ainara\" \/>\n<meta name=\"twitter:card\" content=\"summary_large_image\" \/>\n<meta name=\"twitter:label1\" content=\"Escrito por\" \/>\n\t<meta name=\"twitter:data1\" content=\"ainara\" \/>\n\t<meta name=\"twitter:label2\" content=\"Tiempo de lectura\" \/>\n\t<meta name=\"twitter:data2\" content=\"3 minutos\" \/>\n<script type=\"application\/ld+json\" class=\"yoast-schema-graph\">{\"@context\":\"https:\\\/\\\/schema.org\",\"@graph\":[{\"@type\":\"Article\",\"@id\":\"https:\\\/\\\/iraurgiberritzen.eus\\\/es\\\/las-empresas-de-urola-erdia-avanzan-en-la-transicion-ecologica\\\/#article\",\"isPartOf\":{\"@id\":\"https:\\\/\\\/iraurgiberritzen.eus\\\/es\\\/las-empresas-de-urola-erdia-avanzan-en-la-transicion-ecologica\\\/\"},\"author\":{\"name\":\"ainara\",\"@id\":\"https:\\\/\\\/iraurgiberritzen.eus\\\/es\\\/#\\\/schema\\\/person\\\/a32c9825b3e2bfcbe757a97f6a15c8a5\"},\"headline\":\"Las empresas de Urola Erdia avanzan en la transici\u00f3n ecol\u00f3gica\",\"datePublished\":\"2025-11-12T10:38:04+00:00\",\"dateModified\":\"2025-11-13T14:43:58+00:00\",\"mainEntityOfPage\":{\"@id\":\"https:\\\/\\\/iraurgiberritzen.eus\\\/es\\\/las-empresas-de-urola-erdia-avanzan-en-la-transicion-ecologica\\\/\"},\"wordCount\":430,\"publisher\":{\"@id\":\"https:\\\/\\\/iraurgiberritzen.eus\\\/es\\\/#organization\"},\"image\":{\"@id\":\"https:\\\/\\\/iraurgiberritzen.eus\\\/es\\\/las-empresas-de-urola-erdia-avanzan-en-la-transicion-ecologica\\\/#primaryimage\"},\"thumbnailUrl\":\"https:\\\/\\\/iraurgiberritzen.eus\\\/wp-content\\\/uploads\\\/2025\\\/11\\\/8.jpg\",\"articleSection\":[\"Noticias\"],\"inLanguage\":\"es\"},{\"@type\":\"WebPage\",\"@id\":\"https:\\\/\\\/iraurgiberritzen.eus\\\/es\\\/las-empresas-de-urola-erdia-avanzan-en-la-transicion-ecologica\\\/\",\"url\":\"https:\\\/\\\/iraurgiberritzen.eus\\\/es\\\/las-empresas-de-urola-erdia-avanzan-en-la-transicion-ecologica\\\/\",\"name\":\"Las empresas de Urola Erdia avanzan en la transici\u00f3n ecol\u00f3gica - Iraurgi Berritzen\",\"isPartOf\":{\"@id\":\"https:\\\/\\\/iraurgiberritzen.eus\\\/es\\\/#website\"},\"primaryImageOfPage\":{\"@id\":\"https:\\\/\\\/iraurgiberritzen.eus\\\/es\\\/las-empresas-de-urola-erdia-avanzan-en-la-transicion-ecologica\\\/#primaryimage\"},\"image\":{\"@id\":\"https:\\\/\\\/iraurgiberritzen.eus\\\/es\\\/las-empresas-de-urola-erdia-avanzan-en-la-transicion-ecologica\\\/#primaryimage\"},\"thumbnailUrl\":\"https:\\\/\\\/iraurgiberritzen.eus\\\/wp-content\\\/uploads\\\/2025\\\/11\\\/8.jpg\",\"datePublished\":\"2025-11-12T10:38:04+00:00\",\"dateModified\":\"2025-11-13T14:43:58+00:00\",\"breadcrumb\":{\"@id\":\"https:\\\/\\\/iraurgiberritzen.eus\\\/es\\\/las-empresas-de-urola-erdia-avanzan-en-la-transicion-ecologica\\\/#breadcrumb\"},\"inLanguage\":\"es\",\"potentialAction\":[{\"@type\":\"ReadAction\",\"target\":[\"https:\\\/\\\/iraurgiberritzen.eus\\\/es\\\/las-empresas-de-urola-erdia-avanzan-en-la-transicion-ecologica\\\/\"]}]},{\"@type\":\"ImageObject\",\"inLanguage\":\"es\",\"@id\":\"https:\\\/\\\/iraurgiberritzen.eus\\\/es\\\/las-empresas-de-urola-erdia-avanzan-en-la-transicion-ecologica\\\/#primaryimage\",\"url\":\"https:\\\/\\\/iraurgiberritzen.eus\\\/wp-content\\\/uploads\\\/2025\\\/11\\\/8.jpg\",\"contentUrl\":\"https:\\\/\\\/iraurgiberritzen.eus\\\/wp-content\\\/uploads\\\/2025\\\/11\\\/8.jpg\",\"width\":2500,\"height\":1719},{\"@type\":\"BreadcrumbList\",\"@id\":\"https:\\\/\\\/iraurgiberritzen.eus\\\/es\\\/las-empresas-de-urola-erdia-avanzan-en-la-transicion-ecologica\\\/#breadcrumb\",\"itemListElement\":[{\"@type\":\"ListItem\",\"position\":1,\"name\":\"Home\",\"item\":\"https:\\\/\\\/iraurgiberritzen.eus\\\/es\\\/\"},{\"@type\":\"ListItem\",\"position\":2,\"name\":\"Las empresas de Urola Erdia avanzan en la transici\u00f3n ecol\u00f3gica\"}]},{\"@type\":\"WebSite\",\"@id\":\"https:\\\/\\\/iraurgiberritzen.eus\\\/es\\\/#website\",\"url\":\"https:\\\/\\\/iraurgiberritzen.eus\\\/es\\\/\",\"name\":\"Iraurgi Berritzen\",\"description\":\"Urola Erdiko Garapen Agentzia\",\"publisher\":{\"@id\":\"https:\\\/\\\/iraurgiberritzen.eus\\\/es\\\/#organization\"},\"potentialAction\":[{\"@type\":\"SearchAction\",\"target\":{\"@type\":\"EntryPoint\",\"urlTemplate\":\"https:\\\/\\\/iraurgiberritzen.eus\\\/es\\\/?s={search_term_string}\"},\"query-input\":{\"@type\":\"PropertyValueSpecification\",\"valueRequired\":true,\"valueName\":\"search_term_string\"}}],\"inLanguage\":\"es\"},{\"@type\":\"Organization\",\"@id\":\"https:\\\/\\\/iraurgiberritzen.eus\\\/es\\\/#organization\",\"name\":\"Iraurgi Berritzen\",\"url\":\"https:\\\/\\\/iraurgiberritzen.eus\\\/es\\\/\",\"logo\":{\"@type\":\"ImageObject\",\"inLanguage\":\"es\",\"@id\":\"https:\\\/\\\/iraurgiberritzen.eus\\\/es\\\/#\\\/schema\\\/logo\\\/image\\\/\",\"url\":\"https:\\\/\\\/iraurgiberritzen.eus\\\/wp-content\\\/uploads\\\/2024\\\/02\\\/IRAURGI-BERRITZEN-logotipoa_2.png\",\"contentUrl\":\"https:\\\/\\\/iraurgiberritzen.eus\\\/wp-content\\\/uploads\\\/2024\\\/02\\\/IRAURGI-BERRITZEN-logotipoa_2.png\",\"width\":496,\"height\":190,\"caption\":\"Iraurgi Berritzen\"},\"image\":{\"@id\":\"https:\\\/\\\/iraurgiberritzen.eus\\\/es\\\/#\\\/schema\\\/logo\\\/image\\\/\"}},{\"@type\":\"Person\",\"@id\":\"https:\\\/\\\/iraurgiberritzen.eus\\\/es\\\/#\\\/schema\\\/person\\\/a32c9825b3e2bfcbe757a97f6a15c8a5\",\"name\":\"ainara\"}]}<\/script>\n<!-- \/ Yoast SEO plugin. -->","yoast_head_json":{"title":"Las empresas de Urola Erdia avanzan en la transici\u00f3n ecol\u00f3gica - Iraurgi Berritzen","robots":{"index":"index","follow":"follow","max-snippet":"max-snippet:-1","max-image-preview":"max-image-preview:large","max-video-preview":"max-video-preview:-1"},"canonical":"https:\/\/iraurgiberritzen.eus\/es\/las-empresas-de-urola-erdia-avanzan-en-la-transicion-ecologica\/","og_locale":"es_ES","og_type":"article","og_title":"Las empresas de Urola Erdia avanzan en la transici\u00f3n ecol\u00f3gica - Iraurgi Berritzen","og_description":"A trav\u00e9s de las tres \u00faltimas jornadas pr\u00e1cticas organizadas por Iraurgi Berritzen, se ha puesto fin al ciclo de sesiones impulsadas para hacer frente al reto de la transici\u00f3n ecol\u00f3gica.\u00a0 Estas tres sesiones, celebradas los d\u00edas, 24 de septiembre, 15 de octubre y 5 de noviembre, han ofrecido a las empresas del sector industrial de [&hellip;]","og_url":"https:\/\/iraurgiberritzen.eus\/es\/las-empresas-de-urola-erdia-avanzan-en-la-transicion-ecologica\/","og_site_name":"Iraurgi Berritzen","article_published_time":"2025-11-12T10:38:04+00:00","article_modified_time":"2025-11-13T14:43:58+00:00","og_image":[{"width":2500,"height":1719,"url":"https:\/\/iraurgiberritzen.eus\/wp-content\/uploads\/2025\/11\/8.jpg","type":"image\/jpeg"}],"author":"ainara","twitter_card":"summary_large_image","twitter_misc":{"Escrito por":"ainara","Tiempo de lectura":"3 minutos"},"schema":{"@context":"https:\/\/schema.org","@graph":[{"@type":"Article","@id":"https:\/\/iraurgiberritzen.eus\/es\/las-empresas-de-urola-erdia-avanzan-en-la-transicion-ecologica\/#article","isPartOf":{"@id":"https:\/\/iraurgiberritzen.eus\/es\/las-empresas-de-urola-erdia-avanzan-en-la-transicion-ecologica\/"},"author":{"name":"ainara","@id":"https:\/\/iraurgiberritzen.eus\/es\/#\/schema\/person\/a32c9825b3e2bfcbe757a97f6a15c8a5"},"headline":"Las empresas de Urola Erdia avanzan en la transici\u00f3n ecol\u00f3gica","datePublished":"2025-11-12T10:38:04+00:00","dateModified":"2025-11-13T14:43:58+00:00","mainEntityOfPage":{"@id":"https:\/\/iraurgiberritzen.eus\/es\/las-empresas-de-urola-erdia-avanzan-en-la-transicion-ecologica\/"},"wordCount":430,"publisher":{"@id":"https:\/\/iraurgiberritzen.eus\/es\/#organization"},"image":{"@id":"https:\/\/iraurgiberritzen.eus\/es\/las-empresas-de-urola-erdia-avanzan-en-la-transicion-ecologica\/#primaryimage"},"thumbnailUrl":"https:\/\/iraurgiberritzen.eus\/wp-content\/uploads\/2025\/11\/8.jpg","articleSection":["Noticias"],"inLanguage":"es"},{"@type":"WebPage","@id":"https:\/\/iraurgiberritzen.eus\/es\/las-empresas-de-urola-erdia-avanzan-en-la-transicion-ecologica\/","url":"https:\/\/iraurgiberritzen.eus\/es\/las-empresas-de-urola-erdia-avanzan-en-la-transicion-ecologica\/","name":"Las empresas de Urola Erdia avanzan en la transici\u00f3n ecol\u00f3gica - Iraurgi Berritzen","isPartOf":{"@id":"https:\/\/iraurgiberritzen.eus\/es\/#website"},"primaryImageOfPage":{"@id":"https:\/\/iraurgiberritzen.eus\/es\/las-empresas-de-urola-erdia-avanzan-en-la-transicion-ecologica\/#primaryimage"},"image":{"@id":"https:\/\/iraurgiberritzen.eus\/es\/las-empresas-de-urola-erdia-avanzan-en-la-transicion-ecologica\/#primaryimage"},"thumbnailUrl":"https:\/\/iraurgiberritzen.eus\/wp-content\/uploads\/2025\/11\/8.jpg","datePublished":"2025-11-12T10:38:04+00:00","dateModified":"2025-11-13T14:43:58+00:00","breadcrumb":{"@id":"https:\/\/iraurgiberritzen.eus\/es\/las-empresas-de-urola-erdia-avanzan-en-la-transicion-ecologica\/#breadcrumb"},"inLanguage":"es","potentialAction":[{"@type":"ReadAction","target":["https:\/\/iraurgiberritzen.eus\/es\/las-empresas-de-urola-erdia-avanzan-en-la-transicion-ecologica\/"]}]},{"@type":"ImageObject","inLanguage":"es","@id":"https:\/\/iraurgiberritzen.eus\/es\/las-empresas-de-urola-erdia-avanzan-en-la-transicion-ecologica\/#primaryimage","url":"https:\/\/iraurgiberritzen.eus\/wp-content\/uploads\/2025\/11\/8.jpg","contentUrl":"https:\/\/iraurgiberritzen.eus\/wp-content\/uploads\/2025\/11\/8.jpg","width":2500,"height":1719},{"@type":"BreadcrumbList","@id":"https:\/\/iraurgiberritzen.eus\/es\/las-empresas-de-urola-erdia-avanzan-en-la-transicion-ecologica\/#breadcrumb","itemListElement":[{"@type":"ListItem","position":1,"name":"Home","item":"https:\/\/iraurgiberritzen.eus\/es\/"},{"@type":"ListItem","position":2,"name":"Las empresas de Urola Erdia avanzan en la transici\u00f3n ecol\u00f3gica"}]},{"@type":"WebSite","@id":"https:\/\/iraurgiberritzen.eus\/es\/#website","url":"https:\/\/iraurgiberritzen.eus\/es\/","name":"Iraurgi Berritzen","description":"Urola Erdiko Garapen Agentzia","publisher":{"@id":"https:\/\/iraurgiberritzen.eus\/es\/#organization"},"potentialAction":[{"@type":"SearchAction","target":{"@type":"EntryPoint","urlTemplate":"https:\/\/iraurgiberritzen.eus\/es\/?s={search_term_string}"},"query-input":{"@type":"PropertyValueSpecification","valueRequired":true,"valueName":"search_term_string"}}],"inLanguage":"es"},{"@type":"Organization","@id":"https:\/\/iraurgiberritzen.eus\/es\/#organization","name":"Iraurgi Berritzen","url":"https:\/\/iraurgiberritzen.eus\/es\/","logo":{"@type":"ImageObject","inLanguage":"es","@id":"https:\/\/iraurgiberritzen.eus\/es\/#\/schema\/logo\/image\/","url":"https:\/\/iraurgiberritzen.eus\/wp-content\/uploads\/2024\/02\/IRAURGI-BERRITZEN-logotipoa_2.png","contentUrl":"https:\/\/iraurgiberritzen.eus\/wp-content\/uploads\/2024\/02\/IRAURGI-BERRITZEN-logotipoa_2.png","width":496,"height":190,"caption":"Iraurgi Berritzen"},"image":{"@id":"https:\/\/iraurgiberritzen.eus\/es\/#\/schema\/logo\/image\/"}},{"@type":"Person","@id":"https:\/\/iraurgiberritzen.eus\/es\/#\/schema\/person\/a32c9825b3e2bfcbe757a97f6a15c8a5","name":"ainara"}]}},"_links":{"self":[{"href":"https:\/\/iraurgiberritzen.eus\/es\/wp-json\/wp\/v2\/posts\/25206","targetHints":{"allow":["GET"]}}],"collection":[{"href":"https:\/\/iraurgiberritzen.eus\/es\/wp-json\/wp\/v2\/posts"}],"about":[{"href":"https:\/\/iraurgiberritzen.eus\/es\/wp-json\/wp\/v2\/types\/post"}],"author":[{"embeddable":true,"href":"https:\/\/iraurgiberritzen.eus\/es\/wp-json\/wp\/v2\/users\/4"}],"replies":[{"embeddable":true,"href":"https:\/\/iraurgiberritzen.eus\/es\/wp-json\/wp\/v2\/comments?post=25206"}],"version-history":[{"count":4,"href":"https:\/\/iraurgiberritzen.eus\/es\/wp-json\/wp\/v2\/posts\/25206\/revisions"}],"predecessor-version":[{"id":25212,"href":"https:\/\/iraurgiberritzen.eus\/es\/wp-json\/wp\/v2\/posts\/25206\/revisions\/25212"}],"wp:featuredmedia":[{"embeddable":true,"href":"https:\/\/iraurgiberritzen.eus\/es\/wp-json\/wp\/v2\/media\/25248"}],"wp:attachment":[{"href":"https:\/\/iraurgiberritzen.eus\/es\/wp-json\/wp\/v2\/media?parent=25206"}],"wp:term":[{"taxonomy":"category","embeddable":true,"href":"https:\/\/iraurgiberritzen.eus\/es\/wp-json\/wp\/v2\/categories?post=25206"},{"taxonomy":"post_tag","embeddable":true,"href":"https:\/\/iraurgiberritzen.eus\/es\/wp-json\/wp\/v2\/tags?post=25206"}],"curies":[{"name":"wp","href":"https:\/\/api.w.org\/{rel}","templated":true}]}}