{"id":25240,"date":"2025-11-13T10:22:09","date_gmt":"2025-11-13T08:22:09","guid":{"rendered":"https:\/\/iraurgiberritzen.eus\/?p=25240"},"modified":"2025-11-13T11:10:21","modified_gmt":"2025-11-13T09:10:21","slug":"la-industria-de-urola-erdia-aporta-su-experiencia-en-el-congreso-re-think-industry","status":"publish","type":"post","link":"https:\/\/iraurgiberritzen.eus\/es\/la-industria-de-urola-erdia-aporta-su-experiencia-en-el-congreso-re-think-industry\/","title":{"rendered":"La industria de Urola Erdia aporta su experiencia en el Congreso Re-Think Industry"},"content":{"rendered":"<h5><b><i><span data-contrast=\"auto\">La cuarta edici\u00f3n del Congreso Re-Think Industry, celebrada en el Kursaal de Donostia, ha reunido a m\u00e1s de 650 profesionales, consolid\u00e1ndose como el principal foro de colaboraci\u00f3n e innovaci\u00f3n para las peque\u00f1as y medianas empresas de Gipuzkoa.<\/span><\/i><\/b><span data-ccp-props=\"{&quot;134233117&quot;:false,&quot;134233118&quot;:false,&quot;335551550&quot;:0,&quot;335551620&quot;:0,&quot;335559738&quot;:240,&quot;335559739&quot;:240}\">\u00a0<\/span><\/h5>\n<p><span data-contrast=\"auto\">El encuentro ha girado en torno a temas clave como la <\/span><b><span data-contrast=\"auto\">inteligencia artificial, la internacionalizaci\u00f3n, el intraemprendimiento y los nuevos modelos de gesti\u00f3n participativa<\/span><\/b><span data-contrast=\"auto\">, analizando los retos de competitividad y futuro del sector industrial.<\/span><span data-ccp-props=\"{&quot;134233117&quot;:false,&quot;134233118&quot;:false,&quot;335551550&quot;:0,&quot;335551620&quot;:0,&quot;335559738&quot;:240,&quot;335559739&quot;:240}\">\u00a0<\/span><\/p>\n<p><span data-contrast=\"auto\">El <\/span><b><span data-contrast=\"auto\">\u00c1rea de Industria de Iraurgi Berritzen<\/span><\/b><span data-contrast=\"auto\"> tambi\u00e9n <\/span><span data-contrast=\"none\">ha participado<\/span><span data-contrast=\"auto\"> en el evento, con la participaci\u00f3n destacada de <\/span><b><span data-contrast=\"auto\">tres empresas de Urola Erdia \u2014IBARMIA, VI4CRANE e IRURENA GROUP\u2014<\/span><\/b><span data-contrast=\"auto\">, que compartieron sus experiencias y conocimientos en distintas mesas redondas:<\/span><span data-ccp-props=\"{&quot;134233117&quot;:false,&quot;134233118&quot;:false,&quot;335551550&quot;:0,&quot;335551620&quot;:0,&quot;335559738&quot;:240,&quot;335559739&quot;:240}\">\u00a0<\/span><\/p>\n<ul>\n<li aria-setsize=\"-1\" data-leveltext=\"\uf0b7\" data-font=\"Symbol\" data-listid=\"3\" data-list-defn-props=\"{&quot;335552541&quot;:1,&quot;335559683&quot;:0,&quot;335559684&quot;:-2,&quot;335559685&quot;:720,&quot;335559991&quot;:360,&quot;469769226&quot;:&quot;Symbol&quot;,&quot;469769242&quot;:[8226],&quot;469777803&quot;:&quot;left&quot;,&quot;469777804&quot;:&quot;\uf0b7&quot;,&quot;469777815&quot;:&quot;hybridMultilevel&quot;}\" data-aria-posinset=\"1\" data-aria-level=\"1\"><b><span data-contrast=\"auto\">IBARMIA y VI4CRANE<\/span><\/b><span data-contrast=\"auto\"> participaron en la sesi\u00f3n dedicada a la <\/span><i><span data-contrast=\"auto\">Inteligencia Artificial<\/span><\/i><span data-contrast=\"auto\">, abordando las oportunidades que esta tecnolog\u00eda ofrece para optimizar procesos industriales y generar nuevo valor.<\/span><span data-ccp-props=\"{&quot;134233117&quot;:false,&quot;134233118&quot;:false,&quot;335551550&quot;:0,&quot;335551620&quot;:0,&quot;335559738&quot;:240,&quot;335559739&quot;:240}\">\u00a0<\/span><\/li>\n<\/ul>\n<ul>\n<li aria-setsize=\"-1\" data-leveltext=\"\uf0b7\" data-font=\"Symbol\" data-listid=\"3\" data-list-defn-props=\"{&quot;335552541&quot;:1,&quot;335559683&quot;:0,&quot;335559684&quot;:-2,&quot;335559685&quot;:720,&quot;335559991&quot;:360,&quot;469769226&quot;:&quot;Symbol&quot;,&quot;469769242&quot;:[8226],&quot;469777803&quot;:&quot;left&quot;,&quot;469777804&quot;:&quot;\uf0b7&quot;,&quot;469777815&quot;:&quot;hybridMultilevel&quot;}\" data-aria-posinset=\"2\" data-aria-level=\"1\"><b><span data-contrast=\"auto\">IRURENA GROUP<\/span><\/b><span data-contrast=\"auto\"> intervino en la mesa sobre <\/span><i><span data-contrast=\"auto\">intraemprendimiento y cultura innovadora<\/span><\/i><span data-contrast=\"auto\">, destacando la importancia de impulsar iniciativas de renovaci\u00f3n desde dentro de las propias empresas.<\/span><span data-ccp-props=\"{&quot;134233117&quot;:false,&quot;134233118&quot;:false,&quot;335551550&quot;:0,&quot;335551620&quot;:0,&quot;335559738&quot;:240,&quot;335559739&quot;:240}\">\u00a0<\/span><\/li>\n<\/ul>\n<p><span data-contrast=\"auto\">El congreso puso de manifiesto que la industria guipuzcoana se sustenta en la <\/span><b><span data-contrast=\"auto\">innovaci\u00f3n, la colaboraci\u00f3n y el desarrollo de las personas<\/span><\/b><span data-contrast=\"auto\">.<\/span><br \/>\n<span data-contrast=\"auto\"> Durante la jornada, la diputada general <\/span><b><span data-contrast=\"auto\">Eider Mendoza<\/span><\/b><span data-contrast=\"auto\"> anim\u00f3 a las peque\u00f1as y medianas empresas a <\/span><i><span data-contrast=\"auto\">\u201csubirse al tren de la innovaci\u00f3n\u201d<\/span><\/i><span data-contrast=\"auto\">, con el fin de reforzar la competitividad y el bienestar del territorio.<\/span><span data-ccp-props=\"{&quot;134233117&quot;:false,&quot;134233118&quot;:false,&quot;335551550&quot;:0,&quot;335551620&quot;:0,&quot;335559738&quot;:240,&quot;335559739&quot;:240}\">\u00a0<\/span><\/p>\n<p><span data-contrast=\"auto\">Desde <\/span><b><span data-contrast=\"auto\">Iraurgi Berritzen<\/span><\/b><span data-contrast=\"auto\">, queremos poner en valor la participaci\u00f3n de las empresas de la comarca, as\u00ed como <\/span><b><span data-contrast=\"auto\">la capacidad de la industria de Urola Erdia<\/span><\/b><span data-contrast=\"auto\">, que reafirman su compromiso con la construcci\u00f3n de un futuro competitivo y sostenible a trav\u00e9s de la innovaci\u00f3n continua y la cooperaci\u00f3n.<\/span><span data-ccp-props=\"{&quot;134233117&quot;:false,&quot;134233118&quot;:false,&quot;335551550&quot;:0,&quot;335551620&quot;:0,&quot;335559738&quot;:240,&quot;335559739&quot;:240}\">\u00a0<\/span><\/p>\n","protected":false},"excerpt":{"rendered":"<p>La cuarta edici\u00f3n del Congreso Re-Think Industry, celebrada en el Kursaal de Donostia, ha reunido a m\u00e1s de 650 profesionales, consolid\u00e1ndose como el principal foro de colaboraci\u00f3n e innovaci\u00f3n para las peque\u00f1as y medianas empresas de Gipuzkoa.\u00a0 El encuentro ha girado en torno a temas clave como la inteligencia artificial, la internacionalizaci\u00f3n, el intraemprendimiento y [&hellip;]<\/p>\n","protected":false},"author":4,"featured_media":25226,"comment_status":"closed","ping_status":"closed","sticky":false,"template":"","format":"standard","meta":{"_acf_changed":false,"footnotes":""},"categories":[4],"tags":[],"class_list":["post-25240","post","type-post","status-publish","format-standard","has-post-thumbnail","hentry","category-noticias","arloak-enpresa"],"acf":[],"yoast_head":"<!-- This site is optimized with the Yoast SEO plugin v27.4 - https:\/\/yoast.com\/product\/yoast-seo-wordpress\/ -->\n<title>La industria de Urola Erdia aporta su experiencia en el Congreso Re-Think Industry - Iraurgi Berritzen<\/title>\n<meta name=\"robots\" content=\"index, follow, max-snippet:-1, max-image-preview:large, max-video-preview:-1\" \/>\n<link rel=\"canonical\" href=\"https:\/\/iraurgiberritzen.eus\/es\/la-industria-de-urola-erdia-aporta-su-experiencia-en-el-congreso-re-think-industry\/\" \/>\n<meta property=\"og:locale\" content=\"es_ES\" \/>\n<meta property=\"og:type\" content=\"article\" \/>\n<meta property=\"og:title\" content=\"La industria de Urola Erdia aporta su experiencia en el Congreso Re-Think Industry - Iraurgi Berritzen\" \/>\n<meta property=\"og:description\" content=\"La cuarta edici\u00f3n del Congreso Re-Think Industry, celebrada en el Kursaal de Donostia, ha reunido a m\u00e1s de 650 profesionales, consolid\u00e1ndose como el principal foro de colaboraci\u00f3n e innovaci\u00f3n para las peque\u00f1as y medianas empresas de Gipuzkoa.\u00a0 El encuentro ha girado en torno a temas clave como la inteligencia artificial, la internacionalizaci\u00f3n, el intraemprendimiento y [&hellip;]\" \/>\n<meta property=\"og:url\" content=\"https:\/\/iraurgiberritzen.eus\/es\/la-industria-de-urola-erdia-aporta-su-experiencia-en-el-congreso-re-think-industry\/\" \/>\n<meta property=\"og:site_name\" content=\"Iraurgi Berritzen\" \/>\n<meta property=\"article:published_time\" content=\"2025-11-13T08:22:09+00:00\" \/>\n<meta property=\"article:modified_time\" content=\"2025-11-13T09:10:21+00:00\" \/>\n<meta property=\"og:image\" content=\"https:\/\/iraurgiberritzen.eus\/wp-content\/uploads\/2025\/11\/Argazkia_Foto_2.jpg\" \/>\n\t<meta property=\"og:image:width\" content=\"1094\" \/>\n\t<meta property=\"og:image:height\" content=\"730\" \/>\n\t<meta property=\"og:image:type\" content=\"image\/jpeg\" \/>\n<meta name=\"author\" content=\"ainara\" \/>\n<meta name=\"twitter:card\" content=\"summary_large_image\" \/>\n<meta name=\"twitter:label1\" content=\"Escrito por\" \/>\n\t<meta name=\"twitter:data1\" content=\"ainara\" \/>\n\t<meta name=\"twitter:label2\" content=\"Tiempo de lectura\" \/>\n\t<meta name=\"twitter:data2\" content=\"2 minutos\" \/>\n<script type=\"application\/ld+json\" class=\"yoast-schema-graph\">{\"@context\":\"https:\\\/\\\/schema.org\",\"@graph\":[{\"@type\":\"Article\",\"@id\":\"https:\\\/\\\/iraurgiberritzen.eus\\\/es\\\/la-industria-de-urola-erdia-aporta-su-experiencia-en-el-congreso-re-think-industry\\\/#article\",\"isPartOf\":{\"@id\":\"https:\\\/\\\/iraurgiberritzen.eus\\\/es\\\/la-industria-de-urola-erdia-aporta-su-experiencia-en-el-congreso-re-think-industry\\\/\"},\"author\":{\"name\":\"ainara\",\"@id\":\"https:\\\/\\\/iraurgiberritzen.eus\\\/es\\\/#\\\/schema\\\/person\\\/a32c9825b3e2bfcbe757a97f6a15c8a5\"},\"headline\":\"La industria de Urola Erdia aporta su experiencia en el Congreso Re-Think Industry\",\"datePublished\":\"2025-11-13T08:22:09+00:00\",\"dateModified\":\"2025-11-13T09:10:21+00:00\",\"mainEntityOfPage\":{\"@id\":\"https:\\\/\\\/iraurgiberritzen.eus\\\/es\\\/la-industria-de-urola-erdia-aporta-su-experiencia-en-el-congreso-re-think-industry\\\/\"},\"wordCount\":300,\"publisher\":{\"@id\":\"https:\\\/\\\/iraurgiberritzen.eus\\\/es\\\/#organization\"},\"image\":{\"@id\":\"https:\\\/\\\/iraurgiberritzen.eus\\\/es\\\/la-industria-de-urola-erdia-aporta-su-experiencia-en-el-congreso-re-think-industry\\\/#primaryimage\"},\"thumbnailUrl\":\"https:\\\/\\\/iraurgiberritzen.eus\\\/wp-content\\\/uploads\\\/2025\\\/11\\\/Argazkia_Foto_2.jpg\",\"articleSection\":[\"Noticias\"],\"inLanguage\":\"es\"},{\"@type\":\"WebPage\",\"@id\":\"https:\\\/\\\/iraurgiberritzen.eus\\\/es\\\/la-industria-de-urola-erdia-aporta-su-experiencia-en-el-congreso-re-think-industry\\\/\",\"url\":\"https:\\\/\\\/iraurgiberritzen.eus\\\/es\\\/la-industria-de-urola-erdia-aporta-su-experiencia-en-el-congreso-re-think-industry\\\/\",\"name\":\"La industria de Urola Erdia aporta su experiencia en el Congreso Re-Think Industry - Iraurgi Berritzen\",\"isPartOf\":{\"@id\":\"https:\\\/\\\/iraurgiberritzen.eus\\\/es\\\/#website\"},\"primaryImageOfPage\":{\"@id\":\"https:\\\/\\\/iraurgiberritzen.eus\\\/es\\\/la-industria-de-urola-erdia-aporta-su-experiencia-en-el-congreso-re-think-industry\\\/#primaryimage\"},\"image\":{\"@id\":\"https:\\\/\\\/iraurgiberritzen.eus\\\/es\\\/la-industria-de-urola-erdia-aporta-su-experiencia-en-el-congreso-re-think-industry\\\/#primaryimage\"},\"thumbnailUrl\":\"https:\\\/\\\/iraurgiberritzen.eus\\\/wp-content\\\/uploads\\\/2025\\\/11\\\/Argazkia_Foto_2.jpg\",\"datePublished\":\"2025-11-13T08:22:09+00:00\",\"dateModified\":\"2025-11-13T09:10:21+00:00\",\"breadcrumb\":{\"@id\":\"https:\\\/\\\/iraurgiberritzen.eus\\\/es\\\/la-industria-de-urola-erdia-aporta-su-experiencia-en-el-congreso-re-think-industry\\\/#breadcrumb\"},\"inLanguage\":\"es\",\"potentialAction\":[{\"@type\":\"ReadAction\",\"target\":[\"https:\\\/\\\/iraurgiberritzen.eus\\\/es\\\/la-industria-de-urola-erdia-aporta-su-experiencia-en-el-congreso-re-think-industry\\\/\"]}]},{\"@type\":\"ImageObject\",\"inLanguage\":\"es\",\"@id\":\"https:\\\/\\\/iraurgiberritzen.eus\\\/es\\\/la-industria-de-urola-erdia-aporta-su-experiencia-en-el-congreso-re-think-industry\\\/#primaryimage\",\"url\":\"https:\\\/\\\/iraurgiberritzen.eus\\\/wp-content\\\/uploads\\\/2025\\\/11\\\/Argazkia_Foto_2.jpg\",\"contentUrl\":\"https:\\\/\\\/iraurgiberritzen.eus\\\/wp-content\\\/uploads\\\/2025\\\/11\\\/Argazkia_Foto_2.jpg\",\"width\":1094,\"height\":730},{\"@type\":\"BreadcrumbList\",\"@id\":\"https:\\\/\\\/iraurgiberritzen.eus\\\/es\\\/la-industria-de-urola-erdia-aporta-su-experiencia-en-el-congreso-re-think-industry\\\/#breadcrumb\",\"itemListElement\":[{\"@type\":\"ListItem\",\"position\":1,\"name\":\"Home\",\"item\":\"https:\\\/\\\/iraurgiberritzen.eus\\\/es\\\/\"},{\"@type\":\"ListItem\",\"position\":2,\"name\":\"La industria de Urola Erdia aporta su experiencia en el Congreso Re-Think Industry\"}]},{\"@type\":\"WebSite\",\"@id\":\"https:\\\/\\\/iraurgiberritzen.eus\\\/es\\\/#website\",\"url\":\"https:\\\/\\\/iraurgiberritzen.eus\\\/es\\\/\",\"name\":\"Iraurgi Berritzen\",\"description\":\"Urola Erdiko Garapen Agentzia\",\"publisher\":{\"@id\":\"https:\\\/\\\/iraurgiberritzen.eus\\\/es\\\/#organization\"},\"potentialAction\":[{\"@type\":\"SearchAction\",\"target\":{\"@type\":\"EntryPoint\",\"urlTemplate\":\"https:\\\/\\\/iraurgiberritzen.eus\\\/es\\\/?s={search_term_string}\"},\"query-input\":{\"@type\":\"PropertyValueSpecification\",\"valueRequired\":true,\"valueName\":\"search_term_string\"}}],\"inLanguage\":\"es\"},{\"@type\":\"Organization\",\"@id\":\"https:\\\/\\\/iraurgiberritzen.eus\\\/es\\\/#organization\",\"name\":\"Iraurgi Berritzen\",\"url\":\"https:\\\/\\\/iraurgiberritzen.eus\\\/es\\\/\",\"logo\":{\"@type\":\"ImageObject\",\"inLanguage\":\"es\",\"@id\":\"https:\\\/\\\/iraurgiberritzen.eus\\\/es\\\/#\\\/schema\\\/logo\\\/image\\\/\",\"url\":\"https:\\\/\\\/iraurgiberritzen.eus\\\/wp-content\\\/uploads\\\/2024\\\/02\\\/IRAURGI-BERRITZEN-logotipoa_2.png\",\"contentUrl\":\"https:\\\/\\\/iraurgiberritzen.eus\\\/wp-content\\\/uploads\\\/2024\\\/02\\\/IRAURGI-BERRITZEN-logotipoa_2.png\",\"width\":496,\"height\":190,\"caption\":\"Iraurgi Berritzen\"},\"image\":{\"@id\":\"https:\\\/\\\/iraurgiberritzen.eus\\\/es\\\/#\\\/schema\\\/logo\\\/image\\\/\"}},{\"@type\":\"Person\",\"@id\":\"https:\\\/\\\/iraurgiberritzen.eus\\\/es\\\/#\\\/schema\\\/person\\\/a32c9825b3e2bfcbe757a97f6a15c8a5\",\"name\":\"ainara\"}]}<\/script>\n<!-- \/ Yoast SEO plugin. -->","yoast_head_json":{"title":"La industria de Urola Erdia aporta su experiencia en el Congreso Re-Think Industry - Iraurgi Berritzen","robots":{"index":"index","follow":"follow","max-snippet":"max-snippet:-1","max-image-preview":"max-image-preview:large","max-video-preview":"max-video-preview:-1"},"canonical":"https:\/\/iraurgiberritzen.eus\/es\/la-industria-de-urola-erdia-aporta-su-experiencia-en-el-congreso-re-think-industry\/","og_locale":"es_ES","og_type":"article","og_title":"La industria de Urola Erdia aporta su experiencia en el Congreso Re-Think Industry - Iraurgi Berritzen","og_description":"La cuarta edici\u00f3n del Congreso Re-Think Industry, celebrada en el Kursaal de Donostia, ha reunido a m\u00e1s de 650 profesionales, consolid\u00e1ndose como el principal foro de colaboraci\u00f3n e innovaci\u00f3n para las peque\u00f1as y medianas empresas de Gipuzkoa.\u00a0 El encuentro ha girado en torno a temas clave como la inteligencia artificial, la internacionalizaci\u00f3n, el intraemprendimiento y [&hellip;]","og_url":"https:\/\/iraurgiberritzen.eus\/es\/la-industria-de-urola-erdia-aporta-su-experiencia-en-el-congreso-re-think-industry\/","og_site_name":"Iraurgi Berritzen","article_published_time":"2025-11-13T08:22:09+00:00","article_modified_time":"2025-11-13T09:10:21+00:00","og_image":[{"width":1094,"height":730,"url":"https:\/\/iraurgiberritzen.eus\/wp-content\/uploads\/2025\/11\/Argazkia_Foto_2.jpg","type":"image\/jpeg"}],"author":"ainara","twitter_card":"summary_large_image","twitter_misc":{"Escrito por":"ainara","Tiempo de lectura":"2 minutos"},"schema":{"@context":"https:\/\/schema.org","@graph":[{"@type":"Article","@id":"https:\/\/iraurgiberritzen.eus\/es\/la-industria-de-urola-erdia-aporta-su-experiencia-en-el-congreso-re-think-industry\/#article","isPartOf":{"@id":"https:\/\/iraurgiberritzen.eus\/es\/la-industria-de-urola-erdia-aporta-su-experiencia-en-el-congreso-re-think-industry\/"},"author":{"name":"ainara","@id":"https:\/\/iraurgiberritzen.eus\/es\/#\/schema\/person\/a32c9825b3e2bfcbe757a97f6a15c8a5"},"headline":"La industria de Urola Erdia aporta su experiencia en el Congreso Re-Think Industry","datePublished":"2025-11-13T08:22:09+00:00","dateModified":"2025-11-13T09:10:21+00:00","mainEntityOfPage":{"@id":"https:\/\/iraurgiberritzen.eus\/es\/la-industria-de-urola-erdia-aporta-su-experiencia-en-el-congreso-re-think-industry\/"},"wordCount":300,"publisher":{"@id":"https:\/\/iraurgiberritzen.eus\/es\/#organization"},"image":{"@id":"https:\/\/iraurgiberritzen.eus\/es\/la-industria-de-urola-erdia-aporta-su-experiencia-en-el-congreso-re-think-industry\/#primaryimage"},"thumbnailUrl":"https:\/\/iraurgiberritzen.eus\/wp-content\/uploads\/2025\/11\/Argazkia_Foto_2.jpg","articleSection":["Noticias"],"inLanguage":"es"},{"@type":"WebPage","@id":"https:\/\/iraurgiberritzen.eus\/es\/la-industria-de-urola-erdia-aporta-su-experiencia-en-el-congreso-re-think-industry\/","url":"https:\/\/iraurgiberritzen.eus\/es\/la-industria-de-urola-erdia-aporta-su-experiencia-en-el-congreso-re-think-industry\/","name":"La industria de Urola Erdia aporta su experiencia en el Congreso Re-Think Industry - Iraurgi Berritzen","isPartOf":{"@id":"https:\/\/iraurgiberritzen.eus\/es\/#website"},"primaryImageOfPage":{"@id":"https:\/\/iraurgiberritzen.eus\/es\/la-industria-de-urola-erdia-aporta-su-experiencia-en-el-congreso-re-think-industry\/#primaryimage"},"image":{"@id":"https:\/\/iraurgiberritzen.eus\/es\/la-industria-de-urola-erdia-aporta-su-experiencia-en-el-congreso-re-think-industry\/#primaryimage"},"thumbnailUrl":"https:\/\/iraurgiberritzen.eus\/wp-content\/uploads\/2025\/11\/Argazkia_Foto_2.jpg","datePublished":"2025-11-13T08:22:09+00:00","dateModified":"2025-11-13T09:10:21+00:00","breadcrumb":{"@id":"https:\/\/iraurgiberritzen.eus\/es\/la-industria-de-urola-erdia-aporta-su-experiencia-en-el-congreso-re-think-industry\/#breadcrumb"},"inLanguage":"es","potentialAction":[{"@type":"ReadAction","target":["https:\/\/iraurgiberritzen.eus\/es\/la-industria-de-urola-erdia-aporta-su-experiencia-en-el-congreso-re-think-industry\/"]}]},{"@type":"ImageObject","inLanguage":"es","@id":"https:\/\/iraurgiberritzen.eus\/es\/la-industria-de-urola-erdia-aporta-su-experiencia-en-el-congreso-re-think-industry\/#primaryimage","url":"https:\/\/iraurgiberritzen.eus\/wp-content\/uploads\/2025\/11\/Argazkia_Foto_2.jpg","contentUrl":"https:\/\/iraurgiberritzen.eus\/wp-content\/uploads\/2025\/11\/Argazkia_Foto_2.jpg","width":1094,"height":730},{"@type":"BreadcrumbList","@id":"https:\/\/iraurgiberritzen.eus\/es\/la-industria-de-urola-erdia-aporta-su-experiencia-en-el-congreso-re-think-industry\/#breadcrumb","itemListElement":[{"@type":"ListItem","position":1,"name":"Home","item":"https:\/\/iraurgiberritzen.eus\/es\/"},{"@type":"ListItem","position":2,"name":"La industria de Urola Erdia aporta su experiencia en el Congreso Re-Think Industry"}]},{"@type":"WebSite","@id":"https:\/\/iraurgiberritzen.eus\/es\/#website","url":"https:\/\/iraurgiberritzen.eus\/es\/","name":"Iraurgi Berritzen","description":"Urola Erdiko Garapen Agentzia","publisher":{"@id":"https:\/\/iraurgiberritzen.eus\/es\/#organization"},"potentialAction":[{"@type":"SearchAction","target":{"@type":"EntryPoint","urlTemplate":"https:\/\/iraurgiberritzen.eus\/es\/?s={search_term_string}"},"query-input":{"@type":"PropertyValueSpecification","valueRequired":true,"valueName":"search_term_string"}}],"inLanguage":"es"},{"@type":"Organization","@id":"https:\/\/iraurgiberritzen.eus\/es\/#organization","name":"Iraurgi Berritzen","url":"https:\/\/iraurgiberritzen.eus\/es\/","logo":{"@type":"ImageObject","inLanguage":"es","@id":"https:\/\/iraurgiberritzen.eus\/es\/#\/schema\/logo\/image\/","url":"https:\/\/iraurgiberritzen.eus\/wp-content\/uploads\/2024\/02\/IRAURGI-BERRITZEN-logotipoa_2.png","contentUrl":"https:\/\/iraurgiberritzen.eus\/wp-content\/uploads\/2024\/02\/IRAURGI-BERRITZEN-logotipoa_2.png","width":496,"height":190,"caption":"Iraurgi Berritzen"},"image":{"@id":"https:\/\/iraurgiberritzen.eus\/es\/#\/schema\/logo\/image\/"}},{"@type":"Person","@id":"https:\/\/iraurgiberritzen.eus\/es\/#\/schema\/person\/a32c9825b3e2bfcbe757a97f6a15c8a5","name":"ainara"}]}},"_links":{"self":[{"href":"https:\/\/iraurgiberritzen.eus\/es\/wp-json\/wp\/v2\/posts\/25240","targetHints":{"allow":["GET"]}}],"collection":[{"href":"https:\/\/iraurgiberritzen.eus\/es\/wp-json\/wp\/v2\/posts"}],"about":[{"href":"https:\/\/iraurgiberritzen.eus\/es\/wp-json\/wp\/v2\/types\/post"}],"author":[{"embeddable":true,"href":"https:\/\/iraurgiberritzen.eus\/es\/wp-json\/wp\/v2\/users\/4"}],"replies":[{"embeddable":true,"href":"https:\/\/iraurgiberritzen.eus\/es\/wp-json\/wp\/v2\/comments?post=25240"}],"version-history":[{"count":2,"href":"https:\/\/iraurgiberritzen.eus\/es\/wp-json\/wp\/v2\/posts\/25240\/revisions"}],"predecessor-version":[{"id":25245,"href":"https:\/\/iraurgiberritzen.eus\/es\/wp-json\/wp\/v2\/posts\/25240\/revisions\/25245"}],"wp:featuredmedia":[{"embeddable":true,"href":"https:\/\/iraurgiberritzen.eus\/es\/wp-json\/wp\/v2\/media\/25226"}],"wp:attachment":[{"href":"https:\/\/iraurgiberritzen.eus\/es\/wp-json\/wp\/v2\/media?parent=25240"}],"wp:term":[{"taxonomy":"category","embeddable":true,"href":"https:\/\/iraurgiberritzen.eus\/es\/wp-json\/wp\/v2\/categories?post=25240"},{"taxonomy":"post_tag","embeddable":true,"href":"https:\/\/iraurgiberritzen.eus\/es\/wp-json\/wp\/v2\/tags?post=25240"}],"curies":[{"name":"wp","href":"https:\/\/api.w.org\/{rel}","templated":true}]}}