{"id":25250,"date":"2025-11-14T16:01:44","date_gmt":"2025-11-14T14:01:44","guid":{"rendered":"https:\/\/iraurgiberritzen.eus\/?p=25250"},"modified":"2025-11-14T16:35:23","modified_gmt":"2025-11-14T14:35:23","slug":"urola-erdiak-urrats-berria-eman-du-talentu-estrategian-enpresa-eta-erakundeekin-elkarlanean","status":"publish","type":"post","link":"https:\/\/iraurgiberritzen.eus\/es\/urola-erdiak-urrats-berria-eman-du-talentu-estrategian-enpresa-eta-erakundeekin-elkarlanean\/","title":{"rendered":"Urola Erdia avanza en su estrategia de talento en colaboraci\u00f3n con empresas e instituciones"},"content":{"rendered":"<h5>Se ha consensuado la hoja de ruta 2025-2030, impulsando una estrategia compartida para atraer y retener el talento en la comarca.<\/h5>\n<p>Desde <strong>Iraurgi Berritzen<\/strong> se ha dado un paso importante en el reto compartido de fortalecer la competitividad de nuestra comarca: la puesta en marcha del proyecto\u00a0 <b><span data-contrast=\"auto\">\u201cAtracci\u00f3n\u00a0de\u00a0Talento\u00a0en\u00a0Urola Erdia\u201d<\/span><\/b><span data-contrast=\"auto\">.<\/span><span data-ccp-props=\"{&quot;134233117&quot;:false,&quot;134233118&quot;:false,&quot;335551550&quot;:6,&quot;335551620&quot;:6,&quot;335559738&quot;:240,&quot;335559739&quot;:240}\">\u00a0<\/span><\/p>\n<p><span data-contrast=\"auto\">Urola\u00a0Erdia\u00a0es una comarca\u00a0<\/span><b><span data-contrast=\"auto\">principalmente industrial<\/span><\/b><span data-contrast=\"auto\">, y el origen de este proyecto surge como respuesta al\u00a0<\/span><b><span data-contrast=\"auto\">Diagn\u00f3stico de Prospecci\u00f3n de Empleo Industrial<\/span><\/b><span data-contrast=\"auto\">\u00a0que desarrollamos el pasado a\u00f1o junto a\u00a0<\/span><b><span data-contrast=\"auto\">m\u00e1s de 30 empresas industriales de la comarca<\/span><\/b><span data-contrast=\"auto\">.\u00a0Este\u00a0an\u00e1lisis\u00a0puso\u00a0en\u00a0evidencia\u00a0una\u00a0realidad\u00a0clave:\u00a0las\u00a0empresas\u00a0necesitar\u00e1n\u00a0<\/span><b><span data-contrast=\"auto\">m\u00e1s\u00a0de 360\u00a0personas<\/span><\/b><span data-contrast=\"auto\">\u00a0con\u00a0distintos\u00a0perfiles\u00a0y\u00a0niveles\u00a0de\u00a0cualificaci\u00f3n\u00a0en\u00a0los\u00a0pr\u00f3ximos\u00a0a\u00f1os.\u00a0<\/span><span data-contrast=\"auto\">Adem\u00e1s, el\u00a0proyecto\u00a0da\u00a0respuesta\u00a0a\u00a0uno\u00a0de los\u00a0objetivos\u00a0del\u00a0<\/span><b><span data-contrast=\"auto\">Plan\u00a0Estrat\u00e9gico\u00a0de Urola Erdia<\/span><\/b><span data-contrast=\"auto\">,\u00a0consensuado\u00a0junto\u00a0a los\u00a0agentes\u00a0de la\u00a0comarca.<\/span><span data-ccp-props=\"{&quot;134233117&quot;:false,&quot;134233118&quot;:false,&quot;335551550&quot;:6,&quot;335551620&quot;:6,&quot;335559738&quot;:240,&quot;335559739&quot;:240}\">\u00a0<\/span><\/p>\n<p><span data-contrast=\"auto\">En el\u00a0marco\u00a0de\u00a0<\/span><b><span data-contrast=\"auto\">IB SAREA<\/span><\/b><span data-contrast=\"auto\">,\u00a0hemos\u00a0consensuado\u00a0una\u00a0<\/span><b><span data-contrast=\"auto\">hoja\u00a0de\u00a0ruta\u00a0colectiva\u00a0(2025\u20132030)<\/span><\/b><span data-contrast=\"auto\">,\u00a0fruto\u00a0de la\u00a0colaboraci\u00f3n\u00a0p\u00fablico-privada\u00a0y\u00a0bajo\u00a0el\u00a0liderazgo\u00a0de\u00a0<\/span><b><span data-contrast=\"auto\">Iraurgi\u00a0Berritzen<\/span><\/b><span data-contrast=\"auto\">. En una\u00a0primera\u00a0fase, el\u00a0proceso\u00a0ha\u00a0contado\u00a0con\u00a0el\u00a0<\/span><b><span data-contrast=\"auto\">equipo\u00a0t\u00e9cnico\u00a0de IB<\/span><\/b><span data-contrast=\"auto\">,\u00a0un\u00a0<\/span><b><span data-contrast=\"auto\">grupo\u00a0de\u00a0empresas\u00a0industriales\u00a0representantes\u00a0de Industria\u00a0Gunea<\/span><\/b><span data-contrast=\"auto\">\u00a0\u2014<\/span><b><span data-contrast=\"auto\">Biele,\u00a0Elmubas,\u00a0Sammic\u00a0y\u00a0Domusa\u00a0Coop<\/span><\/b><span data-contrast=\"auto\">\u2014 y los\u00a0<\/span><b><span data-contrast=\"auto\">ayuntamientos\u00a0de Azpeitia y Azkoitia<\/span><\/b><span data-contrast=\"auto\">.<\/span><span data-ccp-props=\"{&quot;134233117&quot;:false,&quot;134233118&quot;:false,&quot;335551550&quot;:6,&quot;335551620&quot;:6,&quot;335559738&quot;:240,&quot;335559739&quot;:240}\">\u00a0<\/span><\/p>\n<p><span data-contrast=\"auto\">La\u00a0hoja\u00a0de\u00a0ruta\u00a0establece\u00a0una\u00a0visi\u00f3n\u00a0compartida\u00a0para la\u00a0<\/span><b><span data-contrast=\"auto\">atracci\u00f3n\u00a0y\u00a0retenci\u00f3n\u00a0de\u00a0talento\u00a0en\u00a0Urola Erdia<\/span><\/b><span data-contrast=\"auto\">,\u00a0estructurada\u00a0en\u00a0<\/span><b><span data-contrast=\"auto\">tres\u00a0objetivos\u00a0principales<\/span><\/b><span data-contrast=\"auto\">:<\/span><span data-ccp-props=\"{&quot;134233117&quot;:false,&quot;134233118&quot;:false,&quot;335551550&quot;:6,&quot;335551620&quot;:6,&quot;335559738&quot;:240,&quot;335559739&quot;:240}\">\u00a0<\/span><\/p>\n<ol>\n<li aria-setsize=\"-1\" data-leveltext=\"%1.\" data-font=\"Arial\" data-listid=\"2\" data-list-defn-props=\"{&quot;335551671&quot;:1,&quot;335552541&quot;:0,&quot;335559683&quot;:0,&quot;335559684&quot;:-1,&quot;335559685&quot;:720,&quot;335559991&quot;:360,&quot;469769242&quot;:[65533,0,46],&quot;469777803&quot;:&quot;left&quot;,&quot;469777804&quot;:&quot;%1.&quot;,&quot;469777815&quot;:&quot;hybridMultilevel&quot;}\" data-aria-posinset=\"1\" data-aria-level=\"1\"><b><span data-contrast=\"auto\">Personas<\/span><\/b><span data-contrast=\"auto\">\u00a0\u2013\u00a0Atraer\u00a0y\u00a0acompa\u00f1ar\u00a0talento\u00a0cualificado.\u00a0<\/span><\/li>\n<li aria-setsize=\"-1\" data-leveltext=\"%1.\" data-font=\"Arial\" data-listid=\"2\" data-list-defn-props=\"{&quot;335551671&quot;:1,&quot;335552541&quot;:0,&quot;335559683&quot;:0,&quot;335559684&quot;:-1,&quot;335559685&quot;:720,&quot;335559991&quot;:360,&quot;469769242&quot;:[65533,0,46],&quot;469777803&quot;:&quot;left&quot;,&quot;469777804&quot;:&quot;%1.&quot;,&quot;469777815&quot;:&quot;hybridMultilevel&quot;}\" data-aria-posinset=\"1\" data-aria-level=\"1\"><b><span data-contrast=\"auto\">Empresa\u00a0y\u00a0Formaci\u00f3n<\/span><\/b><span data-contrast=\"auto\">\u00a0\u2013\u00a0Fortalecer\u00a0las\u00a0sinergias\u00a0entre\u00a0empresas\u00a0y\u00a0centros\u00a0formativos.<\/span><span data-ccp-props=\"{&quot;134233117&quot;:false,&quot;134233118&quot;:false,&quot;335551550&quot;:0,&quot;335551620&quot;:0,&quot;335559685&quot;:720,&quot;335559737&quot;:0,&quot;335559738&quot;:0,&quot;335559739&quot;:0,&quot;335559991&quot;:360}\">\u00a0<\/span><\/li>\n<li aria-setsize=\"-1\" data-leveltext=\"%1.\" data-font=\"Arial\" data-listid=\"2\" data-list-defn-props=\"{&quot;335551671&quot;:1,&quot;335552541&quot;:0,&quot;335559683&quot;:0,&quot;335559684&quot;:-1,&quot;335559685&quot;:720,&quot;335559991&quot;:360,&quot;469769242&quot;:[65533,0,46],&quot;469777803&quot;:&quot;left&quot;,&quot;469777804&quot;:&quot;%1.&quot;,&quot;469777815&quot;:&quot;hybridMultilevel&quot;}\" data-aria-posinset=\"1\" data-aria-level=\"1\"><b><span data-contrast=\"auto\">Institucional<\/span><\/b><span data-contrast=\"auto\">\u00a0\u2013\u00a0Posicionar\u00a0Urola Erdia\u00a0como\u00a0territorio\u00a0atractivo\u00a0para el\u00a0desarrollo\u00a0del\u00a0talento.<\/span><span data-ccp-props=\"{&quot;134233117&quot;:false,&quot;134233118&quot;:false,&quot;335551550&quot;:0,&quot;335551620&quot;:0,&quot;335559685&quot;:720,&quot;335559737&quot;:0,&quot;335559738&quot;:0,&quot;335559739&quot;:0,&quot;335559991&quot;:360}\">\u00a0<\/span><\/li>\n<\/ol>\n<p><span data-contrast=\"auto\">Estos\u00a0objetivos\u00a0se\u00a0concretan\u00a0en\u00a0diversas\u00a0<\/span><b><span data-contrast=\"auto\">l\u00edneas\u00a0de\u00a0acci\u00f3n<\/span><\/b><span data-contrast=\"auto\">, a\u00a0trav\u00e9s\u00a0de\u00a0nuevas\u00a0acciones,\u00a0servicios\u00a0e\u00a0iniciativas\u00a0que\u00a0se\u00a0desplegar\u00e1n\u00a0de forma\u00a0colaborativa\u00a0con\u00a0m\u00e1s\u00a0agentes\u00a0en\u00a0los\u00a0pr\u00f3ximos\u00a0a\u00f1os.\u00a0<\/span><span data-ccp-props=\"{&quot;134233117&quot;:false,&quot;134233118&quot;:false,&quot;335551550&quot;:0,&quot;335551620&quot;:0,&quot;335559738&quot;:240,&quot;335559739&quot;:240}\">\u00a0<\/span><\/p>\n<p><span data-contrast=\"auto\">Agradecemos a todas las personas y organizaciones que hab\u00e9is participado en este proceso: <strong>Domusa; Biele, Sammic, Elmubas, Azpeitiko Udala, Azkoitiko Udala<\/strong>. <\/span><\/p>\n<p><span data-contrast=\"auto\">As\u00ed, tambi\u00e9n agradecemos el acompa\u00f1amiento que nos ha dado en el proceso batbietahiru. <\/span><\/p>\n<p><b><span data-contrast=\"auto\">El\u00a0talento\u00a0es\u00a0un\u00a0reto\u00a0de\u00a0todos, y la\u00a0colaboraci\u00f3n\u00a0es el\u00a0camino.<\/span><\/b><span data-ccp-props=\"{&quot;134233117&quot;:false,&quot;134233118&quot;:false,&quot;335551550&quot;:0,&quot;335551620&quot;:0,&quot;335559738&quot;:240,&quot;335559739&quot;:240}\">\u00a0<\/span><\/p>\n","protected":false},"excerpt":{"rendered":"<p>Se ha consensuado la hoja de ruta 2025-2030, impulsando una estrategia compartida para atraer y retener el talento en la comarca. Desde Iraurgi Berritzen se ha dado un paso importante en el reto compartido de fortalecer la competitividad de nuestra comarca: la puesta en marcha del proyecto\u00a0 \u201cAtracci\u00f3n\u00a0de\u00a0Talento\u00a0en\u00a0Urola Erdia\u201d.\u00a0 Urola\u00a0Erdia\u00a0es una comarca\u00a0principalmente industrial, y el [&hellip;]<\/p>\n","protected":false},"author":4,"featured_media":25251,"comment_status":"closed","ping_status":"closed","sticky":false,"template":"","format":"standard","meta":{"_acf_changed":false,"footnotes":""},"categories":[4],"tags":[],"class_list":["post-25250","post","type-post","status-publish","format-standard","has-post-thumbnail","hentry","category-noticias"],"acf":[],"yoast_head":"<!-- This site is optimized with the Yoast SEO plugin v27.4 - https:\/\/yoast.com\/product\/yoast-seo-wordpress\/ -->\n<title>Urola Erdia avanza en su estrategia de talento en colaboraci\u00f3n con empresas e instituciones - Iraurgi Berritzen<\/title>\n<meta name=\"robots\" content=\"index, follow, max-snippet:-1, max-image-preview:large, max-video-preview:-1\" \/>\n<link rel=\"canonical\" href=\"https:\/\/iraurgiberritzen.eus\/es\/urola-erdiak-urrats-berria-eman-du-talentu-estrategian-enpresa-eta-erakundeekin-elkarlanean\/\" \/>\n<meta property=\"og:locale\" content=\"es_ES\" \/>\n<meta property=\"og:type\" content=\"article\" \/>\n<meta property=\"og:title\" content=\"Urola Erdia avanza en su estrategia de talento en colaboraci\u00f3n con empresas e instituciones - Iraurgi Berritzen\" \/>\n<meta property=\"og:description\" content=\"Se ha consensuado la hoja de ruta 2025-2030, impulsando una estrategia compartida para atraer y retener el talento en la comarca. Desde Iraurgi Berritzen se ha dado un paso importante en el reto compartido de fortalecer la competitividad de nuestra comarca: la puesta en marcha del proyecto\u00a0 \u201cAtracci\u00f3n\u00a0de\u00a0Talento\u00a0en\u00a0Urola Erdia\u201d.\u00a0 Urola\u00a0Erdia\u00a0es una comarca\u00a0principalmente industrial, y el [&hellip;]\" \/>\n<meta property=\"og:url\" content=\"https:\/\/iraurgiberritzen.eus\/es\/urola-erdiak-urrats-berria-eman-du-talentu-estrategian-enpresa-eta-erakundeekin-elkarlanean\/\" \/>\n<meta property=\"og:site_name\" content=\"Iraurgi Berritzen\" \/>\n<meta property=\"article:published_time\" content=\"2025-11-14T14:01:44+00:00\" \/>\n<meta property=\"article:modified_time\" content=\"2025-11-14T14:35:23+00:00\" \/>\n<meta name=\"author\" content=\"ainara\" \/>\n<meta name=\"twitter:card\" content=\"summary_large_image\" \/>\n<meta name=\"twitter:label1\" content=\"Escrito por\" \/>\n\t<meta name=\"twitter:data1\" content=\"ainara\" \/>\n\t<meta name=\"twitter:label2\" content=\"Tiempo de lectura\" \/>\n\t<meta name=\"twitter:data2\" content=\"3 minutos\" \/>\n<script type=\"application\/ld+json\" class=\"yoast-schema-graph\">{\"@context\":\"https:\\\/\\\/schema.org\",\"@graph\":[{\"@type\":\"Article\",\"@id\":\"https:\\\/\\\/iraurgiberritzen.eus\\\/es\\\/urola-erdiak-urrats-berria-eman-du-talentu-estrategian-enpresa-eta-erakundeekin-elkarlanean\\\/#article\",\"isPartOf\":{\"@id\":\"https:\\\/\\\/iraurgiberritzen.eus\\\/es\\\/urola-erdiak-urrats-berria-eman-du-talentu-estrategian-enpresa-eta-erakundeekin-elkarlanean\\\/\"},\"author\":{\"name\":\"ainara\",\"@id\":\"https:\\\/\\\/iraurgiberritzen.eus\\\/es\\\/#\\\/schema\\\/person\\\/a32c9825b3e2bfcbe757a97f6a15c8a5\"},\"headline\":\"Urola Erdia avanza en su estrategia de talento en colaboraci\u00f3n con empresas e instituciones\",\"datePublished\":\"2025-11-14T14:01:44+00:00\",\"dateModified\":\"2025-11-14T14:35:23+00:00\",\"mainEntityOfPage\":{\"@id\":\"https:\\\/\\\/iraurgiberritzen.eus\\\/es\\\/urola-erdiak-urrats-berria-eman-du-talentu-estrategian-enpresa-eta-erakundeekin-elkarlanean\\\/\"},\"wordCount\":376,\"publisher\":{\"@id\":\"https:\\\/\\\/iraurgiberritzen.eus\\\/es\\\/#organization\"},\"image\":{\"@id\":\"https:\\\/\\\/iraurgiberritzen.eus\\\/es\\\/urola-erdiak-urrats-berria-eman-du-talentu-estrategian-enpresa-eta-erakundeekin-elkarlanean\\\/#primaryimage\"},\"thumbnailUrl\":\"https:\\\/\\\/iraurgiberritzen.eus\\\/wp-content\\\/uploads\\\/2025\\\/11\\\/IMG_7425-scaled.jpg\",\"articleSection\":[\"Noticias\"],\"inLanguage\":\"es\"},{\"@type\":\"WebPage\",\"@id\":\"https:\\\/\\\/iraurgiberritzen.eus\\\/es\\\/urola-erdiak-urrats-berria-eman-du-talentu-estrategian-enpresa-eta-erakundeekin-elkarlanean\\\/\",\"url\":\"https:\\\/\\\/iraurgiberritzen.eus\\\/es\\\/urola-erdiak-urrats-berria-eman-du-talentu-estrategian-enpresa-eta-erakundeekin-elkarlanean\\\/\",\"name\":\"Urola Erdia avanza en su estrategia de talento en colaboraci\u00f3n con empresas e instituciones - Iraurgi Berritzen\",\"isPartOf\":{\"@id\":\"https:\\\/\\\/iraurgiberritzen.eus\\\/es\\\/#website\"},\"primaryImageOfPage\":{\"@id\":\"https:\\\/\\\/iraurgiberritzen.eus\\\/es\\\/urola-erdiak-urrats-berria-eman-du-talentu-estrategian-enpresa-eta-erakundeekin-elkarlanean\\\/#primaryimage\"},\"image\":{\"@id\":\"https:\\\/\\\/iraurgiberritzen.eus\\\/es\\\/urola-erdiak-urrats-berria-eman-du-talentu-estrategian-enpresa-eta-erakundeekin-elkarlanean\\\/#primaryimage\"},\"thumbnailUrl\":\"https:\\\/\\\/iraurgiberritzen.eus\\\/wp-content\\\/uploads\\\/2025\\\/11\\\/IMG_7425-scaled.jpg\",\"datePublished\":\"2025-11-14T14:01:44+00:00\",\"dateModified\":\"2025-11-14T14:35:23+00:00\",\"breadcrumb\":{\"@id\":\"https:\\\/\\\/iraurgiberritzen.eus\\\/es\\\/urola-erdiak-urrats-berria-eman-du-talentu-estrategian-enpresa-eta-erakundeekin-elkarlanean\\\/#breadcrumb\"},\"inLanguage\":\"es\",\"potentialAction\":[{\"@type\":\"ReadAction\",\"target\":[\"https:\\\/\\\/iraurgiberritzen.eus\\\/es\\\/urola-erdiak-urrats-berria-eman-du-talentu-estrategian-enpresa-eta-erakundeekin-elkarlanean\\\/\"]}]},{\"@type\":\"ImageObject\",\"inLanguage\":\"es\",\"@id\":\"https:\\\/\\\/iraurgiberritzen.eus\\\/es\\\/urola-erdiak-urrats-berria-eman-du-talentu-estrategian-enpresa-eta-erakundeekin-elkarlanean\\\/#primaryimage\",\"url\":\"https:\\\/\\\/iraurgiberritzen.eus\\\/wp-content\\\/uploads\\\/2025\\\/11\\\/IMG_7425-scaled.jpg\",\"contentUrl\":\"https:\\\/\\\/iraurgiberritzen.eus\\\/wp-content\\\/uploads\\\/2025\\\/11\\\/IMG_7425-scaled.jpg\",\"width\":2560,\"height\":1920},{\"@type\":\"BreadcrumbList\",\"@id\":\"https:\\\/\\\/iraurgiberritzen.eus\\\/es\\\/urola-erdiak-urrats-berria-eman-du-talentu-estrategian-enpresa-eta-erakundeekin-elkarlanean\\\/#breadcrumb\",\"itemListElement\":[{\"@type\":\"ListItem\",\"position\":1,\"name\":\"Home\",\"item\":\"https:\\\/\\\/iraurgiberritzen.eus\\\/es\\\/\"},{\"@type\":\"ListItem\",\"position\":2,\"name\":\"Urola Erdia avanza en su estrategia de talento en colaboraci\u00f3n con empresas e instituciones\"}]},{\"@type\":\"WebSite\",\"@id\":\"https:\\\/\\\/iraurgiberritzen.eus\\\/es\\\/#website\",\"url\":\"https:\\\/\\\/iraurgiberritzen.eus\\\/es\\\/\",\"name\":\"Iraurgi Berritzen\",\"description\":\"Urola Erdiko Garapen Agentzia\",\"publisher\":{\"@id\":\"https:\\\/\\\/iraurgiberritzen.eus\\\/es\\\/#organization\"},\"potentialAction\":[{\"@type\":\"SearchAction\",\"target\":{\"@type\":\"EntryPoint\",\"urlTemplate\":\"https:\\\/\\\/iraurgiberritzen.eus\\\/es\\\/?s={search_term_string}\"},\"query-input\":{\"@type\":\"PropertyValueSpecification\",\"valueRequired\":true,\"valueName\":\"search_term_string\"}}],\"inLanguage\":\"es\"},{\"@type\":\"Organization\",\"@id\":\"https:\\\/\\\/iraurgiberritzen.eus\\\/es\\\/#organization\",\"name\":\"Iraurgi Berritzen\",\"url\":\"https:\\\/\\\/iraurgiberritzen.eus\\\/es\\\/\",\"logo\":{\"@type\":\"ImageObject\",\"inLanguage\":\"es\",\"@id\":\"https:\\\/\\\/iraurgiberritzen.eus\\\/es\\\/#\\\/schema\\\/logo\\\/image\\\/\",\"url\":\"https:\\\/\\\/iraurgiberritzen.eus\\\/wp-content\\\/uploads\\\/2024\\\/02\\\/IRAURGI-BERRITZEN-logotipoa_2.png\",\"contentUrl\":\"https:\\\/\\\/iraurgiberritzen.eus\\\/wp-content\\\/uploads\\\/2024\\\/02\\\/IRAURGI-BERRITZEN-logotipoa_2.png\",\"width\":496,\"height\":190,\"caption\":\"Iraurgi Berritzen\"},\"image\":{\"@id\":\"https:\\\/\\\/iraurgiberritzen.eus\\\/es\\\/#\\\/schema\\\/logo\\\/image\\\/\"}},{\"@type\":\"Person\",\"@id\":\"https:\\\/\\\/iraurgiberritzen.eus\\\/es\\\/#\\\/schema\\\/person\\\/a32c9825b3e2bfcbe757a97f6a15c8a5\",\"name\":\"ainara\"}]}<\/script>\n<!-- \/ Yoast SEO plugin. -->","yoast_head_json":{"title":"Urola Erdia avanza en su estrategia de talento en colaboraci\u00f3n con empresas e instituciones - Iraurgi Berritzen","robots":{"index":"index","follow":"follow","max-snippet":"max-snippet:-1","max-image-preview":"max-image-preview:large","max-video-preview":"max-video-preview:-1"},"canonical":"https:\/\/iraurgiberritzen.eus\/es\/urola-erdiak-urrats-berria-eman-du-talentu-estrategian-enpresa-eta-erakundeekin-elkarlanean\/","og_locale":"es_ES","og_type":"article","og_title":"Urola Erdia avanza en su estrategia de talento en colaboraci\u00f3n con empresas e instituciones - Iraurgi Berritzen","og_description":"Se ha consensuado la hoja de ruta 2025-2030, impulsando una estrategia compartida para atraer y retener el talento en la comarca. Desde Iraurgi Berritzen se ha dado un paso importante en el reto compartido de fortalecer la competitividad de nuestra comarca: la puesta en marcha del proyecto\u00a0 \u201cAtracci\u00f3n\u00a0de\u00a0Talento\u00a0en\u00a0Urola Erdia\u201d.\u00a0 Urola\u00a0Erdia\u00a0es una comarca\u00a0principalmente industrial, y el [&hellip;]","og_url":"https:\/\/iraurgiberritzen.eus\/es\/urola-erdiak-urrats-berria-eman-du-talentu-estrategian-enpresa-eta-erakundeekin-elkarlanean\/","og_site_name":"Iraurgi Berritzen","article_published_time":"2025-11-14T14:01:44+00:00","article_modified_time":"2025-11-14T14:35:23+00:00","author":"ainara","twitter_card":"summary_large_image","twitter_misc":{"Escrito por":"ainara","Tiempo de lectura":"3 minutos"},"schema":{"@context":"https:\/\/schema.org","@graph":[{"@type":"Article","@id":"https:\/\/iraurgiberritzen.eus\/es\/urola-erdiak-urrats-berria-eman-du-talentu-estrategian-enpresa-eta-erakundeekin-elkarlanean\/#article","isPartOf":{"@id":"https:\/\/iraurgiberritzen.eus\/es\/urola-erdiak-urrats-berria-eman-du-talentu-estrategian-enpresa-eta-erakundeekin-elkarlanean\/"},"author":{"name":"ainara","@id":"https:\/\/iraurgiberritzen.eus\/es\/#\/schema\/person\/a32c9825b3e2bfcbe757a97f6a15c8a5"},"headline":"Urola Erdia avanza en su estrategia de talento en colaboraci\u00f3n con empresas e instituciones","datePublished":"2025-11-14T14:01:44+00:00","dateModified":"2025-11-14T14:35:23+00:00","mainEntityOfPage":{"@id":"https:\/\/iraurgiberritzen.eus\/es\/urola-erdiak-urrats-berria-eman-du-talentu-estrategian-enpresa-eta-erakundeekin-elkarlanean\/"},"wordCount":376,"publisher":{"@id":"https:\/\/iraurgiberritzen.eus\/es\/#organization"},"image":{"@id":"https:\/\/iraurgiberritzen.eus\/es\/urola-erdiak-urrats-berria-eman-du-talentu-estrategian-enpresa-eta-erakundeekin-elkarlanean\/#primaryimage"},"thumbnailUrl":"https:\/\/iraurgiberritzen.eus\/wp-content\/uploads\/2025\/11\/IMG_7425-scaled.jpg","articleSection":["Noticias"],"inLanguage":"es"},{"@type":"WebPage","@id":"https:\/\/iraurgiberritzen.eus\/es\/urola-erdiak-urrats-berria-eman-du-talentu-estrategian-enpresa-eta-erakundeekin-elkarlanean\/","url":"https:\/\/iraurgiberritzen.eus\/es\/urola-erdiak-urrats-berria-eman-du-talentu-estrategian-enpresa-eta-erakundeekin-elkarlanean\/","name":"Urola Erdia avanza en su estrategia de talento en colaboraci\u00f3n con empresas e instituciones - Iraurgi Berritzen","isPartOf":{"@id":"https:\/\/iraurgiberritzen.eus\/es\/#website"},"primaryImageOfPage":{"@id":"https:\/\/iraurgiberritzen.eus\/es\/urola-erdiak-urrats-berria-eman-du-talentu-estrategian-enpresa-eta-erakundeekin-elkarlanean\/#primaryimage"},"image":{"@id":"https:\/\/iraurgiberritzen.eus\/es\/urola-erdiak-urrats-berria-eman-du-talentu-estrategian-enpresa-eta-erakundeekin-elkarlanean\/#primaryimage"},"thumbnailUrl":"https:\/\/iraurgiberritzen.eus\/wp-content\/uploads\/2025\/11\/IMG_7425-scaled.jpg","datePublished":"2025-11-14T14:01:44+00:00","dateModified":"2025-11-14T14:35:23+00:00","breadcrumb":{"@id":"https:\/\/iraurgiberritzen.eus\/es\/urola-erdiak-urrats-berria-eman-du-talentu-estrategian-enpresa-eta-erakundeekin-elkarlanean\/#breadcrumb"},"inLanguage":"es","potentialAction":[{"@type":"ReadAction","target":["https:\/\/iraurgiberritzen.eus\/es\/urola-erdiak-urrats-berria-eman-du-talentu-estrategian-enpresa-eta-erakundeekin-elkarlanean\/"]}]},{"@type":"ImageObject","inLanguage":"es","@id":"https:\/\/iraurgiberritzen.eus\/es\/urola-erdiak-urrats-berria-eman-du-talentu-estrategian-enpresa-eta-erakundeekin-elkarlanean\/#primaryimage","url":"https:\/\/iraurgiberritzen.eus\/wp-content\/uploads\/2025\/11\/IMG_7425-scaled.jpg","contentUrl":"https:\/\/iraurgiberritzen.eus\/wp-content\/uploads\/2025\/11\/IMG_7425-scaled.jpg","width":2560,"height":1920},{"@type":"BreadcrumbList","@id":"https:\/\/iraurgiberritzen.eus\/es\/urola-erdiak-urrats-berria-eman-du-talentu-estrategian-enpresa-eta-erakundeekin-elkarlanean\/#breadcrumb","itemListElement":[{"@type":"ListItem","position":1,"name":"Home","item":"https:\/\/iraurgiberritzen.eus\/es\/"},{"@type":"ListItem","position":2,"name":"Urola Erdia avanza en su estrategia de talento en colaboraci\u00f3n con empresas e instituciones"}]},{"@type":"WebSite","@id":"https:\/\/iraurgiberritzen.eus\/es\/#website","url":"https:\/\/iraurgiberritzen.eus\/es\/","name":"Iraurgi Berritzen","description":"Urola Erdiko Garapen Agentzia","publisher":{"@id":"https:\/\/iraurgiberritzen.eus\/es\/#organization"},"potentialAction":[{"@type":"SearchAction","target":{"@type":"EntryPoint","urlTemplate":"https:\/\/iraurgiberritzen.eus\/es\/?s={search_term_string}"},"query-input":{"@type":"PropertyValueSpecification","valueRequired":true,"valueName":"search_term_string"}}],"inLanguage":"es"},{"@type":"Organization","@id":"https:\/\/iraurgiberritzen.eus\/es\/#organization","name":"Iraurgi Berritzen","url":"https:\/\/iraurgiberritzen.eus\/es\/","logo":{"@type":"ImageObject","inLanguage":"es","@id":"https:\/\/iraurgiberritzen.eus\/es\/#\/schema\/logo\/image\/","url":"https:\/\/iraurgiberritzen.eus\/wp-content\/uploads\/2024\/02\/IRAURGI-BERRITZEN-logotipoa_2.png","contentUrl":"https:\/\/iraurgiberritzen.eus\/wp-content\/uploads\/2024\/02\/IRAURGI-BERRITZEN-logotipoa_2.png","width":496,"height":190,"caption":"Iraurgi Berritzen"},"image":{"@id":"https:\/\/iraurgiberritzen.eus\/es\/#\/schema\/logo\/image\/"}},{"@type":"Person","@id":"https:\/\/iraurgiberritzen.eus\/es\/#\/schema\/person\/a32c9825b3e2bfcbe757a97f6a15c8a5","name":"ainara"}]}},"_links":{"self":[{"href":"https:\/\/iraurgiberritzen.eus\/es\/wp-json\/wp\/v2\/posts\/25250","targetHints":{"allow":["GET"]}}],"collection":[{"href":"https:\/\/iraurgiberritzen.eus\/es\/wp-json\/wp\/v2\/posts"}],"about":[{"href":"https:\/\/iraurgiberritzen.eus\/es\/wp-json\/wp\/v2\/types\/post"}],"author":[{"embeddable":true,"href":"https:\/\/iraurgiberritzen.eus\/es\/wp-json\/wp\/v2\/users\/4"}],"replies":[{"embeddable":true,"href":"https:\/\/iraurgiberritzen.eus\/es\/wp-json\/wp\/v2\/comments?post=25250"}],"version-history":[{"count":12,"href":"https:\/\/iraurgiberritzen.eus\/es\/wp-json\/wp\/v2\/posts\/25250\/revisions"}],"predecessor-version":[{"id":25273,"href":"https:\/\/iraurgiberritzen.eus\/es\/wp-json\/wp\/v2\/posts\/25250\/revisions\/25273"}],"wp:featuredmedia":[{"embeddable":true,"href":"https:\/\/iraurgiberritzen.eus\/es\/wp-json\/wp\/v2\/media\/25251"}],"wp:attachment":[{"href":"https:\/\/iraurgiberritzen.eus\/es\/wp-json\/wp\/v2\/media?parent=25250"}],"wp:term":[{"taxonomy":"category","embeddable":true,"href":"https:\/\/iraurgiberritzen.eus\/es\/wp-json\/wp\/v2\/categories?post=25250"},{"taxonomy":"post_tag","embeddable":true,"href":"https:\/\/iraurgiberritzen.eus\/es\/wp-json\/wp\/v2\/tags?post=25250"}],"curies":[{"name":"wp","href":"https:\/\/api.w.org\/{rel}","templated":true}]}}