{"id":25291,"date":"2025-11-20T13:52:07","date_gmt":"2025-11-20T11:52:07","guid":{"rendered":"https:\/\/iraurgiberritzen.eus\/?p=25291"},"modified":"2025-11-20T14:00:59","modified_gmt":"2025-11-20T12:00:59","slug":"colaboracion-entre-las-empresas-industriales-de-urola-erdia-y-la-diputacion","status":"publish","type":"post","link":"https:\/\/iraurgiberritzen.eus\/es\/colaboracion-entre-las-empresas-industriales-de-urola-erdia-y-la-diputacion\/","title":{"rendered":"Colaboraci\u00f3n entre las empresas industriales de Urola Erdia y la Diputaci\u00f3n"},"content":{"rendered":"<h5><b><i><span data-contrast=\"auto\">En el encuentro celebrado hoy en Azpeitia, ambas partes han tenido la oportunidad de reforzar el di\u00e1logo y la colaboraci\u00f3n p\u00fablico-privada.<\/span><\/i><\/b><span data-ccp-props=\"{&quot;134233117&quot;:true,&quot;134233118&quot;:true}\">\u00a0<\/span><\/h5>\n<p><span data-contrast=\"auto\">En el marco del \u00c1rea de Industria de\u00a0Iraurgi\u00a0Berritzen, hoy ha tenido lugar en el Palacio\u00a0Basazabal\u00a0de Azpeitia la tercera y \u00faltima reuni\u00f3n de trabajo anual de representantes de\u00a0Enpresa\u00a0Gunea\u00a0de\u00a0Urola\u00a0Erdia. Al encuentro han asistido representantes de\u00a0<\/span><b><span data-contrast=\"auto\">17 empresas industriales de la comarca<\/span><\/b><span data-contrast=\"auto\">, as\u00ed como el diputado de\u00a0<\/span><b><span data-contrast=\"auto\">Promoci\u00f3n Econ\u00f3mica y Proyectos Estrat\u00e9gicos de la Diputaci\u00f3n Foral de Gipuzkoa<\/span><\/b><span data-contrast=\"auto\">, Unai Andueza, y la\u00a0Directora\u00a0de\u00a0Promoci\u00f3n\u00a0Econom\u00eda, Amaia Arregi.<\/span><span data-ccp-props=\"{&quot;134233117&quot;:true,&quot;134233118&quot;:true}\">\u00a0<\/span><\/p>\n<p><span data-contrast=\"auto\">El objetivo principal del encuentro ha sido fomentar la interlocuci\u00f3n directa entre la Diputaci\u00f3n y las empresas, reforzar la colaboraci\u00f3n p\u00fablico-privada, compartir los nuevos programas p\u00fablicos de la instituci\u00f3n foral y recoger la situaci\u00f3n y prioridades de las empresas con el fin de impulsar el desarrollo econ\u00f3mico y la competitividad de la comarca.<\/span><span data-ccp-props=\"{&quot;134233117&quot;:true,&quot;134233118&quot;:true}\">\u00a0<\/span><\/p>\n<p><span data-contrast=\"auto\">Durante la mesa redonda, la Diputaci\u00f3n ha presentado las l\u00edneas y programas estrat\u00e9gicos que tiene en marcha dirigidos a las empresas (crecimiento empresarial, ayudas econ\u00f3micas, proyectos estrat\u00e9gicos&#8230;), mientras que las empresas han compartido su situaci\u00f3n socioecon\u00f3mica y los retos y preocupaciones que enfrentan en distintos \u00e1mbitos del entorno comarcal.<\/span><span data-ccp-props=\"{&quot;134233117&quot;:true,&quot;134233118&quot;:true}\">\u00a0<\/span><\/p>\n<p><span data-contrast=\"auto\">Esta colaboraci\u00f3n abre nuevas oportunidades para fortalecer el tejido industrial y desarrollar conjuntamente\u00a0proyectos de futuro.<\/span><span data-ccp-props=\"{&quot;134233117&quot;:true,&quot;134233118&quot;:true}\">\u00a0<\/span><\/p>\n<p><span data-contrast=\"auto\">Gracias a todas las personas participantes. Seguiremos trabajando conjuntamente para reforzar el futuro de nuestra comarca.<\/span><span data-ccp-props=\"{&quot;134233117&quot;:true,&quot;134233118&quot;:true}\">\u00a0<\/span><\/p>\n<p><span data-contrast=\"auto\">Empresas participantes:<\/span><span data-contrast=\"none\">\u00a0\u00a0\u00a0\u00a0\u00a0<\/span><\/p>\n<p><span data-contrast=\"none\"><img loading=\"lazy\" decoding=\"async\" class=\"wp-image-25294 aligncenter\" src=\"https:\/\/iraurgiberritzen.eus\/wp-content\/uploads\/2025\/11\/Captura-de-pantalla-2025-11-20-a-las-12.51.02-300x147.png\" alt=\"\" width=\"799\" height=\"391\" srcset=\"https:\/\/iraurgiberritzen.eus\/wp-content\/uploads\/2025\/11\/Captura-de-pantalla-2025-11-20-a-las-12.51.02-300x147.png 300w, https:\/\/iraurgiberritzen.eus\/wp-content\/uploads\/2025\/11\/Captura-de-pantalla-2025-11-20-a-las-12.51.02-1024x502.png 1024w, https:\/\/iraurgiberritzen.eus\/wp-content\/uploads\/2025\/11\/Captura-de-pantalla-2025-11-20-a-las-12.51.02-768x377.png 768w, https:\/\/iraurgiberritzen.eus\/wp-content\/uploads\/2025\/11\/Captura-de-pantalla-2025-11-20-a-las-12.51.02.png 1268w\" sizes=\"auto, (max-width: 799px) 100vw, 799px\" \/>\u00a0 \u00a0 \u00a0 \u00a0 \u00a0 \u00a0 \u00a0 \u00a0 \u00a0 \u00a0 \u00a0 \u00a0 \u00a0 \u00a0 <\/span><span data-ccp-props=\"{&quot;134233117&quot;:true,&quot;134233118&quot;:true,&quot;335551550&quot;:6,&quot;335551620&quot;:6}\">\u00a0<\/span><\/p>\n<p><span data-contrast=\"none\">\u00a0\u00a0\u00a0\u00a0\u00a0\u00a0\u00a0\u00a0\u00a0\u00a0\u00a0\u00a0\u00a0\u00a0\u00a0\u00a0\u00a0\u00a0\u00a0\u00a0\u00a0\u00a0\u00a0\u00a0\u00a0\u00a0\u00a0\u00a0\u00a0\u00a0\u00a0<\/span><span data-ccp-props=\"{}\">\u00a0<\/span><\/p>\n<p><span data-contrast=\"none\">\u00a0\u00a0\u00a0\u00a0\u00a0\u00a0\u00a0\u00a0\u00a0\u00a0\u00a0\u00a0\u00a0 \u00a0\u00a0\u00a0\u00a0\u00a0\u00a0\u00a0\u00a0\u00a0\u00a0\u00a0\u00a0\u00a0\u00a0\u00a0\u00a0\u00a0\u00a0\u00a0\u00a0\u00a0\u00a0\u00a0\u00a0\u00a0\u00a0\u00a0<\/span><\/p>\n","protected":false},"excerpt":{"rendered":"<p>En el encuentro celebrado hoy en Azpeitia, ambas partes han tenido la oportunidad de reforzar el di\u00e1logo y la colaboraci\u00f3n p\u00fablico-privada.\u00a0 En el marco del \u00c1rea de Industria de\u00a0Iraurgi\u00a0Berritzen, hoy ha tenido lugar en el Palacio\u00a0Basazabal\u00a0de Azpeitia la tercera y \u00faltima reuni\u00f3n de trabajo anual de representantes de\u00a0Enpresa\u00a0Gunea\u00a0de\u00a0Urola\u00a0Erdia. Al encuentro han asistido representantes de\u00a017 empresas [&hellip;]<\/p>\n","protected":false},"author":4,"featured_media":25287,"comment_status":"closed","ping_status":"closed","sticky":false,"template":"","format":"standard","meta":{"_acf_changed":false,"footnotes":""},"categories":[4],"tags":[],"class_list":["post-25291","post","type-post","status-publish","format-standard","has-post-thumbnail","hentry","category-noticias","arloak-enpresa"],"acf":[],"yoast_head":"<!-- This site is optimized with the Yoast SEO plugin v27.4 - https:\/\/yoast.com\/product\/yoast-seo-wordpress\/ -->\n<title>Colaboraci\u00f3n entre las empresas industriales de Urola Erdia y la Diputaci\u00f3n - Iraurgi Berritzen<\/title>\n<meta name=\"robots\" content=\"index, follow, max-snippet:-1, max-image-preview:large, max-video-preview:-1\" \/>\n<link rel=\"canonical\" href=\"https:\/\/iraurgiberritzen.eus\/es\/colaboracion-entre-las-empresas-industriales-de-urola-erdia-y-la-diputacion\/\" \/>\n<meta property=\"og:locale\" content=\"es_ES\" \/>\n<meta property=\"og:type\" content=\"article\" \/>\n<meta property=\"og:title\" content=\"Colaboraci\u00f3n entre las empresas industriales de Urola Erdia y la Diputaci\u00f3n - Iraurgi Berritzen\" \/>\n<meta property=\"og:description\" content=\"En el encuentro celebrado hoy en Azpeitia, ambas partes han tenido la oportunidad de reforzar el di\u00e1logo y la colaboraci\u00f3n p\u00fablico-privada.\u00a0 En el marco del \u00c1rea de Industria de\u00a0Iraurgi\u00a0Berritzen, hoy ha tenido lugar en el Palacio\u00a0Basazabal\u00a0de Azpeitia la tercera y \u00faltima reuni\u00f3n de trabajo anual de representantes de\u00a0Enpresa\u00a0Gunea\u00a0de\u00a0Urola\u00a0Erdia. Al encuentro han asistido representantes de\u00a017 empresas [&hellip;]\" \/>\n<meta property=\"og:url\" content=\"https:\/\/iraurgiberritzen.eus\/es\/colaboracion-entre-las-empresas-industriales-de-urola-erdia-y-la-diputacion\/\" \/>\n<meta property=\"og:site_name\" content=\"Iraurgi Berritzen\" \/>\n<meta property=\"article:published_time\" content=\"2025-11-20T11:52:07+00:00\" \/>\n<meta property=\"article:modified_time\" content=\"2025-11-20T12:00:59+00:00\" \/>\n<meta property=\"og:image\" content=\"https:\/\/iraurgiberritzen.eus\/wp-content\/uploads\/2025\/11\/WhatsApp-Image-2025-11-19-at-15.54.30-1-scaled.jpeg\" \/>\n\t<meta property=\"og:image:width\" content=\"2560\" \/>\n\t<meta property=\"og:image:height\" content=\"1920\" \/>\n\t<meta property=\"og:image:type\" content=\"image\/jpeg\" \/>\n<meta name=\"author\" content=\"ainara\" \/>\n<meta name=\"twitter:card\" content=\"summary_large_image\" \/>\n<meta name=\"twitter:label1\" content=\"Escrito por\" \/>\n\t<meta name=\"twitter:data1\" content=\"ainara\" \/>\n\t<meta name=\"twitter:label2\" content=\"Tiempo de lectura\" \/>\n\t<meta name=\"twitter:data2\" content=\"2 minutos\" \/>\n<script type=\"application\/ld+json\" class=\"yoast-schema-graph\">{\"@context\":\"https:\\\/\\\/schema.org\",\"@graph\":[{\"@type\":\"Article\",\"@id\":\"https:\\\/\\\/iraurgiberritzen.eus\\\/es\\\/colaboracion-entre-las-empresas-industriales-de-urola-erdia-y-la-diputacion\\\/#article\",\"isPartOf\":{\"@id\":\"https:\\\/\\\/iraurgiberritzen.eus\\\/es\\\/colaboracion-entre-las-empresas-industriales-de-urola-erdia-y-la-diputacion\\\/\"},\"author\":{\"name\":\"ainara\",\"@id\":\"https:\\\/\\\/iraurgiberritzen.eus\\\/es\\\/#\\\/schema\\\/person\\\/a32c9825b3e2bfcbe757a97f6a15c8a5\"},\"headline\":\"Colaboraci\u00f3n entre las empresas industriales de Urola Erdia y la Diputaci\u00f3n\",\"datePublished\":\"2025-11-20T11:52:07+00:00\",\"dateModified\":\"2025-11-20T12:00:59+00:00\",\"mainEntityOfPage\":{\"@id\":\"https:\\\/\\\/iraurgiberritzen.eus\\\/es\\\/colaboracion-entre-las-empresas-industriales-de-urola-erdia-y-la-diputacion\\\/\"},\"wordCount\":269,\"publisher\":{\"@id\":\"https:\\\/\\\/iraurgiberritzen.eus\\\/es\\\/#organization\"},\"image\":{\"@id\":\"https:\\\/\\\/iraurgiberritzen.eus\\\/es\\\/colaboracion-entre-las-empresas-industriales-de-urola-erdia-y-la-diputacion\\\/#primaryimage\"},\"thumbnailUrl\":\"https:\\\/\\\/iraurgiberritzen.eus\\\/wp-content\\\/uploads\\\/2025\\\/11\\\/WhatsApp-Image-2025-11-19-at-15.54.30-1-scaled.jpeg\",\"articleSection\":[\"Noticias\"],\"inLanguage\":\"es\"},{\"@type\":\"WebPage\",\"@id\":\"https:\\\/\\\/iraurgiberritzen.eus\\\/es\\\/colaboracion-entre-las-empresas-industriales-de-urola-erdia-y-la-diputacion\\\/\",\"url\":\"https:\\\/\\\/iraurgiberritzen.eus\\\/es\\\/colaboracion-entre-las-empresas-industriales-de-urola-erdia-y-la-diputacion\\\/\",\"name\":\"Colaboraci\u00f3n entre las empresas industriales de Urola Erdia y la Diputaci\u00f3n - Iraurgi Berritzen\",\"isPartOf\":{\"@id\":\"https:\\\/\\\/iraurgiberritzen.eus\\\/es\\\/#website\"},\"primaryImageOfPage\":{\"@id\":\"https:\\\/\\\/iraurgiberritzen.eus\\\/es\\\/colaboracion-entre-las-empresas-industriales-de-urola-erdia-y-la-diputacion\\\/#primaryimage\"},\"image\":{\"@id\":\"https:\\\/\\\/iraurgiberritzen.eus\\\/es\\\/colaboracion-entre-las-empresas-industriales-de-urola-erdia-y-la-diputacion\\\/#primaryimage\"},\"thumbnailUrl\":\"https:\\\/\\\/iraurgiberritzen.eus\\\/wp-content\\\/uploads\\\/2025\\\/11\\\/WhatsApp-Image-2025-11-19-at-15.54.30-1-scaled.jpeg\",\"datePublished\":\"2025-11-20T11:52:07+00:00\",\"dateModified\":\"2025-11-20T12:00:59+00:00\",\"breadcrumb\":{\"@id\":\"https:\\\/\\\/iraurgiberritzen.eus\\\/es\\\/colaboracion-entre-las-empresas-industriales-de-urola-erdia-y-la-diputacion\\\/#breadcrumb\"},\"inLanguage\":\"es\",\"potentialAction\":[{\"@type\":\"ReadAction\",\"target\":[\"https:\\\/\\\/iraurgiberritzen.eus\\\/es\\\/colaboracion-entre-las-empresas-industriales-de-urola-erdia-y-la-diputacion\\\/\"]}]},{\"@type\":\"ImageObject\",\"inLanguage\":\"es\",\"@id\":\"https:\\\/\\\/iraurgiberritzen.eus\\\/es\\\/colaboracion-entre-las-empresas-industriales-de-urola-erdia-y-la-diputacion\\\/#primaryimage\",\"url\":\"https:\\\/\\\/iraurgiberritzen.eus\\\/wp-content\\\/uploads\\\/2025\\\/11\\\/WhatsApp-Image-2025-11-19-at-15.54.30-1-scaled.jpeg\",\"contentUrl\":\"https:\\\/\\\/iraurgiberritzen.eus\\\/wp-content\\\/uploads\\\/2025\\\/11\\\/WhatsApp-Image-2025-11-19-at-15.54.30-1-scaled.jpeg\",\"width\":2560,\"height\":1920},{\"@type\":\"BreadcrumbList\",\"@id\":\"https:\\\/\\\/iraurgiberritzen.eus\\\/es\\\/colaboracion-entre-las-empresas-industriales-de-urola-erdia-y-la-diputacion\\\/#breadcrumb\",\"itemListElement\":[{\"@type\":\"ListItem\",\"position\":1,\"name\":\"Home\",\"item\":\"https:\\\/\\\/iraurgiberritzen.eus\\\/es\\\/\"},{\"@type\":\"ListItem\",\"position\":2,\"name\":\"Colaboraci\u00f3n entre las empresas industriales de Urola Erdia y la Diputaci\u00f3n\"}]},{\"@type\":\"WebSite\",\"@id\":\"https:\\\/\\\/iraurgiberritzen.eus\\\/es\\\/#website\",\"url\":\"https:\\\/\\\/iraurgiberritzen.eus\\\/es\\\/\",\"name\":\"Iraurgi Berritzen\",\"description\":\"Urola Erdiko Garapen Agentzia\",\"publisher\":{\"@id\":\"https:\\\/\\\/iraurgiberritzen.eus\\\/es\\\/#organization\"},\"potentialAction\":[{\"@type\":\"SearchAction\",\"target\":{\"@type\":\"EntryPoint\",\"urlTemplate\":\"https:\\\/\\\/iraurgiberritzen.eus\\\/es\\\/?s={search_term_string}\"},\"query-input\":{\"@type\":\"PropertyValueSpecification\",\"valueRequired\":true,\"valueName\":\"search_term_string\"}}],\"inLanguage\":\"es\"},{\"@type\":\"Organization\",\"@id\":\"https:\\\/\\\/iraurgiberritzen.eus\\\/es\\\/#organization\",\"name\":\"Iraurgi Berritzen\",\"url\":\"https:\\\/\\\/iraurgiberritzen.eus\\\/es\\\/\",\"logo\":{\"@type\":\"ImageObject\",\"inLanguage\":\"es\",\"@id\":\"https:\\\/\\\/iraurgiberritzen.eus\\\/es\\\/#\\\/schema\\\/logo\\\/image\\\/\",\"url\":\"https:\\\/\\\/iraurgiberritzen.eus\\\/wp-content\\\/uploads\\\/2024\\\/02\\\/IRAURGI-BERRITZEN-logotipoa_2.png\",\"contentUrl\":\"https:\\\/\\\/iraurgiberritzen.eus\\\/wp-content\\\/uploads\\\/2024\\\/02\\\/IRAURGI-BERRITZEN-logotipoa_2.png\",\"width\":496,\"height\":190,\"caption\":\"Iraurgi Berritzen\"},\"image\":{\"@id\":\"https:\\\/\\\/iraurgiberritzen.eus\\\/es\\\/#\\\/schema\\\/logo\\\/image\\\/\"}},{\"@type\":\"Person\",\"@id\":\"https:\\\/\\\/iraurgiberritzen.eus\\\/es\\\/#\\\/schema\\\/person\\\/a32c9825b3e2bfcbe757a97f6a15c8a5\",\"name\":\"ainara\"}]}<\/script>\n<!-- \/ Yoast SEO plugin. -->","yoast_head_json":{"title":"Colaboraci\u00f3n entre las empresas industriales de Urola Erdia y la Diputaci\u00f3n - Iraurgi Berritzen","robots":{"index":"index","follow":"follow","max-snippet":"max-snippet:-1","max-image-preview":"max-image-preview:large","max-video-preview":"max-video-preview:-1"},"canonical":"https:\/\/iraurgiberritzen.eus\/es\/colaboracion-entre-las-empresas-industriales-de-urola-erdia-y-la-diputacion\/","og_locale":"es_ES","og_type":"article","og_title":"Colaboraci\u00f3n entre las empresas industriales de Urola Erdia y la Diputaci\u00f3n - Iraurgi Berritzen","og_description":"En el encuentro celebrado hoy en Azpeitia, ambas partes han tenido la oportunidad de reforzar el di\u00e1logo y la colaboraci\u00f3n p\u00fablico-privada.\u00a0 En el marco del \u00c1rea de Industria de\u00a0Iraurgi\u00a0Berritzen, hoy ha tenido lugar en el Palacio\u00a0Basazabal\u00a0de Azpeitia la tercera y \u00faltima reuni\u00f3n de trabajo anual de representantes de\u00a0Enpresa\u00a0Gunea\u00a0de\u00a0Urola\u00a0Erdia. Al encuentro han asistido representantes de\u00a017 empresas [&hellip;]","og_url":"https:\/\/iraurgiberritzen.eus\/es\/colaboracion-entre-las-empresas-industriales-de-urola-erdia-y-la-diputacion\/","og_site_name":"Iraurgi Berritzen","article_published_time":"2025-11-20T11:52:07+00:00","article_modified_time":"2025-11-20T12:00:59+00:00","og_image":[{"width":2560,"height":1920,"url":"https:\/\/iraurgiberritzen.eus\/wp-content\/uploads\/2025\/11\/WhatsApp-Image-2025-11-19-at-15.54.30-1-scaled.jpeg","type":"image\/jpeg"}],"author":"ainara","twitter_card":"summary_large_image","twitter_misc":{"Escrito por":"ainara","Tiempo de lectura":"2 minutos"},"schema":{"@context":"https:\/\/schema.org","@graph":[{"@type":"Article","@id":"https:\/\/iraurgiberritzen.eus\/es\/colaboracion-entre-las-empresas-industriales-de-urola-erdia-y-la-diputacion\/#article","isPartOf":{"@id":"https:\/\/iraurgiberritzen.eus\/es\/colaboracion-entre-las-empresas-industriales-de-urola-erdia-y-la-diputacion\/"},"author":{"name":"ainara","@id":"https:\/\/iraurgiberritzen.eus\/es\/#\/schema\/person\/a32c9825b3e2bfcbe757a97f6a15c8a5"},"headline":"Colaboraci\u00f3n entre las empresas industriales de Urola Erdia y la Diputaci\u00f3n","datePublished":"2025-11-20T11:52:07+00:00","dateModified":"2025-11-20T12:00:59+00:00","mainEntityOfPage":{"@id":"https:\/\/iraurgiberritzen.eus\/es\/colaboracion-entre-las-empresas-industriales-de-urola-erdia-y-la-diputacion\/"},"wordCount":269,"publisher":{"@id":"https:\/\/iraurgiberritzen.eus\/es\/#organization"},"image":{"@id":"https:\/\/iraurgiberritzen.eus\/es\/colaboracion-entre-las-empresas-industriales-de-urola-erdia-y-la-diputacion\/#primaryimage"},"thumbnailUrl":"https:\/\/iraurgiberritzen.eus\/wp-content\/uploads\/2025\/11\/WhatsApp-Image-2025-11-19-at-15.54.30-1-scaled.jpeg","articleSection":["Noticias"],"inLanguage":"es"},{"@type":"WebPage","@id":"https:\/\/iraurgiberritzen.eus\/es\/colaboracion-entre-las-empresas-industriales-de-urola-erdia-y-la-diputacion\/","url":"https:\/\/iraurgiberritzen.eus\/es\/colaboracion-entre-las-empresas-industriales-de-urola-erdia-y-la-diputacion\/","name":"Colaboraci\u00f3n entre las empresas industriales de Urola Erdia y la Diputaci\u00f3n - Iraurgi Berritzen","isPartOf":{"@id":"https:\/\/iraurgiberritzen.eus\/es\/#website"},"primaryImageOfPage":{"@id":"https:\/\/iraurgiberritzen.eus\/es\/colaboracion-entre-las-empresas-industriales-de-urola-erdia-y-la-diputacion\/#primaryimage"},"image":{"@id":"https:\/\/iraurgiberritzen.eus\/es\/colaboracion-entre-las-empresas-industriales-de-urola-erdia-y-la-diputacion\/#primaryimage"},"thumbnailUrl":"https:\/\/iraurgiberritzen.eus\/wp-content\/uploads\/2025\/11\/WhatsApp-Image-2025-11-19-at-15.54.30-1-scaled.jpeg","datePublished":"2025-11-20T11:52:07+00:00","dateModified":"2025-11-20T12:00:59+00:00","breadcrumb":{"@id":"https:\/\/iraurgiberritzen.eus\/es\/colaboracion-entre-las-empresas-industriales-de-urola-erdia-y-la-diputacion\/#breadcrumb"},"inLanguage":"es","potentialAction":[{"@type":"ReadAction","target":["https:\/\/iraurgiberritzen.eus\/es\/colaboracion-entre-las-empresas-industriales-de-urola-erdia-y-la-diputacion\/"]}]},{"@type":"ImageObject","inLanguage":"es","@id":"https:\/\/iraurgiberritzen.eus\/es\/colaboracion-entre-las-empresas-industriales-de-urola-erdia-y-la-diputacion\/#primaryimage","url":"https:\/\/iraurgiberritzen.eus\/wp-content\/uploads\/2025\/11\/WhatsApp-Image-2025-11-19-at-15.54.30-1-scaled.jpeg","contentUrl":"https:\/\/iraurgiberritzen.eus\/wp-content\/uploads\/2025\/11\/WhatsApp-Image-2025-11-19-at-15.54.30-1-scaled.jpeg","width":2560,"height":1920},{"@type":"BreadcrumbList","@id":"https:\/\/iraurgiberritzen.eus\/es\/colaboracion-entre-las-empresas-industriales-de-urola-erdia-y-la-diputacion\/#breadcrumb","itemListElement":[{"@type":"ListItem","position":1,"name":"Home","item":"https:\/\/iraurgiberritzen.eus\/es\/"},{"@type":"ListItem","position":2,"name":"Colaboraci\u00f3n entre las empresas industriales de Urola Erdia y la Diputaci\u00f3n"}]},{"@type":"WebSite","@id":"https:\/\/iraurgiberritzen.eus\/es\/#website","url":"https:\/\/iraurgiberritzen.eus\/es\/","name":"Iraurgi Berritzen","description":"Urola Erdiko Garapen Agentzia","publisher":{"@id":"https:\/\/iraurgiberritzen.eus\/es\/#organization"},"potentialAction":[{"@type":"SearchAction","target":{"@type":"EntryPoint","urlTemplate":"https:\/\/iraurgiberritzen.eus\/es\/?s={search_term_string}"},"query-input":{"@type":"PropertyValueSpecification","valueRequired":true,"valueName":"search_term_string"}}],"inLanguage":"es"},{"@type":"Organization","@id":"https:\/\/iraurgiberritzen.eus\/es\/#organization","name":"Iraurgi Berritzen","url":"https:\/\/iraurgiberritzen.eus\/es\/","logo":{"@type":"ImageObject","inLanguage":"es","@id":"https:\/\/iraurgiberritzen.eus\/es\/#\/schema\/logo\/image\/","url":"https:\/\/iraurgiberritzen.eus\/wp-content\/uploads\/2024\/02\/IRAURGI-BERRITZEN-logotipoa_2.png","contentUrl":"https:\/\/iraurgiberritzen.eus\/wp-content\/uploads\/2024\/02\/IRAURGI-BERRITZEN-logotipoa_2.png","width":496,"height":190,"caption":"Iraurgi Berritzen"},"image":{"@id":"https:\/\/iraurgiberritzen.eus\/es\/#\/schema\/logo\/image\/"}},{"@type":"Person","@id":"https:\/\/iraurgiberritzen.eus\/es\/#\/schema\/person\/a32c9825b3e2bfcbe757a97f6a15c8a5","name":"ainara"}]}},"_links":{"self":[{"href":"https:\/\/iraurgiberritzen.eus\/es\/wp-json\/wp\/v2\/posts\/25291","targetHints":{"allow":["GET"]}}],"collection":[{"href":"https:\/\/iraurgiberritzen.eus\/es\/wp-json\/wp\/v2\/posts"}],"about":[{"href":"https:\/\/iraurgiberritzen.eus\/es\/wp-json\/wp\/v2\/types\/post"}],"author":[{"embeddable":true,"href":"https:\/\/iraurgiberritzen.eus\/es\/wp-json\/wp\/v2\/users\/4"}],"replies":[{"embeddable":true,"href":"https:\/\/iraurgiberritzen.eus\/es\/wp-json\/wp\/v2\/comments?post=25291"}],"version-history":[{"count":2,"href":"https:\/\/iraurgiberritzen.eus\/es\/wp-json\/wp\/v2\/posts\/25291\/revisions"}],"predecessor-version":[{"id":25303,"href":"https:\/\/iraurgiberritzen.eus\/es\/wp-json\/wp\/v2\/posts\/25291\/revisions\/25303"}],"wp:featuredmedia":[{"embeddable":true,"href":"https:\/\/iraurgiberritzen.eus\/es\/wp-json\/wp\/v2\/media\/25287"}],"wp:attachment":[{"href":"https:\/\/iraurgiberritzen.eus\/es\/wp-json\/wp\/v2\/media?parent=25291"}],"wp:term":[{"taxonomy":"category","embeddable":true,"href":"https:\/\/iraurgiberritzen.eus\/es\/wp-json\/wp\/v2\/categories?post=25291"},{"taxonomy":"post_tag","embeddable":true,"href":"https:\/\/iraurgiberritzen.eus\/es\/wp-json\/wp\/v2\/tags?post=25291"}],"curies":[{"name":"wp","href":"https:\/\/api.w.org\/{rel}","templated":true}]}}