{"id":25309,"date":"2025-11-20T16:28:08","date_gmt":"2025-11-20T14:28:08","guid":{"rendered":"https:\/\/iraurgiberritzen.eus\/?p=25309"},"modified":"2025-11-20T16:32:46","modified_gmt":"2025-11-20T14:32:46","slug":"acompanando-a-los-centros-educativos-en-el-despliegue-de-las-estrategias","status":"publish","type":"post","link":"https:\/\/iraurgiberritzen.eus\/es\/acompanando-a-los-centros-educativos-en-el-despliegue-de-las-estrategias\/","title":{"rendered":"Acompa\u00f1ando a los centros educativos en el despliegue de las estrategias"},"content":{"rendered":"<p>Cuatro centros educativos de Urola Erdia &#8211; <strong>Azkoitia BHI, Izarraizpe Ikastola Publikoa, Ikasberri Azpeitiko Ikastola, e Iraurgi Ikatetxea<\/strong> &#8211; han sido los protagonistas del proceso de <strong>capacitaci\u00f3n Ikasiz<\/strong>. En \u00e9l han participado <strong>17 personas de los equipos directivos de los cuatro centros<\/strong>.<\/p>\n<p data-start=\"515\" data-end=\"864\">Durante los \u00faltimos meses, cada centro ha trabajado un <strong>proyecto espec\u00edfico e individualizado adaptado a sus propias necesidades y realidad concreta<\/strong>, con el acompa\u00f1amiento de Nerea Urcola. El objetivo principal ha sido <strong>capacitar a los miembros de los equipos directivos y avanzar en las l\u00edneas estrat\u00e9gicas que ya tienen en marcha<\/strong>.<\/p>\n<p data-start=\"866\" data-end=\"1065\"><em>\u00abEntre los temas abordados destacan procesos como la definici\u00f3n colectiva del car\u00e1cter del centro, la mejora del bienestar de personas o el avance en los sistemas de evaluaci\u00f3n del desempe\u00f1o docente&#8230;\u00bb<\/em><\/p>\n<p data-start=\"1067\" data-end=\"1255\">Esta experiencia se ha desarrollado bajo la <strong>coordinaci\u00f3n de Iraurgi Berritzen<\/strong> y la dinamizaci\u00f3n de <strong>Nerea Urcola<\/strong>, utilizando una <strong>metodolog\u00eda basada en el aprendizaje conjunto y la acci\u00f3n<\/strong>.<\/p>\n<p data-start=\"1257\" data-end=\"1409\">Los centros educativos han realizado una valoraci\u00f3n muy positiva del proceso\u2026<\/p>\n","protected":false},"excerpt":{"rendered":"<p>Cuatro centros educativos de Urola Erdia &#8211; Azkoitia BHI, Izarraizpe Ikastola Publikoa, Ikasberri Azpeitiko Ikastola, e Iraurgi Ikatetxea &#8211; han sido los protagonistas del proceso de capacitaci\u00f3n Ikasiz. En \u00e9l han participado 17 personas de los equipos directivos de los cuatro centros. Durante los \u00faltimos meses, cada centro ha trabajado un proyecto espec\u00edfico e individualizado [&hellip;]<\/p>\n","protected":false},"author":4,"featured_media":25307,"comment_status":"closed","ping_status":"closed","sticky":false,"template":"","format":"standard","meta":{"_acf_changed":false,"footnotes":""},"categories":[4],"tags":[],"class_list":["post-25309","post","type-post","status-publish","format-standard","has-post-thumbnail","hentry","category-noticias","arloak-educacion"],"acf":[],"yoast_head":"<!-- This site is optimized with the Yoast SEO plugin v27.4 - https:\/\/yoast.com\/product\/yoast-seo-wordpress\/ -->\n<title>Acompa\u00f1ando a los centros educativos en el despliegue de las estrategias - Iraurgi Berritzen<\/title>\n<meta name=\"robots\" content=\"index, follow, max-snippet:-1, max-image-preview:large, max-video-preview:-1\" \/>\n<link rel=\"canonical\" href=\"https:\/\/iraurgiberritzen.eus\/es\/acompanando-a-los-centros-educativos-en-el-despliegue-de-las-estrategias\/\" \/>\n<meta property=\"og:locale\" content=\"es_ES\" \/>\n<meta property=\"og:type\" content=\"article\" \/>\n<meta property=\"og:title\" content=\"Acompa\u00f1ando a los centros educativos en el despliegue de las estrategias - Iraurgi Berritzen\" \/>\n<meta property=\"og:description\" content=\"Cuatro centros educativos de Urola Erdia &#8211; Azkoitia BHI, Izarraizpe Ikastola Publikoa, Ikasberri Azpeitiko Ikastola, e Iraurgi Ikatetxea &#8211; han sido los protagonistas del proceso de capacitaci\u00f3n Ikasiz. En \u00e9l han participado 17 personas de los equipos directivos de los cuatro centros. Durante los \u00faltimos meses, cada centro ha trabajado un proyecto espec\u00edfico e individualizado [&hellip;]\" \/>\n<meta property=\"og:url\" content=\"https:\/\/iraurgiberritzen.eus\/es\/acompanando-a-los-centros-educativos-en-el-despliegue-de-las-estrategias\/\" \/>\n<meta property=\"og:site_name\" content=\"Iraurgi Berritzen\" \/>\n<meta property=\"article:published_time\" content=\"2025-11-20T14:28:08+00:00\" \/>\n<meta property=\"article:modified_time\" content=\"2025-11-20T14:32:46+00:00\" \/>\n<meta name=\"author\" content=\"ainara\" \/>\n<meta name=\"twitter:card\" content=\"summary_large_image\" \/>\n<meta name=\"twitter:label1\" content=\"Escrito por\" \/>\n\t<meta name=\"twitter:data1\" content=\"ainara\" \/>\n\t<meta name=\"twitter:label2\" content=\"Tiempo de lectura\" \/>\n\t<meta name=\"twitter:data2\" content=\"2 minutos\" \/>\n<script type=\"application\/ld+json\" class=\"yoast-schema-graph\">{\"@context\":\"https:\\\/\\\/schema.org\",\"@graph\":[{\"@type\":\"Article\",\"@id\":\"https:\\\/\\\/iraurgiberritzen.eus\\\/es\\\/acompanando-a-los-centros-educativos-en-el-despliegue-de-las-estrategias\\\/#article\",\"isPartOf\":{\"@id\":\"https:\\\/\\\/iraurgiberritzen.eus\\\/es\\\/acompanando-a-los-centros-educativos-en-el-despliegue-de-las-estrategias\\\/\"},\"author\":{\"name\":\"ainara\",\"@id\":\"https:\\\/\\\/iraurgiberritzen.eus\\\/es\\\/#\\\/schema\\\/person\\\/a32c9825b3e2bfcbe757a97f6a15c8a5\"},\"headline\":\"Acompa\u00f1ando a los centros educativos en el despliegue de las estrategias\",\"datePublished\":\"2025-11-20T14:28:08+00:00\",\"dateModified\":\"2025-11-20T14:32:46+00:00\",\"mainEntityOfPage\":{\"@id\":\"https:\\\/\\\/iraurgiberritzen.eus\\\/es\\\/acompanando-a-los-centros-educativos-en-el-despliegue-de-las-estrategias\\\/\"},\"wordCount\":188,\"publisher\":{\"@id\":\"https:\\\/\\\/iraurgiberritzen.eus\\\/es\\\/#organization\"},\"image\":{\"@id\":\"https:\\\/\\\/iraurgiberritzen.eus\\\/es\\\/acompanando-a-los-centros-educativos-en-el-despliegue-de-las-estrategias\\\/#primaryimage\"},\"thumbnailUrl\":\"https:\\\/\\\/iraurgiberritzen.eus\\\/wp-content\\\/uploads\\\/2025\\\/11\\\/IMG_4733-scaled.jpg\",\"articleSection\":[\"Noticias\"],\"inLanguage\":\"es\"},{\"@type\":\"WebPage\",\"@id\":\"https:\\\/\\\/iraurgiberritzen.eus\\\/es\\\/acompanando-a-los-centros-educativos-en-el-despliegue-de-las-estrategias\\\/\",\"url\":\"https:\\\/\\\/iraurgiberritzen.eus\\\/es\\\/acompanando-a-los-centros-educativos-en-el-despliegue-de-las-estrategias\\\/\",\"name\":\"Acompa\u00f1ando a los centros educativos en el despliegue de las estrategias - Iraurgi Berritzen\",\"isPartOf\":{\"@id\":\"https:\\\/\\\/iraurgiberritzen.eus\\\/es\\\/#website\"},\"primaryImageOfPage\":{\"@id\":\"https:\\\/\\\/iraurgiberritzen.eus\\\/es\\\/acompanando-a-los-centros-educativos-en-el-despliegue-de-las-estrategias\\\/#primaryimage\"},\"image\":{\"@id\":\"https:\\\/\\\/iraurgiberritzen.eus\\\/es\\\/acompanando-a-los-centros-educativos-en-el-despliegue-de-las-estrategias\\\/#primaryimage\"},\"thumbnailUrl\":\"https:\\\/\\\/iraurgiberritzen.eus\\\/wp-content\\\/uploads\\\/2025\\\/11\\\/IMG_4733-scaled.jpg\",\"datePublished\":\"2025-11-20T14:28:08+00:00\",\"dateModified\":\"2025-11-20T14:32:46+00:00\",\"breadcrumb\":{\"@id\":\"https:\\\/\\\/iraurgiberritzen.eus\\\/es\\\/acompanando-a-los-centros-educativos-en-el-despliegue-de-las-estrategias\\\/#breadcrumb\"},\"inLanguage\":\"es\",\"potentialAction\":[{\"@type\":\"ReadAction\",\"target\":[\"https:\\\/\\\/iraurgiberritzen.eus\\\/es\\\/acompanando-a-los-centros-educativos-en-el-despliegue-de-las-estrategias\\\/\"]}]},{\"@type\":\"ImageObject\",\"inLanguage\":\"es\",\"@id\":\"https:\\\/\\\/iraurgiberritzen.eus\\\/es\\\/acompanando-a-los-centros-educativos-en-el-despliegue-de-las-estrategias\\\/#primaryimage\",\"url\":\"https:\\\/\\\/iraurgiberritzen.eus\\\/wp-content\\\/uploads\\\/2025\\\/11\\\/IMG_4733-scaled.jpg\",\"contentUrl\":\"https:\\\/\\\/iraurgiberritzen.eus\\\/wp-content\\\/uploads\\\/2025\\\/11\\\/IMG_4733-scaled.jpg\",\"width\":2560,\"height\":1920},{\"@type\":\"BreadcrumbList\",\"@id\":\"https:\\\/\\\/iraurgiberritzen.eus\\\/es\\\/acompanando-a-los-centros-educativos-en-el-despliegue-de-las-estrategias\\\/#breadcrumb\",\"itemListElement\":[{\"@type\":\"ListItem\",\"position\":1,\"name\":\"Home\",\"item\":\"https:\\\/\\\/iraurgiberritzen.eus\\\/es\\\/\"},{\"@type\":\"ListItem\",\"position\":2,\"name\":\"Acompa\u00f1ando a los centros educativos en el despliegue de las estrategias\"}]},{\"@type\":\"WebSite\",\"@id\":\"https:\\\/\\\/iraurgiberritzen.eus\\\/es\\\/#website\",\"url\":\"https:\\\/\\\/iraurgiberritzen.eus\\\/es\\\/\",\"name\":\"Iraurgi Berritzen\",\"description\":\"Urola Erdiko Garapen Agentzia\",\"publisher\":{\"@id\":\"https:\\\/\\\/iraurgiberritzen.eus\\\/es\\\/#organization\"},\"potentialAction\":[{\"@type\":\"SearchAction\",\"target\":{\"@type\":\"EntryPoint\",\"urlTemplate\":\"https:\\\/\\\/iraurgiberritzen.eus\\\/es\\\/?s={search_term_string}\"},\"query-input\":{\"@type\":\"PropertyValueSpecification\",\"valueRequired\":true,\"valueName\":\"search_term_string\"}}],\"inLanguage\":\"es\"},{\"@type\":\"Organization\",\"@id\":\"https:\\\/\\\/iraurgiberritzen.eus\\\/es\\\/#organization\",\"name\":\"Iraurgi Berritzen\",\"url\":\"https:\\\/\\\/iraurgiberritzen.eus\\\/es\\\/\",\"logo\":{\"@type\":\"ImageObject\",\"inLanguage\":\"es\",\"@id\":\"https:\\\/\\\/iraurgiberritzen.eus\\\/es\\\/#\\\/schema\\\/logo\\\/image\\\/\",\"url\":\"https:\\\/\\\/iraurgiberritzen.eus\\\/wp-content\\\/uploads\\\/2024\\\/02\\\/IRAURGI-BERRITZEN-logotipoa_2.png\",\"contentUrl\":\"https:\\\/\\\/iraurgiberritzen.eus\\\/wp-content\\\/uploads\\\/2024\\\/02\\\/IRAURGI-BERRITZEN-logotipoa_2.png\",\"width\":496,\"height\":190,\"caption\":\"Iraurgi Berritzen\"},\"image\":{\"@id\":\"https:\\\/\\\/iraurgiberritzen.eus\\\/es\\\/#\\\/schema\\\/logo\\\/image\\\/\"}},{\"@type\":\"Person\",\"@id\":\"https:\\\/\\\/iraurgiberritzen.eus\\\/es\\\/#\\\/schema\\\/person\\\/a32c9825b3e2bfcbe757a97f6a15c8a5\",\"name\":\"ainara\"}]}<\/script>\n<!-- \/ Yoast SEO plugin. -->","yoast_head_json":{"title":"Acompa\u00f1ando a los centros educativos en el despliegue de las estrategias - Iraurgi Berritzen","robots":{"index":"index","follow":"follow","max-snippet":"max-snippet:-1","max-image-preview":"max-image-preview:large","max-video-preview":"max-video-preview:-1"},"canonical":"https:\/\/iraurgiberritzen.eus\/es\/acompanando-a-los-centros-educativos-en-el-despliegue-de-las-estrategias\/","og_locale":"es_ES","og_type":"article","og_title":"Acompa\u00f1ando a los centros educativos en el despliegue de las estrategias - Iraurgi Berritzen","og_description":"Cuatro centros educativos de Urola Erdia &#8211; Azkoitia BHI, Izarraizpe Ikastola Publikoa, Ikasberri Azpeitiko Ikastola, e Iraurgi Ikatetxea &#8211; han sido los protagonistas del proceso de capacitaci\u00f3n Ikasiz. En \u00e9l han participado 17 personas de los equipos directivos de los cuatro centros. Durante los \u00faltimos meses, cada centro ha trabajado un proyecto espec\u00edfico e individualizado [&hellip;]","og_url":"https:\/\/iraurgiberritzen.eus\/es\/acompanando-a-los-centros-educativos-en-el-despliegue-de-las-estrategias\/","og_site_name":"Iraurgi Berritzen","article_published_time":"2025-11-20T14:28:08+00:00","article_modified_time":"2025-11-20T14:32:46+00:00","author":"ainara","twitter_card":"summary_large_image","twitter_misc":{"Escrito por":"ainara","Tiempo de lectura":"2 minutos"},"schema":{"@context":"https:\/\/schema.org","@graph":[{"@type":"Article","@id":"https:\/\/iraurgiberritzen.eus\/es\/acompanando-a-los-centros-educativos-en-el-despliegue-de-las-estrategias\/#article","isPartOf":{"@id":"https:\/\/iraurgiberritzen.eus\/es\/acompanando-a-los-centros-educativos-en-el-despliegue-de-las-estrategias\/"},"author":{"name":"ainara","@id":"https:\/\/iraurgiberritzen.eus\/es\/#\/schema\/person\/a32c9825b3e2bfcbe757a97f6a15c8a5"},"headline":"Acompa\u00f1ando a los centros educativos en el despliegue de las estrategias","datePublished":"2025-11-20T14:28:08+00:00","dateModified":"2025-11-20T14:32:46+00:00","mainEntityOfPage":{"@id":"https:\/\/iraurgiberritzen.eus\/es\/acompanando-a-los-centros-educativos-en-el-despliegue-de-las-estrategias\/"},"wordCount":188,"publisher":{"@id":"https:\/\/iraurgiberritzen.eus\/es\/#organization"},"image":{"@id":"https:\/\/iraurgiberritzen.eus\/es\/acompanando-a-los-centros-educativos-en-el-despliegue-de-las-estrategias\/#primaryimage"},"thumbnailUrl":"https:\/\/iraurgiberritzen.eus\/wp-content\/uploads\/2025\/11\/IMG_4733-scaled.jpg","articleSection":["Noticias"],"inLanguage":"es"},{"@type":"WebPage","@id":"https:\/\/iraurgiberritzen.eus\/es\/acompanando-a-los-centros-educativos-en-el-despliegue-de-las-estrategias\/","url":"https:\/\/iraurgiberritzen.eus\/es\/acompanando-a-los-centros-educativos-en-el-despliegue-de-las-estrategias\/","name":"Acompa\u00f1ando a los centros educativos en el despliegue de las estrategias - Iraurgi Berritzen","isPartOf":{"@id":"https:\/\/iraurgiberritzen.eus\/es\/#website"},"primaryImageOfPage":{"@id":"https:\/\/iraurgiberritzen.eus\/es\/acompanando-a-los-centros-educativos-en-el-despliegue-de-las-estrategias\/#primaryimage"},"image":{"@id":"https:\/\/iraurgiberritzen.eus\/es\/acompanando-a-los-centros-educativos-en-el-despliegue-de-las-estrategias\/#primaryimage"},"thumbnailUrl":"https:\/\/iraurgiberritzen.eus\/wp-content\/uploads\/2025\/11\/IMG_4733-scaled.jpg","datePublished":"2025-11-20T14:28:08+00:00","dateModified":"2025-11-20T14:32:46+00:00","breadcrumb":{"@id":"https:\/\/iraurgiberritzen.eus\/es\/acompanando-a-los-centros-educativos-en-el-despliegue-de-las-estrategias\/#breadcrumb"},"inLanguage":"es","potentialAction":[{"@type":"ReadAction","target":["https:\/\/iraurgiberritzen.eus\/es\/acompanando-a-los-centros-educativos-en-el-despliegue-de-las-estrategias\/"]}]},{"@type":"ImageObject","inLanguage":"es","@id":"https:\/\/iraurgiberritzen.eus\/es\/acompanando-a-los-centros-educativos-en-el-despliegue-de-las-estrategias\/#primaryimage","url":"https:\/\/iraurgiberritzen.eus\/wp-content\/uploads\/2025\/11\/IMG_4733-scaled.jpg","contentUrl":"https:\/\/iraurgiberritzen.eus\/wp-content\/uploads\/2025\/11\/IMG_4733-scaled.jpg","width":2560,"height":1920},{"@type":"BreadcrumbList","@id":"https:\/\/iraurgiberritzen.eus\/es\/acompanando-a-los-centros-educativos-en-el-despliegue-de-las-estrategias\/#breadcrumb","itemListElement":[{"@type":"ListItem","position":1,"name":"Home","item":"https:\/\/iraurgiberritzen.eus\/es\/"},{"@type":"ListItem","position":2,"name":"Acompa\u00f1ando a los centros educativos en el despliegue de las estrategias"}]},{"@type":"WebSite","@id":"https:\/\/iraurgiberritzen.eus\/es\/#website","url":"https:\/\/iraurgiberritzen.eus\/es\/","name":"Iraurgi Berritzen","description":"Urola Erdiko Garapen Agentzia","publisher":{"@id":"https:\/\/iraurgiberritzen.eus\/es\/#organization"},"potentialAction":[{"@type":"SearchAction","target":{"@type":"EntryPoint","urlTemplate":"https:\/\/iraurgiberritzen.eus\/es\/?s={search_term_string}"},"query-input":{"@type":"PropertyValueSpecification","valueRequired":true,"valueName":"search_term_string"}}],"inLanguage":"es"},{"@type":"Organization","@id":"https:\/\/iraurgiberritzen.eus\/es\/#organization","name":"Iraurgi Berritzen","url":"https:\/\/iraurgiberritzen.eus\/es\/","logo":{"@type":"ImageObject","inLanguage":"es","@id":"https:\/\/iraurgiberritzen.eus\/es\/#\/schema\/logo\/image\/","url":"https:\/\/iraurgiberritzen.eus\/wp-content\/uploads\/2024\/02\/IRAURGI-BERRITZEN-logotipoa_2.png","contentUrl":"https:\/\/iraurgiberritzen.eus\/wp-content\/uploads\/2024\/02\/IRAURGI-BERRITZEN-logotipoa_2.png","width":496,"height":190,"caption":"Iraurgi Berritzen"},"image":{"@id":"https:\/\/iraurgiberritzen.eus\/es\/#\/schema\/logo\/image\/"}},{"@type":"Person","@id":"https:\/\/iraurgiberritzen.eus\/es\/#\/schema\/person\/a32c9825b3e2bfcbe757a97f6a15c8a5","name":"ainara"}]}},"_links":{"self":[{"href":"https:\/\/iraurgiberritzen.eus\/es\/wp-json\/wp\/v2\/posts\/25309","targetHints":{"allow":["GET"]}}],"collection":[{"href":"https:\/\/iraurgiberritzen.eus\/es\/wp-json\/wp\/v2\/posts"}],"about":[{"href":"https:\/\/iraurgiberritzen.eus\/es\/wp-json\/wp\/v2\/types\/post"}],"author":[{"embeddable":true,"href":"https:\/\/iraurgiberritzen.eus\/es\/wp-json\/wp\/v2\/users\/4"}],"replies":[{"embeddable":true,"href":"https:\/\/iraurgiberritzen.eus\/es\/wp-json\/wp\/v2\/comments?post=25309"}],"version-history":[{"count":3,"href":"https:\/\/iraurgiberritzen.eus\/es\/wp-json\/wp\/v2\/posts\/25309\/revisions"}],"predecessor-version":[{"id":25315,"href":"https:\/\/iraurgiberritzen.eus\/es\/wp-json\/wp\/v2\/posts\/25309\/revisions\/25315"}],"wp:featuredmedia":[{"embeddable":true,"href":"https:\/\/iraurgiberritzen.eus\/es\/wp-json\/wp\/v2\/media\/25307"}],"wp:attachment":[{"href":"https:\/\/iraurgiberritzen.eus\/es\/wp-json\/wp\/v2\/media?parent=25309"}],"wp:term":[{"taxonomy":"category","embeddable":true,"href":"https:\/\/iraurgiberritzen.eus\/es\/wp-json\/wp\/v2\/categories?post=25309"},{"taxonomy":"post_tag","embeddable":true,"href":"https:\/\/iraurgiberritzen.eus\/es\/wp-json\/wp\/v2\/tags?post=25309"}],"curies":[{"name":"wp","href":"https:\/\/api.w.org\/{rel}","templated":true}]}}