{"id":25345,"date":"2025-11-28T11:24:14","date_gmt":"2025-11-28T09:24:14","guid":{"rendered":"https:\/\/iraurgiberritzen.eus\/?p=25345"},"modified":"2025-12-03T21:05:21","modified_gmt":"2025-12-03T19:05:21","slug":"ib-sarea-impulsando-la-competitividad-y-la-innovacion-en-colaboracion","status":"publish","type":"post","link":"https:\/\/iraurgiberritzen.eus\/es\/ib-sarea-impulsando-la-competitividad-y-la-innovacion-en-colaboracion\/","title":{"rendered":"IB SAREA: Impulsando la Competitividad y la Innovaci\u00f3n en Colaboraci\u00f3n"},"content":{"rendered":"<p><span data-contrast=\"auto\">Ayer, se reunieron los representantes de las 7 \u00e1reas socioecon\u00f3micas que conforman IB SAREA en Urola Erdia, en la sesi\u00f3n de trabajo del Consejo de IB SAREA (Ayuntamientos, Industria, Educaci\u00f3n, Empleo, Emprendimiento, Turismo y Comercio). <\/span><span data-contrast=\"auto\">Este espacio permite <strong>promover el desarrollo estrat\u00e9gico de la comarca y reforzar la colaboraci\u00f3n entre los principales agentes socioecon\u00f3micos<\/strong>.<\/span><span data-ccp-props=\"{&quot;134233117&quot;:false,&quot;134233118&quot;:false,&quot;335551550&quot;:6,&quot;335551620&quot;:6,&quot;335559738&quot;:240,&quot;335559739&quot;:240}\">\u00a0<\/span><\/p>\n<p><span data-contrast=\"auto\">En el encuentro se ha realizado el seguimiento de la <strong>ejecuci\u00f3n del Plan Estrat\u00e9gico UE 22-27 de Urola Erdia, se han compartido datos sobre la situaci\u00f3n de la competitividad comarcal y se ha analizado el desarrollo de proyectos colaborativos entre diferentes \u00e1mbitos<\/strong>. Entre ellos, se han impulsado tres nuevas iniciativas en la comarca en colaboraci\u00f3n entre el \u00e1rea industrial, el comercio, el turismo y los ayuntamientos.<\/span><span data-ccp-props=\"{&quot;134233117&quot;:false,&quot;134233118&quot;:false,&quot;335551550&quot;:6,&quot;335551620&quot;:6,&quot;335559738&quot;:240,&quot;335559739&quot;:240}\">\u00a0<\/span><\/p>\n<p><span data-contrast=\"auto\">Un ejemplo de esta colaboraci\u00f3n son las empresas <\/span><b><span data-contrast=\"auto\">Ekintza Mekanizatuak<\/span><\/b><span data-contrast=\"auto\"> y <\/span><b><span data-contrast=\"auto\">Astigarraga Kit Line<\/span><\/b><span data-contrast=\"auto\">, que actualmente representan al GUNE industrial de la comarca en el Consejo de <\/span><b><span data-contrast=\"auto\">IB SAREA<\/span><\/b><span data-contrast=\"auto\">,<\/span><span data-contrast=\"auto\"> y han tomado la siguiente decisi\u00f3n: <\/span><b><span data-contrast=\"auto\">Errekauek<\/span><\/b><span data-contrast=\"auto\"> y <\/span><b><span data-contrast=\"auto\">Enkarguk<\/span><\/b><span data-contrast=\"auto\"> dar\u00e1n a conocer las iniciativas en sus instalaciones, para que las personas trabajadoras las conozcan y para fomentar el consumo responsable, reafirmando as\u00ed su compromiso con la comarca.<\/span><span data-ccp-props=\"{&quot;134233117&quot;:false,&quot;134233118&quot;:false,&quot;335551550&quot;:6,&quot;335551620&quot;:6,&quot;335559738&quot;:240,&quot;335559739&quot;:240}\">\u00a0<\/span><\/p>\n<p><span data-contrast=\"auto\">El Consejo de IB SAREA es un <strong>espacio estrat\u00e9gico basado en la gobernanza colaborativa para activar proyectos y fortalecer alianzas<\/strong>.<\/span><span data-ccp-props=\"{&quot;134233117&quot;:false,&quot;134233118&quot;:false,&quot;335551550&quot;:6,&quot;335551620&quot;:6,&quot;335559738&quot;:240,&quot;335559739&quot;:240}\">\u00a0<\/span><\/p>\n<p><span data-contrast=\"auto\">El objetivo es claro: <strong>construir el futuro de la comarca de manera colaborativa, fomentando la innovaci\u00f3n y el desarrollo sostenible<\/strong>.<\/span><span data-ccp-props=\"{&quot;134233117&quot;:false,&quot;134233118&quot;:false,&quot;335551550&quot;:6,&quot;335551620&quot;:6,&quot;335559738&quot;:240,&quot;335559739&quot;:240}\">\u00a0<\/span><\/p>\n","protected":false},"excerpt":{"rendered":"<p>Ayer, se reunieron los representantes de las 7 \u00e1reas socioecon\u00f3micas que conforman IB SAREA en Urola Erdia, en la sesi\u00f3n de trabajo del Consejo de IB SAREA (Ayuntamientos, Industria, Educaci\u00f3n, Empleo, Emprendimiento, Turismo y Comercio). Este espacio permite promover el desarrollo estrat\u00e9gico de la comarca y reforzar la colaboraci\u00f3n entre los principales agentes socioecon\u00f3micos.\u00a0 En [&hellip;]<\/p>\n","protected":false},"author":4,"featured_media":25336,"comment_status":"closed","ping_status":"closed","sticky":false,"template":"","format":"standard","meta":{"_acf_changed":false,"footnotes":""},"categories":[4],"tags":[],"class_list":["post-25345","post","type-post","status-publish","format-standard","has-post-thumbnail","hentry","category-noticias","arloak-desarrollo-local"],"acf":[],"yoast_head":"<!-- This site is optimized with the Yoast SEO plugin v27.4 - https:\/\/yoast.com\/product\/yoast-seo-wordpress\/ -->\n<title>IB SAREA: Impulsando la Competitividad y la Innovaci\u00f3n en Colaboraci\u00f3n - Iraurgi Berritzen<\/title>\n<meta name=\"robots\" content=\"index, follow, max-snippet:-1, max-image-preview:large, max-video-preview:-1\" \/>\n<link rel=\"canonical\" href=\"https:\/\/iraurgiberritzen.eus\/es\/ib-sarea-impulsando-la-competitividad-y-la-innovacion-en-colaboracion\/\" \/>\n<meta property=\"og:locale\" content=\"es_ES\" \/>\n<meta property=\"og:type\" content=\"article\" \/>\n<meta property=\"og:title\" content=\"IB SAREA: Impulsando la Competitividad y la Innovaci\u00f3n en Colaboraci\u00f3n - Iraurgi Berritzen\" \/>\n<meta property=\"og:description\" content=\"Ayer, se reunieron los representantes de las 7 \u00e1reas socioecon\u00f3micas que conforman IB SAREA en Urola Erdia, en la sesi\u00f3n de trabajo del Consejo de IB SAREA (Ayuntamientos, Industria, Educaci\u00f3n, Empleo, Emprendimiento, Turismo y Comercio). Este espacio permite promover el desarrollo estrat\u00e9gico de la comarca y reforzar la colaboraci\u00f3n entre los principales agentes socioecon\u00f3micos.\u00a0 En [&hellip;]\" \/>\n<meta property=\"og:url\" content=\"https:\/\/iraurgiberritzen.eus\/es\/ib-sarea-impulsando-la-competitividad-y-la-innovacion-en-colaboracion\/\" \/>\n<meta property=\"og:site_name\" content=\"Iraurgi Berritzen\" \/>\n<meta property=\"article:published_time\" content=\"2025-11-28T09:24:14+00:00\" \/>\n<meta property=\"article:modified_time\" content=\"2025-12-03T19:05:21+00:00\" \/>\n<meta property=\"og:image\" content=\"https:\/\/iraurgiberritzen.eus\/wp-content\/uploads\/2025\/11\/IB-SAREA-Kontseilua_1.jpeg\" \/>\n\t<meta property=\"og:image:width\" content=\"1600\" \/>\n\t<meta property=\"og:image:height\" content=\"1200\" \/>\n\t<meta property=\"og:image:type\" content=\"image\/jpeg\" \/>\n<meta name=\"author\" content=\"ainara\" \/>\n<meta name=\"twitter:card\" content=\"summary_large_image\" \/>\n<meta name=\"twitter:label1\" content=\"Escrito por\" \/>\n\t<meta name=\"twitter:data1\" content=\"ainara\" \/>\n\t<meta name=\"twitter:label2\" content=\"Tiempo de lectura\" \/>\n\t<meta name=\"twitter:data2\" content=\"2 minutos\" \/>\n<script type=\"application\/ld+json\" class=\"yoast-schema-graph\">{\"@context\":\"https:\\\/\\\/schema.org\",\"@graph\":[{\"@type\":\"Article\",\"@id\":\"https:\\\/\\\/iraurgiberritzen.eus\\\/es\\\/ib-sarea-impulsando-la-competitividad-y-la-innovacion-en-colaboracion\\\/#article\",\"isPartOf\":{\"@id\":\"https:\\\/\\\/iraurgiberritzen.eus\\\/es\\\/ib-sarea-impulsando-la-competitividad-y-la-innovacion-en-colaboracion\\\/\"},\"author\":{\"name\":\"ainara\",\"@id\":\"https:\\\/\\\/iraurgiberritzen.eus\\\/es\\\/#\\\/schema\\\/person\\\/a32c9825b3e2bfcbe757a97f6a15c8a5\"},\"headline\":\"IB SAREA: Impulsando la Competitividad y la Innovaci\u00f3n en Colaboraci\u00f3n\",\"datePublished\":\"2025-11-28T09:24:14+00:00\",\"dateModified\":\"2025-12-03T19:05:21+00:00\",\"mainEntityOfPage\":{\"@id\":\"https:\\\/\\\/iraurgiberritzen.eus\\\/es\\\/ib-sarea-impulsando-la-competitividad-y-la-innovacion-en-colaboracion\\\/\"},\"wordCount\":252,\"publisher\":{\"@id\":\"https:\\\/\\\/iraurgiberritzen.eus\\\/es\\\/#organization\"},\"image\":{\"@id\":\"https:\\\/\\\/iraurgiberritzen.eus\\\/es\\\/ib-sarea-impulsando-la-competitividad-y-la-innovacion-en-colaboracion\\\/#primaryimage\"},\"thumbnailUrl\":\"https:\\\/\\\/iraurgiberritzen.eus\\\/wp-content\\\/uploads\\\/2025\\\/11\\\/IB-SAREA-Kontseilua_1.jpeg\",\"articleSection\":[\"Noticias\"],\"inLanguage\":\"es\"},{\"@type\":\"WebPage\",\"@id\":\"https:\\\/\\\/iraurgiberritzen.eus\\\/es\\\/ib-sarea-impulsando-la-competitividad-y-la-innovacion-en-colaboracion\\\/\",\"url\":\"https:\\\/\\\/iraurgiberritzen.eus\\\/es\\\/ib-sarea-impulsando-la-competitividad-y-la-innovacion-en-colaboracion\\\/\",\"name\":\"IB SAREA: Impulsando la Competitividad y la Innovaci\u00f3n en Colaboraci\u00f3n - Iraurgi Berritzen\",\"isPartOf\":{\"@id\":\"https:\\\/\\\/iraurgiberritzen.eus\\\/es\\\/#website\"},\"primaryImageOfPage\":{\"@id\":\"https:\\\/\\\/iraurgiberritzen.eus\\\/es\\\/ib-sarea-impulsando-la-competitividad-y-la-innovacion-en-colaboracion\\\/#primaryimage\"},\"image\":{\"@id\":\"https:\\\/\\\/iraurgiberritzen.eus\\\/es\\\/ib-sarea-impulsando-la-competitividad-y-la-innovacion-en-colaboracion\\\/#primaryimage\"},\"thumbnailUrl\":\"https:\\\/\\\/iraurgiberritzen.eus\\\/wp-content\\\/uploads\\\/2025\\\/11\\\/IB-SAREA-Kontseilua_1.jpeg\",\"datePublished\":\"2025-11-28T09:24:14+00:00\",\"dateModified\":\"2025-12-03T19:05:21+00:00\",\"breadcrumb\":{\"@id\":\"https:\\\/\\\/iraurgiberritzen.eus\\\/es\\\/ib-sarea-impulsando-la-competitividad-y-la-innovacion-en-colaboracion\\\/#breadcrumb\"},\"inLanguage\":\"es\",\"potentialAction\":[{\"@type\":\"ReadAction\",\"target\":[\"https:\\\/\\\/iraurgiberritzen.eus\\\/es\\\/ib-sarea-impulsando-la-competitividad-y-la-innovacion-en-colaboracion\\\/\"]}]},{\"@type\":\"ImageObject\",\"inLanguage\":\"es\",\"@id\":\"https:\\\/\\\/iraurgiberritzen.eus\\\/es\\\/ib-sarea-impulsando-la-competitividad-y-la-innovacion-en-colaboracion\\\/#primaryimage\",\"url\":\"https:\\\/\\\/iraurgiberritzen.eus\\\/wp-content\\\/uploads\\\/2025\\\/11\\\/IB-SAREA-Kontseilua_1.jpeg\",\"contentUrl\":\"https:\\\/\\\/iraurgiberritzen.eus\\\/wp-content\\\/uploads\\\/2025\\\/11\\\/IB-SAREA-Kontseilua_1.jpeg\",\"width\":1600,\"height\":1200},{\"@type\":\"BreadcrumbList\",\"@id\":\"https:\\\/\\\/iraurgiberritzen.eus\\\/es\\\/ib-sarea-impulsando-la-competitividad-y-la-innovacion-en-colaboracion\\\/#breadcrumb\",\"itemListElement\":[{\"@type\":\"ListItem\",\"position\":1,\"name\":\"Home\",\"item\":\"https:\\\/\\\/iraurgiberritzen.eus\\\/es\\\/\"},{\"@type\":\"ListItem\",\"position\":2,\"name\":\"IB SAREA: Impulsando la Competitividad y la Innovaci\u00f3n en Colaboraci\u00f3n\"}]},{\"@type\":\"WebSite\",\"@id\":\"https:\\\/\\\/iraurgiberritzen.eus\\\/es\\\/#website\",\"url\":\"https:\\\/\\\/iraurgiberritzen.eus\\\/es\\\/\",\"name\":\"Iraurgi Berritzen\",\"description\":\"Urola Erdiko Garapen Agentzia\",\"publisher\":{\"@id\":\"https:\\\/\\\/iraurgiberritzen.eus\\\/es\\\/#organization\"},\"potentialAction\":[{\"@type\":\"SearchAction\",\"target\":{\"@type\":\"EntryPoint\",\"urlTemplate\":\"https:\\\/\\\/iraurgiberritzen.eus\\\/es\\\/?s={search_term_string}\"},\"query-input\":{\"@type\":\"PropertyValueSpecification\",\"valueRequired\":true,\"valueName\":\"search_term_string\"}}],\"inLanguage\":\"es\"},{\"@type\":\"Organization\",\"@id\":\"https:\\\/\\\/iraurgiberritzen.eus\\\/es\\\/#organization\",\"name\":\"Iraurgi Berritzen\",\"url\":\"https:\\\/\\\/iraurgiberritzen.eus\\\/es\\\/\",\"logo\":{\"@type\":\"ImageObject\",\"inLanguage\":\"es\",\"@id\":\"https:\\\/\\\/iraurgiberritzen.eus\\\/es\\\/#\\\/schema\\\/logo\\\/image\\\/\",\"url\":\"https:\\\/\\\/iraurgiberritzen.eus\\\/wp-content\\\/uploads\\\/2024\\\/02\\\/IRAURGI-BERRITZEN-logotipoa_2.png\",\"contentUrl\":\"https:\\\/\\\/iraurgiberritzen.eus\\\/wp-content\\\/uploads\\\/2024\\\/02\\\/IRAURGI-BERRITZEN-logotipoa_2.png\",\"width\":496,\"height\":190,\"caption\":\"Iraurgi Berritzen\"},\"image\":{\"@id\":\"https:\\\/\\\/iraurgiberritzen.eus\\\/es\\\/#\\\/schema\\\/logo\\\/image\\\/\"}},{\"@type\":\"Person\",\"@id\":\"https:\\\/\\\/iraurgiberritzen.eus\\\/es\\\/#\\\/schema\\\/person\\\/a32c9825b3e2bfcbe757a97f6a15c8a5\",\"name\":\"ainara\"}]}<\/script>\n<!-- \/ Yoast SEO plugin. -->","yoast_head_json":{"title":"IB SAREA: Impulsando la Competitividad y la Innovaci\u00f3n en Colaboraci\u00f3n - Iraurgi Berritzen","robots":{"index":"index","follow":"follow","max-snippet":"max-snippet:-1","max-image-preview":"max-image-preview:large","max-video-preview":"max-video-preview:-1"},"canonical":"https:\/\/iraurgiberritzen.eus\/es\/ib-sarea-impulsando-la-competitividad-y-la-innovacion-en-colaboracion\/","og_locale":"es_ES","og_type":"article","og_title":"IB SAREA: Impulsando la Competitividad y la Innovaci\u00f3n en Colaboraci\u00f3n - Iraurgi Berritzen","og_description":"Ayer, se reunieron los representantes de las 7 \u00e1reas socioecon\u00f3micas que conforman IB SAREA en Urola Erdia, en la sesi\u00f3n de trabajo del Consejo de IB SAREA (Ayuntamientos, Industria, Educaci\u00f3n, Empleo, Emprendimiento, Turismo y Comercio). Este espacio permite promover el desarrollo estrat\u00e9gico de la comarca y reforzar la colaboraci\u00f3n entre los principales agentes socioecon\u00f3micos.\u00a0 En [&hellip;]","og_url":"https:\/\/iraurgiberritzen.eus\/es\/ib-sarea-impulsando-la-competitividad-y-la-innovacion-en-colaboracion\/","og_site_name":"Iraurgi Berritzen","article_published_time":"2025-11-28T09:24:14+00:00","article_modified_time":"2025-12-03T19:05:21+00:00","og_image":[{"width":1600,"height":1200,"url":"https:\/\/iraurgiberritzen.eus\/wp-content\/uploads\/2025\/11\/IB-SAREA-Kontseilua_1.jpeg","type":"image\/jpeg"}],"author":"ainara","twitter_card":"summary_large_image","twitter_misc":{"Escrito por":"ainara","Tiempo de lectura":"2 minutos"},"schema":{"@context":"https:\/\/schema.org","@graph":[{"@type":"Article","@id":"https:\/\/iraurgiberritzen.eus\/es\/ib-sarea-impulsando-la-competitividad-y-la-innovacion-en-colaboracion\/#article","isPartOf":{"@id":"https:\/\/iraurgiberritzen.eus\/es\/ib-sarea-impulsando-la-competitividad-y-la-innovacion-en-colaboracion\/"},"author":{"name":"ainara","@id":"https:\/\/iraurgiberritzen.eus\/es\/#\/schema\/person\/a32c9825b3e2bfcbe757a97f6a15c8a5"},"headline":"IB SAREA: Impulsando la Competitividad y la Innovaci\u00f3n en Colaboraci\u00f3n","datePublished":"2025-11-28T09:24:14+00:00","dateModified":"2025-12-03T19:05:21+00:00","mainEntityOfPage":{"@id":"https:\/\/iraurgiberritzen.eus\/es\/ib-sarea-impulsando-la-competitividad-y-la-innovacion-en-colaboracion\/"},"wordCount":252,"publisher":{"@id":"https:\/\/iraurgiberritzen.eus\/es\/#organization"},"image":{"@id":"https:\/\/iraurgiberritzen.eus\/es\/ib-sarea-impulsando-la-competitividad-y-la-innovacion-en-colaboracion\/#primaryimage"},"thumbnailUrl":"https:\/\/iraurgiberritzen.eus\/wp-content\/uploads\/2025\/11\/IB-SAREA-Kontseilua_1.jpeg","articleSection":["Noticias"],"inLanguage":"es"},{"@type":"WebPage","@id":"https:\/\/iraurgiberritzen.eus\/es\/ib-sarea-impulsando-la-competitividad-y-la-innovacion-en-colaboracion\/","url":"https:\/\/iraurgiberritzen.eus\/es\/ib-sarea-impulsando-la-competitividad-y-la-innovacion-en-colaboracion\/","name":"IB SAREA: Impulsando la Competitividad y la Innovaci\u00f3n en Colaboraci\u00f3n - Iraurgi Berritzen","isPartOf":{"@id":"https:\/\/iraurgiberritzen.eus\/es\/#website"},"primaryImageOfPage":{"@id":"https:\/\/iraurgiberritzen.eus\/es\/ib-sarea-impulsando-la-competitividad-y-la-innovacion-en-colaboracion\/#primaryimage"},"image":{"@id":"https:\/\/iraurgiberritzen.eus\/es\/ib-sarea-impulsando-la-competitividad-y-la-innovacion-en-colaboracion\/#primaryimage"},"thumbnailUrl":"https:\/\/iraurgiberritzen.eus\/wp-content\/uploads\/2025\/11\/IB-SAREA-Kontseilua_1.jpeg","datePublished":"2025-11-28T09:24:14+00:00","dateModified":"2025-12-03T19:05:21+00:00","breadcrumb":{"@id":"https:\/\/iraurgiberritzen.eus\/es\/ib-sarea-impulsando-la-competitividad-y-la-innovacion-en-colaboracion\/#breadcrumb"},"inLanguage":"es","potentialAction":[{"@type":"ReadAction","target":["https:\/\/iraurgiberritzen.eus\/es\/ib-sarea-impulsando-la-competitividad-y-la-innovacion-en-colaboracion\/"]}]},{"@type":"ImageObject","inLanguage":"es","@id":"https:\/\/iraurgiberritzen.eus\/es\/ib-sarea-impulsando-la-competitividad-y-la-innovacion-en-colaboracion\/#primaryimage","url":"https:\/\/iraurgiberritzen.eus\/wp-content\/uploads\/2025\/11\/IB-SAREA-Kontseilua_1.jpeg","contentUrl":"https:\/\/iraurgiberritzen.eus\/wp-content\/uploads\/2025\/11\/IB-SAREA-Kontseilua_1.jpeg","width":1600,"height":1200},{"@type":"BreadcrumbList","@id":"https:\/\/iraurgiberritzen.eus\/es\/ib-sarea-impulsando-la-competitividad-y-la-innovacion-en-colaboracion\/#breadcrumb","itemListElement":[{"@type":"ListItem","position":1,"name":"Home","item":"https:\/\/iraurgiberritzen.eus\/es\/"},{"@type":"ListItem","position":2,"name":"IB SAREA: Impulsando la Competitividad y la Innovaci\u00f3n en Colaboraci\u00f3n"}]},{"@type":"WebSite","@id":"https:\/\/iraurgiberritzen.eus\/es\/#website","url":"https:\/\/iraurgiberritzen.eus\/es\/","name":"Iraurgi Berritzen","description":"Urola Erdiko Garapen Agentzia","publisher":{"@id":"https:\/\/iraurgiberritzen.eus\/es\/#organization"},"potentialAction":[{"@type":"SearchAction","target":{"@type":"EntryPoint","urlTemplate":"https:\/\/iraurgiberritzen.eus\/es\/?s={search_term_string}"},"query-input":{"@type":"PropertyValueSpecification","valueRequired":true,"valueName":"search_term_string"}}],"inLanguage":"es"},{"@type":"Organization","@id":"https:\/\/iraurgiberritzen.eus\/es\/#organization","name":"Iraurgi Berritzen","url":"https:\/\/iraurgiberritzen.eus\/es\/","logo":{"@type":"ImageObject","inLanguage":"es","@id":"https:\/\/iraurgiberritzen.eus\/es\/#\/schema\/logo\/image\/","url":"https:\/\/iraurgiberritzen.eus\/wp-content\/uploads\/2024\/02\/IRAURGI-BERRITZEN-logotipoa_2.png","contentUrl":"https:\/\/iraurgiberritzen.eus\/wp-content\/uploads\/2024\/02\/IRAURGI-BERRITZEN-logotipoa_2.png","width":496,"height":190,"caption":"Iraurgi Berritzen"},"image":{"@id":"https:\/\/iraurgiberritzen.eus\/es\/#\/schema\/logo\/image\/"}},{"@type":"Person","@id":"https:\/\/iraurgiberritzen.eus\/es\/#\/schema\/person\/a32c9825b3e2bfcbe757a97f6a15c8a5","name":"ainara"}]}},"_links":{"self":[{"href":"https:\/\/iraurgiberritzen.eus\/es\/wp-json\/wp\/v2\/posts\/25345","targetHints":{"allow":["GET"]}}],"collection":[{"href":"https:\/\/iraurgiberritzen.eus\/es\/wp-json\/wp\/v2\/posts"}],"about":[{"href":"https:\/\/iraurgiberritzen.eus\/es\/wp-json\/wp\/v2\/types\/post"}],"author":[{"embeddable":true,"href":"https:\/\/iraurgiberritzen.eus\/es\/wp-json\/wp\/v2\/users\/4"}],"replies":[{"embeddable":true,"href":"https:\/\/iraurgiberritzen.eus\/es\/wp-json\/wp\/v2\/comments?post=25345"}],"version-history":[{"count":3,"href":"https:\/\/iraurgiberritzen.eus\/es\/wp-json\/wp\/v2\/posts\/25345\/revisions"}],"predecessor-version":[{"id":25387,"href":"https:\/\/iraurgiberritzen.eus\/es\/wp-json\/wp\/v2\/posts\/25345\/revisions\/25387"}],"wp:featuredmedia":[{"embeddable":true,"href":"https:\/\/iraurgiberritzen.eus\/es\/wp-json\/wp\/v2\/media\/25336"}],"wp:attachment":[{"href":"https:\/\/iraurgiberritzen.eus\/es\/wp-json\/wp\/v2\/media?parent=25345"}],"wp:term":[{"taxonomy":"category","embeddable":true,"href":"https:\/\/iraurgiberritzen.eus\/es\/wp-json\/wp\/v2\/categories?post=25345"},{"taxonomy":"post_tag","embeddable":true,"href":"https:\/\/iraurgiberritzen.eus\/es\/wp-json\/wp\/v2\/tags?post=25345"}],"curies":[{"name":"wp","href":"https:\/\/api.w.org\/{rel}","templated":true}]}}