{"id":25366,"date":"2025-12-01T10:43:30","date_gmt":"2025-12-01T08:43:30","guid":{"rendered":"https:\/\/iraurgiberritzen.eus\/?p=25366"},"modified":"2025-12-01T10:43:30","modified_gmt":"2025-12-01T08:43:30","slug":"el-pequeno-comercio-y-las-empresas-industriales-hacen-visible-su-compromiso-tu-empresa-tambien-lo-puede-hacer","status":"publish","type":"post","link":"https:\/\/iraurgiberritzen.eus\/es\/el-pequeno-comercio-y-las-empresas-industriales-hacen-visible-su-compromiso-tu-empresa-tambien-lo-puede-hacer\/","title":{"rendered":"El peque\u00f1o comercio y las empresas industriales hacen visible su compromiso. Tu empresa tambi\u00e9n lo puede hacer"},"content":{"rendered":"<p><span data-contrast=\"auto\">Iraurgi Berritzen ha puesto en valor <strong>la colaboraci\u00f3n surgida en el Consejo de IB SAREA<\/strong>, un espacio estrat\u00e9gico que re\u00fane a las principales empresas, comercios y entidades de Urola Erdia para impulsar conjuntamente el desarrollo econ\u00f3mico y social del territorio. Las iniciativas de Errekauek (Azkoitia) y Enkarguk (Azpeitia) para promover el consumo local <strong>han evidenciado la fortaleza de estas relaciones y la importancia de la cercan\u00eda entre industria y comercio<\/strong>.<\/span><span data-ccp-props=\"{&quot;134233117&quot;:false,&quot;134233118&quot;:false,&quot;335559685&quot;:0,&quot;335559738&quot;:240,&quot;335559739&quot;:240}\">\u00a0<\/span><\/p>\n<p><span data-contrast=\"auto\">Un ejemplo pr\u00e1ctico de esta colaboraci\u00f3n es la decisi\u00f3n de las empresas <strong>Ekintza Mekanizatuak<\/strong> y<strong> Astigarraga Kit Line<\/strong> \u2014representantes de la red empresarial en el Consejo de IB SAREA\u2014 de colocar en sus instalaciones los carteles de las campa\u00f1as Errekauek y Enkarguk. Con este gesto, buscan dar a conocer la iniciativa entre sus trabajadores y fomentar un consumo responsable, mostrando as\u00ed un compromiso claro con el comercio local.<\/span><span data-ccp-props=\"{&quot;134233117&quot;:false,&quot;134233118&quot;:false,&quot;335559685&quot;:0,&quot;335559738&quot;:240,&quot;335559739&quot;:240}\">\u00a0<\/span><\/p>\n<p><span data-contrast=\"auto\">En esta l\u00ednea, Iraurgi Berritzen invita a todas las empresas de Urola Erdia <strong>a sumarse a la iniciativa y colocar tambi\u00e9n los carteles en sus instalaciones<\/strong>. Se trata de un gesto sencillo pero significativo que contribuye a dar visibilidad al comercio local y a reforzar la cohesi\u00f3n del tejido socioecon\u00f3mico de la comarca. <\/span><span data-ccp-props=\"{&quot;134233117&quot;:false,&quot;134233118&quot;:false,&quot;335559685&quot;:0,&quot;335559738&quot;:240,&quot;335559739&quot;:240}\">\u00a0<\/span><\/p>\n<p>Las empresas interesadas pueden solicitar los carteles contactando con <strong>Alazne Larra\u00f1aga<\/strong>; <strong>688718777 (alarranaga@iraurgiberritzen.eus)<\/strong>.<\/p>\n","protected":false},"excerpt":{"rendered":"<p>Iraurgi Berritzen ha puesto en valor la colaboraci\u00f3n surgida en el Consejo de IB SAREA, un espacio estrat\u00e9gico que re\u00fane a las principales empresas, comercios y entidades de Urola Erdia para impulsar conjuntamente el desarrollo econ\u00f3mico y social del territorio. Las iniciativas de Errekauek (Azkoitia) y Enkarguk (Azpeitia) para promover el consumo local han evidenciado [&hellip;]<\/p>\n","protected":false},"author":4,"featured_media":25342,"comment_status":"closed","ping_status":"closed","sticky":false,"template":"","format":"standard","meta":{"_acf_changed":false,"footnotes":""},"categories":[4],"tags":[],"class_list":["post-25366","post","type-post","status-publish","format-standard","has-post-thumbnail","hentry","category-noticias","arloak-comercio"],"acf":[],"yoast_head":"<!-- This site is optimized with the Yoast SEO plugin v27.4 - https:\/\/yoast.com\/product\/yoast-seo-wordpress\/ -->\n<title>El peque\u00f1o comercio y las empresas industriales hacen visible su compromiso. Tu empresa tambi\u00e9n lo puede hacer - Iraurgi Berritzen<\/title>\n<meta name=\"robots\" content=\"index, follow, max-snippet:-1, max-image-preview:large, max-video-preview:-1\" \/>\n<link rel=\"canonical\" href=\"https:\/\/iraurgiberritzen.eus\/es\/el-pequeno-comercio-y-las-empresas-industriales-hacen-visible-su-compromiso-tu-empresa-tambien-lo-puede-hacer\/\" \/>\n<meta property=\"og:locale\" content=\"es_ES\" \/>\n<meta property=\"og:type\" content=\"article\" \/>\n<meta property=\"og:title\" content=\"El peque\u00f1o comercio y las empresas industriales hacen visible su compromiso. Tu empresa tambi\u00e9n lo puede hacer - Iraurgi Berritzen\" \/>\n<meta property=\"og:description\" content=\"Iraurgi Berritzen ha puesto en valor la colaboraci\u00f3n surgida en el Consejo de IB SAREA, un espacio estrat\u00e9gico que re\u00fane a las principales empresas, comercios y entidades de Urola Erdia para impulsar conjuntamente el desarrollo econ\u00f3mico y social del territorio. Las iniciativas de Errekauek (Azkoitia) y Enkarguk (Azpeitia) para promover el consumo local han evidenciado [&hellip;]\" \/>\n<meta property=\"og:url\" content=\"https:\/\/iraurgiberritzen.eus\/es\/el-pequeno-comercio-y-las-empresas-industriales-hacen-visible-su-compromiso-tu-empresa-tambien-lo-puede-hacer\/\" \/>\n<meta property=\"og:site_name\" content=\"Iraurgi Berritzen\" \/>\n<meta property=\"article:published_time\" content=\"2025-12-01T08:43:30+00:00\" \/>\n<meta property=\"og:image\" content=\"https:\/\/iraurgiberritzen.eus\/wp-content\/uploads\/2025\/11\/IB-SAREA-KONTSEILUA_3.jpg\" \/>\n\t<meta property=\"og:image:width\" content=\"2500\" \/>\n\t<meta property=\"og:image:height\" content=\"1719\" \/>\n\t<meta property=\"og:image:type\" content=\"image\/jpeg\" \/>\n<meta name=\"author\" content=\"ainara\" \/>\n<meta name=\"twitter:card\" content=\"summary_large_image\" \/>\n<meta name=\"twitter:label1\" content=\"Escrito por\" \/>\n\t<meta name=\"twitter:data1\" content=\"ainara\" \/>\n\t<meta name=\"twitter:label2\" content=\"Tiempo de lectura\" \/>\n\t<meta name=\"twitter:data2\" content=\"2 minutos\" \/>\n<script type=\"application\/ld+json\" class=\"yoast-schema-graph\">{\"@context\":\"https:\\\/\\\/schema.org\",\"@graph\":[{\"@type\":\"Article\",\"@id\":\"https:\\\/\\\/iraurgiberritzen.eus\\\/es\\\/el-pequeno-comercio-y-las-empresas-industriales-hacen-visible-su-compromiso-tu-empresa-tambien-lo-puede-hacer\\\/#article\",\"isPartOf\":{\"@id\":\"https:\\\/\\\/iraurgiberritzen.eus\\\/es\\\/el-pequeno-comercio-y-las-empresas-industriales-hacen-visible-su-compromiso-tu-empresa-tambien-lo-puede-hacer\\\/\"},\"author\":{\"name\":\"ainara\",\"@id\":\"https:\\\/\\\/iraurgiberritzen.eus\\\/es\\\/#\\\/schema\\\/person\\\/a32c9825b3e2bfcbe757a97f6a15c8a5\"},\"headline\":\"El peque\u00f1o comercio y las empresas industriales hacen visible su compromiso. Tu empresa tambi\u00e9n lo puede hacer\",\"datePublished\":\"2025-12-01T08:43:30+00:00\",\"mainEntityOfPage\":{\"@id\":\"https:\\\/\\\/iraurgiberritzen.eus\\\/es\\\/el-pequeno-comercio-y-las-empresas-industriales-hacen-visible-su-compromiso-tu-empresa-tambien-lo-puede-hacer\\\/\"},\"wordCount\":238,\"publisher\":{\"@id\":\"https:\\\/\\\/iraurgiberritzen.eus\\\/es\\\/#organization\"},\"image\":{\"@id\":\"https:\\\/\\\/iraurgiberritzen.eus\\\/es\\\/el-pequeno-comercio-y-las-empresas-industriales-hacen-visible-su-compromiso-tu-empresa-tambien-lo-puede-hacer\\\/#primaryimage\"},\"thumbnailUrl\":\"https:\\\/\\\/iraurgiberritzen.eus\\\/wp-content\\\/uploads\\\/2025\\\/11\\\/IB-SAREA-KONTSEILUA_3.jpg\",\"articleSection\":[\"Noticias\"],\"inLanguage\":\"es\"},{\"@type\":\"WebPage\",\"@id\":\"https:\\\/\\\/iraurgiberritzen.eus\\\/es\\\/el-pequeno-comercio-y-las-empresas-industriales-hacen-visible-su-compromiso-tu-empresa-tambien-lo-puede-hacer\\\/\",\"url\":\"https:\\\/\\\/iraurgiberritzen.eus\\\/es\\\/el-pequeno-comercio-y-las-empresas-industriales-hacen-visible-su-compromiso-tu-empresa-tambien-lo-puede-hacer\\\/\",\"name\":\"El peque\u00f1o comercio y las empresas industriales hacen visible su compromiso. Tu empresa tambi\u00e9n lo puede hacer - Iraurgi Berritzen\",\"isPartOf\":{\"@id\":\"https:\\\/\\\/iraurgiberritzen.eus\\\/es\\\/#website\"},\"primaryImageOfPage\":{\"@id\":\"https:\\\/\\\/iraurgiberritzen.eus\\\/es\\\/el-pequeno-comercio-y-las-empresas-industriales-hacen-visible-su-compromiso-tu-empresa-tambien-lo-puede-hacer\\\/#primaryimage\"},\"image\":{\"@id\":\"https:\\\/\\\/iraurgiberritzen.eus\\\/es\\\/el-pequeno-comercio-y-las-empresas-industriales-hacen-visible-su-compromiso-tu-empresa-tambien-lo-puede-hacer\\\/#primaryimage\"},\"thumbnailUrl\":\"https:\\\/\\\/iraurgiberritzen.eus\\\/wp-content\\\/uploads\\\/2025\\\/11\\\/IB-SAREA-KONTSEILUA_3.jpg\",\"datePublished\":\"2025-12-01T08:43:30+00:00\",\"breadcrumb\":{\"@id\":\"https:\\\/\\\/iraurgiberritzen.eus\\\/es\\\/el-pequeno-comercio-y-las-empresas-industriales-hacen-visible-su-compromiso-tu-empresa-tambien-lo-puede-hacer\\\/#breadcrumb\"},\"inLanguage\":\"es\",\"potentialAction\":[{\"@type\":\"ReadAction\",\"target\":[\"https:\\\/\\\/iraurgiberritzen.eus\\\/es\\\/el-pequeno-comercio-y-las-empresas-industriales-hacen-visible-su-compromiso-tu-empresa-tambien-lo-puede-hacer\\\/\"]}]},{\"@type\":\"ImageObject\",\"inLanguage\":\"es\",\"@id\":\"https:\\\/\\\/iraurgiberritzen.eus\\\/es\\\/el-pequeno-comercio-y-las-empresas-industriales-hacen-visible-su-compromiso-tu-empresa-tambien-lo-puede-hacer\\\/#primaryimage\",\"url\":\"https:\\\/\\\/iraurgiberritzen.eus\\\/wp-content\\\/uploads\\\/2025\\\/11\\\/IB-SAREA-KONTSEILUA_3.jpg\",\"contentUrl\":\"https:\\\/\\\/iraurgiberritzen.eus\\\/wp-content\\\/uploads\\\/2025\\\/11\\\/IB-SAREA-KONTSEILUA_3.jpg\",\"width\":2500,\"height\":1719},{\"@type\":\"BreadcrumbList\",\"@id\":\"https:\\\/\\\/iraurgiberritzen.eus\\\/es\\\/el-pequeno-comercio-y-las-empresas-industriales-hacen-visible-su-compromiso-tu-empresa-tambien-lo-puede-hacer\\\/#breadcrumb\",\"itemListElement\":[{\"@type\":\"ListItem\",\"position\":1,\"name\":\"Home\",\"item\":\"https:\\\/\\\/iraurgiberritzen.eus\\\/es\\\/\"},{\"@type\":\"ListItem\",\"position\":2,\"name\":\"El peque\u00f1o comercio y las empresas industriales hacen visible su compromiso. Tu empresa tambi\u00e9n lo puede hacer\"}]},{\"@type\":\"WebSite\",\"@id\":\"https:\\\/\\\/iraurgiberritzen.eus\\\/es\\\/#website\",\"url\":\"https:\\\/\\\/iraurgiberritzen.eus\\\/es\\\/\",\"name\":\"Iraurgi Berritzen\",\"description\":\"Urola Erdiko Garapen Agentzia\",\"publisher\":{\"@id\":\"https:\\\/\\\/iraurgiberritzen.eus\\\/es\\\/#organization\"},\"potentialAction\":[{\"@type\":\"SearchAction\",\"target\":{\"@type\":\"EntryPoint\",\"urlTemplate\":\"https:\\\/\\\/iraurgiberritzen.eus\\\/es\\\/?s={search_term_string}\"},\"query-input\":{\"@type\":\"PropertyValueSpecification\",\"valueRequired\":true,\"valueName\":\"search_term_string\"}}],\"inLanguage\":\"es\"},{\"@type\":\"Organization\",\"@id\":\"https:\\\/\\\/iraurgiberritzen.eus\\\/es\\\/#organization\",\"name\":\"Iraurgi Berritzen\",\"url\":\"https:\\\/\\\/iraurgiberritzen.eus\\\/es\\\/\",\"logo\":{\"@type\":\"ImageObject\",\"inLanguage\":\"es\",\"@id\":\"https:\\\/\\\/iraurgiberritzen.eus\\\/es\\\/#\\\/schema\\\/logo\\\/image\\\/\",\"url\":\"https:\\\/\\\/iraurgiberritzen.eus\\\/wp-content\\\/uploads\\\/2024\\\/02\\\/IRAURGI-BERRITZEN-logotipoa_2.png\",\"contentUrl\":\"https:\\\/\\\/iraurgiberritzen.eus\\\/wp-content\\\/uploads\\\/2024\\\/02\\\/IRAURGI-BERRITZEN-logotipoa_2.png\",\"width\":496,\"height\":190,\"caption\":\"Iraurgi Berritzen\"},\"image\":{\"@id\":\"https:\\\/\\\/iraurgiberritzen.eus\\\/es\\\/#\\\/schema\\\/logo\\\/image\\\/\"}},{\"@type\":\"Person\",\"@id\":\"https:\\\/\\\/iraurgiberritzen.eus\\\/es\\\/#\\\/schema\\\/person\\\/a32c9825b3e2bfcbe757a97f6a15c8a5\",\"name\":\"ainara\"}]}<\/script>\n<!-- \/ Yoast SEO plugin. -->","yoast_head_json":{"title":"El peque\u00f1o comercio y las empresas industriales hacen visible su compromiso. Tu empresa tambi\u00e9n lo puede hacer - Iraurgi Berritzen","robots":{"index":"index","follow":"follow","max-snippet":"max-snippet:-1","max-image-preview":"max-image-preview:large","max-video-preview":"max-video-preview:-1"},"canonical":"https:\/\/iraurgiberritzen.eus\/es\/el-pequeno-comercio-y-las-empresas-industriales-hacen-visible-su-compromiso-tu-empresa-tambien-lo-puede-hacer\/","og_locale":"es_ES","og_type":"article","og_title":"El peque\u00f1o comercio y las empresas industriales hacen visible su compromiso. Tu empresa tambi\u00e9n lo puede hacer - Iraurgi Berritzen","og_description":"Iraurgi Berritzen ha puesto en valor la colaboraci\u00f3n surgida en el Consejo de IB SAREA, un espacio estrat\u00e9gico que re\u00fane a las principales empresas, comercios y entidades de Urola Erdia para impulsar conjuntamente el desarrollo econ\u00f3mico y social del territorio. Las iniciativas de Errekauek (Azkoitia) y Enkarguk (Azpeitia) para promover el consumo local han evidenciado [&hellip;]","og_url":"https:\/\/iraurgiberritzen.eus\/es\/el-pequeno-comercio-y-las-empresas-industriales-hacen-visible-su-compromiso-tu-empresa-tambien-lo-puede-hacer\/","og_site_name":"Iraurgi Berritzen","article_published_time":"2025-12-01T08:43:30+00:00","og_image":[{"width":2500,"height":1719,"url":"https:\/\/iraurgiberritzen.eus\/wp-content\/uploads\/2025\/11\/IB-SAREA-KONTSEILUA_3.jpg","type":"image\/jpeg"}],"author":"ainara","twitter_card":"summary_large_image","twitter_misc":{"Escrito por":"ainara","Tiempo de lectura":"2 minutos"},"schema":{"@context":"https:\/\/schema.org","@graph":[{"@type":"Article","@id":"https:\/\/iraurgiberritzen.eus\/es\/el-pequeno-comercio-y-las-empresas-industriales-hacen-visible-su-compromiso-tu-empresa-tambien-lo-puede-hacer\/#article","isPartOf":{"@id":"https:\/\/iraurgiberritzen.eus\/es\/el-pequeno-comercio-y-las-empresas-industriales-hacen-visible-su-compromiso-tu-empresa-tambien-lo-puede-hacer\/"},"author":{"name":"ainara","@id":"https:\/\/iraurgiberritzen.eus\/es\/#\/schema\/person\/a32c9825b3e2bfcbe757a97f6a15c8a5"},"headline":"El peque\u00f1o comercio y las empresas industriales hacen visible su compromiso. Tu empresa tambi\u00e9n lo puede hacer","datePublished":"2025-12-01T08:43:30+00:00","mainEntityOfPage":{"@id":"https:\/\/iraurgiberritzen.eus\/es\/el-pequeno-comercio-y-las-empresas-industriales-hacen-visible-su-compromiso-tu-empresa-tambien-lo-puede-hacer\/"},"wordCount":238,"publisher":{"@id":"https:\/\/iraurgiberritzen.eus\/es\/#organization"},"image":{"@id":"https:\/\/iraurgiberritzen.eus\/es\/el-pequeno-comercio-y-las-empresas-industriales-hacen-visible-su-compromiso-tu-empresa-tambien-lo-puede-hacer\/#primaryimage"},"thumbnailUrl":"https:\/\/iraurgiberritzen.eus\/wp-content\/uploads\/2025\/11\/IB-SAREA-KONTSEILUA_3.jpg","articleSection":["Noticias"],"inLanguage":"es"},{"@type":"WebPage","@id":"https:\/\/iraurgiberritzen.eus\/es\/el-pequeno-comercio-y-las-empresas-industriales-hacen-visible-su-compromiso-tu-empresa-tambien-lo-puede-hacer\/","url":"https:\/\/iraurgiberritzen.eus\/es\/el-pequeno-comercio-y-las-empresas-industriales-hacen-visible-su-compromiso-tu-empresa-tambien-lo-puede-hacer\/","name":"El peque\u00f1o comercio y las empresas industriales hacen visible su compromiso. Tu empresa tambi\u00e9n lo puede hacer - Iraurgi Berritzen","isPartOf":{"@id":"https:\/\/iraurgiberritzen.eus\/es\/#website"},"primaryImageOfPage":{"@id":"https:\/\/iraurgiberritzen.eus\/es\/el-pequeno-comercio-y-las-empresas-industriales-hacen-visible-su-compromiso-tu-empresa-tambien-lo-puede-hacer\/#primaryimage"},"image":{"@id":"https:\/\/iraurgiberritzen.eus\/es\/el-pequeno-comercio-y-las-empresas-industriales-hacen-visible-su-compromiso-tu-empresa-tambien-lo-puede-hacer\/#primaryimage"},"thumbnailUrl":"https:\/\/iraurgiberritzen.eus\/wp-content\/uploads\/2025\/11\/IB-SAREA-KONTSEILUA_3.jpg","datePublished":"2025-12-01T08:43:30+00:00","breadcrumb":{"@id":"https:\/\/iraurgiberritzen.eus\/es\/el-pequeno-comercio-y-las-empresas-industriales-hacen-visible-su-compromiso-tu-empresa-tambien-lo-puede-hacer\/#breadcrumb"},"inLanguage":"es","potentialAction":[{"@type":"ReadAction","target":["https:\/\/iraurgiberritzen.eus\/es\/el-pequeno-comercio-y-las-empresas-industriales-hacen-visible-su-compromiso-tu-empresa-tambien-lo-puede-hacer\/"]}]},{"@type":"ImageObject","inLanguage":"es","@id":"https:\/\/iraurgiberritzen.eus\/es\/el-pequeno-comercio-y-las-empresas-industriales-hacen-visible-su-compromiso-tu-empresa-tambien-lo-puede-hacer\/#primaryimage","url":"https:\/\/iraurgiberritzen.eus\/wp-content\/uploads\/2025\/11\/IB-SAREA-KONTSEILUA_3.jpg","contentUrl":"https:\/\/iraurgiberritzen.eus\/wp-content\/uploads\/2025\/11\/IB-SAREA-KONTSEILUA_3.jpg","width":2500,"height":1719},{"@type":"BreadcrumbList","@id":"https:\/\/iraurgiberritzen.eus\/es\/el-pequeno-comercio-y-las-empresas-industriales-hacen-visible-su-compromiso-tu-empresa-tambien-lo-puede-hacer\/#breadcrumb","itemListElement":[{"@type":"ListItem","position":1,"name":"Home","item":"https:\/\/iraurgiberritzen.eus\/es\/"},{"@type":"ListItem","position":2,"name":"El peque\u00f1o comercio y las empresas industriales hacen visible su compromiso. Tu empresa tambi\u00e9n lo puede hacer"}]},{"@type":"WebSite","@id":"https:\/\/iraurgiberritzen.eus\/es\/#website","url":"https:\/\/iraurgiberritzen.eus\/es\/","name":"Iraurgi Berritzen","description":"Urola Erdiko Garapen Agentzia","publisher":{"@id":"https:\/\/iraurgiberritzen.eus\/es\/#organization"},"potentialAction":[{"@type":"SearchAction","target":{"@type":"EntryPoint","urlTemplate":"https:\/\/iraurgiberritzen.eus\/es\/?s={search_term_string}"},"query-input":{"@type":"PropertyValueSpecification","valueRequired":true,"valueName":"search_term_string"}}],"inLanguage":"es"},{"@type":"Organization","@id":"https:\/\/iraurgiberritzen.eus\/es\/#organization","name":"Iraurgi Berritzen","url":"https:\/\/iraurgiberritzen.eus\/es\/","logo":{"@type":"ImageObject","inLanguage":"es","@id":"https:\/\/iraurgiberritzen.eus\/es\/#\/schema\/logo\/image\/","url":"https:\/\/iraurgiberritzen.eus\/wp-content\/uploads\/2024\/02\/IRAURGI-BERRITZEN-logotipoa_2.png","contentUrl":"https:\/\/iraurgiberritzen.eus\/wp-content\/uploads\/2024\/02\/IRAURGI-BERRITZEN-logotipoa_2.png","width":496,"height":190,"caption":"Iraurgi Berritzen"},"image":{"@id":"https:\/\/iraurgiberritzen.eus\/es\/#\/schema\/logo\/image\/"}},{"@type":"Person","@id":"https:\/\/iraurgiberritzen.eus\/es\/#\/schema\/person\/a32c9825b3e2bfcbe757a97f6a15c8a5","name":"ainara"}]}},"_links":{"self":[{"href":"https:\/\/iraurgiberritzen.eus\/es\/wp-json\/wp\/v2\/posts\/25366","targetHints":{"allow":["GET"]}}],"collection":[{"href":"https:\/\/iraurgiberritzen.eus\/es\/wp-json\/wp\/v2\/posts"}],"about":[{"href":"https:\/\/iraurgiberritzen.eus\/es\/wp-json\/wp\/v2\/types\/post"}],"author":[{"embeddable":true,"href":"https:\/\/iraurgiberritzen.eus\/es\/wp-json\/wp\/v2\/users\/4"}],"replies":[{"embeddable":true,"href":"https:\/\/iraurgiberritzen.eus\/es\/wp-json\/wp\/v2\/comments?post=25366"}],"version-history":[{"count":1,"href":"https:\/\/iraurgiberritzen.eus\/es\/wp-json\/wp\/v2\/posts\/25366\/revisions"}],"predecessor-version":[{"id":25367,"href":"https:\/\/iraurgiberritzen.eus\/es\/wp-json\/wp\/v2\/posts\/25366\/revisions\/25367"}],"wp:featuredmedia":[{"embeddable":true,"href":"https:\/\/iraurgiberritzen.eus\/es\/wp-json\/wp\/v2\/media\/25342"}],"wp:attachment":[{"href":"https:\/\/iraurgiberritzen.eus\/es\/wp-json\/wp\/v2\/media?parent=25366"}],"wp:term":[{"taxonomy":"category","embeddable":true,"href":"https:\/\/iraurgiberritzen.eus\/es\/wp-json\/wp\/v2\/categories?post=25366"},{"taxonomy":"post_tag","embeddable":true,"href":"https:\/\/iraurgiberritzen.eus\/es\/wp-json\/wp\/v2\/tags?post=25366"}],"curies":[{"name":"wp","href":"https:\/\/api.w.org\/{rel}","templated":true}]}}