{"id":25396,"date":"2025-12-04T13:58:47","date_gmt":"2025-12-04T11:58:47","guid":{"rendered":"https:\/\/iraurgiberritzen.eus\/?p=25396"},"modified":"2025-12-04T14:25:37","modified_gmt":"2025-12-04T12:25:37","slug":"abierto-el-plazo-de-inscripcion-al-programa-hazilan-las-personas-participantes-recibiran-una-beca-diaria-de-9-e","status":"publish","type":"post","link":"https:\/\/iraurgiberritzen.eus\/es\/abierto-el-plazo-de-inscripcion-al-programa-hazilan-las-personas-participantes-recibiran-una-beca-diaria-de-9-e\/","title":{"rendered":"Abierto el plazo de inscripci\u00f3n al Programa Hazilan +. Las personas participantes recibir\u00e1n una beca diaria de 9 \u20ac"},"content":{"rendered":"<div class=\"itemIntroText\">\n<h5><em>Bajo la coordinaci\u00f3n de Iraurgi Berritzen, una nueva edici\u00f3n del programa\u00a0<a href=\"https:\/\/hazilanplus.garapen.net\/es\/\" target=\"_blank\" rel=\"noopener\">Hazllan+<\/a>\u00a0se pondr\u00e1 en marcha la segunda quincena de diciembre y est\u00e1\u00a0dirigida a personas en desempleo con estudios medios o superiores.<\/em><\/h5>\n<\/div>\n<div class=\"itemFullText\">\n<p><strong>La principal novedad de la edici\u00f3n de 2025<\/strong>\u00a0es que las personas participantes recibir\u00e1n una\u00a0<strong>beca de 9 \u20ac diarios<\/strong>\u00a0en funci\u00f3n de la asistencia al programa. Con esta medida se pretende impulsar la participaci\u00f3n e implicaci\u00f3n de las personas participantes.<\/p>\n<p>Estructura del programa:<\/p>\n<ul>\n<li><strong>Aktibatu:<\/strong>\u00a0Mediante la t\u00e9cnica de Coaching, se trabajar\u00e1n las competencias personales y profesionales necesarias para la inserci\u00f3n laboral en sesiones grupales (Osatu).<\/li>\n<li><strong>Formaci\u00f3n Transversal:<\/strong>\u00a0Se trabajar\u00e1 la marca personal y otras competencias complementarias para reforzar el perfil profesional.<\/li>\n<li><strong>Kokatu:<\/strong>\u00a0<strong>2-9 meses de pr\u00e1cticas remuneradas<\/strong>\u00a0en empresas de la zona.<\/li>\n<\/ul>\n<p>El objetivo del programa Hazilan es mejorar la empleabilidad y facilitar el acceso al mercado laboral.<strong>\u00a0Se trata de un programa cofinanciado en un 40% por el Fondo Social Europeo<\/strong>.<\/p>\n<p>Para la inscripci\u00f3n o para recibir m\u00e1s informaci\u00f3n del programa, contactar en\u00a0<strong><span id=\"cloakb0d79cf1b722f2275d884ef4f1090d78\"><a href=\"mailto:sfernandez@iraurgiberritzen.eus\">sfernandez@iraurgiberritzen.eus<\/a><\/span><\/strong>\u00a0\u00f3 llamando al tel\u00e9fono\u00a0<strong>688 873 589<\/strong>\u00a0(Sandra).<\/p>\n<img loading=\"lazy\" decoding=\"async\" class=\" wp-image-25397 aligncenter\" src=\"https:\/\/iraurgiberritzen.eus\/wp-content\/uploads\/2025\/12\/Sin_titulo_600_x_100_px_1-1-300x50.png\" alt=\"\" width=\"432\" height=\"72\" srcset=\"https:\/\/iraurgiberritzen.eus\/wp-content\/uploads\/2025\/12\/Sin_titulo_600_x_100_px_1-1-300x50.png 300w, https:\/\/iraurgiberritzen.eus\/wp-content\/uploads\/2025\/12\/Sin_titulo_600_x_100_px_1-1.png 600w\" sizes=\"auto, (max-width: 432px) 100vw, 432px\" \/>\n<\/div>\n","protected":false},"excerpt":{"rendered":"<p>Bajo la coordinaci\u00f3n de Iraurgi Berritzen, una nueva edici\u00f3n del programa\u00a0Hazllan+\u00a0se pondr\u00e1 en marcha la segunda quincena de diciembre y est\u00e1\u00a0dirigida a personas en desempleo con estudios medios o superiores. La principal novedad de la edici\u00f3n de 2025\u00a0es que las personas participantes recibir\u00e1n una\u00a0beca de 9 \u20ac diarios\u00a0en funci\u00f3n de la asistencia al programa. Con [&hellip;]<\/p>\n","protected":false},"author":4,"featured_media":25414,"comment_status":"closed","ping_status":"closed","sticky":false,"template":"","format":"standard","meta":{"_acf_changed":false,"footnotes":""},"categories":[4],"tags":[],"class_list":["post-25396","post","type-post","status-publish","format-standard","has-post-thumbnail","hentry","category-noticias","arloak-empleo"],"acf":[],"yoast_head":"<!-- This site is optimized with the Yoast SEO plugin v27.4 - https:\/\/yoast.com\/product\/yoast-seo-wordpress\/ -->\n<title>Abierto el plazo de inscripci\u00f3n al Programa Hazilan +. Las personas participantes recibir\u00e1n una beca diaria de 9 \u20ac - Iraurgi Berritzen<\/title>\n<meta name=\"robots\" content=\"index, follow, max-snippet:-1, max-image-preview:large, max-video-preview:-1\" \/>\n<link rel=\"canonical\" href=\"https:\/\/iraurgiberritzen.eus\/es\/abierto-el-plazo-de-inscripcion-al-programa-hazilan-las-personas-participantes-recibiran-una-beca-diaria-de-9-e\/\" \/>\n<meta property=\"og:locale\" content=\"es_ES\" \/>\n<meta property=\"og:type\" content=\"article\" \/>\n<meta property=\"og:title\" content=\"Abierto el plazo de inscripci\u00f3n al Programa Hazilan +. Las personas participantes recibir\u00e1n una beca diaria de 9 \u20ac - Iraurgi Berritzen\" \/>\n<meta property=\"og:description\" content=\"Bajo la coordinaci\u00f3n de Iraurgi Berritzen, una nueva edici\u00f3n del programa\u00a0Hazllan+\u00a0se pondr\u00e1 en marcha la segunda quincena de diciembre y est\u00e1\u00a0dirigida a personas en desempleo con estudios medios o superiores. La principal novedad de la edici\u00f3n de 2025\u00a0es que las personas participantes recibir\u00e1n una\u00a0beca de 9 \u20ac diarios\u00a0en funci\u00f3n de la asistencia al programa. Con [&hellip;]\" \/>\n<meta property=\"og:url\" content=\"https:\/\/iraurgiberritzen.eus\/es\/abierto-el-plazo-de-inscripcion-al-programa-hazilan-las-personas-participantes-recibiran-una-beca-diaria-de-9-e\/\" \/>\n<meta property=\"og:site_name\" content=\"Iraurgi Berritzen\" \/>\n<meta property=\"article:published_time\" content=\"2025-12-04T11:58:47+00:00\" \/>\n<meta property=\"article:modified_time\" content=\"2025-12-04T12:25:37+00:00\" \/>\n<meta property=\"og:image\" content=\"https:\/\/iraurgiberritzen.eus\/wp-content\/uploads\/2025\/12\/3-1.jpg\" \/>\n\t<meta property=\"og:image:width\" content=\"2500\" \/>\n\t<meta property=\"og:image:height\" content=\"1719\" \/>\n\t<meta property=\"og:image:type\" content=\"image\/jpeg\" \/>\n<meta name=\"author\" content=\"ainara\" \/>\n<meta name=\"twitter:card\" content=\"summary_large_image\" \/>\n<meta name=\"twitter:label1\" content=\"Escrito por\" \/>\n\t<meta name=\"twitter:data1\" content=\"ainara\" \/>\n\t<meta name=\"twitter:label2\" content=\"Tiempo de lectura\" \/>\n\t<meta name=\"twitter:data2\" content=\"2 minutos\" \/>\n<script type=\"application\/ld+json\" class=\"yoast-schema-graph\">{\"@context\":\"https:\\\/\\\/schema.org\",\"@graph\":[{\"@type\":\"Article\",\"@id\":\"https:\\\/\\\/iraurgiberritzen.eus\\\/es\\\/abierto-el-plazo-de-inscripcion-al-programa-hazilan-las-personas-participantes-recibiran-una-beca-diaria-de-9-e\\\/#article\",\"isPartOf\":{\"@id\":\"https:\\\/\\\/iraurgiberritzen.eus\\\/es\\\/abierto-el-plazo-de-inscripcion-al-programa-hazilan-las-personas-participantes-recibiran-una-beca-diaria-de-9-e\\\/\"},\"author\":{\"name\":\"ainara\",\"@id\":\"https:\\\/\\\/iraurgiberritzen.eus\\\/es\\\/#\\\/schema\\\/person\\\/a32c9825b3e2bfcbe757a97f6a15c8a5\"},\"headline\":\"Abierto el plazo de inscripci\u00f3n al Programa Hazilan +. Las personas participantes recibir\u00e1n una beca diaria de 9 \u20ac\",\"datePublished\":\"2025-12-04T11:58:47+00:00\",\"dateModified\":\"2025-12-04T12:25:37+00:00\",\"mainEntityOfPage\":{\"@id\":\"https:\\\/\\\/iraurgiberritzen.eus\\\/es\\\/abierto-el-plazo-de-inscripcion-al-programa-hazilan-las-personas-participantes-recibiran-una-beca-diaria-de-9-e\\\/\"},\"wordCount\":205,\"publisher\":{\"@id\":\"https:\\\/\\\/iraurgiberritzen.eus\\\/es\\\/#organization\"},\"image\":{\"@id\":\"https:\\\/\\\/iraurgiberritzen.eus\\\/es\\\/abierto-el-plazo-de-inscripcion-al-programa-hazilan-las-personas-participantes-recibiran-una-beca-diaria-de-9-e\\\/#primaryimage\"},\"thumbnailUrl\":\"https:\\\/\\\/iraurgiberritzen.eus\\\/wp-content\\\/uploads\\\/2025\\\/12\\\/3-1.jpg\",\"articleSection\":[\"Noticias\"],\"inLanguage\":\"es\"},{\"@type\":\"WebPage\",\"@id\":\"https:\\\/\\\/iraurgiberritzen.eus\\\/es\\\/abierto-el-plazo-de-inscripcion-al-programa-hazilan-las-personas-participantes-recibiran-una-beca-diaria-de-9-e\\\/\",\"url\":\"https:\\\/\\\/iraurgiberritzen.eus\\\/es\\\/abierto-el-plazo-de-inscripcion-al-programa-hazilan-las-personas-participantes-recibiran-una-beca-diaria-de-9-e\\\/\",\"name\":\"Abierto el plazo de inscripci\u00f3n al Programa Hazilan +. Las personas participantes recibir\u00e1n una beca diaria de 9 \u20ac - Iraurgi Berritzen\",\"isPartOf\":{\"@id\":\"https:\\\/\\\/iraurgiberritzen.eus\\\/es\\\/#website\"},\"primaryImageOfPage\":{\"@id\":\"https:\\\/\\\/iraurgiberritzen.eus\\\/es\\\/abierto-el-plazo-de-inscripcion-al-programa-hazilan-las-personas-participantes-recibiran-una-beca-diaria-de-9-e\\\/#primaryimage\"},\"image\":{\"@id\":\"https:\\\/\\\/iraurgiberritzen.eus\\\/es\\\/abierto-el-plazo-de-inscripcion-al-programa-hazilan-las-personas-participantes-recibiran-una-beca-diaria-de-9-e\\\/#primaryimage\"},\"thumbnailUrl\":\"https:\\\/\\\/iraurgiberritzen.eus\\\/wp-content\\\/uploads\\\/2025\\\/12\\\/3-1.jpg\",\"datePublished\":\"2025-12-04T11:58:47+00:00\",\"dateModified\":\"2025-12-04T12:25:37+00:00\",\"breadcrumb\":{\"@id\":\"https:\\\/\\\/iraurgiberritzen.eus\\\/es\\\/abierto-el-plazo-de-inscripcion-al-programa-hazilan-las-personas-participantes-recibiran-una-beca-diaria-de-9-e\\\/#breadcrumb\"},\"inLanguage\":\"es\",\"potentialAction\":[{\"@type\":\"ReadAction\",\"target\":[\"https:\\\/\\\/iraurgiberritzen.eus\\\/es\\\/abierto-el-plazo-de-inscripcion-al-programa-hazilan-las-personas-participantes-recibiran-una-beca-diaria-de-9-e\\\/\"]}]},{\"@type\":\"ImageObject\",\"inLanguage\":\"es\",\"@id\":\"https:\\\/\\\/iraurgiberritzen.eus\\\/es\\\/abierto-el-plazo-de-inscripcion-al-programa-hazilan-las-personas-participantes-recibiran-una-beca-diaria-de-9-e\\\/#primaryimage\",\"url\":\"https:\\\/\\\/iraurgiberritzen.eus\\\/wp-content\\\/uploads\\\/2025\\\/12\\\/3-1.jpg\",\"contentUrl\":\"https:\\\/\\\/iraurgiberritzen.eus\\\/wp-content\\\/uploads\\\/2025\\\/12\\\/3-1.jpg\",\"width\":2500,\"height\":1719},{\"@type\":\"BreadcrumbList\",\"@id\":\"https:\\\/\\\/iraurgiberritzen.eus\\\/es\\\/abierto-el-plazo-de-inscripcion-al-programa-hazilan-las-personas-participantes-recibiran-una-beca-diaria-de-9-e\\\/#breadcrumb\",\"itemListElement\":[{\"@type\":\"ListItem\",\"position\":1,\"name\":\"Home\",\"item\":\"https:\\\/\\\/iraurgiberritzen.eus\\\/es\\\/\"},{\"@type\":\"ListItem\",\"position\":2,\"name\":\"Abierto el plazo de inscripci\u00f3n al Programa Hazilan +. Las personas participantes recibir\u00e1n una beca diaria de 9 \u20ac\"}]},{\"@type\":\"WebSite\",\"@id\":\"https:\\\/\\\/iraurgiberritzen.eus\\\/es\\\/#website\",\"url\":\"https:\\\/\\\/iraurgiberritzen.eus\\\/es\\\/\",\"name\":\"Iraurgi Berritzen\",\"description\":\"Urola Erdiko Garapen Agentzia\",\"publisher\":{\"@id\":\"https:\\\/\\\/iraurgiberritzen.eus\\\/es\\\/#organization\"},\"potentialAction\":[{\"@type\":\"SearchAction\",\"target\":{\"@type\":\"EntryPoint\",\"urlTemplate\":\"https:\\\/\\\/iraurgiberritzen.eus\\\/es\\\/?s={search_term_string}\"},\"query-input\":{\"@type\":\"PropertyValueSpecification\",\"valueRequired\":true,\"valueName\":\"search_term_string\"}}],\"inLanguage\":\"es\"},{\"@type\":\"Organization\",\"@id\":\"https:\\\/\\\/iraurgiberritzen.eus\\\/es\\\/#organization\",\"name\":\"Iraurgi Berritzen\",\"url\":\"https:\\\/\\\/iraurgiberritzen.eus\\\/es\\\/\",\"logo\":{\"@type\":\"ImageObject\",\"inLanguage\":\"es\",\"@id\":\"https:\\\/\\\/iraurgiberritzen.eus\\\/es\\\/#\\\/schema\\\/logo\\\/image\\\/\",\"url\":\"https:\\\/\\\/iraurgiberritzen.eus\\\/wp-content\\\/uploads\\\/2024\\\/02\\\/IRAURGI-BERRITZEN-logotipoa_2.png\",\"contentUrl\":\"https:\\\/\\\/iraurgiberritzen.eus\\\/wp-content\\\/uploads\\\/2024\\\/02\\\/IRAURGI-BERRITZEN-logotipoa_2.png\",\"width\":496,\"height\":190,\"caption\":\"Iraurgi Berritzen\"},\"image\":{\"@id\":\"https:\\\/\\\/iraurgiberritzen.eus\\\/es\\\/#\\\/schema\\\/logo\\\/image\\\/\"}},{\"@type\":\"Person\",\"@id\":\"https:\\\/\\\/iraurgiberritzen.eus\\\/es\\\/#\\\/schema\\\/person\\\/a32c9825b3e2bfcbe757a97f6a15c8a5\",\"name\":\"ainara\"}]}<\/script>\n<!-- \/ Yoast SEO plugin. -->","yoast_head_json":{"title":"Abierto el plazo de inscripci\u00f3n al Programa Hazilan +. Las personas participantes recibir\u00e1n una beca diaria de 9 \u20ac - Iraurgi Berritzen","robots":{"index":"index","follow":"follow","max-snippet":"max-snippet:-1","max-image-preview":"max-image-preview:large","max-video-preview":"max-video-preview:-1"},"canonical":"https:\/\/iraurgiberritzen.eus\/es\/abierto-el-plazo-de-inscripcion-al-programa-hazilan-las-personas-participantes-recibiran-una-beca-diaria-de-9-e\/","og_locale":"es_ES","og_type":"article","og_title":"Abierto el plazo de inscripci\u00f3n al Programa Hazilan +. Las personas participantes recibir\u00e1n una beca diaria de 9 \u20ac - Iraurgi Berritzen","og_description":"Bajo la coordinaci\u00f3n de Iraurgi Berritzen, una nueva edici\u00f3n del programa\u00a0Hazllan+\u00a0se pondr\u00e1 en marcha la segunda quincena de diciembre y est\u00e1\u00a0dirigida a personas en desempleo con estudios medios o superiores. La principal novedad de la edici\u00f3n de 2025\u00a0es que las personas participantes recibir\u00e1n una\u00a0beca de 9 \u20ac diarios\u00a0en funci\u00f3n de la asistencia al programa. Con [&hellip;]","og_url":"https:\/\/iraurgiberritzen.eus\/es\/abierto-el-plazo-de-inscripcion-al-programa-hazilan-las-personas-participantes-recibiran-una-beca-diaria-de-9-e\/","og_site_name":"Iraurgi Berritzen","article_published_time":"2025-12-04T11:58:47+00:00","article_modified_time":"2025-12-04T12:25:37+00:00","og_image":[{"width":2500,"height":1719,"url":"https:\/\/iraurgiberritzen.eus\/wp-content\/uploads\/2025\/12\/3-1.jpg","type":"image\/jpeg"}],"author":"ainara","twitter_card":"summary_large_image","twitter_misc":{"Escrito por":"ainara","Tiempo de lectura":"2 minutos"},"schema":{"@context":"https:\/\/schema.org","@graph":[{"@type":"Article","@id":"https:\/\/iraurgiberritzen.eus\/es\/abierto-el-plazo-de-inscripcion-al-programa-hazilan-las-personas-participantes-recibiran-una-beca-diaria-de-9-e\/#article","isPartOf":{"@id":"https:\/\/iraurgiberritzen.eus\/es\/abierto-el-plazo-de-inscripcion-al-programa-hazilan-las-personas-participantes-recibiran-una-beca-diaria-de-9-e\/"},"author":{"name":"ainara","@id":"https:\/\/iraurgiberritzen.eus\/es\/#\/schema\/person\/a32c9825b3e2bfcbe757a97f6a15c8a5"},"headline":"Abierto el plazo de inscripci\u00f3n al Programa Hazilan +. Las personas participantes recibir\u00e1n una beca diaria de 9 \u20ac","datePublished":"2025-12-04T11:58:47+00:00","dateModified":"2025-12-04T12:25:37+00:00","mainEntityOfPage":{"@id":"https:\/\/iraurgiberritzen.eus\/es\/abierto-el-plazo-de-inscripcion-al-programa-hazilan-las-personas-participantes-recibiran-una-beca-diaria-de-9-e\/"},"wordCount":205,"publisher":{"@id":"https:\/\/iraurgiberritzen.eus\/es\/#organization"},"image":{"@id":"https:\/\/iraurgiberritzen.eus\/es\/abierto-el-plazo-de-inscripcion-al-programa-hazilan-las-personas-participantes-recibiran-una-beca-diaria-de-9-e\/#primaryimage"},"thumbnailUrl":"https:\/\/iraurgiberritzen.eus\/wp-content\/uploads\/2025\/12\/3-1.jpg","articleSection":["Noticias"],"inLanguage":"es"},{"@type":"WebPage","@id":"https:\/\/iraurgiberritzen.eus\/es\/abierto-el-plazo-de-inscripcion-al-programa-hazilan-las-personas-participantes-recibiran-una-beca-diaria-de-9-e\/","url":"https:\/\/iraurgiberritzen.eus\/es\/abierto-el-plazo-de-inscripcion-al-programa-hazilan-las-personas-participantes-recibiran-una-beca-diaria-de-9-e\/","name":"Abierto el plazo de inscripci\u00f3n al Programa Hazilan +. Las personas participantes recibir\u00e1n una beca diaria de 9 \u20ac - Iraurgi Berritzen","isPartOf":{"@id":"https:\/\/iraurgiberritzen.eus\/es\/#website"},"primaryImageOfPage":{"@id":"https:\/\/iraurgiberritzen.eus\/es\/abierto-el-plazo-de-inscripcion-al-programa-hazilan-las-personas-participantes-recibiran-una-beca-diaria-de-9-e\/#primaryimage"},"image":{"@id":"https:\/\/iraurgiberritzen.eus\/es\/abierto-el-plazo-de-inscripcion-al-programa-hazilan-las-personas-participantes-recibiran-una-beca-diaria-de-9-e\/#primaryimage"},"thumbnailUrl":"https:\/\/iraurgiberritzen.eus\/wp-content\/uploads\/2025\/12\/3-1.jpg","datePublished":"2025-12-04T11:58:47+00:00","dateModified":"2025-12-04T12:25:37+00:00","breadcrumb":{"@id":"https:\/\/iraurgiberritzen.eus\/es\/abierto-el-plazo-de-inscripcion-al-programa-hazilan-las-personas-participantes-recibiran-una-beca-diaria-de-9-e\/#breadcrumb"},"inLanguage":"es","potentialAction":[{"@type":"ReadAction","target":["https:\/\/iraurgiberritzen.eus\/es\/abierto-el-plazo-de-inscripcion-al-programa-hazilan-las-personas-participantes-recibiran-una-beca-diaria-de-9-e\/"]}]},{"@type":"ImageObject","inLanguage":"es","@id":"https:\/\/iraurgiberritzen.eus\/es\/abierto-el-plazo-de-inscripcion-al-programa-hazilan-las-personas-participantes-recibiran-una-beca-diaria-de-9-e\/#primaryimage","url":"https:\/\/iraurgiberritzen.eus\/wp-content\/uploads\/2025\/12\/3-1.jpg","contentUrl":"https:\/\/iraurgiberritzen.eus\/wp-content\/uploads\/2025\/12\/3-1.jpg","width":2500,"height":1719},{"@type":"BreadcrumbList","@id":"https:\/\/iraurgiberritzen.eus\/es\/abierto-el-plazo-de-inscripcion-al-programa-hazilan-las-personas-participantes-recibiran-una-beca-diaria-de-9-e\/#breadcrumb","itemListElement":[{"@type":"ListItem","position":1,"name":"Home","item":"https:\/\/iraurgiberritzen.eus\/es\/"},{"@type":"ListItem","position":2,"name":"Abierto el plazo de inscripci\u00f3n al Programa Hazilan +. Las personas participantes recibir\u00e1n una beca diaria de 9 \u20ac"}]},{"@type":"WebSite","@id":"https:\/\/iraurgiberritzen.eus\/es\/#website","url":"https:\/\/iraurgiberritzen.eus\/es\/","name":"Iraurgi Berritzen","description":"Urola Erdiko Garapen Agentzia","publisher":{"@id":"https:\/\/iraurgiberritzen.eus\/es\/#organization"},"potentialAction":[{"@type":"SearchAction","target":{"@type":"EntryPoint","urlTemplate":"https:\/\/iraurgiberritzen.eus\/es\/?s={search_term_string}"},"query-input":{"@type":"PropertyValueSpecification","valueRequired":true,"valueName":"search_term_string"}}],"inLanguage":"es"},{"@type":"Organization","@id":"https:\/\/iraurgiberritzen.eus\/es\/#organization","name":"Iraurgi Berritzen","url":"https:\/\/iraurgiberritzen.eus\/es\/","logo":{"@type":"ImageObject","inLanguage":"es","@id":"https:\/\/iraurgiberritzen.eus\/es\/#\/schema\/logo\/image\/","url":"https:\/\/iraurgiberritzen.eus\/wp-content\/uploads\/2024\/02\/IRAURGI-BERRITZEN-logotipoa_2.png","contentUrl":"https:\/\/iraurgiberritzen.eus\/wp-content\/uploads\/2024\/02\/IRAURGI-BERRITZEN-logotipoa_2.png","width":496,"height":190,"caption":"Iraurgi Berritzen"},"image":{"@id":"https:\/\/iraurgiberritzen.eus\/es\/#\/schema\/logo\/image\/"}},{"@type":"Person","@id":"https:\/\/iraurgiberritzen.eus\/es\/#\/schema\/person\/a32c9825b3e2bfcbe757a97f6a15c8a5","name":"ainara"}]}},"_links":{"self":[{"href":"https:\/\/iraurgiberritzen.eus\/es\/wp-json\/wp\/v2\/posts\/25396","targetHints":{"allow":["GET"]}}],"collection":[{"href":"https:\/\/iraurgiberritzen.eus\/es\/wp-json\/wp\/v2\/posts"}],"about":[{"href":"https:\/\/iraurgiberritzen.eus\/es\/wp-json\/wp\/v2\/types\/post"}],"author":[{"embeddable":true,"href":"https:\/\/iraurgiberritzen.eus\/es\/wp-json\/wp\/v2\/users\/4"}],"replies":[{"embeddable":true,"href":"https:\/\/iraurgiberritzen.eus\/es\/wp-json\/wp\/v2\/comments?post=25396"}],"version-history":[{"count":4,"href":"https:\/\/iraurgiberritzen.eus\/es\/wp-json\/wp\/v2\/posts\/25396\/revisions"}],"predecessor-version":[{"id":25419,"href":"https:\/\/iraurgiberritzen.eus\/es\/wp-json\/wp\/v2\/posts\/25396\/revisions\/25419"}],"wp:featuredmedia":[{"embeddable":true,"href":"https:\/\/iraurgiberritzen.eus\/es\/wp-json\/wp\/v2\/media\/25414"}],"wp:attachment":[{"href":"https:\/\/iraurgiberritzen.eus\/es\/wp-json\/wp\/v2\/media?parent=25396"}],"wp:term":[{"taxonomy":"category","embeddable":true,"href":"https:\/\/iraurgiberritzen.eus\/es\/wp-json\/wp\/v2\/categories?post=25396"},{"taxonomy":"post_tag","embeddable":true,"href":"https:\/\/iraurgiberritzen.eus\/es\/wp-json\/wp\/v2\/tags?post=25396"}],"curies":[{"name":"wp","href":"https:\/\/api.w.org\/{rel}","templated":true}]}}