{"id":25630,"date":"2025-12-19T06:41:39","date_gmt":"2025-12-19T04:41:39","guid":{"rendered":"https:\/\/iraurgiberritzen.eus\/?p=25630"},"modified":"2025-12-19T14:08:04","modified_gmt":"2025-12-19T12:08:04","slug":"urola-erdia-pone-en-marcha-una-nueva-estrategia-para-el-impulso-del-talento","status":"publish","type":"post","link":"https:\/\/iraurgiberritzen.eus\/es\/urola-erdia-pone-en-marcha-una-nueva-estrategia-para-el-impulso-del-talento\/","title":{"rendered":"Urola Erdia pone en marcha una nueva estrategia para el impulso del talento"},"content":{"rendered":"<p><strong><em>Gracias a la colaboraci\u00f3n p\u00fablico-privada con empresas e instituciones de la comarca, se ha consensuado la Hoja de Ruta 2025\u20132030 para atraer y retener talento<\/em><\/strong><\/p>\n<p>Urola Erdia ha dado un nuevo paso estrat\u00e9gico en sus pol\u00edticas de desarrollo y atracci\u00f3n de talento, a trav\u00e9s del proyecto <strong>\u201cAtracci\u00f3n de Talento en Urola Erdia\u201d<\/strong>, liderado por Iraurgi Berritzen. Esta iniciativa se enmarca en las prioridades del Plan Estrat\u00e9gico de Urola Erdia (UE 22\u201327), consensuado con los agentes de la comarca, con el objetivo de <strong>fortalecer la competitividad, la capacidad de atracci\u00f3n y el desarrollo futuro de la comarca<\/strong>.<\/p>\n<p>En respuesta al reto de la gesti\u00f3n del talento, Iraurgi Berritzen llev\u00f3 a cabo hace un a\u00f1o el <strong>Diagn\u00f3stico de Empleo Industrial<\/strong> junto con <strong>33 empresas industriales<\/strong>. Seg\u00fan los resultados del diagn\u00f3stico, a medio y largo plazo se necesitar\u00e1n <strong>alrededor de 360 profesionales<\/strong> de diferentes perfiles y niveles de cualificaci\u00f3n. Estos perfiles pueden consultarse en el siguiente enlace, que permite adem\u00e1s el env\u00edo del curr\u00edculum: <strong>iraurgiberritzen.eus\/es\/talento<\/strong>.<\/p>\n<p>En el marco de <strong>IB SAREA<\/strong>, y tomando como punto de partida las conclusiones del diagn\u00f3stico, se ha consensuado entre empresas y ayuntamientos la <strong>Hoja de Ruta para la Atracci\u00f3n de Talento 2025-2030<\/strong>.<\/p>\n<p>Esta Hoja de Ruta se articula en torno a tres ejes estrat\u00e9gicos:<\/p>\n<ol>\n<li><strong>Personas<\/strong> \u2013 Atraer y acompa\u00f1ar talento cualificado.<\/li>\n<li><strong>Empresa y Formaci\u00f3n<\/strong> \u2013 Reforzar las sinergias entre empresas y centros formativos.<\/li>\n<li><strong>Instituciones<\/strong> \u2013 Posicionar Urola Erdia como una comarca atractiva para el desarrollo del talento.<\/li>\n<\/ol>\n<p>En los pr\u00f3ximos a\u00f1os, se desarrollar\u00e1n <strong>l\u00edneas de acci\u00f3n e iniciativas concretas<\/strong>, en colaboraci\u00f3n con m\u00e1s agentes locales.<\/p>\n","protected":false},"excerpt":{"rendered":"<p>Gracias a la colaboraci\u00f3n p\u00fablico-privada con empresas e instituciones de la comarca, se ha consensuado la Hoja de Ruta 2025\u20132030 para atraer y retener talento Urola Erdia ha dado un nuevo paso estrat\u00e9gico en sus pol\u00edticas de desarrollo y atracci\u00f3n de talento, a trav\u00e9s del proyecto \u201cAtracci\u00f3n de Talento en Urola Erdia\u201d, liderado por Iraurgi [&hellip;]<\/p>\n","protected":false},"author":4,"featured_media":25251,"comment_status":"closed","ping_status":"closed","sticky":false,"template":"","format":"standard","meta":{"_acf_changed":false,"footnotes":""},"categories":[4],"tags":[],"class_list":["post-25630","post","type-post","status-publish","format-standard","has-post-thumbnail","hentry","category-noticias","arloak-desarrollo-local"],"acf":[],"yoast_head":"<!-- This site is optimized with the Yoast SEO plugin v27.4 - https:\/\/yoast.com\/product\/yoast-seo-wordpress\/ -->\n<title>Urola Erdia pone en marcha una nueva estrategia para el impulso del talento - Iraurgi Berritzen<\/title>\n<meta name=\"robots\" content=\"index, follow, max-snippet:-1, max-image-preview:large, max-video-preview:-1\" \/>\n<link rel=\"canonical\" href=\"https:\/\/iraurgiberritzen.eus\/es\/urola-erdia-pone-en-marcha-una-nueva-estrategia-para-el-impulso-del-talento\/\" \/>\n<meta property=\"og:locale\" content=\"es_ES\" \/>\n<meta property=\"og:type\" content=\"article\" \/>\n<meta property=\"og:title\" content=\"Urola Erdia pone en marcha una nueva estrategia para el impulso del talento - Iraurgi Berritzen\" \/>\n<meta property=\"og:description\" content=\"Gracias a la colaboraci\u00f3n p\u00fablico-privada con empresas e instituciones de la comarca, se ha consensuado la Hoja de Ruta 2025\u20132030 para atraer y retener talento Urola Erdia ha dado un nuevo paso estrat\u00e9gico en sus pol\u00edticas de desarrollo y atracci\u00f3n de talento, a trav\u00e9s del proyecto \u201cAtracci\u00f3n de Talento en Urola Erdia\u201d, liderado por Iraurgi [&hellip;]\" \/>\n<meta property=\"og:url\" content=\"https:\/\/iraurgiberritzen.eus\/es\/urola-erdia-pone-en-marcha-una-nueva-estrategia-para-el-impulso-del-talento\/\" \/>\n<meta property=\"og:site_name\" content=\"Iraurgi Berritzen\" \/>\n<meta property=\"article:published_time\" content=\"2025-12-19T04:41:39+00:00\" \/>\n<meta property=\"article:modified_time\" content=\"2025-12-19T12:08:04+00:00\" \/>\n<meta name=\"author\" content=\"ainara\" \/>\n<meta name=\"twitter:card\" content=\"summary_large_image\" \/>\n<meta name=\"twitter:label1\" content=\"Escrito por\" \/>\n\t<meta name=\"twitter:data1\" content=\"ainara\" \/>\n\t<meta name=\"twitter:label2\" content=\"Tiempo de lectura\" \/>\n\t<meta name=\"twitter:data2\" content=\"2 minutos\" \/>\n<script type=\"application\/ld+json\" class=\"yoast-schema-graph\">{\"@context\":\"https:\\\/\\\/schema.org\",\"@graph\":[{\"@type\":\"Article\",\"@id\":\"https:\\\/\\\/iraurgiberritzen.eus\\\/es\\\/urola-erdia-pone-en-marcha-una-nueva-estrategia-para-el-impulso-del-talento\\\/#article\",\"isPartOf\":{\"@id\":\"https:\\\/\\\/iraurgiberritzen.eus\\\/es\\\/urola-erdia-pone-en-marcha-una-nueva-estrategia-para-el-impulso-del-talento\\\/\"},\"author\":{\"name\":\"ainara\",\"@id\":\"https:\\\/\\\/iraurgiberritzen.eus\\\/es\\\/#\\\/schema\\\/person\\\/a32c9825b3e2bfcbe757a97f6a15c8a5\"},\"headline\":\"Urola Erdia pone en marcha una nueva estrategia para el impulso del talento\",\"datePublished\":\"2025-12-19T04:41:39+00:00\",\"dateModified\":\"2025-12-19T12:08:04+00:00\",\"mainEntityOfPage\":{\"@id\":\"https:\\\/\\\/iraurgiberritzen.eus\\\/es\\\/urola-erdia-pone-en-marcha-una-nueva-estrategia-para-el-impulso-del-talento\\\/\"},\"wordCount\":298,\"publisher\":{\"@id\":\"https:\\\/\\\/iraurgiberritzen.eus\\\/es\\\/#organization\"},\"image\":{\"@id\":\"https:\\\/\\\/iraurgiberritzen.eus\\\/es\\\/urola-erdia-pone-en-marcha-una-nueva-estrategia-para-el-impulso-del-talento\\\/#primaryimage\"},\"thumbnailUrl\":\"https:\\\/\\\/iraurgiberritzen.eus\\\/wp-content\\\/uploads\\\/2025\\\/11\\\/IMG_7425-scaled.jpg\",\"articleSection\":[\"Noticias\"],\"inLanguage\":\"es\"},{\"@type\":\"WebPage\",\"@id\":\"https:\\\/\\\/iraurgiberritzen.eus\\\/es\\\/urola-erdia-pone-en-marcha-una-nueva-estrategia-para-el-impulso-del-talento\\\/\",\"url\":\"https:\\\/\\\/iraurgiberritzen.eus\\\/es\\\/urola-erdia-pone-en-marcha-una-nueva-estrategia-para-el-impulso-del-talento\\\/\",\"name\":\"Urola Erdia pone en marcha una nueva estrategia para el impulso del talento - Iraurgi Berritzen\",\"isPartOf\":{\"@id\":\"https:\\\/\\\/iraurgiberritzen.eus\\\/es\\\/#website\"},\"primaryImageOfPage\":{\"@id\":\"https:\\\/\\\/iraurgiberritzen.eus\\\/es\\\/urola-erdia-pone-en-marcha-una-nueva-estrategia-para-el-impulso-del-talento\\\/#primaryimage\"},\"image\":{\"@id\":\"https:\\\/\\\/iraurgiberritzen.eus\\\/es\\\/urola-erdia-pone-en-marcha-una-nueva-estrategia-para-el-impulso-del-talento\\\/#primaryimage\"},\"thumbnailUrl\":\"https:\\\/\\\/iraurgiberritzen.eus\\\/wp-content\\\/uploads\\\/2025\\\/11\\\/IMG_7425-scaled.jpg\",\"datePublished\":\"2025-12-19T04:41:39+00:00\",\"dateModified\":\"2025-12-19T12:08:04+00:00\",\"breadcrumb\":{\"@id\":\"https:\\\/\\\/iraurgiberritzen.eus\\\/es\\\/urola-erdia-pone-en-marcha-una-nueva-estrategia-para-el-impulso-del-talento\\\/#breadcrumb\"},\"inLanguage\":\"es\",\"potentialAction\":[{\"@type\":\"ReadAction\",\"target\":[\"https:\\\/\\\/iraurgiberritzen.eus\\\/es\\\/urola-erdia-pone-en-marcha-una-nueva-estrategia-para-el-impulso-del-talento\\\/\"]}]},{\"@type\":\"ImageObject\",\"inLanguage\":\"es\",\"@id\":\"https:\\\/\\\/iraurgiberritzen.eus\\\/es\\\/urola-erdia-pone-en-marcha-una-nueva-estrategia-para-el-impulso-del-talento\\\/#primaryimage\",\"url\":\"https:\\\/\\\/iraurgiberritzen.eus\\\/wp-content\\\/uploads\\\/2025\\\/11\\\/IMG_7425-scaled.jpg\",\"contentUrl\":\"https:\\\/\\\/iraurgiberritzen.eus\\\/wp-content\\\/uploads\\\/2025\\\/11\\\/IMG_7425-scaled.jpg\",\"width\":2560,\"height\":1920},{\"@type\":\"BreadcrumbList\",\"@id\":\"https:\\\/\\\/iraurgiberritzen.eus\\\/es\\\/urola-erdia-pone-en-marcha-una-nueva-estrategia-para-el-impulso-del-talento\\\/#breadcrumb\",\"itemListElement\":[{\"@type\":\"ListItem\",\"position\":1,\"name\":\"Home\",\"item\":\"https:\\\/\\\/iraurgiberritzen.eus\\\/es\\\/\"},{\"@type\":\"ListItem\",\"position\":2,\"name\":\"Urola Erdia pone en marcha una nueva estrategia para el impulso del talento\"}]},{\"@type\":\"WebSite\",\"@id\":\"https:\\\/\\\/iraurgiberritzen.eus\\\/es\\\/#website\",\"url\":\"https:\\\/\\\/iraurgiberritzen.eus\\\/es\\\/\",\"name\":\"Iraurgi Berritzen\",\"description\":\"Urola Erdiko Garapen Agentzia\",\"publisher\":{\"@id\":\"https:\\\/\\\/iraurgiberritzen.eus\\\/es\\\/#organization\"},\"potentialAction\":[{\"@type\":\"SearchAction\",\"target\":{\"@type\":\"EntryPoint\",\"urlTemplate\":\"https:\\\/\\\/iraurgiberritzen.eus\\\/es\\\/?s={search_term_string}\"},\"query-input\":{\"@type\":\"PropertyValueSpecification\",\"valueRequired\":true,\"valueName\":\"search_term_string\"}}],\"inLanguage\":\"es\"},{\"@type\":\"Organization\",\"@id\":\"https:\\\/\\\/iraurgiberritzen.eus\\\/es\\\/#organization\",\"name\":\"Iraurgi Berritzen\",\"url\":\"https:\\\/\\\/iraurgiberritzen.eus\\\/es\\\/\",\"logo\":{\"@type\":\"ImageObject\",\"inLanguage\":\"es\",\"@id\":\"https:\\\/\\\/iraurgiberritzen.eus\\\/es\\\/#\\\/schema\\\/logo\\\/image\\\/\",\"url\":\"https:\\\/\\\/iraurgiberritzen.eus\\\/wp-content\\\/uploads\\\/2024\\\/02\\\/IRAURGI-BERRITZEN-logotipoa_2.png\",\"contentUrl\":\"https:\\\/\\\/iraurgiberritzen.eus\\\/wp-content\\\/uploads\\\/2024\\\/02\\\/IRAURGI-BERRITZEN-logotipoa_2.png\",\"width\":496,\"height\":190,\"caption\":\"Iraurgi Berritzen\"},\"image\":{\"@id\":\"https:\\\/\\\/iraurgiberritzen.eus\\\/es\\\/#\\\/schema\\\/logo\\\/image\\\/\"}},{\"@type\":\"Person\",\"@id\":\"https:\\\/\\\/iraurgiberritzen.eus\\\/es\\\/#\\\/schema\\\/person\\\/a32c9825b3e2bfcbe757a97f6a15c8a5\",\"name\":\"ainara\"}]}<\/script>\n<!-- \/ Yoast SEO plugin. -->","yoast_head_json":{"title":"Urola Erdia pone en marcha una nueva estrategia para el impulso del talento - Iraurgi Berritzen","robots":{"index":"index","follow":"follow","max-snippet":"max-snippet:-1","max-image-preview":"max-image-preview:large","max-video-preview":"max-video-preview:-1"},"canonical":"https:\/\/iraurgiberritzen.eus\/es\/urola-erdia-pone-en-marcha-una-nueva-estrategia-para-el-impulso-del-talento\/","og_locale":"es_ES","og_type":"article","og_title":"Urola Erdia pone en marcha una nueva estrategia para el impulso del talento - Iraurgi Berritzen","og_description":"Gracias a la colaboraci\u00f3n p\u00fablico-privada con empresas e instituciones de la comarca, se ha consensuado la Hoja de Ruta 2025\u20132030 para atraer y retener talento Urola Erdia ha dado un nuevo paso estrat\u00e9gico en sus pol\u00edticas de desarrollo y atracci\u00f3n de talento, a trav\u00e9s del proyecto \u201cAtracci\u00f3n de Talento en Urola Erdia\u201d, liderado por Iraurgi [&hellip;]","og_url":"https:\/\/iraurgiberritzen.eus\/es\/urola-erdia-pone-en-marcha-una-nueva-estrategia-para-el-impulso-del-talento\/","og_site_name":"Iraurgi Berritzen","article_published_time":"2025-12-19T04:41:39+00:00","article_modified_time":"2025-12-19T12:08:04+00:00","author":"ainara","twitter_card":"summary_large_image","twitter_misc":{"Escrito por":"ainara","Tiempo de lectura":"2 minutos"},"schema":{"@context":"https:\/\/schema.org","@graph":[{"@type":"Article","@id":"https:\/\/iraurgiberritzen.eus\/es\/urola-erdia-pone-en-marcha-una-nueva-estrategia-para-el-impulso-del-talento\/#article","isPartOf":{"@id":"https:\/\/iraurgiberritzen.eus\/es\/urola-erdia-pone-en-marcha-una-nueva-estrategia-para-el-impulso-del-talento\/"},"author":{"name":"ainara","@id":"https:\/\/iraurgiberritzen.eus\/es\/#\/schema\/person\/a32c9825b3e2bfcbe757a97f6a15c8a5"},"headline":"Urola Erdia pone en marcha una nueva estrategia para el impulso del talento","datePublished":"2025-12-19T04:41:39+00:00","dateModified":"2025-12-19T12:08:04+00:00","mainEntityOfPage":{"@id":"https:\/\/iraurgiberritzen.eus\/es\/urola-erdia-pone-en-marcha-una-nueva-estrategia-para-el-impulso-del-talento\/"},"wordCount":298,"publisher":{"@id":"https:\/\/iraurgiberritzen.eus\/es\/#organization"},"image":{"@id":"https:\/\/iraurgiberritzen.eus\/es\/urola-erdia-pone-en-marcha-una-nueva-estrategia-para-el-impulso-del-talento\/#primaryimage"},"thumbnailUrl":"https:\/\/iraurgiberritzen.eus\/wp-content\/uploads\/2025\/11\/IMG_7425-scaled.jpg","articleSection":["Noticias"],"inLanguage":"es"},{"@type":"WebPage","@id":"https:\/\/iraurgiberritzen.eus\/es\/urola-erdia-pone-en-marcha-una-nueva-estrategia-para-el-impulso-del-talento\/","url":"https:\/\/iraurgiberritzen.eus\/es\/urola-erdia-pone-en-marcha-una-nueva-estrategia-para-el-impulso-del-talento\/","name":"Urola Erdia pone en marcha una nueva estrategia para el impulso del talento - Iraurgi Berritzen","isPartOf":{"@id":"https:\/\/iraurgiberritzen.eus\/es\/#website"},"primaryImageOfPage":{"@id":"https:\/\/iraurgiberritzen.eus\/es\/urola-erdia-pone-en-marcha-una-nueva-estrategia-para-el-impulso-del-talento\/#primaryimage"},"image":{"@id":"https:\/\/iraurgiberritzen.eus\/es\/urola-erdia-pone-en-marcha-una-nueva-estrategia-para-el-impulso-del-talento\/#primaryimage"},"thumbnailUrl":"https:\/\/iraurgiberritzen.eus\/wp-content\/uploads\/2025\/11\/IMG_7425-scaled.jpg","datePublished":"2025-12-19T04:41:39+00:00","dateModified":"2025-12-19T12:08:04+00:00","breadcrumb":{"@id":"https:\/\/iraurgiberritzen.eus\/es\/urola-erdia-pone-en-marcha-una-nueva-estrategia-para-el-impulso-del-talento\/#breadcrumb"},"inLanguage":"es","potentialAction":[{"@type":"ReadAction","target":["https:\/\/iraurgiberritzen.eus\/es\/urola-erdia-pone-en-marcha-una-nueva-estrategia-para-el-impulso-del-talento\/"]}]},{"@type":"ImageObject","inLanguage":"es","@id":"https:\/\/iraurgiberritzen.eus\/es\/urola-erdia-pone-en-marcha-una-nueva-estrategia-para-el-impulso-del-talento\/#primaryimage","url":"https:\/\/iraurgiberritzen.eus\/wp-content\/uploads\/2025\/11\/IMG_7425-scaled.jpg","contentUrl":"https:\/\/iraurgiberritzen.eus\/wp-content\/uploads\/2025\/11\/IMG_7425-scaled.jpg","width":2560,"height":1920},{"@type":"BreadcrumbList","@id":"https:\/\/iraurgiberritzen.eus\/es\/urola-erdia-pone-en-marcha-una-nueva-estrategia-para-el-impulso-del-talento\/#breadcrumb","itemListElement":[{"@type":"ListItem","position":1,"name":"Home","item":"https:\/\/iraurgiberritzen.eus\/es\/"},{"@type":"ListItem","position":2,"name":"Urola Erdia pone en marcha una nueva estrategia para el impulso del talento"}]},{"@type":"WebSite","@id":"https:\/\/iraurgiberritzen.eus\/es\/#website","url":"https:\/\/iraurgiberritzen.eus\/es\/","name":"Iraurgi Berritzen","description":"Urola Erdiko Garapen Agentzia","publisher":{"@id":"https:\/\/iraurgiberritzen.eus\/es\/#organization"},"potentialAction":[{"@type":"SearchAction","target":{"@type":"EntryPoint","urlTemplate":"https:\/\/iraurgiberritzen.eus\/es\/?s={search_term_string}"},"query-input":{"@type":"PropertyValueSpecification","valueRequired":true,"valueName":"search_term_string"}}],"inLanguage":"es"},{"@type":"Organization","@id":"https:\/\/iraurgiberritzen.eus\/es\/#organization","name":"Iraurgi Berritzen","url":"https:\/\/iraurgiberritzen.eus\/es\/","logo":{"@type":"ImageObject","inLanguage":"es","@id":"https:\/\/iraurgiberritzen.eus\/es\/#\/schema\/logo\/image\/","url":"https:\/\/iraurgiberritzen.eus\/wp-content\/uploads\/2024\/02\/IRAURGI-BERRITZEN-logotipoa_2.png","contentUrl":"https:\/\/iraurgiberritzen.eus\/wp-content\/uploads\/2024\/02\/IRAURGI-BERRITZEN-logotipoa_2.png","width":496,"height":190,"caption":"Iraurgi Berritzen"},"image":{"@id":"https:\/\/iraurgiberritzen.eus\/es\/#\/schema\/logo\/image\/"}},{"@type":"Person","@id":"https:\/\/iraurgiberritzen.eus\/es\/#\/schema\/person\/a32c9825b3e2bfcbe757a97f6a15c8a5","name":"ainara"}]}},"_links":{"self":[{"href":"https:\/\/iraurgiberritzen.eus\/es\/wp-json\/wp\/v2\/posts\/25630","targetHints":{"allow":["GET"]}}],"collection":[{"href":"https:\/\/iraurgiberritzen.eus\/es\/wp-json\/wp\/v2\/posts"}],"about":[{"href":"https:\/\/iraurgiberritzen.eus\/es\/wp-json\/wp\/v2\/types\/post"}],"author":[{"embeddable":true,"href":"https:\/\/iraurgiberritzen.eus\/es\/wp-json\/wp\/v2\/users\/4"}],"replies":[{"embeddable":true,"href":"https:\/\/iraurgiberritzen.eus\/es\/wp-json\/wp\/v2\/comments?post=25630"}],"version-history":[{"count":2,"href":"https:\/\/iraurgiberritzen.eus\/es\/wp-json\/wp\/v2\/posts\/25630\/revisions"}],"predecessor-version":[{"id":25671,"href":"https:\/\/iraurgiberritzen.eus\/es\/wp-json\/wp\/v2\/posts\/25630\/revisions\/25671"}],"wp:featuredmedia":[{"embeddable":true,"href":"https:\/\/iraurgiberritzen.eus\/es\/wp-json\/wp\/v2\/media\/25251"}],"wp:attachment":[{"href":"https:\/\/iraurgiberritzen.eus\/es\/wp-json\/wp\/v2\/media?parent=25630"}],"wp:term":[{"taxonomy":"category","embeddable":true,"href":"https:\/\/iraurgiberritzen.eus\/es\/wp-json\/wp\/v2\/categories?post=25630"},{"taxonomy":"post_tag","embeddable":true,"href":"https:\/\/iraurgiberritzen.eus\/es\/wp-json\/wp\/v2\/tags?post=25630"}],"curies":[{"name":"wp","href":"https:\/\/api.w.org\/{rel}","templated":true}]}}