{"id":25645,"date":"2025-12-19T07:12:58","date_gmt":"2025-12-19T05:12:58","guid":{"rendered":"https:\/\/iraurgiberritzen.eus\/?p=25645"},"modified":"2025-12-19T07:12:58","modified_gmt":"2025-12-19T05:12:58","slug":"cinco-empresas-industriales-de-la-comarca-dan-un-paso-estrategico-hacia-la-sostenibilidad","status":"publish","type":"post","link":"https:\/\/iraurgiberritzen.eus\/es\/cinco-empresas-industriales-de-la-comarca-dan-un-paso-estrategico-hacia-la-sostenibilidad\/","title":{"rendered":"Cinco empresas industriales de la comarca dan un paso estrat\u00e9gico hacia la sostenibilidad"},"content":{"rendered":"<p><b><i><span data-contrast=\"auto\">A trav\u00e9s de\u00a0la\u00a0metodolog\u00eda\u00a0IkasEkin, el proceso\u00a0impulsado\u00a0por\u00a0Iraurgi\u00a0Berritzen\u00a0ha contribuido a integrar la sostenibilidad en la gesti\u00f3n empresarial<\/span><\/i><\/b><span data-ccp-props=\"{&quot;134233117&quot;:true,&quot;134233118&quot;:true,&quot;201341983&quot;:0,&quot;335559740&quot;:240}\">\u00a0<\/span><\/p>\n<p><span data-contrast=\"auto\">Iraurgi\u00a0Berritzen\u00a0ha dado hoy por finalizado el proyecto cuyo objetivo ha sido\u00a0<\/span><b><span data-contrast=\"auto\">acompa\u00f1ar a las empresas de la comarca en la comprensi\u00f3n, medici\u00f3n, integraci\u00f3n y comunicaci\u00f3n de la sostenibilidad desde un enfoque estrat\u00e9gico<\/span><\/b><span data-contrast=\"auto\">. La iniciativa ha sido\u00a0impulsada\u00a0por\u00a0Iraurgi\u00a0Berritzen\u00a0y ha contado con la participaci\u00f3n de\u00a0<\/span><b><span data-contrast=\"auto\">cinco empresas industriales de la comarca<\/span><\/b><span data-contrast=\"auto\">: ELMUBAS IBERICA, BERNARDO ECENARRO, ALBERDI MEKANIZATU LANAK, INTZA y VI4CRANE.<\/span><span data-ccp-props=\"{&quot;134233117&quot;:true,&quot;134233118&quot;:true,&quot;201341983&quot;:0,&quot;335559740&quot;:240}\">\u00a0<\/span><\/p>\n<p><span data-contrast=\"auto\">Todo el proceso se ha basado en la\u00a0<\/span><b><span data-contrast=\"auto\">metodolog\u00eda\u00a0IkasEkin<\/span><\/b><span data-contrast=\"auto\">, una din\u00e1mica de trabajo centrada en el intercambio de experiencias, el aprendizaje compartido y la colaboraci\u00f3n activa.\u00a0Adem\u00e1s, el proyecto ha contado con el acompa\u00f1amiento\u00a0<\/span><span data-contrast=\"none\">de David Zabala\u00a0y el equipo\u00a0de\u00a0<\/span><span data-contrast=\"auto\">Dezetaa\u00a0Consulting, quienes\u00a0han\u00a0aportado su experiencia y conocimiento a lo largo de todo el proceso.<\/span><span data-ccp-props=\"{&quot;134233117&quot;:true,&quot;134233118&quot;:true,&quot;201341983&quot;:0,&quot;335559740&quot;:240}\">\u00a0<\/span><\/p>\n<p><span data-contrast=\"auto\">Siguiendo el calendario iniciado en septiembre, el proceso\u00a0ha ido desarroll\u00e1ndose a trav\u00e9s de diferentes hitos en los \u00faltimos meses. En el primer taller, las empresas participantes trabajaron los conceptos b\u00e1sicos de la sostenibilidad y las herramientas para analizar la situaci\u00f3n de sus propias organizaciones, aprendiendo de forma conjunta y compartiendo buenas pr\u00e1cticas. En la segunda sesi\u00f3n, celebrada en octubre, se abordaron las claves para integrar la sostenibilidad en la estrategia de negocio y las oportunidades para mejorar el desempe\u00f1o sostenible, mediante din\u00e1micas de trabajo en equipo y el an\u00e1lisis de casos reales. Por \u00faltimo, el tercer taller, desarrollado en noviembre, puso el foco en la importancia de comunicar la sostenibilidad de manera eficaz, ofreciendo herramientas para multiplicar el impacto de las empresas.<\/span><span data-ccp-props=\"{&quot;134233117&quot;:true,&quot;134233118&quot;:true,&quot;201341983&quot;:0,&quot;335559740&quot;:240}\">\u00a0<\/span><\/p>\n<p><span data-contrast=\"auto\">Los talleres presenciales se han complementado con un acompa\u00f1amiento individualizado, adaptado a la realidad de cada empresa participante.<\/span><span data-ccp-props=\"{&quot;134233117&quot;:true,&quot;134233118&quot;:true,&quot;201341983&quot;:0,&quot;335559740&quot;:240}\">\u00a0<\/span><\/p>\n<p><span data-contrast=\"auto\">Con el acto celebrado hoy se ha puesto fin al proceso, con la presentaci\u00f3n de los resultados obtenidos y la entrega a cada empresa de su hoja de ruta personalizada en materia de sostenibilidad. Este documento define los retos y prioridades para los pr\u00f3ximos a\u00f1os y se convierte en una herramienta clave para seguir integrando la sostenibilidad de forma estructurada en la gesti\u00f3n empresarial.<\/span><span data-ccp-props=\"{&quot;134233117&quot;:true,&quot;134233118&quot;:true,&quot;201341983&quot;:0,&quot;335559740&quot;:240}\">\u00a0<\/span><\/p>\n<p><span data-contrast=\"auto\">Esta iniciativa\u00a0se enmarca dentro de\u00a0la estrategia\u00a0de\u00a0Iraurgi\u00a0Berritzen\u00a0para\u00a0<\/span><b><span data-contrast=\"auto\">impulsar la\u00a0transici\u00f3n ecol\u00f3gica de las empresas industriales de la comarca\u00a0<\/span><\/b><span data-contrast=\"auto\">y cuenta con el a<\/span><b><span data-contrast=\"auto\">poyo de la Diputaci\u00f3n Foral de Gipuzkoa, del Departamento de Promoci\u00f3n Econ\u00f3mic<\/span><\/b><b><span data-contrast=\"none\">a,\u00a0as\u00ed como de los ayuntamientos de Azpeitia y Azkoitia<\/span><\/b><span data-contrast=\"none\">.<\/span><span data-ccp-props=\"{&quot;134233117&quot;:true,&quot;134233118&quot;:true,&quot;201341983&quot;:0,&quot;335559740&quot;:240}\">\u00a0<\/span><\/p>\n<p><span data-ccp-props=\"{&quot;134233117&quot;:true,&quot;134233118&quot;:true,&quot;201341983&quot;:0,&quot;335559740&quot;:240}\">\u00a0<\/span><\/p>\n","protected":false},"excerpt":{"rendered":"<p>A trav\u00e9s de\u00a0la\u00a0metodolog\u00eda\u00a0IkasEkin, el proceso\u00a0impulsado\u00a0por\u00a0Iraurgi\u00a0Berritzen\u00a0ha contribuido a integrar la sostenibilidad en la gesti\u00f3n empresarial\u00a0 Iraurgi\u00a0Berritzen\u00a0ha dado hoy por finalizado el proyecto cuyo objetivo ha sido\u00a0acompa\u00f1ar a las empresas de la comarca en la comprensi\u00f3n, medici\u00f3n, integraci\u00f3n y comunicaci\u00f3n de la sostenibilidad desde un enfoque estrat\u00e9gico. La iniciativa ha sido\u00a0impulsada\u00a0por\u00a0Iraurgi\u00a0Berritzen\u00a0y ha contado con la participaci\u00f3n de\u00a0cinco [&hellip;]<\/p>\n","protected":false},"author":4,"featured_media":25643,"comment_status":"closed","ping_status":"closed","sticky":false,"template":"","format":"standard","meta":{"_acf_changed":false,"footnotes":""},"categories":[4],"tags":[],"class_list":["post-25645","post","type-post","status-publish","format-standard","has-post-thumbnail","hentry","category-noticias","arloak-enpresa"],"acf":[],"yoast_head":"<!-- This site is optimized with the Yoast SEO plugin v27.4 - https:\/\/yoast.com\/product\/yoast-seo-wordpress\/ -->\n<title>Cinco empresas industriales de la comarca dan un paso estrat\u00e9gico hacia la sostenibilidad - Iraurgi Berritzen<\/title>\n<meta name=\"robots\" content=\"index, follow, max-snippet:-1, max-image-preview:large, max-video-preview:-1\" \/>\n<link rel=\"canonical\" href=\"https:\/\/iraurgiberritzen.eus\/es\/cinco-empresas-industriales-de-la-comarca-dan-un-paso-estrategico-hacia-la-sostenibilidad\/\" \/>\n<meta property=\"og:locale\" content=\"es_ES\" \/>\n<meta property=\"og:type\" content=\"article\" \/>\n<meta property=\"og:title\" content=\"Cinco empresas industriales de la comarca dan un paso estrat\u00e9gico hacia la sostenibilidad - Iraurgi Berritzen\" \/>\n<meta property=\"og:description\" content=\"A trav\u00e9s de\u00a0la\u00a0metodolog\u00eda\u00a0IkasEkin, el proceso\u00a0impulsado\u00a0por\u00a0Iraurgi\u00a0Berritzen\u00a0ha contribuido a integrar la sostenibilidad en la gesti\u00f3n empresarial\u00a0 Iraurgi\u00a0Berritzen\u00a0ha dado hoy por finalizado el proyecto cuyo objetivo ha sido\u00a0acompa\u00f1ar a las empresas de la comarca en la comprensi\u00f3n, medici\u00f3n, integraci\u00f3n y comunicaci\u00f3n de la sostenibilidad desde un enfoque estrat\u00e9gico. La iniciativa ha sido\u00a0impulsada\u00a0por\u00a0Iraurgi\u00a0Berritzen\u00a0y ha contado con la participaci\u00f3n de\u00a0cinco [&hellip;]\" \/>\n<meta property=\"og:url\" content=\"https:\/\/iraurgiberritzen.eus\/es\/cinco-empresas-industriales-de-la-comarca-dan-un-paso-estrategico-hacia-la-sostenibilidad\/\" \/>\n<meta property=\"og:site_name\" content=\"Iraurgi Berritzen\" \/>\n<meta property=\"article:published_time\" content=\"2025-12-19T05:12:58+00:00\" \/>\n<meta property=\"og:image\" content=\"https:\/\/iraurgiberritzen.eus\/wp-content\/uploads\/2025\/12\/WhatsApp-Image-2025-12-18-at-10.39.12.jpeg\" \/>\n\t<meta property=\"og:image:width\" content=\"1600\" \/>\n\t<meta property=\"og:image:height\" content=\"1204\" \/>\n\t<meta property=\"og:image:type\" content=\"image\/jpeg\" \/>\n<meta name=\"author\" content=\"ainara\" \/>\n<meta name=\"twitter:card\" content=\"summary_large_image\" \/>\n<meta name=\"twitter:label1\" content=\"Escrito por\" \/>\n\t<meta name=\"twitter:data1\" content=\"ainara\" \/>\n\t<meta name=\"twitter:label2\" content=\"Tiempo de lectura\" \/>\n\t<meta name=\"twitter:data2\" content=\"3 minutos\" \/>\n<script type=\"application\/ld+json\" class=\"yoast-schema-graph\">{\"@context\":\"https:\\\/\\\/schema.org\",\"@graph\":[{\"@type\":\"Article\",\"@id\":\"https:\\\/\\\/iraurgiberritzen.eus\\\/es\\\/cinco-empresas-industriales-de-la-comarca-dan-un-paso-estrategico-hacia-la-sostenibilidad\\\/#article\",\"isPartOf\":{\"@id\":\"https:\\\/\\\/iraurgiberritzen.eus\\\/es\\\/cinco-empresas-industriales-de-la-comarca-dan-un-paso-estrategico-hacia-la-sostenibilidad\\\/\"},\"author\":{\"name\":\"ainara\",\"@id\":\"https:\\\/\\\/iraurgiberritzen.eus\\\/es\\\/#\\\/schema\\\/person\\\/a32c9825b3e2bfcbe757a97f6a15c8a5\"},\"headline\":\"Cinco empresas industriales de la comarca dan un paso estrat\u00e9gico hacia la sostenibilidad\",\"datePublished\":\"2025-12-19T05:12:58+00:00\",\"mainEntityOfPage\":{\"@id\":\"https:\\\/\\\/iraurgiberritzen.eus\\\/es\\\/cinco-empresas-industriales-de-la-comarca-dan-un-paso-estrategico-hacia-la-sostenibilidad\\\/\"},\"wordCount\":449,\"publisher\":{\"@id\":\"https:\\\/\\\/iraurgiberritzen.eus\\\/es\\\/#organization\"},\"image\":{\"@id\":\"https:\\\/\\\/iraurgiberritzen.eus\\\/es\\\/cinco-empresas-industriales-de-la-comarca-dan-un-paso-estrategico-hacia-la-sostenibilidad\\\/#primaryimage\"},\"thumbnailUrl\":\"https:\\\/\\\/iraurgiberritzen.eus\\\/wp-content\\\/uploads\\\/2025\\\/12\\\/WhatsApp-Image-2025-12-18-at-10.39.12.jpeg\",\"articleSection\":[\"Noticias\"],\"inLanguage\":\"es\"},{\"@type\":\"WebPage\",\"@id\":\"https:\\\/\\\/iraurgiberritzen.eus\\\/es\\\/cinco-empresas-industriales-de-la-comarca-dan-un-paso-estrategico-hacia-la-sostenibilidad\\\/\",\"url\":\"https:\\\/\\\/iraurgiberritzen.eus\\\/es\\\/cinco-empresas-industriales-de-la-comarca-dan-un-paso-estrategico-hacia-la-sostenibilidad\\\/\",\"name\":\"Cinco empresas industriales de la comarca dan un paso estrat\u00e9gico hacia la sostenibilidad - Iraurgi Berritzen\",\"isPartOf\":{\"@id\":\"https:\\\/\\\/iraurgiberritzen.eus\\\/es\\\/#website\"},\"primaryImageOfPage\":{\"@id\":\"https:\\\/\\\/iraurgiberritzen.eus\\\/es\\\/cinco-empresas-industriales-de-la-comarca-dan-un-paso-estrategico-hacia-la-sostenibilidad\\\/#primaryimage\"},\"image\":{\"@id\":\"https:\\\/\\\/iraurgiberritzen.eus\\\/es\\\/cinco-empresas-industriales-de-la-comarca-dan-un-paso-estrategico-hacia-la-sostenibilidad\\\/#primaryimage\"},\"thumbnailUrl\":\"https:\\\/\\\/iraurgiberritzen.eus\\\/wp-content\\\/uploads\\\/2025\\\/12\\\/WhatsApp-Image-2025-12-18-at-10.39.12.jpeg\",\"datePublished\":\"2025-12-19T05:12:58+00:00\",\"breadcrumb\":{\"@id\":\"https:\\\/\\\/iraurgiberritzen.eus\\\/es\\\/cinco-empresas-industriales-de-la-comarca-dan-un-paso-estrategico-hacia-la-sostenibilidad\\\/#breadcrumb\"},\"inLanguage\":\"es\",\"potentialAction\":[{\"@type\":\"ReadAction\",\"target\":[\"https:\\\/\\\/iraurgiberritzen.eus\\\/es\\\/cinco-empresas-industriales-de-la-comarca-dan-un-paso-estrategico-hacia-la-sostenibilidad\\\/\"]}]},{\"@type\":\"ImageObject\",\"inLanguage\":\"es\",\"@id\":\"https:\\\/\\\/iraurgiberritzen.eus\\\/es\\\/cinco-empresas-industriales-de-la-comarca-dan-un-paso-estrategico-hacia-la-sostenibilidad\\\/#primaryimage\",\"url\":\"https:\\\/\\\/iraurgiberritzen.eus\\\/wp-content\\\/uploads\\\/2025\\\/12\\\/WhatsApp-Image-2025-12-18-at-10.39.12.jpeg\",\"contentUrl\":\"https:\\\/\\\/iraurgiberritzen.eus\\\/wp-content\\\/uploads\\\/2025\\\/12\\\/WhatsApp-Image-2025-12-18-at-10.39.12.jpeg\",\"width\":1600,\"height\":1204},{\"@type\":\"BreadcrumbList\",\"@id\":\"https:\\\/\\\/iraurgiberritzen.eus\\\/es\\\/cinco-empresas-industriales-de-la-comarca-dan-un-paso-estrategico-hacia-la-sostenibilidad\\\/#breadcrumb\",\"itemListElement\":[{\"@type\":\"ListItem\",\"position\":1,\"name\":\"Home\",\"item\":\"https:\\\/\\\/iraurgiberritzen.eus\\\/es\\\/\"},{\"@type\":\"ListItem\",\"position\":2,\"name\":\"Cinco empresas industriales de la comarca dan un paso estrat\u00e9gico hacia la sostenibilidad\"}]},{\"@type\":\"WebSite\",\"@id\":\"https:\\\/\\\/iraurgiberritzen.eus\\\/es\\\/#website\",\"url\":\"https:\\\/\\\/iraurgiberritzen.eus\\\/es\\\/\",\"name\":\"Iraurgi Berritzen\",\"description\":\"Urola Erdiko Garapen Agentzia\",\"publisher\":{\"@id\":\"https:\\\/\\\/iraurgiberritzen.eus\\\/es\\\/#organization\"},\"potentialAction\":[{\"@type\":\"SearchAction\",\"target\":{\"@type\":\"EntryPoint\",\"urlTemplate\":\"https:\\\/\\\/iraurgiberritzen.eus\\\/es\\\/?s={search_term_string}\"},\"query-input\":{\"@type\":\"PropertyValueSpecification\",\"valueRequired\":true,\"valueName\":\"search_term_string\"}}],\"inLanguage\":\"es\"},{\"@type\":\"Organization\",\"@id\":\"https:\\\/\\\/iraurgiberritzen.eus\\\/es\\\/#organization\",\"name\":\"Iraurgi Berritzen\",\"url\":\"https:\\\/\\\/iraurgiberritzen.eus\\\/es\\\/\",\"logo\":{\"@type\":\"ImageObject\",\"inLanguage\":\"es\",\"@id\":\"https:\\\/\\\/iraurgiberritzen.eus\\\/es\\\/#\\\/schema\\\/logo\\\/image\\\/\",\"url\":\"https:\\\/\\\/iraurgiberritzen.eus\\\/wp-content\\\/uploads\\\/2024\\\/02\\\/IRAURGI-BERRITZEN-logotipoa_2.png\",\"contentUrl\":\"https:\\\/\\\/iraurgiberritzen.eus\\\/wp-content\\\/uploads\\\/2024\\\/02\\\/IRAURGI-BERRITZEN-logotipoa_2.png\",\"width\":496,\"height\":190,\"caption\":\"Iraurgi Berritzen\"},\"image\":{\"@id\":\"https:\\\/\\\/iraurgiberritzen.eus\\\/es\\\/#\\\/schema\\\/logo\\\/image\\\/\"}},{\"@type\":\"Person\",\"@id\":\"https:\\\/\\\/iraurgiberritzen.eus\\\/es\\\/#\\\/schema\\\/person\\\/a32c9825b3e2bfcbe757a97f6a15c8a5\",\"name\":\"ainara\"}]}<\/script>\n<!-- \/ Yoast SEO plugin. -->","yoast_head_json":{"title":"Cinco empresas industriales de la comarca dan un paso estrat\u00e9gico hacia la sostenibilidad - Iraurgi Berritzen","robots":{"index":"index","follow":"follow","max-snippet":"max-snippet:-1","max-image-preview":"max-image-preview:large","max-video-preview":"max-video-preview:-1"},"canonical":"https:\/\/iraurgiberritzen.eus\/es\/cinco-empresas-industriales-de-la-comarca-dan-un-paso-estrategico-hacia-la-sostenibilidad\/","og_locale":"es_ES","og_type":"article","og_title":"Cinco empresas industriales de la comarca dan un paso estrat\u00e9gico hacia la sostenibilidad - Iraurgi Berritzen","og_description":"A trav\u00e9s de\u00a0la\u00a0metodolog\u00eda\u00a0IkasEkin, el proceso\u00a0impulsado\u00a0por\u00a0Iraurgi\u00a0Berritzen\u00a0ha contribuido a integrar la sostenibilidad en la gesti\u00f3n empresarial\u00a0 Iraurgi\u00a0Berritzen\u00a0ha dado hoy por finalizado el proyecto cuyo objetivo ha sido\u00a0acompa\u00f1ar a las empresas de la comarca en la comprensi\u00f3n, medici\u00f3n, integraci\u00f3n y comunicaci\u00f3n de la sostenibilidad desde un enfoque estrat\u00e9gico. La iniciativa ha sido\u00a0impulsada\u00a0por\u00a0Iraurgi\u00a0Berritzen\u00a0y ha contado con la participaci\u00f3n de\u00a0cinco [&hellip;]","og_url":"https:\/\/iraurgiberritzen.eus\/es\/cinco-empresas-industriales-de-la-comarca-dan-un-paso-estrategico-hacia-la-sostenibilidad\/","og_site_name":"Iraurgi Berritzen","article_published_time":"2025-12-19T05:12:58+00:00","og_image":[{"width":1600,"height":1204,"url":"https:\/\/iraurgiberritzen.eus\/wp-content\/uploads\/2025\/12\/WhatsApp-Image-2025-12-18-at-10.39.12.jpeg","type":"image\/jpeg"}],"author":"ainara","twitter_card":"summary_large_image","twitter_misc":{"Escrito por":"ainara","Tiempo de lectura":"3 minutos"},"schema":{"@context":"https:\/\/schema.org","@graph":[{"@type":"Article","@id":"https:\/\/iraurgiberritzen.eus\/es\/cinco-empresas-industriales-de-la-comarca-dan-un-paso-estrategico-hacia-la-sostenibilidad\/#article","isPartOf":{"@id":"https:\/\/iraurgiberritzen.eus\/es\/cinco-empresas-industriales-de-la-comarca-dan-un-paso-estrategico-hacia-la-sostenibilidad\/"},"author":{"name":"ainara","@id":"https:\/\/iraurgiberritzen.eus\/es\/#\/schema\/person\/a32c9825b3e2bfcbe757a97f6a15c8a5"},"headline":"Cinco empresas industriales de la comarca dan un paso estrat\u00e9gico hacia la sostenibilidad","datePublished":"2025-12-19T05:12:58+00:00","mainEntityOfPage":{"@id":"https:\/\/iraurgiberritzen.eus\/es\/cinco-empresas-industriales-de-la-comarca-dan-un-paso-estrategico-hacia-la-sostenibilidad\/"},"wordCount":449,"publisher":{"@id":"https:\/\/iraurgiberritzen.eus\/es\/#organization"},"image":{"@id":"https:\/\/iraurgiberritzen.eus\/es\/cinco-empresas-industriales-de-la-comarca-dan-un-paso-estrategico-hacia-la-sostenibilidad\/#primaryimage"},"thumbnailUrl":"https:\/\/iraurgiberritzen.eus\/wp-content\/uploads\/2025\/12\/WhatsApp-Image-2025-12-18-at-10.39.12.jpeg","articleSection":["Noticias"],"inLanguage":"es"},{"@type":"WebPage","@id":"https:\/\/iraurgiberritzen.eus\/es\/cinco-empresas-industriales-de-la-comarca-dan-un-paso-estrategico-hacia-la-sostenibilidad\/","url":"https:\/\/iraurgiberritzen.eus\/es\/cinco-empresas-industriales-de-la-comarca-dan-un-paso-estrategico-hacia-la-sostenibilidad\/","name":"Cinco empresas industriales de la comarca dan un paso estrat\u00e9gico hacia la sostenibilidad - Iraurgi Berritzen","isPartOf":{"@id":"https:\/\/iraurgiberritzen.eus\/es\/#website"},"primaryImageOfPage":{"@id":"https:\/\/iraurgiberritzen.eus\/es\/cinco-empresas-industriales-de-la-comarca-dan-un-paso-estrategico-hacia-la-sostenibilidad\/#primaryimage"},"image":{"@id":"https:\/\/iraurgiberritzen.eus\/es\/cinco-empresas-industriales-de-la-comarca-dan-un-paso-estrategico-hacia-la-sostenibilidad\/#primaryimage"},"thumbnailUrl":"https:\/\/iraurgiberritzen.eus\/wp-content\/uploads\/2025\/12\/WhatsApp-Image-2025-12-18-at-10.39.12.jpeg","datePublished":"2025-12-19T05:12:58+00:00","breadcrumb":{"@id":"https:\/\/iraurgiberritzen.eus\/es\/cinco-empresas-industriales-de-la-comarca-dan-un-paso-estrategico-hacia-la-sostenibilidad\/#breadcrumb"},"inLanguage":"es","potentialAction":[{"@type":"ReadAction","target":["https:\/\/iraurgiberritzen.eus\/es\/cinco-empresas-industriales-de-la-comarca-dan-un-paso-estrategico-hacia-la-sostenibilidad\/"]}]},{"@type":"ImageObject","inLanguage":"es","@id":"https:\/\/iraurgiberritzen.eus\/es\/cinco-empresas-industriales-de-la-comarca-dan-un-paso-estrategico-hacia-la-sostenibilidad\/#primaryimage","url":"https:\/\/iraurgiberritzen.eus\/wp-content\/uploads\/2025\/12\/WhatsApp-Image-2025-12-18-at-10.39.12.jpeg","contentUrl":"https:\/\/iraurgiberritzen.eus\/wp-content\/uploads\/2025\/12\/WhatsApp-Image-2025-12-18-at-10.39.12.jpeg","width":1600,"height":1204},{"@type":"BreadcrumbList","@id":"https:\/\/iraurgiberritzen.eus\/es\/cinco-empresas-industriales-de-la-comarca-dan-un-paso-estrategico-hacia-la-sostenibilidad\/#breadcrumb","itemListElement":[{"@type":"ListItem","position":1,"name":"Home","item":"https:\/\/iraurgiberritzen.eus\/es\/"},{"@type":"ListItem","position":2,"name":"Cinco empresas industriales de la comarca dan un paso estrat\u00e9gico hacia la sostenibilidad"}]},{"@type":"WebSite","@id":"https:\/\/iraurgiberritzen.eus\/es\/#website","url":"https:\/\/iraurgiberritzen.eus\/es\/","name":"Iraurgi Berritzen","description":"Urola Erdiko Garapen Agentzia","publisher":{"@id":"https:\/\/iraurgiberritzen.eus\/es\/#organization"},"potentialAction":[{"@type":"SearchAction","target":{"@type":"EntryPoint","urlTemplate":"https:\/\/iraurgiberritzen.eus\/es\/?s={search_term_string}"},"query-input":{"@type":"PropertyValueSpecification","valueRequired":true,"valueName":"search_term_string"}}],"inLanguage":"es"},{"@type":"Organization","@id":"https:\/\/iraurgiberritzen.eus\/es\/#organization","name":"Iraurgi Berritzen","url":"https:\/\/iraurgiberritzen.eus\/es\/","logo":{"@type":"ImageObject","inLanguage":"es","@id":"https:\/\/iraurgiberritzen.eus\/es\/#\/schema\/logo\/image\/","url":"https:\/\/iraurgiberritzen.eus\/wp-content\/uploads\/2024\/02\/IRAURGI-BERRITZEN-logotipoa_2.png","contentUrl":"https:\/\/iraurgiberritzen.eus\/wp-content\/uploads\/2024\/02\/IRAURGI-BERRITZEN-logotipoa_2.png","width":496,"height":190,"caption":"Iraurgi Berritzen"},"image":{"@id":"https:\/\/iraurgiberritzen.eus\/es\/#\/schema\/logo\/image\/"}},{"@type":"Person","@id":"https:\/\/iraurgiberritzen.eus\/es\/#\/schema\/person\/a32c9825b3e2bfcbe757a97f6a15c8a5","name":"ainara"}]}},"_links":{"self":[{"href":"https:\/\/iraurgiberritzen.eus\/es\/wp-json\/wp\/v2\/posts\/25645","targetHints":{"allow":["GET"]}}],"collection":[{"href":"https:\/\/iraurgiberritzen.eus\/es\/wp-json\/wp\/v2\/posts"}],"about":[{"href":"https:\/\/iraurgiberritzen.eus\/es\/wp-json\/wp\/v2\/types\/post"}],"author":[{"embeddable":true,"href":"https:\/\/iraurgiberritzen.eus\/es\/wp-json\/wp\/v2\/users\/4"}],"replies":[{"embeddable":true,"href":"https:\/\/iraurgiberritzen.eus\/es\/wp-json\/wp\/v2\/comments?post=25645"}],"version-history":[{"count":1,"href":"https:\/\/iraurgiberritzen.eus\/es\/wp-json\/wp\/v2\/posts\/25645\/revisions"}],"predecessor-version":[{"id":25646,"href":"https:\/\/iraurgiberritzen.eus\/es\/wp-json\/wp\/v2\/posts\/25645\/revisions\/25646"}],"wp:featuredmedia":[{"embeddable":true,"href":"https:\/\/iraurgiberritzen.eus\/es\/wp-json\/wp\/v2\/media\/25643"}],"wp:attachment":[{"href":"https:\/\/iraurgiberritzen.eus\/es\/wp-json\/wp\/v2\/media?parent=25645"}],"wp:term":[{"taxonomy":"category","embeddable":true,"href":"https:\/\/iraurgiberritzen.eus\/es\/wp-json\/wp\/v2\/categories?post=25645"},{"taxonomy":"post_tag","embeddable":true,"href":"https:\/\/iraurgiberritzen.eus\/es\/wp-json\/wp\/v2\/tags?post=25645"}],"curies":[{"name":"wp","href":"https:\/\/api.w.org\/{rel}","templated":true}]}}