{"id":25664,"date":"2025-12-19T11:10:51","date_gmt":"2025-12-19T09:10:51","guid":{"rendered":"https:\/\/iraurgiberritzen.eus\/?p=25664"},"modified":"2025-12-19T14:46:28","modified_gmt":"2025-12-19T12:46:28","slug":"las-representantes-de-todas-las-comarcas-que-conforman-la-mesa-de-la-red-de-inclusion-de-gipuzkoa-se-han-reunido-en-azkoitia","status":"publish","type":"post","link":"https:\/\/iraurgiberritzen.eus\/es\/las-representantes-de-todas-las-comarcas-que-conforman-la-mesa-de-la-red-de-inclusion-de-gipuzkoa-se-han-reunido-en-azkoitia\/","title":{"rendered":"Representantes de las comarcas que conforman la Mesa de la Red de Inclusi\u00f3n de Gipuzkoa se han reunido hoy en Azkoitia"},"content":{"rendered":"<p>Las representantes de todas las comarcas que conforman la <strong>Mesa de la Red de Inclusi\u00f3n de Gipuzkoa<\/strong> se han reunido hoy en Azkoitia, en el marco de la <strong>Estrategia ElkarEkin Lanean<\/strong>, proyecto estrat\u00e9gico en el marco de gobernanza colaborativa impulsado por la <strong>Diputaci\u00f3n Foral de Gipuzkoa<\/strong>.<\/p>\n<p>El encuentro de hoy ha tenido como objetivo compartir las realidades de cada comarca, <strong>valorar el recorrido realizado en el 2025 y consensuar las l\u00edneas de trabajo para 2026<\/strong>. Durante la sesi\u00f3n tambi\u00e9n se han analizado los retos actuales en materia de inclusi\u00f3n, las nuevas necesidades detectadas y las orientaciones estrat\u00e9gicas para los pr\u00f3ximos meses.<\/p>\n<p>La <strong>Estrategia ElkarEkin Lanean<\/strong> trabaja de manera coordinada con la red comarcal para reforzar los procesos de inclusi\u00f3n social y laboral en todo el territorio, y la sesi\u00f3n de hoy ha supuesto un paso significativo en dicha direcci\u00f3n, <strong>valorando muy positivamente el recorrido realizado por ISM<\/strong>.<\/p>\n<p>Participantes: Diputaci\u00f3n Foral de Gipuzkoa; Iraurgi Berritzen; Uggasa; Goieki ; Tolosaldea ; Debegesa; Urola Kosta; Oarsoaldea ; Bidasoa Activa; Debagoiena; Beterri Buruntza: Fomento SanSebastian; Fernando Consuegra; Koldo Peci\u00f1a; batbietahiru.<\/p>\n","protected":false},"excerpt":{"rendered":"<p>Las representantes de todas las comarcas que conforman la Mesa de la Red de Inclusi\u00f3n de Gipuzkoa se han reunido hoy en Azkoitia, en el marco de la Estrategia ElkarEkin Lanean, proyecto estrat\u00e9gico en el marco de gobernanza colaborativa impulsado por la Diputaci\u00f3n Foral de Gipuzkoa. El encuentro de hoy ha tenido como objetivo compartir [&hellip;]<\/p>\n","protected":false},"author":4,"featured_media":25662,"comment_status":"closed","ping_status":"closed","sticky":false,"template":"","format":"standard","meta":{"_acf_changed":false,"footnotes":""},"categories":[4],"tags":[],"class_list":["post-25664","post","type-post","status-publish","format-standard","has-post-thumbnail","hentry","category-noticias","arloak-empleo"],"acf":[],"yoast_head":"<!-- This site is optimized with the Yoast SEO plugin v27.4 - https:\/\/yoast.com\/product\/yoast-seo-wordpress\/ -->\n<title>Representantes de las comarcas que conforman la Mesa de la Red de Inclusi\u00f3n de Gipuzkoa se han reunido hoy en Azkoitia - Iraurgi Berritzen<\/title>\n<meta name=\"robots\" content=\"index, follow, max-snippet:-1, max-image-preview:large, max-video-preview:-1\" \/>\n<link rel=\"canonical\" href=\"https:\/\/iraurgiberritzen.eus\/es\/las-representantes-de-todas-las-comarcas-que-conforman-la-mesa-de-la-red-de-inclusion-de-gipuzkoa-se-han-reunido-en-azkoitia\/\" \/>\n<meta property=\"og:locale\" content=\"es_ES\" \/>\n<meta property=\"og:type\" content=\"article\" \/>\n<meta property=\"og:title\" content=\"Representantes de las comarcas que conforman la Mesa de la Red de Inclusi\u00f3n de Gipuzkoa se han reunido hoy en Azkoitia - Iraurgi Berritzen\" \/>\n<meta property=\"og:description\" content=\"Las representantes de todas las comarcas que conforman la Mesa de la Red de Inclusi\u00f3n de Gipuzkoa se han reunido hoy en Azkoitia, en el marco de la Estrategia ElkarEkin Lanean, proyecto estrat\u00e9gico en el marco de gobernanza colaborativa impulsado por la Diputaci\u00f3n Foral de Gipuzkoa. El encuentro de hoy ha tenido como objetivo compartir [&hellip;]\" \/>\n<meta property=\"og:url\" content=\"https:\/\/iraurgiberritzen.eus\/es\/las-representantes-de-todas-las-comarcas-que-conforman-la-mesa-de-la-red-de-inclusion-de-gipuzkoa-se-han-reunido-en-azkoitia\/\" \/>\n<meta property=\"og:site_name\" content=\"Iraurgi Berritzen\" \/>\n<meta property=\"article:published_time\" content=\"2025-12-19T09:10:51+00:00\" \/>\n<meta property=\"article:modified_time\" content=\"2025-12-19T12:46:28+00:00\" \/>\n<meta property=\"og:image\" content=\"https:\/\/iraurgiberritzen.eus\/wp-content\/uploads\/2025\/12\/WhatsApp-Image-2025-12-19-at-09.51.42.jpeg\" \/>\n\t<meta property=\"og:image:width\" content=\"1600\" \/>\n\t<meta property=\"og:image:height\" content=\"1200\" \/>\n\t<meta property=\"og:image:type\" content=\"image\/jpeg\" \/>\n<meta name=\"author\" content=\"ainara\" \/>\n<meta name=\"twitter:card\" content=\"summary_large_image\" \/>\n<meta name=\"twitter:label1\" content=\"Escrito por\" \/>\n\t<meta name=\"twitter:data1\" content=\"ainara\" \/>\n\t<meta name=\"twitter:label2\" content=\"Tiempo de lectura\" \/>\n\t<meta name=\"twitter:data2\" content=\"2 minutos\" \/>\n<script type=\"application\/ld+json\" class=\"yoast-schema-graph\">{\"@context\":\"https:\\\/\\\/schema.org\",\"@graph\":[{\"@type\":\"Article\",\"@id\":\"https:\\\/\\\/iraurgiberritzen.eus\\\/es\\\/las-representantes-de-todas-las-comarcas-que-conforman-la-mesa-de-la-red-de-inclusion-de-gipuzkoa-se-han-reunido-en-azkoitia\\\/#article\",\"isPartOf\":{\"@id\":\"https:\\\/\\\/iraurgiberritzen.eus\\\/es\\\/las-representantes-de-todas-las-comarcas-que-conforman-la-mesa-de-la-red-de-inclusion-de-gipuzkoa-se-han-reunido-en-azkoitia\\\/\"},\"author\":{\"name\":\"ainara\",\"@id\":\"https:\\\/\\\/iraurgiberritzen.eus\\\/es\\\/#\\\/schema\\\/person\\\/a32c9825b3e2bfcbe757a97f6a15c8a5\"},\"headline\":\"Representantes de las comarcas que conforman la Mesa de la Red de Inclusi\u00f3n de Gipuzkoa se han reunido hoy en Azkoitia\",\"datePublished\":\"2025-12-19T09:10:51+00:00\",\"dateModified\":\"2025-12-19T12:46:28+00:00\",\"mainEntityOfPage\":{\"@id\":\"https:\\\/\\\/iraurgiberritzen.eus\\\/es\\\/las-representantes-de-todas-las-comarcas-que-conforman-la-mesa-de-la-red-de-inclusion-de-gipuzkoa-se-han-reunido-en-azkoitia\\\/\"},\"wordCount\":207,\"publisher\":{\"@id\":\"https:\\\/\\\/iraurgiberritzen.eus\\\/es\\\/#organization\"},\"image\":{\"@id\":\"https:\\\/\\\/iraurgiberritzen.eus\\\/es\\\/las-representantes-de-todas-las-comarcas-que-conforman-la-mesa-de-la-red-de-inclusion-de-gipuzkoa-se-han-reunido-en-azkoitia\\\/#primaryimage\"},\"thumbnailUrl\":\"https:\\\/\\\/iraurgiberritzen.eus\\\/wp-content\\\/uploads\\\/2025\\\/12\\\/WhatsApp-Image-2025-12-19-at-09.51.42.jpeg\",\"articleSection\":[\"Noticias\"],\"inLanguage\":\"es\"},{\"@type\":\"WebPage\",\"@id\":\"https:\\\/\\\/iraurgiberritzen.eus\\\/es\\\/las-representantes-de-todas-las-comarcas-que-conforman-la-mesa-de-la-red-de-inclusion-de-gipuzkoa-se-han-reunido-en-azkoitia\\\/\",\"url\":\"https:\\\/\\\/iraurgiberritzen.eus\\\/es\\\/las-representantes-de-todas-las-comarcas-que-conforman-la-mesa-de-la-red-de-inclusion-de-gipuzkoa-se-han-reunido-en-azkoitia\\\/\",\"name\":\"Representantes de las comarcas que conforman la Mesa de la Red de Inclusi\u00f3n de Gipuzkoa se han reunido hoy en Azkoitia - Iraurgi Berritzen\",\"isPartOf\":{\"@id\":\"https:\\\/\\\/iraurgiberritzen.eus\\\/es\\\/#website\"},\"primaryImageOfPage\":{\"@id\":\"https:\\\/\\\/iraurgiberritzen.eus\\\/es\\\/las-representantes-de-todas-las-comarcas-que-conforman-la-mesa-de-la-red-de-inclusion-de-gipuzkoa-se-han-reunido-en-azkoitia\\\/#primaryimage\"},\"image\":{\"@id\":\"https:\\\/\\\/iraurgiberritzen.eus\\\/es\\\/las-representantes-de-todas-las-comarcas-que-conforman-la-mesa-de-la-red-de-inclusion-de-gipuzkoa-se-han-reunido-en-azkoitia\\\/#primaryimage\"},\"thumbnailUrl\":\"https:\\\/\\\/iraurgiberritzen.eus\\\/wp-content\\\/uploads\\\/2025\\\/12\\\/WhatsApp-Image-2025-12-19-at-09.51.42.jpeg\",\"datePublished\":\"2025-12-19T09:10:51+00:00\",\"dateModified\":\"2025-12-19T12:46:28+00:00\",\"breadcrumb\":{\"@id\":\"https:\\\/\\\/iraurgiberritzen.eus\\\/es\\\/las-representantes-de-todas-las-comarcas-que-conforman-la-mesa-de-la-red-de-inclusion-de-gipuzkoa-se-han-reunido-en-azkoitia\\\/#breadcrumb\"},\"inLanguage\":\"es\",\"potentialAction\":[{\"@type\":\"ReadAction\",\"target\":[\"https:\\\/\\\/iraurgiberritzen.eus\\\/es\\\/las-representantes-de-todas-las-comarcas-que-conforman-la-mesa-de-la-red-de-inclusion-de-gipuzkoa-se-han-reunido-en-azkoitia\\\/\"]}]},{\"@type\":\"ImageObject\",\"inLanguage\":\"es\",\"@id\":\"https:\\\/\\\/iraurgiberritzen.eus\\\/es\\\/las-representantes-de-todas-las-comarcas-que-conforman-la-mesa-de-la-red-de-inclusion-de-gipuzkoa-se-han-reunido-en-azkoitia\\\/#primaryimage\",\"url\":\"https:\\\/\\\/iraurgiberritzen.eus\\\/wp-content\\\/uploads\\\/2025\\\/12\\\/WhatsApp-Image-2025-12-19-at-09.51.42.jpeg\",\"contentUrl\":\"https:\\\/\\\/iraurgiberritzen.eus\\\/wp-content\\\/uploads\\\/2025\\\/12\\\/WhatsApp-Image-2025-12-19-at-09.51.42.jpeg\",\"width\":1600,\"height\":1200},{\"@type\":\"BreadcrumbList\",\"@id\":\"https:\\\/\\\/iraurgiberritzen.eus\\\/es\\\/las-representantes-de-todas-las-comarcas-que-conforman-la-mesa-de-la-red-de-inclusion-de-gipuzkoa-se-han-reunido-en-azkoitia\\\/#breadcrumb\",\"itemListElement\":[{\"@type\":\"ListItem\",\"position\":1,\"name\":\"Home\",\"item\":\"https:\\\/\\\/iraurgiberritzen.eus\\\/es\\\/\"},{\"@type\":\"ListItem\",\"position\":2,\"name\":\"Representantes de las comarcas que conforman la Mesa de la Red de Inclusi\u00f3n de Gipuzkoa se han reunido hoy en Azkoitia\"}]},{\"@type\":\"WebSite\",\"@id\":\"https:\\\/\\\/iraurgiberritzen.eus\\\/es\\\/#website\",\"url\":\"https:\\\/\\\/iraurgiberritzen.eus\\\/es\\\/\",\"name\":\"Iraurgi Berritzen\",\"description\":\"Urola Erdiko Garapen Agentzia\",\"publisher\":{\"@id\":\"https:\\\/\\\/iraurgiberritzen.eus\\\/es\\\/#organization\"},\"potentialAction\":[{\"@type\":\"SearchAction\",\"target\":{\"@type\":\"EntryPoint\",\"urlTemplate\":\"https:\\\/\\\/iraurgiberritzen.eus\\\/es\\\/?s={search_term_string}\"},\"query-input\":{\"@type\":\"PropertyValueSpecification\",\"valueRequired\":true,\"valueName\":\"search_term_string\"}}],\"inLanguage\":\"es\"},{\"@type\":\"Organization\",\"@id\":\"https:\\\/\\\/iraurgiberritzen.eus\\\/es\\\/#organization\",\"name\":\"Iraurgi Berritzen\",\"url\":\"https:\\\/\\\/iraurgiberritzen.eus\\\/es\\\/\",\"logo\":{\"@type\":\"ImageObject\",\"inLanguage\":\"es\",\"@id\":\"https:\\\/\\\/iraurgiberritzen.eus\\\/es\\\/#\\\/schema\\\/logo\\\/image\\\/\",\"url\":\"https:\\\/\\\/iraurgiberritzen.eus\\\/wp-content\\\/uploads\\\/2024\\\/02\\\/IRAURGI-BERRITZEN-logotipoa_2.png\",\"contentUrl\":\"https:\\\/\\\/iraurgiberritzen.eus\\\/wp-content\\\/uploads\\\/2024\\\/02\\\/IRAURGI-BERRITZEN-logotipoa_2.png\",\"width\":496,\"height\":190,\"caption\":\"Iraurgi Berritzen\"},\"image\":{\"@id\":\"https:\\\/\\\/iraurgiberritzen.eus\\\/es\\\/#\\\/schema\\\/logo\\\/image\\\/\"}},{\"@type\":\"Person\",\"@id\":\"https:\\\/\\\/iraurgiberritzen.eus\\\/es\\\/#\\\/schema\\\/person\\\/a32c9825b3e2bfcbe757a97f6a15c8a5\",\"name\":\"ainara\"}]}<\/script>\n<!-- \/ Yoast SEO plugin. -->","yoast_head_json":{"title":"Representantes de las comarcas que conforman la Mesa de la Red de Inclusi\u00f3n de Gipuzkoa se han reunido hoy en Azkoitia - Iraurgi Berritzen","robots":{"index":"index","follow":"follow","max-snippet":"max-snippet:-1","max-image-preview":"max-image-preview:large","max-video-preview":"max-video-preview:-1"},"canonical":"https:\/\/iraurgiberritzen.eus\/es\/las-representantes-de-todas-las-comarcas-que-conforman-la-mesa-de-la-red-de-inclusion-de-gipuzkoa-se-han-reunido-en-azkoitia\/","og_locale":"es_ES","og_type":"article","og_title":"Representantes de las comarcas que conforman la Mesa de la Red de Inclusi\u00f3n de Gipuzkoa se han reunido hoy en Azkoitia - Iraurgi Berritzen","og_description":"Las representantes de todas las comarcas que conforman la Mesa de la Red de Inclusi\u00f3n de Gipuzkoa se han reunido hoy en Azkoitia, en el marco de la Estrategia ElkarEkin Lanean, proyecto estrat\u00e9gico en el marco de gobernanza colaborativa impulsado por la Diputaci\u00f3n Foral de Gipuzkoa. El encuentro de hoy ha tenido como objetivo compartir [&hellip;]","og_url":"https:\/\/iraurgiberritzen.eus\/es\/las-representantes-de-todas-las-comarcas-que-conforman-la-mesa-de-la-red-de-inclusion-de-gipuzkoa-se-han-reunido-en-azkoitia\/","og_site_name":"Iraurgi Berritzen","article_published_time":"2025-12-19T09:10:51+00:00","article_modified_time":"2025-12-19T12:46:28+00:00","og_image":[{"width":1600,"height":1200,"url":"https:\/\/iraurgiberritzen.eus\/wp-content\/uploads\/2025\/12\/WhatsApp-Image-2025-12-19-at-09.51.42.jpeg","type":"image\/jpeg"}],"author":"ainara","twitter_card":"summary_large_image","twitter_misc":{"Escrito por":"ainara","Tiempo de lectura":"2 minutos"},"schema":{"@context":"https:\/\/schema.org","@graph":[{"@type":"Article","@id":"https:\/\/iraurgiberritzen.eus\/es\/las-representantes-de-todas-las-comarcas-que-conforman-la-mesa-de-la-red-de-inclusion-de-gipuzkoa-se-han-reunido-en-azkoitia\/#article","isPartOf":{"@id":"https:\/\/iraurgiberritzen.eus\/es\/las-representantes-de-todas-las-comarcas-que-conforman-la-mesa-de-la-red-de-inclusion-de-gipuzkoa-se-han-reunido-en-azkoitia\/"},"author":{"name":"ainara","@id":"https:\/\/iraurgiberritzen.eus\/es\/#\/schema\/person\/a32c9825b3e2bfcbe757a97f6a15c8a5"},"headline":"Representantes de las comarcas que conforman la Mesa de la Red de Inclusi\u00f3n de Gipuzkoa se han reunido hoy en Azkoitia","datePublished":"2025-12-19T09:10:51+00:00","dateModified":"2025-12-19T12:46:28+00:00","mainEntityOfPage":{"@id":"https:\/\/iraurgiberritzen.eus\/es\/las-representantes-de-todas-las-comarcas-que-conforman-la-mesa-de-la-red-de-inclusion-de-gipuzkoa-se-han-reunido-en-azkoitia\/"},"wordCount":207,"publisher":{"@id":"https:\/\/iraurgiberritzen.eus\/es\/#organization"},"image":{"@id":"https:\/\/iraurgiberritzen.eus\/es\/las-representantes-de-todas-las-comarcas-que-conforman-la-mesa-de-la-red-de-inclusion-de-gipuzkoa-se-han-reunido-en-azkoitia\/#primaryimage"},"thumbnailUrl":"https:\/\/iraurgiberritzen.eus\/wp-content\/uploads\/2025\/12\/WhatsApp-Image-2025-12-19-at-09.51.42.jpeg","articleSection":["Noticias"],"inLanguage":"es"},{"@type":"WebPage","@id":"https:\/\/iraurgiberritzen.eus\/es\/las-representantes-de-todas-las-comarcas-que-conforman-la-mesa-de-la-red-de-inclusion-de-gipuzkoa-se-han-reunido-en-azkoitia\/","url":"https:\/\/iraurgiberritzen.eus\/es\/las-representantes-de-todas-las-comarcas-que-conforman-la-mesa-de-la-red-de-inclusion-de-gipuzkoa-se-han-reunido-en-azkoitia\/","name":"Representantes de las comarcas que conforman la Mesa de la Red de Inclusi\u00f3n de Gipuzkoa se han reunido hoy en Azkoitia - Iraurgi Berritzen","isPartOf":{"@id":"https:\/\/iraurgiberritzen.eus\/es\/#website"},"primaryImageOfPage":{"@id":"https:\/\/iraurgiberritzen.eus\/es\/las-representantes-de-todas-las-comarcas-que-conforman-la-mesa-de-la-red-de-inclusion-de-gipuzkoa-se-han-reunido-en-azkoitia\/#primaryimage"},"image":{"@id":"https:\/\/iraurgiberritzen.eus\/es\/las-representantes-de-todas-las-comarcas-que-conforman-la-mesa-de-la-red-de-inclusion-de-gipuzkoa-se-han-reunido-en-azkoitia\/#primaryimage"},"thumbnailUrl":"https:\/\/iraurgiberritzen.eus\/wp-content\/uploads\/2025\/12\/WhatsApp-Image-2025-12-19-at-09.51.42.jpeg","datePublished":"2025-12-19T09:10:51+00:00","dateModified":"2025-12-19T12:46:28+00:00","breadcrumb":{"@id":"https:\/\/iraurgiberritzen.eus\/es\/las-representantes-de-todas-las-comarcas-que-conforman-la-mesa-de-la-red-de-inclusion-de-gipuzkoa-se-han-reunido-en-azkoitia\/#breadcrumb"},"inLanguage":"es","potentialAction":[{"@type":"ReadAction","target":["https:\/\/iraurgiberritzen.eus\/es\/las-representantes-de-todas-las-comarcas-que-conforman-la-mesa-de-la-red-de-inclusion-de-gipuzkoa-se-han-reunido-en-azkoitia\/"]}]},{"@type":"ImageObject","inLanguage":"es","@id":"https:\/\/iraurgiberritzen.eus\/es\/las-representantes-de-todas-las-comarcas-que-conforman-la-mesa-de-la-red-de-inclusion-de-gipuzkoa-se-han-reunido-en-azkoitia\/#primaryimage","url":"https:\/\/iraurgiberritzen.eus\/wp-content\/uploads\/2025\/12\/WhatsApp-Image-2025-12-19-at-09.51.42.jpeg","contentUrl":"https:\/\/iraurgiberritzen.eus\/wp-content\/uploads\/2025\/12\/WhatsApp-Image-2025-12-19-at-09.51.42.jpeg","width":1600,"height":1200},{"@type":"BreadcrumbList","@id":"https:\/\/iraurgiberritzen.eus\/es\/las-representantes-de-todas-las-comarcas-que-conforman-la-mesa-de-la-red-de-inclusion-de-gipuzkoa-se-han-reunido-en-azkoitia\/#breadcrumb","itemListElement":[{"@type":"ListItem","position":1,"name":"Home","item":"https:\/\/iraurgiberritzen.eus\/es\/"},{"@type":"ListItem","position":2,"name":"Representantes de las comarcas que conforman la Mesa de la Red de Inclusi\u00f3n de Gipuzkoa se han reunido hoy en Azkoitia"}]},{"@type":"WebSite","@id":"https:\/\/iraurgiberritzen.eus\/es\/#website","url":"https:\/\/iraurgiberritzen.eus\/es\/","name":"Iraurgi Berritzen","description":"Urola Erdiko Garapen Agentzia","publisher":{"@id":"https:\/\/iraurgiberritzen.eus\/es\/#organization"},"potentialAction":[{"@type":"SearchAction","target":{"@type":"EntryPoint","urlTemplate":"https:\/\/iraurgiberritzen.eus\/es\/?s={search_term_string}"},"query-input":{"@type":"PropertyValueSpecification","valueRequired":true,"valueName":"search_term_string"}}],"inLanguage":"es"},{"@type":"Organization","@id":"https:\/\/iraurgiberritzen.eus\/es\/#organization","name":"Iraurgi Berritzen","url":"https:\/\/iraurgiberritzen.eus\/es\/","logo":{"@type":"ImageObject","inLanguage":"es","@id":"https:\/\/iraurgiberritzen.eus\/es\/#\/schema\/logo\/image\/","url":"https:\/\/iraurgiberritzen.eus\/wp-content\/uploads\/2024\/02\/IRAURGI-BERRITZEN-logotipoa_2.png","contentUrl":"https:\/\/iraurgiberritzen.eus\/wp-content\/uploads\/2024\/02\/IRAURGI-BERRITZEN-logotipoa_2.png","width":496,"height":190,"caption":"Iraurgi Berritzen"},"image":{"@id":"https:\/\/iraurgiberritzen.eus\/es\/#\/schema\/logo\/image\/"}},{"@type":"Person","@id":"https:\/\/iraurgiberritzen.eus\/es\/#\/schema\/person\/a32c9825b3e2bfcbe757a97f6a15c8a5","name":"ainara"}]}},"_links":{"self":[{"href":"https:\/\/iraurgiberritzen.eus\/es\/wp-json\/wp\/v2\/posts\/25664","targetHints":{"allow":["GET"]}}],"collection":[{"href":"https:\/\/iraurgiberritzen.eus\/es\/wp-json\/wp\/v2\/posts"}],"about":[{"href":"https:\/\/iraurgiberritzen.eus\/es\/wp-json\/wp\/v2\/types\/post"}],"author":[{"embeddable":true,"href":"https:\/\/iraurgiberritzen.eus\/es\/wp-json\/wp\/v2\/users\/4"}],"replies":[{"embeddable":true,"href":"https:\/\/iraurgiberritzen.eus\/es\/wp-json\/wp\/v2\/comments?post=25664"}],"version-history":[{"count":3,"href":"https:\/\/iraurgiberritzen.eus\/es\/wp-json\/wp\/v2\/posts\/25664\/revisions"}],"predecessor-version":[{"id":25687,"href":"https:\/\/iraurgiberritzen.eus\/es\/wp-json\/wp\/v2\/posts\/25664\/revisions\/25687"}],"wp:featuredmedia":[{"embeddable":true,"href":"https:\/\/iraurgiberritzen.eus\/es\/wp-json\/wp\/v2\/media\/25662"}],"wp:attachment":[{"href":"https:\/\/iraurgiberritzen.eus\/es\/wp-json\/wp\/v2\/media?parent=25664"}],"wp:term":[{"taxonomy":"category","embeddable":true,"href":"https:\/\/iraurgiberritzen.eus\/es\/wp-json\/wp\/v2\/categories?post=25664"},{"taxonomy":"post_tag","embeddable":true,"href":"https:\/\/iraurgiberritzen.eus\/es\/wp-json\/wp\/v2\/tags?post=25664"}],"curies":[{"name":"wp","href":"https:\/\/api.w.org\/{rel}","templated":true}]}}