{"id":25771,"date":"2026-01-15T14:51:58","date_gmt":"2026-01-15T12:51:58","guid":{"rendered":"https:\/\/iraurgiberritzen.eus\/?p=25771"},"modified":"2026-01-22T09:19:18","modified_gmt":"2026-01-22T07:19:18","slug":"las-agencias-de-desarrollo-comparten-experiencias-en-torno-a-los-ods","status":"publish","type":"post","link":"https:\/\/iraurgiberritzen.eus\/es\/las-agencias-de-desarrollo-comparten-experiencias-en-torno-a-los-ods\/","title":{"rendered":"Las Agencias de Desarrollo comparten experiencias en torno a los ODS"},"content":{"rendered":"<p>Ayer articipamos en Eibar en la jornada <strong>\u201cEl papel de las Agencias de Desarrollo en la consecuci\u00f3n de los Objetivos de Desarrollo Sostenible en Euskadi\u201d<\/strong> organizada por GARAPEN. Este encuentro nos permiti\u00f3 <strong>reflexionar sobre la Agenda 2030<\/strong> y <strong>poner en valor el papel estrat\u00e9gico<\/strong> que desempe\u00f1amos las Agencias de Desarrollo en los territorios.<\/p>\n<p>Uno de los ejes principales de la jornada fue el <strong>intercambio de experiencias pr\u00e1cticas desarrolladas por las agencias<\/strong>, donde se puso de manifiesto que los ODS ya se est\u00e1n <strong>incorporando a los proyectos cotidianos<\/strong>.<\/p>\n<p>Debegesa present\u00f3 una iniciativa vinculada al <strong>pre-energ\u00e9tico<\/strong>, mientras que Bidasoa activa comparti\u00f3 una experiencia vinculada a la<strong> transici\u00f3n ecol\u00f3gica y la econom\u00eda circular.<\/strong> Por nuestra parte, desde<strong> Iraurgi Berritzen<\/strong>, presentamos <strong>c\u00f3mo hemos alineado nuestra gesti\u00f3n interna<\/strong> dentro de la Agenda 2030, <strong>haciendo especial hincapi\u00e9 en el impacto de nuestra actividad<\/strong> en los ODS.<\/p>\n<p>La jornada nos permiti\u00f3 reafirmar la <strong>importancia de compartir experiencias<\/strong> y subrayar que las Agencias de Desarrollo somos agentes clave para avanzar hacia un desarrollo m\u00e1s sostenible en Euskadi.<\/p>\n<p>&nbsp;<\/p>\n","protected":false},"excerpt":{"rendered":"<p>Ayer articipamos en Eibar en la jornada \u201cEl papel de las Agencias de Desarrollo en la consecuci\u00f3n de los Objetivos de Desarrollo Sostenible en Euskadi\u201d organizada por GARAPEN. Este encuentro nos permiti\u00f3 reflexionar sobre la Agenda 2030 y poner en valor el papel estrat\u00e9gico que desempe\u00f1amos las Agencias de Desarrollo en los territorios. Uno de [&hellip;]<\/p>\n","protected":false},"author":4,"featured_media":25767,"comment_status":"closed","ping_status":"closed","sticky":false,"template":"","format":"standard","meta":{"_acf_changed":false,"footnotes":""},"categories":[4],"tags":[],"class_list":["post-25771","post","type-post","status-publish","format-standard","has-post-thumbnail","hentry","category-noticias","arloak-desarrollo-local"],"acf":[],"yoast_head":"<!-- This site is optimized with the Yoast SEO plugin v27.4 - https:\/\/yoast.com\/product\/yoast-seo-wordpress\/ -->\n<title>Las Agencias de Desarrollo comparten experiencias en torno a los ODS - Iraurgi Berritzen<\/title>\n<meta name=\"robots\" content=\"index, follow, max-snippet:-1, max-image-preview:large, max-video-preview:-1\" \/>\n<link rel=\"canonical\" href=\"https:\/\/iraurgiberritzen.eus\/es\/las-agencias-de-desarrollo-comparten-experiencias-en-torno-a-los-ods\/\" \/>\n<meta property=\"og:locale\" content=\"es_ES\" \/>\n<meta property=\"og:type\" content=\"article\" \/>\n<meta property=\"og:title\" content=\"Las Agencias de Desarrollo comparten experiencias en torno a los ODS - Iraurgi Berritzen\" \/>\n<meta property=\"og:description\" content=\"Ayer articipamos en Eibar en la jornada \u201cEl papel de las Agencias de Desarrollo en la consecuci\u00f3n de los Objetivos de Desarrollo Sostenible en Euskadi\u201d organizada por GARAPEN. Este encuentro nos permiti\u00f3 reflexionar sobre la Agenda 2030 y poner en valor el papel estrat\u00e9gico que desempe\u00f1amos las Agencias de Desarrollo en los territorios. Uno de [&hellip;]\" \/>\n<meta property=\"og:url\" content=\"https:\/\/iraurgiberritzen.eus\/es\/las-agencias-de-desarrollo-comparten-experiencias-en-torno-a-los-ods\/\" \/>\n<meta property=\"og:site_name\" content=\"Iraurgi Berritzen\" \/>\n<meta property=\"article:published_time\" content=\"2026-01-15T12:51:58+00:00\" \/>\n<meta property=\"article:modified_time\" content=\"2026-01-22T07:19:18+00:00\" \/>\n<meta property=\"og:image\" content=\"https:\/\/iraurgiberritzen.eus\/wp-content\/uploads\/2026\/01\/Imagen-10.jpg\" \/>\n\t<meta property=\"og:image:width\" content=\"902\" \/>\n\t<meta property=\"og:image:height\" content=\"680\" \/>\n\t<meta property=\"og:image:type\" content=\"image\/jpeg\" \/>\n<meta name=\"author\" content=\"ainara\" \/>\n<meta name=\"twitter:card\" content=\"summary_large_image\" \/>\n<meta name=\"twitter:label1\" content=\"Escrito por\" \/>\n\t<meta name=\"twitter:data1\" content=\"ainara\" \/>\n\t<meta name=\"twitter:label2\" content=\"Tiempo de lectura\" \/>\n\t<meta name=\"twitter:data2\" content=\"2 minutos\" \/>\n<script type=\"application\/ld+json\" class=\"yoast-schema-graph\">{\"@context\":\"https:\\\/\\\/schema.org\",\"@graph\":[{\"@type\":\"Article\",\"@id\":\"https:\\\/\\\/iraurgiberritzen.eus\\\/es\\\/las-agencias-de-desarrollo-comparten-experiencias-en-torno-a-los-ods\\\/#article\",\"isPartOf\":{\"@id\":\"https:\\\/\\\/iraurgiberritzen.eus\\\/es\\\/las-agencias-de-desarrollo-comparten-experiencias-en-torno-a-los-ods\\\/\"},\"author\":{\"name\":\"ainara\",\"@id\":\"https:\\\/\\\/iraurgiberritzen.eus\\\/es\\\/#\\\/schema\\\/person\\\/a32c9825b3e2bfcbe757a97f6a15c8a5\"},\"headline\":\"Las Agencias de Desarrollo comparten experiencias en torno a los ODS\",\"datePublished\":\"2026-01-15T12:51:58+00:00\",\"dateModified\":\"2026-01-22T07:19:18+00:00\",\"mainEntityOfPage\":{\"@id\":\"https:\\\/\\\/iraurgiberritzen.eus\\\/es\\\/las-agencias-de-desarrollo-comparten-experiencias-en-torno-a-los-ods\\\/\"},\"wordCount\":191,\"publisher\":{\"@id\":\"https:\\\/\\\/iraurgiberritzen.eus\\\/es\\\/#organization\"},\"image\":{\"@id\":\"https:\\\/\\\/iraurgiberritzen.eus\\\/es\\\/las-agencias-de-desarrollo-comparten-experiencias-en-torno-a-los-ods\\\/#primaryimage\"},\"thumbnailUrl\":\"https:\\\/\\\/iraurgiberritzen.eus\\\/wp-content\\\/uploads\\\/2026\\\/01\\\/Imagen-10.jpg\",\"articleSection\":[\"Noticias\"],\"inLanguage\":\"es\"},{\"@type\":\"WebPage\",\"@id\":\"https:\\\/\\\/iraurgiberritzen.eus\\\/es\\\/las-agencias-de-desarrollo-comparten-experiencias-en-torno-a-los-ods\\\/\",\"url\":\"https:\\\/\\\/iraurgiberritzen.eus\\\/es\\\/las-agencias-de-desarrollo-comparten-experiencias-en-torno-a-los-ods\\\/\",\"name\":\"Las Agencias de Desarrollo comparten experiencias en torno a los ODS - Iraurgi Berritzen\",\"isPartOf\":{\"@id\":\"https:\\\/\\\/iraurgiberritzen.eus\\\/es\\\/#website\"},\"primaryImageOfPage\":{\"@id\":\"https:\\\/\\\/iraurgiberritzen.eus\\\/es\\\/las-agencias-de-desarrollo-comparten-experiencias-en-torno-a-los-ods\\\/#primaryimage\"},\"image\":{\"@id\":\"https:\\\/\\\/iraurgiberritzen.eus\\\/es\\\/las-agencias-de-desarrollo-comparten-experiencias-en-torno-a-los-ods\\\/#primaryimage\"},\"thumbnailUrl\":\"https:\\\/\\\/iraurgiberritzen.eus\\\/wp-content\\\/uploads\\\/2026\\\/01\\\/Imagen-10.jpg\",\"datePublished\":\"2026-01-15T12:51:58+00:00\",\"dateModified\":\"2026-01-22T07:19:18+00:00\",\"breadcrumb\":{\"@id\":\"https:\\\/\\\/iraurgiberritzen.eus\\\/es\\\/las-agencias-de-desarrollo-comparten-experiencias-en-torno-a-los-ods\\\/#breadcrumb\"},\"inLanguage\":\"es\",\"potentialAction\":[{\"@type\":\"ReadAction\",\"target\":[\"https:\\\/\\\/iraurgiberritzen.eus\\\/es\\\/las-agencias-de-desarrollo-comparten-experiencias-en-torno-a-los-ods\\\/\"]}]},{\"@type\":\"ImageObject\",\"inLanguage\":\"es\",\"@id\":\"https:\\\/\\\/iraurgiberritzen.eus\\\/es\\\/las-agencias-de-desarrollo-comparten-experiencias-en-torno-a-los-ods\\\/#primaryimage\",\"url\":\"https:\\\/\\\/iraurgiberritzen.eus\\\/wp-content\\\/uploads\\\/2026\\\/01\\\/Imagen-10.jpg\",\"contentUrl\":\"https:\\\/\\\/iraurgiberritzen.eus\\\/wp-content\\\/uploads\\\/2026\\\/01\\\/Imagen-10.jpg\",\"width\":902,\"height\":680},{\"@type\":\"BreadcrumbList\",\"@id\":\"https:\\\/\\\/iraurgiberritzen.eus\\\/es\\\/las-agencias-de-desarrollo-comparten-experiencias-en-torno-a-los-ods\\\/#breadcrumb\",\"itemListElement\":[{\"@type\":\"ListItem\",\"position\":1,\"name\":\"Home\",\"item\":\"https:\\\/\\\/iraurgiberritzen.eus\\\/es\\\/\"},{\"@type\":\"ListItem\",\"position\":2,\"name\":\"Las Agencias de Desarrollo comparten experiencias en torno a los ODS\"}]},{\"@type\":\"WebSite\",\"@id\":\"https:\\\/\\\/iraurgiberritzen.eus\\\/es\\\/#website\",\"url\":\"https:\\\/\\\/iraurgiberritzen.eus\\\/es\\\/\",\"name\":\"Iraurgi Berritzen\",\"description\":\"Urola Erdiko Garapen Agentzia\",\"publisher\":{\"@id\":\"https:\\\/\\\/iraurgiberritzen.eus\\\/es\\\/#organization\"},\"potentialAction\":[{\"@type\":\"SearchAction\",\"target\":{\"@type\":\"EntryPoint\",\"urlTemplate\":\"https:\\\/\\\/iraurgiberritzen.eus\\\/es\\\/?s={search_term_string}\"},\"query-input\":{\"@type\":\"PropertyValueSpecification\",\"valueRequired\":true,\"valueName\":\"search_term_string\"}}],\"inLanguage\":\"es\"},{\"@type\":\"Organization\",\"@id\":\"https:\\\/\\\/iraurgiberritzen.eus\\\/es\\\/#organization\",\"name\":\"Iraurgi Berritzen\",\"url\":\"https:\\\/\\\/iraurgiberritzen.eus\\\/es\\\/\",\"logo\":{\"@type\":\"ImageObject\",\"inLanguage\":\"es\",\"@id\":\"https:\\\/\\\/iraurgiberritzen.eus\\\/es\\\/#\\\/schema\\\/logo\\\/image\\\/\",\"url\":\"https:\\\/\\\/iraurgiberritzen.eus\\\/wp-content\\\/uploads\\\/2024\\\/02\\\/IRAURGI-BERRITZEN-logotipoa_2.png\",\"contentUrl\":\"https:\\\/\\\/iraurgiberritzen.eus\\\/wp-content\\\/uploads\\\/2024\\\/02\\\/IRAURGI-BERRITZEN-logotipoa_2.png\",\"width\":496,\"height\":190,\"caption\":\"Iraurgi Berritzen\"},\"image\":{\"@id\":\"https:\\\/\\\/iraurgiberritzen.eus\\\/es\\\/#\\\/schema\\\/logo\\\/image\\\/\"}},{\"@type\":\"Person\",\"@id\":\"https:\\\/\\\/iraurgiberritzen.eus\\\/es\\\/#\\\/schema\\\/person\\\/a32c9825b3e2bfcbe757a97f6a15c8a5\",\"name\":\"ainara\"}]}<\/script>\n<!-- \/ Yoast SEO plugin. -->","yoast_head_json":{"title":"Las Agencias de Desarrollo comparten experiencias en torno a los ODS - Iraurgi Berritzen","robots":{"index":"index","follow":"follow","max-snippet":"max-snippet:-1","max-image-preview":"max-image-preview:large","max-video-preview":"max-video-preview:-1"},"canonical":"https:\/\/iraurgiberritzen.eus\/es\/las-agencias-de-desarrollo-comparten-experiencias-en-torno-a-los-ods\/","og_locale":"es_ES","og_type":"article","og_title":"Las Agencias de Desarrollo comparten experiencias en torno a los ODS - Iraurgi Berritzen","og_description":"Ayer articipamos en Eibar en la jornada \u201cEl papel de las Agencias de Desarrollo en la consecuci\u00f3n de los Objetivos de Desarrollo Sostenible en Euskadi\u201d organizada por GARAPEN. Este encuentro nos permiti\u00f3 reflexionar sobre la Agenda 2030 y poner en valor el papel estrat\u00e9gico que desempe\u00f1amos las Agencias de Desarrollo en los territorios. Uno de [&hellip;]","og_url":"https:\/\/iraurgiberritzen.eus\/es\/las-agencias-de-desarrollo-comparten-experiencias-en-torno-a-los-ods\/","og_site_name":"Iraurgi Berritzen","article_published_time":"2026-01-15T12:51:58+00:00","article_modified_time":"2026-01-22T07:19:18+00:00","og_image":[{"width":902,"height":680,"url":"https:\/\/iraurgiberritzen.eus\/wp-content\/uploads\/2026\/01\/Imagen-10.jpg","type":"image\/jpeg"}],"author":"ainara","twitter_card":"summary_large_image","twitter_misc":{"Escrito por":"ainara","Tiempo de lectura":"2 minutos"},"schema":{"@context":"https:\/\/schema.org","@graph":[{"@type":"Article","@id":"https:\/\/iraurgiberritzen.eus\/es\/las-agencias-de-desarrollo-comparten-experiencias-en-torno-a-los-ods\/#article","isPartOf":{"@id":"https:\/\/iraurgiberritzen.eus\/es\/las-agencias-de-desarrollo-comparten-experiencias-en-torno-a-los-ods\/"},"author":{"name":"ainara","@id":"https:\/\/iraurgiberritzen.eus\/es\/#\/schema\/person\/a32c9825b3e2bfcbe757a97f6a15c8a5"},"headline":"Las Agencias de Desarrollo comparten experiencias en torno a los ODS","datePublished":"2026-01-15T12:51:58+00:00","dateModified":"2026-01-22T07:19:18+00:00","mainEntityOfPage":{"@id":"https:\/\/iraurgiberritzen.eus\/es\/las-agencias-de-desarrollo-comparten-experiencias-en-torno-a-los-ods\/"},"wordCount":191,"publisher":{"@id":"https:\/\/iraurgiberritzen.eus\/es\/#organization"},"image":{"@id":"https:\/\/iraurgiberritzen.eus\/es\/las-agencias-de-desarrollo-comparten-experiencias-en-torno-a-los-ods\/#primaryimage"},"thumbnailUrl":"https:\/\/iraurgiberritzen.eus\/wp-content\/uploads\/2026\/01\/Imagen-10.jpg","articleSection":["Noticias"],"inLanguage":"es"},{"@type":"WebPage","@id":"https:\/\/iraurgiberritzen.eus\/es\/las-agencias-de-desarrollo-comparten-experiencias-en-torno-a-los-ods\/","url":"https:\/\/iraurgiberritzen.eus\/es\/las-agencias-de-desarrollo-comparten-experiencias-en-torno-a-los-ods\/","name":"Las Agencias de Desarrollo comparten experiencias en torno a los ODS - Iraurgi Berritzen","isPartOf":{"@id":"https:\/\/iraurgiberritzen.eus\/es\/#website"},"primaryImageOfPage":{"@id":"https:\/\/iraurgiberritzen.eus\/es\/las-agencias-de-desarrollo-comparten-experiencias-en-torno-a-los-ods\/#primaryimage"},"image":{"@id":"https:\/\/iraurgiberritzen.eus\/es\/las-agencias-de-desarrollo-comparten-experiencias-en-torno-a-los-ods\/#primaryimage"},"thumbnailUrl":"https:\/\/iraurgiberritzen.eus\/wp-content\/uploads\/2026\/01\/Imagen-10.jpg","datePublished":"2026-01-15T12:51:58+00:00","dateModified":"2026-01-22T07:19:18+00:00","breadcrumb":{"@id":"https:\/\/iraurgiberritzen.eus\/es\/las-agencias-de-desarrollo-comparten-experiencias-en-torno-a-los-ods\/#breadcrumb"},"inLanguage":"es","potentialAction":[{"@type":"ReadAction","target":["https:\/\/iraurgiberritzen.eus\/es\/las-agencias-de-desarrollo-comparten-experiencias-en-torno-a-los-ods\/"]}]},{"@type":"ImageObject","inLanguage":"es","@id":"https:\/\/iraurgiberritzen.eus\/es\/las-agencias-de-desarrollo-comparten-experiencias-en-torno-a-los-ods\/#primaryimage","url":"https:\/\/iraurgiberritzen.eus\/wp-content\/uploads\/2026\/01\/Imagen-10.jpg","contentUrl":"https:\/\/iraurgiberritzen.eus\/wp-content\/uploads\/2026\/01\/Imagen-10.jpg","width":902,"height":680},{"@type":"BreadcrumbList","@id":"https:\/\/iraurgiberritzen.eus\/es\/las-agencias-de-desarrollo-comparten-experiencias-en-torno-a-los-ods\/#breadcrumb","itemListElement":[{"@type":"ListItem","position":1,"name":"Home","item":"https:\/\/iraurgiberritzen.eus\/es\/"},{"@type":"ListItem","position":2,"name":"Las Agencias de Desarrollo comparten experiencias en torno a los ODS"}]},{"@type":"WebSite","@id":"https:\/\/iraurgiberritzen.eus\/es\/#website","url":"https:\/\/iraurgiberritzen.eus\/es\/","name":"Iraurgi Berritzen","description":"Urola Erdiko Garapen Agentzia","publisher":{"@id":"https:\/\/iraurgiberritzen.eus\/es\/#organization"},"potentialAction":[{"@type":"SearchAction","target":{"@type":"EntryPoint","urlTemplate":"https:\/\/iraurgiberritzen.eus\/es\/?s={search_term_string}"},"query-input":{"@type":"PropertyValueSpecification","valueRequired":true,"valueName":"search_term_string"}}],"inLanguage":"es"},{"@type":"Organization","@id":"https:\/\/iraurgiberritzen.eus\/es\/#organization","name":"Iraurgi Berritzen","url":"https:\/\/iraurgiberritzen.eus\/es\/","logo":{"@type":"ImageObject","inLanguage":"es","@id":"https:\/\/iraurgiberritzen.eus\/es\/#\/schema\/logo\/image\/","url":"https:\/\/iraurgiberritzen.eus\/wp-content\/uploads\/2024\/02\/IRAURGI-BERRITZEN-logotipoa_2.png","contentUrl":"https:\/\/iraurgiberritzen.eus\/wp-content\/uploads\/2024\/02\/IRAURGI-BERRITZEN-logotipoa_2.png","width":496,"height":190,"caption":"Iraurgi Berritzen"},"image":{"@id":"https:\/\/iraurgiberritzen.eus\/es\/#\/schema\/logo\/image\/"}},{"@type":"Person","@id":"https:\/\/iraurgiberritzen.eus\/es\/#\/schema\/person\/a32c9825b3e2bfcbe757a97f6a15c8a5","name":"ainara"}]}},"_links":{"self":[{"href":"https:\/\/iraurgiberritzen.eus\/es\/wp-json\/wp\/v2\/posts\/25771","targetHints":{"allow":["GET"]}}],"collection":[{"href":"https:\/\/iraurgiberritzen.eus\/es\/wp-json\/wp\/v2\/posts"}],"about":[{"href":"https:\/\/iraurgiberritzen.eus\/es\/wp-json\/wp\/v2\/types\/post"}],"author":[{"embeddable":true,"href":"https:\/\/iraurgiberritzen.eus\/es\/wp-json\/wp\/v2\/users\/4"}],"replies":[{"embeddable":true,"href":"https:\/\/iraurgiberritzen.eus\/es\/wp-json\/wp\/v2\/comments?post=25771"}],"version-history":[{"count":2,"href":"https:\/\/iraurgiberritzen.eus\/es\/wp-json\/wp\/v2\/posts\/25771\/revisions"}],"predecessor-version":[{"id":25794,"href":"https:\/\/iraurgiberritzen.eus\/es\/wp-json\/wp\/v2\/posts\/25771\/revisions\/25794"}],"wp:featuredmedia":[{"embeddable":true,"href":"https:\/\/iraurgiberritzen.eus\/es\/wp-json\/wp\/v2\/media\/25767"}],"wp:attachment":[{"href":"https:\/\/iraurgiberritzen.eus\/es\/wp-json\/wp\/v2\/media?parent=25771"}],"wp:term":[{"taxonomy":"category","embeddable":true,"href":"https:\/\/iraurgiberritzen.eus\/es\/wp-json\/wp\/v2\/categories?post=25771"},{"taxonomy":"post_tag","embeddable":true,"href":"https:\/\/iraurgiberritzen.eus\/es\/wp-json\/wp\/v2\/tags?post=25771"}],"curies":[{"name":"wp","href":"https:\/\/api.w.org\/{rel}","templated":true}]}}