{"id":25784,"date":"2026-01-21T14:24:59","date_gmt":"2026-01-21T12:24:59","guid":{"rendered":"https:\/\/iraurgiberritzen.eus\/?p=25784"},"modified":"2026-01-21T14:28:35","modified_gmt":"2026-01-21T12:28:35","slug":"xxiii-topaketak-de-ib-sarea-el-30-de-enero-en-loyola","status":"publish","type":"post","link":"https:\/\/iraurgiberritzen.eus\/es\/xxiii-topaketak-de-ib-sarea-el-30-de-enero-en-loyola\/","title":{"rendered":"XXIII Topaketak de IB SAREA, el 30 de enero en Loyola"},"content":{"rendered":"<p><span data-contrast=\"auto\">El pr\u00f3ximo\u00a0<\/span><b><span data-contrast=\"auto\">30 de enero<\/span><\/b><span data-contrast=\"auto\">\u00a0celebraremos las\u00a0<\/span><b><span data-contrast=\"auto\">XXIII\u00a0Topaketak\u00a0de IB SAREA<\/span><\/b><span data-contrast=\"auto\">\u00a0en la\u00a0<\/span><b><span data-contrast=\"auto\">Casa de Espiritualidad\u00a0de Loyola<\/span><\/b><span data-contrast=\"auto\">. En esta edici\u00f3n abordaremos un tema prioritario para el futuro de la comarca:\u00a0<\/span><b><i><span data-contrast=\"auto\">\u201cEl impacto del cambio clim\u00e1tico en\u00a0Urola\u00a0Erdia\u201d<\/span><\/i><\/b><span data-contrast=\"auto\">.<\/span><span data-ccp-props=\"{&quot;134233117&quot;:true,&quot;134233118&quot;:true,&quot;201341983&quot;:0,&quot;335559740&quot;:240}\">\u00a0<\/span><\/p>\n<p><span data-contrast=\"auto\">El evento\u00a0est\u00e1 dirigido a diferentes agentes del \u00e1mbito socioecon\u00f3mico de la comarca, entre otros,\u00a0<\/span><b><span data-contrast=\"auto\">empresas, personas emprendedoras, centros\u00a0educativos, asociaciones de comerciantes, responsables de empleo y turismo, as\u00ed como representantes de los ayuntamientos<\/span><\/b><span data-contrast=\"auto\">. Por ello,\u00a0<\/span><b><span data-contrast=\"auto\">todas y todos est\u00e1is invitados<\/span><\/b><span data-contrast=\"auto\">\u00a0a participar y a formar parte de la colaboraci\u00f3n para dar respuesta al reto del cambio clim\u00e1tico.<\/span><span data-ccp-props=\"{&quot;134233117&quot;:true,&quot;134233118&quot;:true,&quot;201341983&quot;:0,&quot;335559740&quot;:240}\">\u00a0<\/span><\/p>\n<p><span data-contrast=\"auto\">El objetivo de los encuentros es\u00a0<\/span><b><span data-contrast=\"auto\">analizar el impacto del cambio clim\u00e1tico en nuestra comarca<\/span><\/b><span data-contrast=\"auto\">, construir una visi\u00f3n compartida y poner en marcha, entre todas y todos,\u00a0<\/span><b><span data-contrast=\"auto\">una din\u00e1mica de colaboraci\u00f3n que impulse medidas y acciones reales<\/span><\/b><span data-contrast=\"auto\">.<\/span><span data-ccp-props=\"{&quot;134233117&quot;:true,&quot;134233118&quot;:true,&quot;201341983&quot;:0,&quot;335559740&quot;:240}\">\u00a0<\/span><\/p>\n<p><span data-contrast=\"auto\">El acto comenzar\u00e1 con la bienvenida de\u00a0<\/span><b><span data-contrast=\"auto\">Nagore Alkorta<\/span><\/b><span data-contrast=\"auto\">, alcaldesa de Azpeitia y presidenta de\u00a0Iraurgi\u00a0Berritzen. A continuaci\u00f3n,\u00a0<\/span><b><span data-contrast=\"auto\">Bego\u00f1a Beobide<\/span><\/b><span data-contrast=\"auto\">, directora de\u00a0Iraurgi\u00a0Berritzen, presentar\u00e1\u00a0el\u00a0<\/span><b><span data-contrast=\"auto\">desarrollo\u00a0del Plan de Acci\u00f3n UE 22-27<\/span><\/b><span data-contrast=\"auto\">. Seguidamente,\u00a0<\/span><b><span data-contrast=\"auto\">Elisa Sainz de\u00a0Murieta<\/span><\/b><span data-contrast=\"auto\">, investigadora de la UPV y del BC3 (Basque\u00a0Centre\u00a0for\u00a0Climate\u00a0Change), ofrecer\u00e1 una\u00a0<\/span><b><span data-contrast=\"auto\">ponencia inspiradora<\/span><\/b><span data-contrast=\"auto\">.<\/span><span data-ccp-props=\"{&quot;134233117&quot;:true,&quot;134233118&quot;:true,&quot;201341983&quot;:0,&quot;335559740&quot;:240}\">\u00a0<\/span><\/p>\n<p><span data-contrast=\"auto\">Despu\u00e9s, se presentar\u00e1 el trabajo de la\u00a0<\/span><b><span data-contrast=\"auto\">Mesa de Energ\u00eda y Clima de\u00a0Urola\u00a0Erdia<\/span><\/b><span data-contrast=\"auto\">, con la participaci\u00f3n de\u00a0<\/span><b><span data-contrast=\"auto\">Joanes\u00a0Amenabar<\/span><\/b><span data-contrast=\"auto\">\u00a0(concejal de Azpeitia) e\u00a0<\/span><b><span data-contrast=\"auto\">Imanol Arrizabalaga<\/span><\/b><span data-contrast=\"auto\">\u00a0(concejal de Azkoitia). A continuaci\u00f3n,\u00a0<\/span><b><span data-contrast=\"auto\">Aitziber Agirre<\/span><\/b><span data-contrast=\"auto\">, responsable del \u00e1rea de Cultura Cient\u00edfica de Elhuyar, presentar\u00e1 el proyecto <strong>\u00abUrola Erdia Ispiluaren<\/strong><\/span><b><span data-contrast=\"auto\"><strong> aurrean\u00bb<\/strong>.<\/span><\/b><span data-ccp-props=\"{&quot;134233117&quot;:true,&quot;134233118&quot;:true,&quot;201341983&quot;:0,&quot;335559740&quot;:240}\">\u00a0<\/span><\/p>\n<p><span data-contrast=\"auto\">Para finalizar\u00a0con el evento, se llevar\u00e1 a cabo una\u00a0<\/span><b><span data-contrast=\"auto\">din\u00e1mica colaborativa<\/span><\/b><span data-contrast=\"auto\">\u00a0en torno a medidas para reducir el impacto del cambio clim\u00e1tico en\u00a0Urola\u00a0Erdia, y el acto ser\u00e1 clausurado por\u00a0<\/span><b><span data-contrast=\"auto\">Ana Azkoitia<\/span><\/b><span data-contrast=\"auto\">, alcaldesa de Azkoitia y vicepresidenta de\u00a0Iraurgi\u00a0Berritzen.<\/span><span data-ccp-props=\"{&quot;134233117&quot;:true,&quot;134233118&quot;:true,&quot;201341983&quot;:0,&quot;335559740&quot;:240}\">\u00a0<\/span><\/p>\n<p><span data-contrast=\"auto\">Para\u00a0Iraurgi\u00a0Berrritzen\u00a0es muy importante poder compartir este\u00a0evento\u00a0contigo, y nos gustar\u00eda contar con tu participaci\u00f3n.<\/span><span data-ccp-props=\"{&quot;134233117&quot;:true,&quot;134233118&quot;:true,&quot;201341983&quot;:0,&quot;335559740&quot;:240}\">\u00a0<\/span><\/p>\n<p><span data-contrast=\"auto\">Para inscribirte haz clic en el siguiente\u00a0<\/span><strong><a href=\"https:\/\/forms.office.com\/Pages\/ResponsePage.aspx?id=S5DeT3Jq90W0WLjBrBndp6I2NfcHtDtMtvE3yTznfudUMlQ0R1k0SlI3WVk3RTJZVVhNVk9UQjIxMCQlQCN0PWcu\">enlace<\/a><\/strong><span data-contrast=\"auto\">.<\/span><span data-ccp-props=\"{&quot;134233117&quot;:true,&quot;134233118&quot;:true,&quot;201341983&quot;:0,&quot;335559740&quot;:240}\">\u00a0<\/span><\/p>\n","protected":false},"excerpt":{"rendered":"<p>El pr\u00f3ximo\u00a030 de enero\u00a0celebraremos las\u00a0XXIII\u00a0Topaketak\u00a0de IB SAREA\u00a0en la\u00a0Casa de Espiritualidad\u00a0de Loyola. En esta edici\u00f3n abordaremos un tema prioritario para el futuro de la comarca:\u00a0\u201cEl impacto del cambio clim\u00e1tico en\u00a0Urola\u00a0Erdia\u201d.\u00a0 El evento\u00a0est\u00e1 dirigido a diferentes agentes del \u00e1mbito socioecon\u00f3mico de la comarca, entre otros,\u00a0empresas, personas emprendedoras, centros\u00a0educativos, asociaciones de comerciantes, responsables de empleo y turismo, as\u00ed [&hellip;]<\/p>\n","protected":false},"author":4,"featured_media":25781,"comment_status":"closed","ping_status":"closed","sticky":false,"template":"","format":"standard","meta":{"_acf_changed":false,"footnotes":""},"categories":[4],"tags":[],"class_list":["post-25784","post","type-post","status-publish","format-standard","has-post-thumbnail","hentry","category-noticias","arloak-desarrollo-local"],"acf":[],"yoast_head":"<!-- This site is optimized with the Yoast SEO plugin v27.4 - https:\/\/yoast.com\/product\/yoast-seo-wordpress\/ -->\n<title>XXIII Topaketak de IB SAREA, el 30 de enero en Loyola - Iraurgi Berritzen<\/title>\n<meta name=\"robots\" content=\"index, follow, max-snippet:-1, max-image-preview:large, max-video-preview:-1\" \/>\n<link rel=\"canonical\" href=\"https:\/\/iraurgiberritzen.eus\/es\/xxiii-topaketak-de-ib-sarea-el-30-de-enero-en-loyola\/\" \/>\n<meta property=\"og:locale\" content=\"es_ES\" \/>\n<meta property=\"og:type\" content=\"article\" \/>\n<meta property=\"og:title\" content=\"XXIII Topaketak de IB SAREA, el 30 de enero en Loyola - Iraurgi Berritzen\" \/>\n<meta property=\"og:description\" content=\"El pr\u00f3ximo\u00a030 de enero\u00a0celebraremos las\u00a0XXIII\u00a0Topaketak\u00a0de IB SAREA\u00a0en la\u00a0Casa de Espiritualidad\u00a0de Loyola. En esta edici\u00f3n abordaremos un tema prioritario para el futuro de la comarca:\u00a0\u201cEl impacto del cambio clim\u00e1tico en\u00a0Urola\u00a0Erdia\u201d.\u00a0 El evento\u00a0est\u00e1 dirigido a diferentes agentes del \u00e1mbito socioecon\u00f3mico de la comarca, entre otros,\u00a0empresas, personas emprendedoras, centros\u00a0educativos, asociaciones de comerciantes, responsables de empleo y turismo, as\u00ed [&hellip;]\" \/>\n<meta property=\"og:url\" content=\"https:\/\/iraurgiberritzen.eus\/es\/xxiii-topaketak-de-ib-sarea-el-30-de-enero-en-loyola\/\" \/>\n<meta property=\"og:site_name\" content=\"Iraurgi Berritzen\" \/>\n<meta property=\"article:published_time\" content=\"2026-01-21T12:24:59+00:00\" \/>\n<meta property=\"article:modified_time\" content=\"2026-01-21T12:28:35+00:00\" \/>\n<meta property=\"og:image\" content=\"https:\/\/iraurgiberritzen.eus\/wp-content\/uploads\/2026\/01\/33193049-9ce7-7478-2798-299ed64166ef.jpg\" \/>\n\t<meta property=\"og:image:width\" content=\"2422\" \/>\n\t<meta property=\"og:image:height\" content=\"1744\" \/>\n\t<meta property=\"og:image:type\" content=\"image\/jpeg\" \/>\n<meta name=\"author\" content=\"ainara\" \/>\n<meta name=\"twitter:card\" content=\"summary_large_image\" \/>\n<meta name=\"twitter:label1\" content=\"Escrito por\" \/>\n\t<meta name=\"twitter:data1\" content=\"ainara\" \/>\n\t<meta name=\"twitter:label2\" content=\"Tiempo de lectura\" \/>\n\t<meta name=\"twitter:data2\" content=\"2 minutos\" \/>\n<script type=\"application\/ld+json\" class=\"yoast-schema-graph\">{\"@context\":\"https:\\\/\\\/schema.org\",\"@graph\":[{\"@type\":\"Article\",\"@id\":\"https:\\\/\\\/iraurgiberritzen.eus\\\/es\\\/xxiii-topaketak-de-ib-sarea-el-30-de-enero-en-loyola\\\/#article\",\"isPartOf\":{\"@id\":\"https:\\\/\\\/iraurgiberritzen.eus\\\/es\\\/xxiii-topaketak-de-ib-sarea-el-30-de-enero-en-loyola\\\/\"},\"author\":{\"name\":\"ainara\",\"@id\":\"https:\\\/\\\/iraurgiberritzen.eus\\\/es\\\/#\\\/schema\\\/person\\\/a32c9825b3e2bfcbe757a97f6a15c8a5\"},\"headline\":\"XXIII Topaketak de IB SAREA, el 30 de enero en Loyola\",\"datePublished\":\"2026-01-21T12:24:59+00:00\",\"dateModified\":\"2026-01-21T12:28:35+00:00\",\"mainEntityOfPage\":{\"@id\":\"https:\\\/\\\/iraurgiberritzen.eus\\\/es\\\/xxiii-topaketak-de-ib-sarea-el-30-de-enero-en-loyola\\\/\"},\"wordCount\":339,\"publisher\":{\"@id\":\"https:\\\/\\\/iraurgiberritzen.eus\\\/es\\\/#organization\"},\"image\":{\"@id\":\"https:\\\/\\\/iraurgiberritzen.eus\\\/es\\\/xxiii-topaketak-de-ib-sarea-el-30-de-enero-en-loyola\\\/#primaryimage\"},\"thumbnailUrl\":\"https:\\\/\\\/iraurgiberritzen.eus\\\/wp-content\\\/uploads\\\/2026\\\/01\\\/33193049-9ce7-7478-2798-299ed64166ef.jpg\",\"articleSection\":[\"Noticias\"],\"inLanguage\":\"es\"},{\"@type\":\"WebPage\",\"@id\":\"https:\\\/\\\/iraurgiberritzen.eus\\\/es\\\/xxiii-topaketak-de-ib-sarea-el-30-de-enero-en-loyola\\\/\",\"url\":\"https:\\\/\\\/iraurgiberritzen.eus\\\/es\\\/xxiii-topaketak-de-ib-sarea-el-30-de-enero-en-loyola\\\/\",\"name\":\"XXIII Topaketak de IB SAREA, el 30 de enero en Loyola - Iraurgi Berritzen\",\"isPartOf\":{\"@id\":\"https:\\\/\\\/iraurgiberritzen.eus\\\/es\\\/#website\"},\"primaryImageOfPage\":{\"@id\":\"https:\\\/\\\/iraurgiberritzen.eus\\\/es\\\/xxiii-topaketak-de-ib-sarea-el-30-de-enero-en-loyola\\\/#primaryimage\"},\"image\":{\"@id\":\"https:\\\/\\\/iraurgiberritzen.eus\\\/es\\\/xxiii-topaketak-de-ib-sarea-el-30-de-enero-en-loyola\\\/#primaryimage\"},\"thumbnailUrl\":\"https:\\\/\\\/iraurgiberritzen.eus\\\/wp-content\\\/uploads\\\/2026\\\/01\\\/33193049-9ce7-7478-2798-299ed64166ef.jpg\",\"datePublished\":\"2026-01-21T12:24:59+00:00\",\"dateModified\":\"2026-01-21T12:28:35+00:00\",\"breadcrumb\":{\"@id\":\"https:\\\/\\\/iraurgiberritzen.eus\\\/es\\\/xxiii-topaketak-de-ib-sarea-el-30-de-enero-en-loyola\\\/#breadcrumb\"},\"inLanguage\":\"es\",\"potentialAction\":[{\"@type\":\"ReadAction\",\"target\":[\"https:\\\/\\\/iraurgiberritzen.eus\\\/es\\\/xxiii-topaketak-de-ib-sarea-el-30-de-enero-en-loyola\\\/\"]}]},{\"@type\":\"ImageObject\",\"inLanguage\":\"es\",\"@id\":\"https:\\\/\\\/iraurgiberritzen.eus\\\/es\\\/xxiii-topaketak-de-ib-sarea-el-30-de-enero-en-loyola\\\/#primaryimage\",\"url\":\"https:\\\/\\\/iraurgiberritzen.eus\\\/wp-content\\\/uploads\\\/2026\\\/01\\\/33193049-9ce7-7478-2798-299ed64166ef.jpg\",\"contentUrl\":\"https:\\\/\\\/iraurgiberritzen.eus\\\/wp-content\\\/uploads\\\/2026\\\/01\\\/33193049-9ce7-7478-2798-299ed64166ef.jpg\",\"width\":2422,\"height\":1744},{\"@type\":\"BreadcrumbList\",\"@id\":\"https:\\\/\\\/iraurgiberritzen.eus\\\/es\\\/xxiii-topaketak-de-ib-sarea-el-30-de-enero-en-loyola\\\/#breadcrumb\",\"itemListElement\":[{\"@type\":\"ListItem\",\"position\":1,\"name\":\"Home\",\"item\":\"https:\\\/\\\/iraurgiberritzen.eus\\\/es\\\/\"},{\"@type\":\"ListItem\",\"position\":2,\"name\":\"XXIII Topaketak de IB SAREA, el 30 de enero en Loyola\"}]},{\"@type\":\"WebSite\",\"@id\":\"https:\\\/\\\/iraurgiberritzen.eus\\\/es\\\/#website\",\"url\":\"https:\\\/\\\/iraurgiberritzen.eus\\\/es\\\/\",\"name\":\"Iraurgi Berritzen\",\"description\":\"Urola Erdiko Garapen Agentzia\",\"publisher\":{\"@id\":\"https:\\\/\\\/iraurgiberritzen.eus\\\/es\\\/#organization\"},\"potentialAction\":[{\"@type\":\"SearchAction\",\"target\":{\"@type\":\"EntryPoint\",\"urlTemplate\":\"https:\\\/\\\/iraurgiberritzen.eus\\\/es\\\/?s={search_term_string}\"},\"query-input\":{\"@type\":\"PropertyValueSpecification\",\"valueRequired\":true,\"valueName\":\"search_term_string\"}}],\"inLanguage\":\"es\"},{\"@type\":\"Organization\",\"@id\":\"https:\\\/\\\/iraurgiberritzen.eus\\\/es\\\/#organization\",\"name\":\"Iraurgi Berritzen\",\"url\":\"https:\\\/\\\/iraurgiberritzen.eus\\\/es\\\/\",\"logo\":{\"@type\":\"ImageObject\",\"inLanguage\":\"es\",\"@id\":\"https:\\\/\\\/iraurgiberritzen.eus\\\/es\\\/#\\\/schema\\\/logo\\\/image\\\/\",\"url\":\"https:\\\/\\\/iraurgiberritzen.eus\\\/wp-content\\\/uploads\\\/2024\\\/02\\\/IRAURGI-BERRITZEN-logotipoa_2.png\",\"contentUrl\":\"https:\\\/\\\/iraurgiberritzen.eus\\\/wp-content\\\/uploads\\\/2024\\\/02\\\/IRAURGI-BERRITZEN-logotipoa_2.png\",\"width\":496,\"height\":190,\"caption\":\"Iraurgi Berritzen\"},\"image\":{\"@id\":\"https:\\\/\\\/iraurgiberritzen.eus\\\/es\\\/#\\\/schema\\\/logo\\\/image\\\/\"}},{\"@type\":\"Person\",\"@id\":\"https:\\\/\\\/iraurgiberritzen.eus\\\/es\\\/#\\\/schema\\\/person\\\/a32c9825b3e2bfcbe757a97f6a15c8a5\",\"name\":\"ainara\"}]}<\/script>\n<!-- \/ Yoast SEO plugin. -->","yoast_head_json":{"title":"XXIII Topaketak de IB SAREA, el 30 de enero en Loyola - Iraurgi Berritzen","robots":{"index":"index","follow":"follow","max-snippet":"max-snippet:-1","max-image-preview":"max-image-preview:large","max-video-preview":"max-video-preview:-1"},"canonical":"https:\/\/iraurgiberritzen.eus\/es\/xxiii-topaketak-de-ib-sarea-el-30-de-enero-en-loyola\/","og_locale":"es_ES","og_type":"article","og_title":"XXIII Topaketak de IB SAREA, el 30 de enero en Loyola - Iraurgi Berritzen","og_description":"El pr\u00f3ximo\u00a030 de enero\u00a0celebraremos las\u00a0XXIII\u00a0Topaketak\u00a0de IB SAREA\u00a0en la\u00a0Casa de Espiritualidad\u00a0de Loyola. En esta edici\u00f3n abordaremos un tema prioritario para el futuro de la comarca:\u00a0\u201cEl impacto del cambio clim\u00e1tico en\u00a0Urola\u00a0Erdia\u201d.\u00a0 El evento\u00a0est\u00e1 dirigido a diferentes agentes del \u00e1mbito socioecon\u00f3mico de la comarca, entre otros,\u00a0empresas, personas emprendedoras, centros\u00a0educativos, asociaciones de comerciantes, responsables de empleo y turismo, as\u00ed [&hellip;]","og_url":"https:\/\/iraurgiberritzen.eus\/es\/xxiii-topaketak-de-ib-sarea-el-30-de-enero-en-loyola\/","og_site_name":"Iraurgi Berritzen","article_published_time":"2026-01-21T12:24:59+00:00","article_modified_time":"2026-01-21T12:28:35+00:00","og_image":[{"width":2422,"height":1744,"url":"https:\/\/iraurgiberritzen.eus\/wp-content\/uploads\/2026\/01\/33193049-9ce7-7478-2798-299ed64166ef.jpg","type":"image\/jpeg"}],"author":"ainara","twitter_card":"summary_large_image","twitter_misc":{"Escrito por":"ainara","Tiempo de lectura":"2 minutos"},"schema":{"@context":"https:\/\/schema.org","@graph":[{"@type":"Article","@id":"https:\/\/iraurgiberritzen.eus\/es\/xxiii-topaketak-de-ib-sarea-el-30-de-enero-en-loyola\/#article","isPartOf":{"@id":"https:\/\/iraurgiberritzen.eus\/es\/xxiii-topaketak-de-ib-sarea-el-30-de-enero-en-loyola\/"},"author":{"name":"ainara","@id":"https:\/\/iraurgiberritzen.eus\/es\/#\/schema\/person\/a32c9825b3e2bfcbe757a97f6a15c8a5"},"headline":"XXIII Topaketak de IB SAREA, el 30 de enero en Loyola","datePublished":"2026-01-21T12:24:59+00:00","dateModified":"2026-01-21T12:28:35+00:00","mainEntityOfPage":{"@id":"https:\/\/iraurgiberritzen.eus\/es\/xxiii-topaketak-de-ib-sarea-el-30-de-enero-en-loyola\/"},"wordCount":339,"publisher":{"@id":"https:\/\/iraurgiberritzen.eus\/es\/#organization"},"image":{"@id":"https:\/\/iraurgiberritzen.eus\/es\/xxiii-topaketak-de-ib-sarea-el-30-de-enero-en-loyola\/#primaryimage"},"thumbnailUrl":"https:\/\/iraurgiberritzen.eus\/wp-content\/uploads\/2026\/01\/33193049-9ce7-7478-2798-299ed64166ef.jpg","articleSection":["Noticias"],"inLanguage":"es"},{"@type":"WebPage","@id":"https:\/\/iraurgiberritzen.eus\/es\/xxiii-topaketak-de-ib-sarea-el-30-de-enero-en-loyola\/","url":"https:\/\/iraurgiberritzen.eus\/es\/xxiii-topaketak-de-ib-sarea-el-30-de-enero-en-loyola\/","name":"XXIII Topaketak de IB SAREA, el 30 de enero en Loyola - Iraurgi Berritzen","isPartOf":{"@id":"https:\/\/iraurgiberritzen.eus\/es\/#website"},"primaryImageOfPage":{"@id":"https:\/\/iraurgiberritzen.eus\/es\/xxiii-topaketak-de-ib-sarea-el-30-de-enero-en-loyola\/#primaryimage"},"image":{"@id":"https:\/\/iraurgiberritzen.eus\/es\/xxiii-topaketak-de-ib-sarea-el-30-de-enero-en-loyola\/#primaryimage"},"thumbnailUrl":"https:\/\/iraurgiberritzen.eus\/wp-content\/uploads\/2026\/01\/33193049-9ce7-7478-2798-299ed64166ef.jpg","datePublished":"2026-01-21T12:24:59+00:00","dateModified":"2026-01-21T12:28:35+00:00","breadcrumb":{"@id":"https:\/\/iraurgiberritzen.eus\/es\/xxiii-topaketak-de-ib-sarea-el-30-de-enero-en-loyola\/#breadcrumb"},"inLanguage":"es","potentialAction":[{"@type":"ReadAction","target":["https:\/\/iraurgiberritzen.eus\/es\/xxiii-topaketak-de-ib-sarea-el-30-de-enero-en-loyola\/"]}]},{"@type":"ImageObject","inLanguage":"es","@id":"https:\/\/iraurgiberritzen.eus\/es\/xxiii-topaketak-de-ib-sarea-el-30-de-enero-en-loyola\/#primaryimage","url":"https:\/\/iraurgiberritzen.eus\/wp-content\/uploads\/2026\/01\/33193049-9ce7-7478-2798-299ed64166ef.jpg","contentUrl":"https:\/\/iraurgiberritzen.eus\/wp-content\/uploads\/2026\/01\/33193049-9ce7-7478-2798-299ed64166ef.jpg","width":2422,"height":1744},{"@type":"BreadcrumbList","@id":"https:\/\/iraurgiberritzen.eus\/es\/xxiii-topaketak-de-ib-sarea-el-30-de-enero-en-loyola\/#breadcrumb","itemListElement":[{"@type":"ListItem","position":1,"name":"Home","item":"https:\/\/iraurgiberritzen.eus\/es\/"},{"@type":"ListItem","position":2,"name":"XXIII Topaketak de IB SAREA, el 30 de enero en Loyola"}]},{"@type":"WebSite","@id":"https:\/\/iraurgiberritzen.eus\/es\/#website","url":"https:\/\/iraurgiberritzen.eus\/es\/","name":"Iraurgi Berritzen","description":"Urola Erdiko Garapen Agentzia","publisher":{"@id":"https:\/\/iraurgiberritzen.eus\/es\/#organization"},"potentialAction":[{"@type":"SearchAction","target":{"@type":"EntryPoint","urlTemplate":"https:\/\/iraurgiberritzen.eus\/es\/?s={search_term_string}"},"query-input":{"@type":"PropertyValueSpecification","valueRequired":true,"valueName":"search_term_string"}}],"inLanguage":"es"},{"@type":"Organization","@id":"https:\/\/iraurgiberritzen.eus\/es\/#organization","name":"Iraurgi Berritzen","url":"https:\/\/iraurgiberritzen.eus\/es\/","logo":{"@type":"ImageObject","inLanguage":"es","@id":"https:\/\/iraurgiberritzen.eus\/es\/#\/schema\/logo\/image\/","url":"https:\/\/iraurgiberritzen.eus\/wp-content\/uploads\/2024\/02\/IRAURGI-BERRITZEN-logotipoa_2.png","contentUrl":"https:\/\/iraurgiberritzen.eus\/wp-content\/uploads\/2024\/02\/IRAURGI-BERRITZEN-logotipoa_2.png","width":496,"height":190,"caption":"Iraurgi Berritzen"},"image":{"@id":"https:\/\/iraurgiberritzen.eus\/es\/#\/schema\/logo\/image\/"}},{"@type":"Person","@id":"https:\/\/iraurgiberritzen.eus\/es\/#\/schema\/person\/a32c9825b3e2bfcbe757a97f6a15c8a5","name":"ainara"}]}},"_links":{"self":[{"href":"https:\/\/iraurgiberritzen.eus\/es\/wp-json\/wp\/v2\/posts\/25784","targetHints":{"allow":["GET"]}}],"collection":[{"href":"https:\/\/iraurgiberritzen.eus\/es\/wp-json\/wp\/v2\/posts"}],"about":[{"href":"https:\/\/iraurgiberritzen.eus\/es\/wp-json\/wp\/v2\/types\/post"}],"author":[{"embeddable":true,"href":"https:\/\/iraurgiberritzen.eus\/es\/wp-json\/wp\/v2\/users\/4"}],"replies":[{"embeddable":true,"href":"https:\/\/iraurgiberritzen.eus\/es\/wp-json\/wp\/v2\/comments?post=25784"}],"version-history":[{"count":4,"href":"https:\/\/iraurgiberritzen.eus\/es\/wp-json\/wp\/v2\/posts\/25784\/revisions"}],"predecessor-version":[{"id":25790,"href":"https:\/\/iraurgiberritzen.eus\/es\/wp-json\/wp\/v2\/posts\/25784\/revisions\/25790"}],"wp:featuredmedia":[{"embeddable":true,"href":"https:\/\/iraurgiberritzen.eus\/es\/wp-json\/wp\/v2\/media\/25781"}],"wp:attachment":[{"href":"https:\/\/iraurgiberritzen.eus\/es\/wp-json\/wp\/v2\/media?parent=25784"}],"wp:term":[{"taxonomy":"category","embeddable":true,"href":"https:\/\/iraurgiberritzen.eus\/es\/wp-json\/wp\/v2\/categories?post=25784"},{"taxonomy":"post_tag","embeddable":true,"href":"https:\/\/iraurgiberritzen.eus\/es\/wp-json\/wp\/v2\/tags?post=25784"}],"curies":[{"name":"wp","href":"https:\/\/api.w.org\/{rel}","templated":true}]}}