{"id":25800,"date":"2026-01-23T10:48:43","date_gmt":"2026-01-23T08:48:43","guid":{"rendered":"https:\/\/iraurgiberritzen.eus\/?p=25800"},"modified":"2026-01-23T10:48:43","modified_gmt":"2026-01-23T08:48:43","slug":"urola-erdia-recibe-el-reconocimiento-como-destino-turistico-inteligente-en-fitur","status":"publish","type":"post","link":"https:\/\/iraurgiberritzen.eus\/es\/urola-erdia-recibe-el-reconocimiento-como-destino-turistico-inteligente-en-fitur\/","title":{"rendered":"Urola Erdia recibe el reconocimiento como Destino Tur\u00edstico Inteligente en FITUR"},"content":{"rendered":"<p>La comarca de\u00a0<strong>Urola Erdia<\/strong>\u00a0ha recibido el reconocimiento como\u00a0<strong>Destino Tur\u00edstico Inteligente (DTI)<\/strong>\u00a0en el marco del acto oficial celebrado en la Feria Internacional de Turismo\u00a0<strong>FITUR<\/strong>.<\/p>\n<p>El distintivo fue recogido en nombre de\u00a0<strong>Iraurgi Berritzen<\/strong>\u00a0por su directora,\u00a0<strong>Bego\u00f1a Beobide<\/strong>, y por\u00a0<strong>Leire Goenaga<\/strong>, concejala de Azpeitia y consejera de Iraurgi Berritzen, de manos de representantes de\u00a0<strong>SEGITTUR<\/strong>.<\/p>\n<p>SEGITTUR, la\u00a0<strong>Sociedad Mercantil Estatal para la gesti\u00f3n de la innovaci\u00f3n y de las tecnolog\u00edas tur\u00edsticas<\/strong>, es la entidad responsable de la creaci\u00f3n y desarrollo de la metodolog\u00eda de Destinos Tur\u00edsticos Inteligentes a nivel estatal. En la Comunidad Aut\u00f3noma del Pa\u00eds Vasco,\u00a0<strong>Basquetour, Agencia Vasca de Turismo<\/strong>, act\u00faa como socio estrat\u00e9gico de SEGITTUR para el desarrollo y la implantaci\u00f3n de dicha metodolog\u00eda.<\/p>\n<p>La\u00a0<strong>Agencia de Desarrollo e Innovaci\u00f3n Comarcal Iraurgi Berritzen<\/strong>, en colaboraci\u00f3n con Basquetour, ha sido la encargada de realizar el diagn\u00f3stico DTI del destino tur\u00edstico Urola Erdia y ser\u00e1 la entidad responsable de la\u00a0<strong>implantaci\u00f3n del modelo hasta el a\u00f1o 2027<\/strong>. En el proyecto han participado los\u00a0<strong>ayuntamientos de Azkoitia, Azpeitia y Zestoa<\/strong>, bajo la coordinaci\u00f3n de Iraurgi Berritzen.<\/p>\n<p>Este reconocimiento, con una\u00a0<strong>vigencia hasta diciembre de 2027<\/strong>, acredita a Urola Erdia como\u00a0<strong>Destino Tur\u00edstico Adherido<\/strong>\u00a0y refuerza su compromiso con un modelo tur\u00edstico basado en la\u00a0<strong>sostenibilidad, la innovaci\u00f3n, la accesibilidad, la gobernanza y la tecnolog\u00eda<\/strong>.<\/p>\n","protected":false},"excerpt":{"rendered":"<p>La comarca de\u00a0Urola Erdia\u00a0ha recibido el reconocimiento como\u00a0Destino Tur\u00edstico Inteligente (DTI)\u00a0en el marco del acto oficial celebrado en la Feria Internacional de Turismo\u00a0FITUR. El distintivo fue recogido en nombre de\u00a0Iraurgi Berritzen\u00a0por su directora,\u00a0Bego\u00f1a Beobide, y por\u00a0Leire Goenaga, concejala de Azpeitia y consejera de Iraurgi Berritzen, de manos de representantes de\u00a0SEGITTUR. SEGITTUR, la\u00a0Sociedad Mercantil Estatal para [&hellip;]<\/p>\n","protected":false},"author":4,"featured_media":25798,"comment_status":"closed","ping_status":"closed","sticky":false,"template":"","format":"standard","meta":{"_acf_changed":false,"footnotes":""},"categories":[4],"tags":[],"class_list":["post-25800","post","type-post","status-publish","format-standard","has-post-thumbnail","hentry","category-noticias","arloak-turismo"],"acf":[],"yoast_head":"<!-- This site is optimized with the Yoast SEO plugin v27.4 - https:\/\/yoast.com\/product\/yoast-seo-wordpress\/ -->\n<title>Urola Erdia recibe el reconocimiento como Destino Tur\u00edstico Inteligente en FITUR - Iraurgi Berritzen<\/title>\n<meta name=\"robots\" content=\"index, follow, max-snippet:-1, max-image-preview:large, max-video-preview:-1\" \/>\n<link rel=\"canonical\" href=\"https:\/\/iraurgiberritzen.eus\/es\/urola-erdia-recibe-el-reconocimiento-como-destino-turistico-inteligente-en-fitur\/\" \/>\n<meta property=\"og:locale\" content=\"es_ES\" \/>\n<meta property=\"og:type\" content=\"article\" \/>\n<meta property=\"og:title\" content=\"Urola Erdia recibe el reconocimiento como Destino Tur\u00edstico Inteligente en FITUR - Iraurgi Berritzen\" \/>\n<meta property=\"og:description\" content=\"La comarca de\u00a0Urola Erdia\u00a0ha recibido el reconocimiento como\u00a0Destino Tur\u00edstico Inteligente (DTI)\u00a0en el marco del acto oficial celebrado en la Feria Internacional de Turismo\u00a0FITUR. El distintivo fue recogido en nombre de\u00a0Iraurgi Berritzen\u00a0por su directora,\u00a0Bego\u00f1a Beobide, y por\u00a0Leire Goenaga, concejala de Azpeitia y consejera de Iraurgi Berritzen, de manos de representantes de\u00a0SEGITTUR. SEGITTUR, la\u00a0Sociedad Mercantil Estatal para [&hellip;]\" \/>\n<meta property=\"og:url\" content=\"https:\/\/iraurgiberritzen.eus\/es\/urola-erdia-recibe-el-reconocimiento-como-destino-turistico-inteligente-en-fitur\/\" \/>\n<meta property=\"og:site_name\" content=\"Iraurgi Berritzen\" \/>\n<meta property=\"article:published_time\" content=\"2026-01-23T08:48:43+00:00\" \/>\n<meta property=\"og:image\" content=\"https:\/\/iraurgiberritzen.eus\/wp-content\/uploads\/2026\/01\/IMG-20260122-WA0002.jpg\" \/>\n\t<meta property=\"og:image:width\" content=\"2000\" \/>\n\t<meta property=\"og:image:height\" content=\"1500\" \/>\n\t<meta property=\"og:image:type\" content=\"image\/jpeg\" \/>\n<meta name=\"author\" content=\"ainara\" \/>\n<meta name=\"twitter:card\" content=\"summary_large_image\" \/>\n<meta name=\"twitter:label1\" content=\"Escrito por\" \/>\n\t<meta name=\"twitter:data1\" content=\"ainara\" \/>\n\t<meta name=\"twitter:label2\" content=\"Tiempo de lectura\" \/>\n\t<meta name=\"twitter:data2\" content=\"2 minutos\" \/>\n<script type=\"application\/ld+json\" class=\"yoast-schema-graph\">{\"@context\":\"https:\\\/\\\/schema.org\",\"@graph\":[{\"@type\":\"Article\",\"@id\":\"https:\\\/\\\/iraurgiberritzen.eus\\\/es\\\/urola-erdia-recibe-el-reconocimiento-como-destino-turistico-inteligente-en-fitur\\\/#article\",\"isPartOf\":{\"@id\":\"https:\\\/\\\/iraurgiberritzen.eus\\\/es\\\/urola-erdia-recibe-el-reconocimiento-como-destino-turistico-inteligente-en-fitur\\\/\"},\"author\":{\"name\":\"ainara\",\"@id\":\"https:\\\/\\\/iraurgiberritzen.eus\\\/es\\\/#\\\/schema\\\/person\\\/a32c9825b3e2bfcbe757a97f6a15c8a5\"},\"headline\":\"Urola Erdia recibe el reconocimiento como Destino Tur\u00edstico Inteligente en FITUR\",\"datePublished\":\"2026-01-23T08:48:43+00:00\",\"mainEntityOfPage\":{\"@id\":\"https:\\\/\\\/iraurgiberritzen.eus\\\/es\\\/urola-erdia-recibe-el-reconocimiento-como-destino-turistico-inteligente-en-fitur\\\/\"},\"wordCount\":255,\"publisher\":{\"@id\":\"https:\\\/\\\/iraurgiberritzen.eus\\\/es\\\/#organization\"},\"image\":{\"@id\":\"https:\\\/\\\/iraurgiberritzen.eus\\\/es\\\/urola-erdia-recibe-el-reconocimiento-como-destino-turistico-inteligente-en-fitur\\\/#primaryimage\"},\"thumbnailUrl\":\"https:\\\/\\\/iraurgiberritzen.eus\\\/wp-content\\\/uploads\\\/2026\\\/01\\\/IMG-20260122-WA0002.jpg\",\"articleSection\":[\"Noticias\"],\"inLanguage\":\"es\"},{\"@type\":\"WebPage\",\"@id\":\"https:\\\/\\\/iraurgiberritzen.eus\\\/es\\\/urola-erdia-recibe-el-reconocimiento-como-destino-turistico-inteligente-en-fitur\\\/\",\"url\":\"https:\\\/\\\/iraurgiberritzen.eus\\\/es\\\/urola-erdia-recibe-el-reconocimiento-como-destino-turistico-inteligente-en-fitur\\\/\",\"name\":\"Urola Erdia recibe el reconocimiento como Destino Tur\u00edstico Inteligente en FITUR - Iraurgi Berritzen\",\"isPartOf\":{\"@id\":\"https:\\\/\\\/iraurgiberritzen.eus\\\/es\\\/#website\"},\"primaryImageOfPage\":{\"@id\":\"https:\\\/\\\/iraurgiberritzen.eus\\\/es\\\/urola-erdia-recibe-el-reconocimiento-como-destino-turistico-inteligente-en-fitur\\\/#primaryimage\"},\"image\":{\"@id\":\"https:\\\/\\\/iraurgiberritzen.eus\\\/es\\\/urola-erdia-recibe-el-reconocimiento-como-destino-turistico-inteligente-en-fitur\\\/#primaryimage\"},\"thumbnailUrl\":\"https:\\\/\\\/iraurgiberritzen.eus\\\/wp-content\\\/uploads\\\/2026\\\/01\\\/IMG-20260122-WA0002.jpg\",\"datePublished\":\"2026-01-23T08:48:43+00:00\",\"breadcrumb\":{\"@id\":\"https:\\\/\\\/iraurgiberritzen.eus\\\/es\\\/urola-erdia-recibe-el-reconocimiento-como-destino-turistico-inteligente-en-fitur\\\/#breadcrumb\"},\"inLanguage\":\"es\",\"potentialAction\":[{\"@type\":\"ReadAction\",\"target\":[\"https:\\\/\\\/iraurgiberritzen.eus\\\/es\\\/urola-erdia-recibe-el-reconocimiento-como-destino-turistico-inteligente-en-fitur\\\/\"]}]},{\"@type\":\"ImageObject\",\"inLanguage\":\"es\",\"@id\":\"https:\\\/\\\/iraurgiberritzen.eus\\\/es\\\/urola-erdia-recibe-el-reconocimiento-como-destino-turistico-inteligente-en-fitur\\\/#primaryimage\",\"url\":\"https:\\\/\\\/iraurgiberritzen.eus\\\/wp-content\\\/uploads\\\/2026\\\/01\\\/IMG-20260122-WA0002.jpg\",\"contentUrl\":\"https:\\\/\\\/iraurgiberritzen.eus\\\/wp-content\\\/uploads\\\/2026\\\/01\\\/IMG-20260122-WA0002.jpg\",\"width\":2000,\"height\":1500},{\"@type\":\"BreadcrumbList\",\"@id\":\"https:\\\/\\\/iraurgiberritzen.eus\\\/es\\\/urola-erdia-recibe-el-reconocimiento-como-destino-turistico-inteligente-en-fitur\\\/#breadcrumb\",\"itemListElement\":[{\"@type\":\"ListItem\",\"position\":1,\"name\":\"Home\",\"item\":\"https:\\\/\\\/iraurgiberritzen.eus\\\/es\\\/\"},{\"@type\":\"ListItem\",\"position\":2,\"name\":\"Urola Erdia recibe el reconocimiento como Destino Tur\u00edstico Inteligente en FITUR\"}]},{\"@type\":\"WebSite\",\"@id\":\"https:\\\/\\\/iraurgiberritzen.eus\\\/es\\\/#website\",\"url\":\"https:\\\/\\\/iraurgiberritzen.eus\\\/es\\\/\",\"name\":\"Iraurgi Berritzen\",\"description\":\"Urola Erdiko Garapen Agentzia\",\"publisher\":{\"@id\":\"https:\\\/\\\/iraurgiberritzen.eus\\\/es\\\/#organization\"},\"potentialAction\":[{\"@type\":\"SearchAction\",\"target\":{\"@type\":\"EntryPoint\",\"urlTemplate\":\"https:\\\/\\\/iraurgiberritzen.eus\\\/es\\\/?s={search_term_string}\"},\"query-input\":{\"@type\":\"PropertyValueSpecification\",\"valueRequired\":true,\"valueName\":\"search_term_string\"}}],\"inLanguage\":\"es\"},{\"@type\":\"Organization\",\"@id\":\"https:\\\/\\\/iraurgiberritzen.eus\\\/es\\\/#organization\",\"name\":\"Iraurgi Berritzen\",\"url\":\"https:\\\/\\\/iraurgiberritzen.eus\\\/es\\\/\",\"logo\":{\"@type\":\"ImageObject\",\"inLanguage\":\"es\",\"@id\":\"https:\\\/\\\/iraurgiberritzen.eus\\\/es\\\/#\\\/schema\\\/logo\\\/image\\\/\",\"url\":\"https:\\\/\\\/iraurgiberritzen.eus\\\/wp-content\\\/uploads\\\/2024\\\/02\\\/IRAURGI-BERRITZEN-logotipoa_2.png\",\"contentUrl\":\"https:\\\/\\\/iraurgiberritzen.eus\\\/wp-content\\\/uploads\\\/2024\\\/02\\\/IRAURGI-BERRITZEN-logotipoa_2.png\",\"width\":496,\"height\":190,\"caption\":\"Iraurgi Berritzen\"},\"image\":{\"@id\":\"https:\\\/\\\/iraurgiberritzen.eus\\\/es\\\/#\\\/schema\\\/logo\\\/image\\\/\"}},{\"@type\":\"Person\",\"@id\":\"https:\\\/\\\/iraurgiberritzen.eus\\\/es\\\/#\\\/schema\\\/person\\\/a32c9825b3e2bfcbe757a97f6a15c8a5\",\"name\":\"ainara\"}]}<\/script>\n<!-- \/ Yoast SEO plugin. -->","yoast_head_json":{"title":"Urola Erdia recibe el reconocimiento como Destino Tur\u00edstico Inteligente en FITUR - Iraurgi Berritzen","robots":{"index":"index","follow":"follow","max-snippet":"max-snippet:-1","max-image-preview":"max-image-preview:large","max-video-preview":"max-video-preview:-1"},"canonical":"https:\/\/iraurgiberritzen.eus\/es\/urola-erdia-recibe-el-reconocimiento-como-destino-turistico-inteligente-en-fitur\/","og_locale":"es_ES","og_type":"article","og_title":"Urola Erdia recibe el reconocimiento como Destino Tur\u00edstico Inteligente en FITUR - Iraurgi Berritzen","og_description":"La comarca de\u00a0Urola Erdia\u00a0ha recibido el reconocimiento como\u00a0Destino Tur\u00edstico Inteligente (DTI)\u00a0en el marco del acto oficial celebrado en la Feria Internacional de Turismo\u00a0FITUR. El distintivo fue recogido en nombre de\u00a0Iraurgi Berritzen\u00a0por su directora,\u00a0Bego\u00f1a Beobide, y por\u00a0Leire Goenaga, concejala de Azpeitia y consejera de Iraurgi Berritzen, de manos de representantes de\u00a0SEGITTUR. SEGITTUR, la\u00a0Sociedad Mercantil Estatal para [&hellip;]","og_url":"https:\/\/iraurgiberritzen.eus\/es\/urola-erdia-recibe-el-reconocimiento-como-destino-turistico-inteligente-en-fitur\/","og_site_name":"Iraurgi Berritzen","article_published_time":"2026-01-23T08:48:43+00:00","og_image":[{"width":2000,"height":1500,"url":"https:\/\/iraurgiberritzen.eus\/wp-content\/uploads\/2026\/01\/IMG-20260122-WA0002.jpg","type":"image\/jpeg"}],"author":"ainara","twitter_card":"summary_large_image","twitter_misc":{"Escrito por":"ainara","Tiempo de lectura":"2 minutos"},"schema":{"@context":"https:\/\/schema.org","@graph":[{"@type":"Article","@id":"https:\/\/iraurgiberritzen.eus\/es\/urola-erdia-recibe-el-reconocimiento-como-destino-turistico-inteligente-en-fitur\/#article","isPartOf":{"@id":"https:\/\/iraurgiberritzen.eus\/es\/urola-erdia-recibe-el-reconocimiento-como-destino-turistico-inteligente-en-fitur\/"},"author":{"name":"ainara","@id":"https:\/\/iraurgiberritzen.eus\/es\/#\/schema\/person\/a32c9825b3e2bfcbe757a97f6a15c8a5"},"headline":"Urola Erdia recibe el reconocimiento como Destino Tur\u00edstico Inteligente en FITUR","datePublished":"2026-01-23T08:48:43+00:00","mainEntityOfPage":{"@id":"https:\/\/iraurgiberritzen.eus\/es\/urola-erdia-recibe-el-reconocimiento-como-destino-turistico-inteligente-en-fitur\/"},"wordCount":255,"publisher":{"@id":"https:\/\/iraurgiberritzen.eus\/es\/#organization"},"image":{"@id":"https:\/\/iraurgiberritzen.eus\/es\/urola-erdia-recibe-el-reconocimiento-como-destino-turistico-inteligente-en-fitur\/#primaryimage"},"thumbnailUrl":"https:\/\/iraurgiberritzen.eus\/wp-content\/uploads\/2026\/01\/IMG-20260122-WA0002.jpg","articleSection":["Noticias"],"inLanguage":"es"},{"@type":"WebPage","@id":"https:\/\/iraurgiberritzen.eus\/es\/urola-erdia-recibe-el-reconocimiento-como-destino-turistico-inteligente-en-fitur\/","url":"https:\/\/iraurgiberritzen.eus\/es\/urola-erdia-recibe-el-reconocimiento-como-destino-turistico-inteligente-en-fitur\/","name":"Urola Erdia recibe el reconocimiento como Destino Tur\u00edstico Inteligente en FITUR - Iraurgi Berritzen","isPartOf":{"@id":"https:\/\/iraurgiberritzen.eus\/es\/#website"},"primaryImageOfPage":{"@id":"https:\/\/iraurgiberritzen.eus\/es\/urola-erdia-recibe-el-reconocimiento-como-destino-turistico-inteligente-en-fitur\/#primaryimage"},"image":{"@id":"https:\/\/iraurgiberritzen.eus\/es\/urola-erdia-recibe-el-reconocimiento-como-destino-turistico-inteligente-en-fitur\/#primaryimage"},"thumbnailUrl":"https:\/\/iraurgiberritzen.eus\/wp-content\/uploads\/2026\/01\/IMG-20260122-WA0002.jpg","datePublished":"2026-01-23T08:48:43+00:00","breadcrumb":{"@id":"https:\/\/iraurgiberritzen.eus\/es\/urola-erdia-recibe-el-reconocimiento-como-destino-turistico-inteligente-en-fitur\/#breadcrumb"},"inLanguage":"es","potentialAction":[{"@type":"ReadAction","target":["https:\/\/iraurgiberritzen.eus\/es\/urola-erdia-recibe-el-reconocimiento-como-destino-turistico-inteligente-en-fitur\/"]}]},{"@type":"ImageObject","inLanguage":"es","@id":"https:\/\/iraurgiberritzen.eus\/es\/urola-erdia-recibe-el-reconocimiento-como-destino-turistico-inteligente-en-fitur\/#primaryimage","url":"https:\/\/iraurgiberritzen.eus\/wp-content\/uploads\/2026\/01\/IMG-20260122-WA0002.jpg","contentUrl":"https:\/\/iraurgiberritzen.eus\/wp-content\/uploads\/2026\/01\/IMG-20260122-WA0002.jpg","width":2000,"height":1500},{"@type":"BreadcrumbList","@id":"https:\/\/iraurgiberritzen.eus\/es\/urola-erdia-recibe-el-reconocimiento-como-destino-turistico-inteligente-en-fitur\/#breadcrumb","itemListElement":[{"@type":"ListItem","position":1,"name":"Home","item":"https:\/\/iraurgiberritzen.eus\/es\/"},{"@type":"ListItem","position":2,"name":"Urola Erdia recibe el reconocimiento como Destino Tur\u00edstico Inteligente en FITUR"}]},{"@type":"WebSite","@id":"https:\/\/iraurgiberritzen.eus\/es\/#website","url":"https:\/\/iraurgiberritzen.eus\/es\/","name":"Iraurgi Berritzen","description":"Urola Erdiko Garapen Agentzia","publisher":{"@id":"https:\/\/iraurgiberritzen.eus\/es\/#organization"},"potentialAction":[{"@type":"SearchAction","target":{"@type":"EntryPoint","urlTemplate":"https:\/\/iraurgiberritzen.eus\/es\/?s={search_term_string}"},"query-input":{"@type":"PropertyValueSpecification","valueRequired":true,"valueName":"search_term_string"}}],"inLanguage":"es"},{"@type":"Organization","@id":"https:\/\/iraurgiberritzen.eus\/es\/#organization","name":"Iraurgi Berritzen","url":"https:\/\/iraurgiberritzen.eus\/es\/","logo":{"@type":"ImageObject","inLanguage":"es","@id":"https:\/\/iraurgiberritzen.eus\/es\/#\/schema\/logo\/image\/","url":"https:\/\/iraurgiberritzen.eus\/wp-content\/uploads\/2024\/02\/IRAURGI-BERRITZEN-logotipoa_2.png","contentUrl":"https:\/\/iraurgiberritzen.eus\/wp-content\/uploads\/2024\/02\/IRAURGI-BERRITZEN-logotipoa_2.png","width":496,"height":190,"caption":"Iraurgi Berritzen"},"image":{"@id":"https:\/\/iraurgiberritzen.eus\/es\/#\/schema\/logo\/image\/"}},{"@type":"Person","@id":"https:\/\/iraurgiberritzen.eus\/es\/#\/schema\/person\/a32c9825b3e2bfcbe757a97f6a15c8a5","name":"ainara"}]}},"_links":{"self":[{"href":"https:\/\/iraurgiberritzen.eus\/es\/wp-json\/wp\/v2\/posts\/25800","targetHints":{"allow":["GET"]}}],"collection":[{"href":"https:\/\/iraurgiberritzen.eus\/es\/wp-json\/wp\/v2\/posts"}],"about":[{"href":"https:\/\/iraurgiberritzen.eus\/es\/wp-json\/wp\/v2\/types\/post"}],"author":[{"embeddable":true,"href":"https:\/\/iraurgiberritzen.eus\/es\/wp-json\/wp\/v2\/users\/4"}],"replies":[{"embeddable":true,"href":"https:\/\/iraurgiberritzen.eus\/es\/wp-json\/wp\/v2\/comments?post=25800"}],"version-history":[{"count":1,"href":"https:\/\/iraurgiberritzen.eus\/es\/wp-json\/wp\/v2\/posts\/25800\/revisions"}],"predecessor-version":[{"id":25801,"href":"https:\/\/iraurgiberritzen.eus\/es\/wp-json\/wp\/v2\/posts\/25800\/revisions\/25801"}],"wp:featuredmedia":[{"embeddable":true,"href":"https:\/\/iraurgiberritzen.eus\/es\/wp-json\/wp\/v2\/media\/25798"}],"wp:attachment":[{"href":"https:\/\/iraurgiberritzen.eus\/es\/wp-json\/wp\/v2\/media?parent=25800"}],"wp:term":[{"taxonomy":"category","embeddable":true,"href":"https:\/\/iraurgiberritzen.eus\/es\/wp-json\/wp\/v2\/categories?post=25800"},{"taxonomy":"post_tag","embeddable":true,"href":"https:\/\/iraurgiberritzen.eus\/es\/wp-json\/wp\/v2\/tags?post=25800"}],"curies":[{"name":"wp","href":"https:\/\/api.w.org\/{rel}","templated":true}]}}