{"id":26109,"date":"2026-03-06T14:32:22","date_gmt":"2026-03-06T12:32:22","guid":{"rendered":"https:\/\/iraurgiberritzen.eus\/?p=26109"},"modified":"2026-03-06T14:34:48","modified_gmt":"2026-03-06T12:34:48","slug":"turismo-gunea-de-urola-erdia-analiza-los-retos-turisticos-de-2026","status":"publish","type":"post","link":"https:\/\/iraurgiberritzen.eus\/es\/turismo-gunea-de-urola-erdia-analiza-los-retos-turisticos-de-2026\/","title":{"rendered":"Turismo Gunea de Urola Erdia analiza los retos tur\u00edsticos de 2026"},"content":{"rendered":"<h5><b><i><span data-contrast=\"auto\">Representantes institucionales y agentes del sector abordaron el Plan de Gesti\u00f3n Tur\u00edstica 2026, la tasa tur\u00edstica y los proyectos de colaboraci\u00f3n entre turismo e industria.<\/span><\/i><\/b><span data-ccp-props=\"{&quot;134233117&quot;:false,&quot;134233118&quot;:false,&quot;335551550&quot;:0,&quot;335551620&quot;:0,&quot;335559738&quot;:240,&quot;335559739&quot;:240}\">\u00a0<\/span><\/h5>\n<p><span data-contrast=\"auto\">Los\u00a0miembros\u00a0de\u00a0Turismo\u00a0Gunea\u00a0de\u00a0Urola\u00a0Erdia\u00a0se\u00a0reunieron\u00a0el\u00a0pasado\u00a03 de\u00a0marzo\u00a0en\u00a0el\u00a0Palacio\u00a0Basazabal\u00a0de Azpeitia. En el\u00a0encuentro\u00a0participaron\u00a0representantes\u00a0de los\u00a0ayuntamientos\u00a0de la\u00a0comarca,\u00a0agentes\u00a0del\u00a0\u00e1rea\u00a0de turismo y el\u00a0grupo\u00a0de\u00a0trabajo\u00a0de turismo de\u00a0Iraurgi\u00a0Berritzen.<\/span><span data-ccp-props=\"{&quot;134233117&quot;:false,&quot;134233118&quot;:false,&quot;335551550&quot;:0,&quot;335551620&quot;:0,&quot;335559738&quot;:240,&quot;335559739&quot;:240}\">\u00a0<\/span><\/p>\n<p><span data-contrast=\"auto\">La reuni\u00f3n result\u00f3 fruct\u00edfera y los asistentes tuvieron la oportunidad de tratar diversos temas. Entre otras cosas, se present\u00f3 el <strong>Plan de Gesti\u00f3n Tur\u00edstica 2026<\/strong>, compartiendo las principales acciones previstas para la promoci\u00f3n tur\u00edstica de la comarca en los pr\u00f3ximos meses.<\/span><span data-ccp-props=\"{&quot;134233117&quot;:false,&quot;134233118&quot;:false,&quot;335551550&quot;:0,&quot;335551620&quot;:0,&quot;335559738&quot;:240,&quot;335559739&quot;:240}\">\u00a0<\/span><\/p>\n<p>Adem\u00e1s, los agentes tur\u00edsticos expusieron varias propuestas, entre ellas las relativas a la <strong>gesti\u00f3n del impuesto de estancias tur\u00edsticas<\/strong>.<\/p>\n<p><span data-contrast=\"auto\">Durante la reuni\u00f3n tambi\u00e9n se dio a conocer <strong>el proyecto que est\u00e1n desarrollando conjuntamente los agentes de los sectores industrial\u00a0 y tur\u00edstico<\/strong>, compartiendo los avances de la iniciativa que busca fortalecer la colaboraci\u00f3n entre ambos sectores.<\/span><span data-ccp-props=\"{&quot;134233117&quot;:false,&quot;134233118&quot;:false,&quot;335551550&quot;:0,&quot;335551620&quot;:0,&quot;335559738&quot;:240,&quot;335559739&quot;:240}\">\u00a0<\/span><\/p>\n<p><span data-contrast=\"auto\">Turismo\u00a0Gunea\u00a0de\u00a0Urola\u00a0Erdia\u00a0es un espacio para coordinar el desarrollo del turismo de la comarca y fomentar la colaboraci\u00f3n entre los diferentes agentes.<\/span><span data-ccp-props=\"{}\">\u00a0<\/span><\/p>\n","protected":false},"excerpt":{"rendered":"<p>Representantes institucionales y agentes del sector abordaron el Plan de Gesti\u00f3n Tur\u00edstica 2026, la tasa tur\u00edstica y los proyectos de colaboraci\u00f3n entre turismo e industria.\u00a0 Los\u00a0miembros\u00a0de\u00a0Turismo\u00a0Gunea\u00a0de\u00a0Urola\u00a0Erdia\u00a0se\u00a0reunieron\u00a0el\u00a0pasado\u00a03 de\u00a0marzo\u00a0en\u00a0el\u00a0Palacio\u00a0Basazabal\u00a0de Azpeitia. En el\u00a0encuentro\u00a0participaron\u00a0representantes\u00a0de los\u00a0ayuntamientos\u00a0de la\u00a0comarca,\u00a0agentes\u00a0del\u00a0\u00e1rea\u00a0de turismo y el\u00a0grupo\u00a0de\u00a0trabajo\u00a0de turismo de\u00a0Iraurgi\u00a0Berritzen.\u00a0 La reuni\u00f3n result\u00f3 fruct\u00edfera y los asistentes tuvieron la oportunidad de tratar diversos temas. Entre otras cosas, se [&hellip;]<\/p>\n","protected":false},"author":4,"featured_media":26106,"comment_status":"closed","ping_status":"closed","sticky":false,"template":"","format":"standard","meta":{"_acf_changed":false,"footnotes":""},"categories":[4],"tags":[],"class_list":["post-26109","post","type-post","status-publish","format-standard","has-post-thumbnail","hentry","category-noticias","arloak-turismo"],"acf":[],"yoast_head":"<!-- This site is optimized with the Yoast SEO plugin v27.4 - https:\/\/yoast.com\/product\/yoast-seo-wordpress\/ -->\n<title>Turismo Gunea de Urola Erdia analiza los retos tur\u00edsticos de 2026 - Iraurgi Berritzen<\/title>\n<meta name=\"robots\" content=\"index, follow, max-snippet:-1, max-image-preview:large, max-video-preview:-1\" \/>\n<link rel=\"canonical\" href=\"https:\/\/iraurgiberritzen.eus\/es\/turismo-gunea-de-urola-erdia-analiza-los-retos-turisticos-de-2026\/\" \/>\n<meta property=\"og:locale\" content=\"es_ES\" \/>\n<meta property=\"og:type\" content=\"article\" \/>\n<meta property=\"og:title\" content=\"Turismo Gunea de Urola Erdia analiza los retos tur\u00edsticos de 2026 - Iraurgi Berritzen\" \/>\n<meta property=\"og:description\" content=\"Representantes institucionales y agentes del sector abordaron el Plan de Gesti\u00f3n Tur\u00edstica 2026, la tasa tur\u00edstica y los proyectos de colaboraci\u00f3n entre turismo e industria.\u00a0 Los\u00a0miembros\u00a0de\u00a0Turismo\u00a0Gunea\u00a0de\u00a0Urola\u00a0Erdia\u00a0se\u00a0reunieron\u00a0el\u00a0pasado\u00a03 de\u00a0marzo\u00a0en\u00a0el\u00a0Palacio\u00a0Basazabal\u00a0de Azpeitia. En el\u00a0encuentro\u00a0participaron\u00a0representantes\u00a0de los\u00a0ayuntamientos\u00a0de la\u00a0comarca,\u00a0agentes\u00a0del\u00a0\u00e1rea\u00a0de turismo y el\u00a0grupo\u00a0de\u00a0trabajo\u00a0de turismo de\u00a0Iraurgi\u00a0Berritzen.\u00a0 La reuni\u00f3n result\u00f3 fruct\u00edfera y los asistentes tuvieron la oportunidad de tratar diversos temas. Entre otras cosas, se [&hellip;]\" \/>\n<meta property=\"og:url\" content=\"https:\/\/iraurgiberritzen.eus\/es\/turismo-gunea-de-urola-erdia-analiza-los-retos-turisticos-de-2026\/\" \/>\n<meta property=\"og:site_name\" content=\"Iraurgi Berritzen\" \/>\n<meta property=\"article:published_time\" content=\"2026-03-06T12:32:22+00:00\" \/>\n<meta property=\"article:modified_time\" content=\"2026-03-06T12:34:48+00:00\" \/>\n<meta property=\"og:image\" content=\"https:\/\/iraurgiberritzen.eus\/wp-content\/uploads\/2026\/03\/PXL_20260303_084719106-scaled.jpg\" \/>\n\t<meta property=\"og:image:width\" content=\"2560\" \/>\n\t<meta property=\"og:image:height\" content=\"1920\" \/>\n\t<meta property=\"og:image:type\" content=\"image\/jpeg\" \/>\n<meta name=\"author\" content=\"ainara\" \/>\n<meta name=\"twitter:card\" content=\"summary_large_image\" \/>\n<meta name=\"twitter:label1\" content=\"Escrito por\" \/>\n\t<meta name=\"twitter:data1\" content=\"ainara\" \/>\n\t<meta name=\"twitter:label2\" content=\"Tiempo de lectura\" \/>\n\t<meta name=\"twitter:data2\" content=\"2 minutos\" \/>\n<script type=\"application\/ld+json\" class=\"yoast-schema-graph\">{\"@context\":\"https:\\\/\\\/schema.org\",\"@graph\":[{\"@type\":\"Article\",\"@id\":\"https:\\\/\\\/iraurgiberritzen.eus\\\/es\\\/turismo-gunea-de-urola-erdia-analiza-los-retos-turisticos-de-2026\\\/#article\",\"isPartOf\":{\"@id\":\"https:\\\/\\\/iraurgiberritzen.eus\\\/es\\\/turismo-gunea-de-urola-erdia-analiza-los-retos-turisticos-de-2026\\\/\"},\"author\":{\"name\":\"ainara\",\"@id\":\"https:\\\/\\\/iraurgiberritzen.eus\\\/es\\\/#\\\/schema\\\/person\\\/a32c9825b3e2bfcbe757a97f6a15c8a5\"},\"headline\":\"Turismo Gunea de Urola Erdia analiza los retos tur\u00edsticos de 2026\",\"datePublished\":\"2026-03-06T12:32:22+00:00\",\"dateModified\":\"2026-03-06T12:34:48+00:00\",\"mainEntityOfPage\":{\"@id\":\"https:\\\/\\\/iraurgiberritzen.eus\\\/es\\\/turismo-gunea-de-urola-erdia-analiza-los-retos-turisticos-de-2026\\\/\"},\"wordCount\":222,\"publisher\":{\"@id\":\"https:\\\/\\\/iraurgiberritzen.eus\\\/es\\\/#organization\"},\"image\":{\"@id\":\"https:\\\/\\\/iraurgiberritzen.eus\\\/es\\\/turismo-gunea-de-urola-erdia-analiza-los-retos-turisticos-de-2026\\\/#primaryimage\"},\"thumbnailUrl\":\"https:\\\/\\\/iraurgiberritzen.eus\\\/wp-content\\\/uploads\\\/2026\\\/03\\\/PXL_20260303_084719106-scaled.jpg\",\"articleSection\":[\"Noticias\"],\"inLanguage\":\"es\"},{\"@type\":\"WebPage\",\"@id\":\"https:\\\/\\\/iraurgiberritzen.eus\\\/es\\\/turismo-gunea-de-urola-erdia-analiza-los-retos-turisticos-de-2026\\\/\",\"url\":\"https:\\\/\\\/iraurgiberritzen.eus\\\/es\\\/turismo-gunea-de-urola-erdia-analiza-los-retos-turisticos-de-2026\\\/\",\"name\":\"Turismo Gunea de Urola Erdia analiza los retos tur\u00edsticos de 2026 - Iraurgi Berritzen\",\"isPartOf\":{\"@id\":\"https:\\\/\\\/iraurgiberritzen.eus\\\/es\\\/#website\"},\"primaryImageOfPage\":{\"@id\":\"https:\\\/\\\/iraurgiberritzen.eus\\\/es\\\/turismo-gunea-de-urola-erdia-analiza-los-retos-turisticos-de-2026\\\/#primaryimage\"},\"image\":{\"@id\":\"https:\\\/\\\/iraurgiberritzen.eus\\\/es\\\/turismo-gunea-de-urola-erdia-analiza-los-retos-turisticos-de-2026\\\/#primaryimage\"},\"thumbnailUrl\":\"https:\\\/\\\/iraurgiberritzen.eus\\\/wp-content\\\/uploads\\\/2026\\\/03\\\/PXL_20260303_084719106-scaled.jpg\",\"datePublished\":\"2026-03-06T12:32:22+00:00\",\"dateModified\":\"2026-03-06T12:34:48+00:00\",\"breadcrumb\":{\"@id\":\"https:\\\/\\\/iraurgiberritzen.eus\\\/es\\\/turismo-gunea-de-urola-erdia-analiza-los-retos-turisticos-de-2026\\\/#breadcrumb\"},\"inLanguage\":\"es\",\"potentialAction\":[{\"@type\":\"ReadAction\",\"target\":[\"https:\\\/\\\/iraurgiberritzen.eus\\\/es\\\/turismo-gunea-de-urola-erdia-analiza-los-retos-turisticos-de-2026\\\/\"]}]},{\"@type\":\"ImageObject\",\"inLanguage\":\"es\",\"@id\":\"https:\\\/\\\/iraurgiberritzen.eus\\\/es\\\/turismo-gunea-de-urola-erdia-analiza-los-retos-turisticos-de-2026\\\/#primaryimage\",\"url\":\"https:\\\/\\\/iraurgiberritzen.eus\\\/wp-content\\\/uploads\\\/2026\\\/03\\\/PXL_20260303_084719106-scaled.jpg\",\"contentUrl\":\"https:\\\/\\\/iraurgiberritzen.eus\\\/wp-content\\\/uploads\\\/2026\\\/03\\\/PXL_20260303_084719106-scaled.jpg\",\"width\":2560,\"height\":1920},{\"@type\":\"BreadcrumbList\",\"@id\":\"https:\\\/\\\/iraurgiberritzen.eus\\\/es\\\/turismo-gunea-de-urola-erdia-analiza-los-retos-turisticos-de-2026\\\/#breadcrumb\",\"itemListElement\":[{\"@type\":\"ListItem\",\"position\":1,\"name\":\"Home\",\"item\":\"https:\\\/\\\/iraurgiberritzen.eus\\\/es\\\/\"},{\"@type\":\"ListItem\",\"position\":2,\"name\":\"Turismo Gunea de Urola Erdia analiza los retos tur\u00edsticos de 2026\"}]},{\"@type\":\"WebSite\",\"@id\":\"https:\\\/\\\/iraurgiberritzen.eus\\\/es\\\/#website\",\"url\":\"https:\\\/\\\/iraurgiberritzen.eus\\\/es\\\/\",\"name\":\"Iraurgi Berritzen\",\"description\":\"Urola Erdiko Garapen Agentzia\",\"publisher\":{\"@id\":\"https:\\\/\\\/iraurgiberritzen.eus\\\/es\\\/#organization\"},\"potentialAction\":[{\"@type\":\"SearchAction\",\"target\":{\"@type\":\"EntryPoint\",\"urlTemplate\":\"https:\\\/\\\/iraurgiberritzen.eus\\\/es\\\/?s={search_term_string}\"},\"query-input\":{\"@type\":\"PropertyValueSpecification\",\"valueRequired\":true,\"valueName\":\"search_term_string\"}}],\"inLanguage\":\"es\"},{\"@type\":\"Organization\",\"@id\":\"https:\\\/\\\/iraurgiberritzen.eus\\\/es\\\/#organization\",\"name\":\"Iraurgi Berritzen\",\"url\":\"https:\\\/\\\/iraurgiberritzen.eus\\\/es\\\/\",\"logo\":{\"@type\":\"ImageObject\",\"inLanguage\":\"es\",\"@id\":\"https:\\\/\\\/iraurgiberritzen.eus\\\/es\\\/#\\\/schema\\\/logo\\\/image\\\/\",\"url\":\"https:\\\/\\\/iraurgiberritzen.eus\\\/wp-content\\\/uploads\\\/2024\\\/02\\\/IRAURGI-BERRITZEN-logotipoa_2.png\",\"contentUrl\":\"https:\\\/\\\/iraurgiberritzen.eus\\\/wp-content\\\/uploads\\\/2024\\\/02\\\/IRAURGI-BERRITZEN-logotipoa_2.png\",\"width\":496,\"height\":190,\"caption\":\"Iraurgi Berritzen\"},\"image\":{\"@id\":\"https:\\\/\\\/iraurgiberritzen.eus\\\/es\\\/#\\\/schema\\\/logo\\\/image\\\/\"}},{\"@type\":\"Person\",\"@id\":\"https:\\\/\\\/iraurgiberritzen.eus\\\/es\\\/#\\\/schema\\\/person\\\/a32c9825b3e2bfcbe757a97f6a15c8a5\",\"name\":\"ainara\"}]}<\/script>\n<!-- \/ Yoast SEO plugin. -->","yoast_head_json":{"title":"Turismo Gunea de Urola Erdia analiza los retos tur\u00edsticos de 2026 - Iraurgi Berritzen","robots":{"index":"index","follow":"follow","max-snippet":"max-snippet:-1","max-image-preview":"max-image-preview:large","max-video-preview":"max-video-preview:-1"},"canonical":"https:\/\/iraurgiberritzen.eus\/es\/turismo-gunea-de-urola-erdia-analiza-los-retos-turisticos-de-2026\/","og_locale":"es_ES","og_type":"article","og_title":"Turismo Gunea de Urola Erdia analiza los retos tur\u00edsticos de 2026 - Iraurgi Berritzen","og_description":"Representantes institucionales y agentes del sector abordaron el Plan de Gesti\u00f3n Tur\u00edstica 2026, la tasa tur\u00edstica y los proyectos de colaboraci\u00f3n entre turismo e industria.\u00a0 Los\u00a0miembros\u00a0de\u00a0Turismo\u00a0Gunea\u00a0de\u00a0Urola\u00a0Erdia\u00a0se\u00a0reunieron\u00a0el\u00a0pasado\u00a03 de\u00a0marzo\u00a0en\u00a0el\u00a0Palacio\u00a0Basazabal\u00a0de Azpeitia. En el\u00a0encuentro\u00a0participaron\u00a0representantes\u00a0de los\u00a0ayuntamientos\u00a0de la\u00a0comarca,\u00a0agentes\u00a0del\u00a0\u00e1rea\u00a0de turismo y el\u00a0grupo\u00a0de\u00a0trabajo\u00a0de turismo de\u00a0Iraurgi\u00a0Berritzen.\u00a0 La reuni\u00f3n result\u00f3 fruct\u00edfera y los asistentes tuvieron la oportunidad de tratar diversos temas. Entre otras cosas, se [&hellip;]","og_url":"https:\/\/iraurgiberritzen.eus\/es\/turismo-gunea-de-urola-erdia-analiza-los-retos-turisticos-de-2026\/","og_site_name":"Iraurgi Berritzen","article_published_time":"2026-03-06T12:32:22+00:00","article_modified_time":"2026-03-06T12:34:48+00:00","og_image":[{"width":2560,"height":1920,"url":"https:\/\/iraurgiberritzen.eus\/wp-content\/uploads\/2026\/03\/PXL_20260303_084719106-scaled.jpg","type":"image\/jpeg"}],"author":"ainara","twitter_card":"summary_large_image","twitter_misc":{"Escrito por":"ainara","Tiempo de lectura":"2 minutos"},"schema":{"@context":"https:\/\/schema.org","@graph":[{"@type":"Article","@id":"https:\/\/iraurgiberritzen.eus\/es\/turismo-gunea-de-urola-erdia-analiza-los-retos-turisticos-de-2026\/#article","isPartOf":{"@id":"https:\/\/iraurgiberritzen.eus\/es\/turismo-gunea-de-urola-erdia-analiza-los-retos-turisticos-de-2026\/"},"author":{"name":"ainara","@id":"https:\/\/iraurgiberritzen.eus\/es\/#\/schema\/person\/a32c9825b3e2bfcbe757a97f6a15c8a5"},"headline":"Turismo Gunea de Urola Erdia analiza los retos tur\u00edsticos de 2026","datePublished":"2026-03-06T12:32:22+00:00","dateModified":"2026-03-06T12:34:48+00:00","mainEntityOfPage":{"@id":"https:\/\/iraurgiberritzen.eus\/es\/turismo-gunea-de-urola-erdia-analiza-los-retos-turisticos-de-2026\/"},"wordCount":222,"publisher":{"@id":"https:\/\/iraurgiberritzen.eus\/es\/#organization"},"image":{"@id":"https:\/\/iraurgiberritzen.eus\/es\/turismo-gunea-de-urola-erdia-analiza-los-retos-turisticos-de-2026\/#primaryimage"},"thumbnailUrl":"https:\/\/iraurgiberritzen.eus\/wp-content\/uploads\/2026\/03\/PXL_20260303_084719106-scaled.jpg","articleSection":["Noticias"],"inLanguage":"es"},{"@type":"WebPage","@id":"https:\/\/iraurgiberritzen.eus\/es\/turismo-gunea-de-urola-erdia-analiza-los-retos-turisticos-de-2026\/","url":"https:\/\/iraurgiberritzen.eus\/es\/turismo-gunea-de-urola-erdia-analiza-los-retos-turisticos-de-2026\/","name":"Turismo Gunea de Urola Erdia analiza los retos tur\u00edsticos de 2026 - Iraurgi Berritzen","isPartOf":{"@id":"https:\/\/iraurgiberritzen.eus\/es\/#website"},"primaryImageOfPage":{"@id":"https:\/\/iraurgiberritzen.eus\/es\/turismo-gunea-de-urola-erdia-analiza-los-retos-turisticos-de-2026\/#primaryimage"},"image":{"@id":"https:\/\/iraurgiberritzen.eus\/es\/turismo-gunea-de-urola-erdia-analiza-los-retos-turisticos-de-2026\/#primaryimage"},"thumbnailUrl":"https:\/\/iraurgiberritzen.eus\/wp-content\/uploads\/2026\/03\/PXL_20260303_084719106-scaled.jpg","datePublished":"2026-03-06T12:32:22+00:00","dateModified":"2026-03-06T12:34:48+00:00","breadcrumb":{"@id":"https:\/\/iraurgiberritzen.eus\/es\/turismo-gunea-de-urola-erdia-analiza-los-retos-turisticos-de-2026\/#breadcrumb"},"inLanguage":"es","potentialAction":[{"@type":"ReadAction","target":["https:\/\/iraurgiberritzen.eus\/es\/turismo-gunea-de-urola-erdia-analiza-los-retos-turisticos-de-2026\/"]}]},{"@type":"ImageObject","inLanguage":"es","@id":"https:\/\/iraurgiberritzen.eus\/es\/turismo-gunea-de-urola-erdia-analiza-los-retos-turisticos-de-2026\/#primaryimage","url":"https:\/\/iraurgiberritzen.eus\/wp-content\/uploads\/2026\/03\/PXL_20260303_084719106-scaled.jpg","contentUrl":"https:\/\/iraurgiberritzen.eus\/wp-content\/uploads\/2026\/03\/PXL_20260303_084719106-scaled.jpg","width":2560,"height":1920},{"@type":"BreadcrumbList","@id":"https:\/\/iraurgiberritzen.eus\/es\/turismo-gunea-de-urola-erdia-analiza-los-retos-turisticos-de-2026\/#breadcrumb","itemListElement":[{"@type":"ListItem","position":1,"name":"Home","item":"https:\/\/iraurgiberritzen.eus\/es\/"},{"@type":"ListItem","position":2,"name":"Turismo Gunea de Urola Erdia analiza los retos tur\u00edsticos de 2026"}]},{"@type":"WebSite","@id":"https:\/\/iraurgiberritzen.eus\/es\/#website","url":"https:\/\/iraurgiberritzen.eus\/es\/","name":"Iraurgi Berritzen","description":"Urola Erdiko Garapen Agentzia","publisher":{"@id":"https:\/\/iraurgiberritzen.eus\/es\/#organization"},"potentialAction":[{"@type":"SearchAction","target":{"@type":"EntryPoint","urlTemplate":"https:\/\/iraurgiberritzen.eus\/es\/?s={search_term_string}"},"query-input":{"@type":"PropertyValueSpecification","valueRequired":true,"valueName":"search_term_string"}}],"inLanguage":"es"},{"@type":"Organization","@id":"https:\/\/iraurgiberritzen.eus\/es\/#organization","name":"Iraurgi Berritzen","url":"https:\/\/iraurgiberritzen.eus\/es\/","logo":{"@type":"ImageObject","inLanguage":"es","@id":"https:\/\/iraurgiberritzen.eus\/es\/#\/schema\/logo\/image\/","url":"https:\/\/iraurgiberritzen.eus\/wp-content\/uploads\/2024\/02\/IRAURGI-BERRITZEN-logotipoa_2.png","contentUrl":"https:\/\/iraurgiberritzen.eus\/wp-content\/uploads\/2024\/02\/IRAURGI-BERRITZEN-logotipoa_2.png","width":496,"height":190,"caption":"Iraurgi Berritzen"},"image":{"@id":"https:\/\/iraurgiberritzen.eus\/es\/#\/schema\/logo\/image\/"}},{"@type":"Person","@id":"https:\/\/iraurgiberritzen.eus\/es\/#\/schema\/person\/a32c9825b3e2bfcbe757a97f6a15c8a5","name":"ainara"}]}},"_links":{"self":[{"href":"https:\/\/iraurgiberritzen.eus\/es\/wp-json\/wp\/v2\/posts\/26109","targetHints":{"allow":["GET"]}}],"collection":[{"href":"https:\/\/iraurgiberritzen.eus\/es\/wp-json\/wp\/v2\/posts"}],"about":[{"href":"https:\/\/iraurgiberritzen.eus\/es\/wp-json\/wp\/v2\/types\/post"}],"author":[{"embeddable":true,"href":"https:\/\/iraurgiberritzen.eus\/es\/wp-json\/wp\/v2\/users\/4"}],"replies":[{"embeddable":true,"href":"https:\/\/iraurgiberritzen.eus\/es\/wp-json\/wp\/v2\/comments?post=26109"}],"version-history":[{"count":5,"href":"https:\/\/iraurgiberritzen.eus\/es\/wp-json\/wp\/v2\/posts\/26109\/revisions"}],"predecessor-version":[{"id":26114,"href":"https:\/\/iraurgiberritzen.eus\/es\/wp-json\/wp\/v2\/posts\/26109\/revisions\/26114"}],"wp:featuredmedia":[{"embeddable":true,"href":"https:\/\/iraurgiberritzen.eus\/es\/wp-json\/wp\/v2\/media\/26106"}],"wp:attachment":[{"href":"https:\/\/iraurgiberritzen.eus\/es\/wp-json\/wp\/v2\/media?parent=26109"}],"wp:term":[{"taxonomy":"category","embeddable":true,"href":"https:\/\/iraurgiberritzen.eus\/es\/wp-json\/wp\/v2\/categories?post=26109"},{"taxonomy":"post_tag","embeddable":true,"href":"https:\/\/iraurgiberritzen.eus\/es\/wp-json\/wp\/v2\/tags?post=26109"}],"curies":[{"name":"wp","href":"https:\/\/api.w.org\/{rel}","templated":true}]}}