{"id":26133,"date":"2026-03-11T09:20:25","date_gmt":"2026-03-11T07:20:25","guid":{"rendered":"https:\/\/iraurgiberritzen.eus\/?p=26133"},"modified":"2026-03-12T10:45:41","modified_gmt":"2026-03-12T08:45:41","slug":"las-empresas-industriales-de-urola-erdia-conocen-y-trabajan-las-aplicaciones-practicas-de-la-ia-generativa","status":"publish","type":"post","link":"https:\/\/iraurgiberritzen.eus\/es\/las-empresas-industriales-de-urola-erdia-conocen-y-trabajan-las-aplicaciones-practicas-de-la-ia-generativa\/","title":{"rendered":"Las sesiones pr\u00e1cticas sobre Inteligencia Artificial Generativa han generado inter\u00e9s entre las empresas industriales de la comarca"},"content":{"rendered":"<h5><span class=\"TextRun MacChromeBold SCXW2393955 BCX0\" lang=\"ES-ES\" xml:lang=\"ES-ES\" data-contrast=\"auto\"><span class=\"NormalTextRun SCXW2393955 BCX0\" data-ccp-charstyle=\"Strong\">En las tres sesiones de trabajo organizadas por\u00a0<\/span><span class=\"NormalTextRun SpellingErrorV2Themed SCXW2393955 BCX0\" data-ccp-charstyle=\"Strong\">Iraurgi<\/span><span class=\"NormalTextRun SCXW2393955 BCX0\" data-ccp-charstyle=\"Strong\">\u00a0<\/span><span class=\"NormalTextRun SpellingErrorV2Themed SCXW2393955 BCX0\" data-ccp-charstyle=\"Strong\">Berritzen<\/span><span class=\"NormalTextRun SCXW2393955 BCX0\" data-ccp-charstyle=\"Strong\">\u00a0en colaboraci\u00f3n con\u00a0<\/span><span class=\"NormalTextRun SpellingErrorV2Themed SCXW2393955 BCX0\" data-ccp-charstyle=\"Strong\">Digitalentu<\/span><span class=\"NormalTextRun SCXW2393955 BCX0\" data-ccp-charstyle=\"Strong\">, se han reunido<\/span><\/span><span class=\"TextRun MacChromeBold SCXW2393955 BCX0\" lang=\"ES-ES\" xml:lang=\"ES-ES\" data-contrast=\"auto\"><span class=\"NormalTextRun SCXW2393955 BCX0\" data-ccp-charstyle=\"Strong\">\u00a0<\/span><\/span><span class=\"TextRun MacChromeBold SCXW2393955 BCX0\" lang=\"ES-ES\" xml:lang=\"ES-ES\" data-contrast=\"auto\"><span class=\"NormalTextRun SCXW2393955 BCX0\" data-ccp-charstyle=\"Strong\">32 participantes\u00a0<\/span><\/span><span class=\"TextRun MacChromeBold SCXW2393955 BCX0\" lang=\"ES-ES\" xml:lang=\"ES-ES\" data-contrast=\"none\"><span class=\"NormalTextRun SCXW2393955 BCX0\" data-ccp-charstyle=\"Strong\">de diferentes perfiles<\/span><\/span><span class=\"TextRun MacChromeBold SCXW2393955 BCX0\" lang=\"ES-ES\" xml:lang=\"ES-ES\" data-contrast=\"auto\"><span class=\"NormalTextRun SCXW2393955 BCX0\" data-ccp-charstyle=\"Strong\">\u00a0<\/span><span class=\"NormalTextRun SCXW2393955 BCX0\" data-ccp-charstyle=\"Strong\">de 14 empresas industriales <\/span><span class=\"NormalTextRun SCXW2393955 BCX0\" data-ccp-charstyle=\"Strong\">de la comarca<\/span><\/span><span class=\"TextRun SCXW2393955 BCX0\" lang=\"ES-ES\" xml:lang=\"ES-ES\" data-contrast=\"auto\"><span class=\"NormalTextRun SCXW2393955 BCX0\" data-ccp-charstyle=\"Strong\">\u00a0<\/span><\/span><span class=\"TextRun MacChromeBold SCXW2393955 BCX0\" lang=\"ES-ES\" xml:lang=\"ES-ES\" data-contrast=\"auto\"><span class=\"NormalTextRun SCXW2393955 BCX0\" data-ccp-charstyle=\"Strong\">para<\/span><span class=\"NormalTextRun SCXW2393955 BCX0\" data-ccp-charstyle=\"Strong\">\u00a0t<\/span><span class=\"NormalTextRun SCXW2393955 BCX0\" data-ccp-charstyle=\"Strong\">rabajar aplicaciones<\/span><span class=\"NormalTextRun SCXW2393955 BCX0\" data-ccp-charstyle=\"Strong\">\u00a0<\/span><\/span><span class=\"TextRun MacChromeBold SCXW2393955 BCX0\" lang=\"ES-ES\" xml:lang=\"ES-ES\" data-contrast=\"none\"><span class=\"NormalTextRun SCXW2393955 BCX0\" data-ccp-charstyle=\"Strong\">reales y casos\u00a0<\/span><span class=\"NormalTextRun SCXW2393955 BCX0\" data-ccp-charstyle=\"Strong\">pr\u00e1cticos<\/span><\/span><span class=\"TextRun MacChromeBold SCXW2393955 BCX0\" lang=\"ES-ES\" xml:lang=\"ES-ES\" data-contrast=\"auto\"><span class=\"NormalTextRun SCXW2393955 BCX0\" data-ccp-charstyle=\"Strong\">\u00a0<\/span><span class=\"NormalTextRun SCXW2393955 BCX0\" data-ccp-charstyle=\"Strong\">de<\/span><span class=\"NormalTextRun SCXW2393955 BCX0\" data-ccp-charstyle=\"Strong\">\u00a0<\/span><span class=\"NormalTextRun SCXW2393955 BCX0\" data-ccp-charstyle=\"Strong\">la Inteligencia Artificial Generativa en su<\/span><span class=\"NormalTextRun SCXW2393955 BCX0\" data-ccp-charstyle=\"Strong\">\u00a0<\/span><\/span><span class=\"TextRun MacChromeBold SCXW2393955 BCX0\" lang=\"ES-ES\" xml:lang=\"ES-ES\" data-contrast=\"none\"><span class=\"NormalTextRun SCXW2393955 BCX0\" data-ccp-charstyle=\"Strong\">d\u00eda a d\u00eda<\/span><span class=\"NormalTextRun SCXW2393955 BCX0\" data-ccp-charstyle=\"Strong\">.<\/span><\/span><span class=\"EOP SCXW2393955 BCX0\" data-ccp-props=\"{&quot;134233117&quot;:true,&quot;134233118&quot;:true,&quot;201341983&quot;:0,&quot;335559740&quot;:240}\">\u00a0<\/span><\/h5>\n<p><span data-contrast=\"auto\">Ayer se celebraron las sesiones de trabajo para llevar\u00a0<\/span><b><span data-contrast=\"auto\">la Inteligencia Artificial Generativa a la pr\u00e1ctica<\/span><\/b><span data-contrast=\"auto\">, organizadas por\u00a0Iraurgi\u00a0Berritzen\u00a0y\u00a0Digitalentu\u00a0y dirigidas a profesionales y responsables de empresas industriales de\u00a0Urola\u00a0Erdia. Las tres sesiones celebradas a lo largo de la jornada contaron con una elevada participaci\u00f3n y pusieron de manifiesto el gran inter\u00e9s de las empresas por aplicar nuevas tecnolog\u00edas en su actividad diaria.<\/span><span data-ccp-props=\"{&quot;134233117&quot;:true,&quot;134233118&quot;:true,&quot;201341983&quot;:0,&quot;335559740&quot;:240}\">\u00a0<\/span><\/p>\n<p><span data-contrast=\"auto\">Las sesiones fueron\u00a0<\/span><b><span data-contrast=\"auto\">muy pr\u00e1cticas y din\u00e1micas<\/span><\/b><span data-contrast=\"auto\">, y\u00a0las personas\u00a0participantes tuvieron la oportunidad de trabajar con casos\u00a0<\/span><span data-contrast=\"none\">de uso<\/span><span data-contrast=\"auto\">\u00a0y ejercicios\u00a0<\/span><span data-contrast=\"none\">pr\u00e1cticos\u00a0<\/span><span data-contrast=\"auto\">relacionados con su actividad profesional\u00a0diaria. Durante las sesiones, los representantes de las empresas interactuaron activamente, compartiendo experiencias y analizando de forma aplicada las oportunidades que ofrece la Inteligencia Artificial Generativa.<\/span><span data-ccp-props=\"{&quot;134233117&quot;:true,&quot;134233118&quot;:true,&quot;201341983&quot;:0,&quot;335559740&quot;:240}\">\u00a0<\/span><\/p>\n<p><span data-contrast=\"auto\">En cuanto a la participaci\u00f3n,\u00a0<\/span><b><span data-contrast=\"auto\">en el primer grupo de la ma\u00f1ana participaron 14 personas<\/span><\/b><b><span data-contrast=\"none\">\u00a0<\/span><\/b><b><span data-contrast=\"auto\">de 9 empresas<\/span><\/b><span data-contrast=\"auto\">;\u00a0<\/span><b><span data-contrast=\"auto\">en la segunda sesi\u00f3n participaron 10 personas de 6 empresas<\/span><\/b><span data-contrast=\"auto\">; y\u00a0<\/span><b><span data-contrast=\"auto\">en el tercer grupo de la tarde se reunieron 8 participantes representantes de 6 empresas<\/span><\/b><span data-contrast=\"auto\">. En total participaron profesionales de distintos \u00e1mbitos, entre ellos marketing,\u00a0ventas,\u00a0<\/span><span data-contrast=\"none\">atenci\u00f3n al cliente, postventa,<\/span><span data-contrast=\"auto\">\u00a0producci\u00f3n, oficina t\u00e9cnica,\u00a0<\/span><span data-contrast=\"none\">almac\u00e9n, calidad<\/span><span data-contrast=\"auto\">\u00a0y direcci\u00f3n,\u00a0<\/span><span data-contrast=\"none\">finanzas, compras e innovaci\u00f3n.<\/span><span data-ccp-props=\"{&quot;134233117&quot;:true,&quot;134233118&quot;:true,&quot;201341983&quot;:0,&quot;335559740&quot;:240}\">\u00a0<\/span><\/p>\n<p><span data-contrast=\"auto\">Las sesiones evidenciaron que\u00a0<\/span><b><span data-contrast=\"auto\">el desarrollo de la Inteligencia Artificial Generativa avanza a gran velocidad<\/span><\/b><span data-contrast=\"auto\">\u00a0y que abre importantes oportunidades para las empresas a la hora de mejorar la eficiencia, optimizar procesos y apoyar la toma de decisiones estrat\u00e9gicas. Asimismo, los participantes subrayaron que\u00a0<\/span><b><span data-contrast=\"auto\">todav\u00eda queda mucho trabajo por hacer en este \u00e1mbito<\/span><\/b><span data-contrast=\"auto\">, aunque este tipo de sesiones suponen un paso importante para comprender mejor estas herramientas y empezar a aplicarlas en la pr\u00e1ctica.<\/span><span data-ccp-props=\"{&quot;134233117&quot;:true,&quot;134233118&quot;:true,&quot;201341983&quot;:0,&quot;335559740&quot;:240}\">\u00a0<\/span><\/p>\n<p><span data-contrast=\"auto\">Estas sesiones se enmarcan en\u00a0<\/span><b><span data-contrast=\"auto\">la estrategia de\u00a0Iraurgi\u00a0Berritzen\u00a0para impulsar la transici\u00f3n tecnol\u00f3gico-digital de las empresas industriales de la comarca<\/span><\/b><span data-contrast=\"auto\">. El objetivo es ofrecer a las pymes industriales herramientas pr\u00e1cticas y aplicables que les permitan reforzar su competitividad y afrontar con eficacia los procesos de transformaci\u00f3n digital.<\/span><span data-ccp-props=\"{&quot;134233117&quot;:true,&quot;134233118&quot;:true,&quot;201341983&quot;:0,&quot;335559740&quot;:240}\">\u00a0<\/span><\/p>\n","protected":false},"excerpt":{"rendered":"<p>En las tres sesiones de trabajo organizadas por\u00a0Iraurgi\u00a0Berritzen\u00a0en colaboraci\u00f3n con\u00a0Digitalentu, se han reunido\u00a032 participantes\u00a0de diferentes perfiles\u00a0de 14 empresas industriales de la comarca\u00a0para\u00a0trabajar aplicaciones\u00a0reales y casos\u00a0pr\u00e1cticos\u00a0de\u00a0la Inteligencia Artificial Generativa en su\u00a0d\u00eda a d\u00eda.\u00a0 Ayer se celebraron las sesiones de trabajo para llevar\u00a0la Inteligencia Artificial Generativa a la pr\u00e1ctica, organizadas por\u00a0Iraurgi\u00a0Berritzen\u00a0y\u00a0Digitalentu\u00a0y dirigidas a profesionales y responsables de [&hellip;]<\/p>\n","protected":false},"author":4,"featured_media":26127,"comment_status":"closed","ping_status":"closed","sticky":false,"template":"","format":"standard","meta":{"_acf_changed":false,"footnotes":""},"categories":[4],"tags":[],"class_list":["post-26133","post","type-post","status-publish","format-standard","has-post-thumbnail","hentry","category-noticias","arloak-enpresa"],"acf":[],"yoast_head":"<!-- This site is optimized with the Yoast SEO plugin v27.4 - https:\/\/yoast.com\/product\/yoast-seo-wordpress\/ -->\n<title>Las sesiones pr\u00e1cticas sobre Inteligencia Artificial Generativa han generado inter\u00e9s entre las empresas industriales de la comarca - Iraurgi Berritzen<\/title>\n<meta name=\"robots\" content=\"index, follow, max-snippet:-1, max-image-preview:large, max-video-preview:-1\" \/>\n<link rel=\"canonical\" href=\"https:\/\/iraurgiberritzen.eus\/es\/las-empresas-industriales-de-urola-erdia-conocen-y-trabajan-las-aplicaciones-practicas-de-la-ia-generativa\/\" \/>\n<meta property=\"og:locale\" content=\"es_ES\" \/>\n<meta property=\"og:type\" content=\"article\" \/>\n<meta property=\"og:title\" content=\"Las sesiones pr\u00e1cticas sobre Inteligencia Artificial Generativa han generado inter\u00e9s entre las empresas industriales de la comarca - Iraurgi Berritzen\" \/>\n<meta property=\"og:description\" content=\"En las tres sesiones de trabajo organizadas por\u00a0Iraurgi\u00a0Berritzen\u00a0en colaboraci\u00f3n con\u00a0Digitalentu, se han reunido\u00a032 participantes\u00a0de diferentes perfiles\u00a0de 14 empresas industriales de la comarca\u00a0para\u00a0trabajar aplicaciones\u00a0reales y casos\u00a0pr\u00e1cticos\u00a0de\u00a0la Inteligencia Artificial Generativa en su\u00a0d\u00eda a d\u00eda.\u00a0 Ayer se celebraron las sesiones de trabajo para llevar\u00a0la Inteligencia Artificial Generativa a la pr\u00e1ctica, organizadas por\u00a0Iraurgi\u00a0Berritzen\u00a0y\u00a0Digitalentu\u00a0y dirigidas a profesionales y responsables de [&hellip;]\" \/>\n<meta property=\"og:url\" content=\"https:\/\/iraurgiberritzen.eus\/es\/las-empresas-industriales-de-urola-erdia-conocen-y-trabajan-las-aplicaciones-practicas-de-la-ia-generativa\/\" \/>\n<meta property=\"og:site_name\" content=\"Iraurgi Berritzen\" \/>\n<meta property=\"article:published_time\" content=\"2026-03-11T07:20:25+00:00\" \/>\n<meta property=\"article:modified_time\" content=\"2026-03-12T08:45:41+00:00\" \/>\n<meta property=\"og:image\" content=\"https:\/\/iraurgiberritzen.eus\/wp-content\/uploads\/2026\/03\/2_Taldea_Produkzioa_2.jpeg\" \/>\n\t<meta property=\"og:image:width\" content=\"1600\" \/>\n\t<meta property=\"og:image:height\" content=\"1200\" \/>\n\t<meta property=\"og:image:type\" content=\"image\/jpeg\" \/>\n<meta name=\"author\" content=\"ainara\" \/>\n<meta name=\"twitter:card\" content=\"summary_large_image\" \/>\n<meta name=\"twitter:label1\" content=\"Escrito por\" \/>\n\t<meta name=\"twitter:data1\" content=\"ainara\" \/>\n\t<meta name=\"twitter:label2\" content=\"Tiempo de lectura\" \/>\n\t<meta name=\"twitter:data2\" content=\"3 minutos\" \/>\n<script type=\"application\/ld+json\" class=\"yoast-schema-graph\">{\"@context\":\"https:\\\/\\\/schema.org\",\"@graph\":[{\"@type\":\"Article\",\"@id\":\"https:\\\/\\\/iraurgiberritzen.eus\\\/es\\\/las-empresas-industriales-de-urola-erdia-conocen-y-trabajan-las-aplicaciones-practicas-de-la-ia-generativa\\\/#article\",\"isPartOf\":{\"@id\":\"https:\\\/\\\/iraurgiberritzen.eus\\\/es\\\/las-empresas-industriales-de-urola-erdia-conocen-y-trabajan-las-aplicaciones-practicas-de-la-ia-generativa\\\/\"},\"author\":{\"name\":\"ainara\",\"@id\":\"https:\\\/\\\/iraurgiberritzen.eus\\\/es\\\/#\\\/schema\\\/person\\\/a32c9825b3e2bfcbe757a97f6a15c8a5\"},\"headline\":\"Las sesiones pr\u00e1cticas sobre Inteligencia Artificial Generativa han generado inter\u00e9s entre las empresas industriales de la comarca\",\"datePublished\":\"2026-03-11T07:20:25+00:00\",\"dateModified\":\"2026-03-12T08:45:41+00:00\",\"mainEntityOfPage\":{\"@id\":\"https:\\\/\\\/iraurgiberritzen.eus\\\/es\\\/las-empresas-industriales-de-urola-erdia-conocen-y-trabajan-las-aplicaciones-practicas-de-la-ia-generativa\\\/\"},\"wordCount\":399,\"publisher\":{\"@id\":\"https:\\\/\\\/iraurgiberritzen.eus\\\/es\\\/#organization\"},\"image\":{\"@id\":\"https:\\\/\\\/iraurgiberritzen.eus\\\/es\\\/las-empresas-industriales-de-urola-erdia-conocen-y-trabajan-las-aplicaciones-practicas-de-la-ia-generativa\\\/#primaryimage\"},\"thumbnailUrl\":\"https:\\\/\\\/iraurgiberritzen.eus\\\/wp-content\\\/uploads\\\/2026\\\/03\\\/2_Taldea_Produkzioa_2.jpeg\",\"articleSection\":[\"Noticias\"],\"inLanguage\":\"es\"},{\"@type\":\"WebPage\",\"@id\":\"https:\\\/\\\/iraurgiberritzen.eus\\\/es\\\/las-empresas-industriales-de-urola-erdia-conocen-y-trabajan-las-aplicaciones-practicas-de-la-ia-generativa\\\/\",\"url\":\"https:\\\/\\\/iraurgiberritzen.eus\\\/es\\\/las-empresas-industriales-de-urola-erdia-conocen-y-trabajan-las-aplicaciones-practicas-de-la-ia-generativa\\\/\",\"name\":\"Las sesiones pr\u00e1cticas sobre Inteligencia Artificial Generativa han generado inter\u00e9s entre las empresas industriales de la comarca - Iraurgi Berritzen\",\"isPartOf\":{\"@id\":\"https:\\\/\\\/iraurgiberritzen.eus\\\/es\\\/#website\"},\"primaryImageOfPage\":{\"@id\":\"https:\\\/\\\/iraurgiberritzen.eus\\\/es\\\/las-empresas-industriales-de-urola-erdia-conocen-y-trabajan-las-aplicaciones-practicas-de-la-ia-generativa\\\/#primaryimage\"},\"image\":{\"@id\":\"https:\\\/\\\/iraurgiberritzen.eus\\\/es\\\/las-empresas-industriales-de-urola-erdia-conocen-y-trabajan-las-aplicaciones-practicas-de-la-ia-generativa\\\/#primaryimage\"},\"thumbnailUrl\":\"https:\\\/\\\/iraurgiberritzen.eus\\\/wp-content\\\/uploads\\\/2026\\\/03\\\/2_Taldea_Produkzioa_2.jpeg\",\"datePublished\":\"2026-03-11T07:20:25+00:00\",\"dateModified\":\"2026-03-12T08:45:41+00:00\",\"breadcrumb\":{\"@id\":\"https:\\\/\\\/iraurgiberritzen.eus\\\/es\\\/las-empresas-industriales-de-urola-erdia-conocen-y-trabajan-las-aplicaciones-practicas-de-la-ia-generativa\\\/#breadcrumb\"},\"inLanguage\":\"es\",\"potentialAction\":[{\"@type\":\"ReadAction\",\"target\":[\"https:\\\/\\\/iraurgiberritzen.eus\\\/es\\\/las-empresas-industriales-de-urola-erdia-conocen-y-trabajan-las-aplicaciones-practicas-de-la-ia-generativa\\\/\"]}]},{\"@type\":\"ImageObject\",\"inLanguage\":\"es\",\"@id\":\"https:\\\/\\\/iraurgiberritzen.eus\\\/es\\\/las-empresas-industriales-de-urola-erdia-conocen-y-trabajan-las-aplicaciones-practicas-de-la-ia-generativa\\\/#primaryimage\",\"url\":\"https:\\\/\\\/iraurgiberritzen.eus\\\/wp-content\\\/uploads\\\/2026\\\/03\\\/2_Taldea_Produkzioa_2.jpeg\",\"contentUrl\":\"https:\\\/\\\/iraurgiberritzen.eus\\\/wp-content\\\/uploads\\\/2026\\\/03\\\/2_Taldea_Produkzioa_2.jpeg\",\"width\":1600,\"height\":1200},{\"@type\":\"BreadcrumbList\",\"@id\":\"https:\\\/\\\/iraurgiberritzen.eus\\\/es\\\/las-empresas-industriales-de-urola-erdia-conocen-y-trabajan-las-aplicaciones-practicas-de-la-ia-generativa\\\/#breadcrumb\",\"itemListElement\":[{\"@type\":\"ListItem\",\"position\":1,\"name\":\"Home\",\"item\":\"https:\\\/\\\/iraurgiberritzen.eus\\\/es\\\/\"},{\"@type\":\"ListItem\",\"position\":2,\"name\":\"Las sesiones pr\u00e1cticas sobre Inteligencia Artificial Generativa han generado inter\u00e9s entre las empresas industriales de la comarca\"}]},{\"@type\":\"WebSite\",\"@id\":\"https:\\\/\\\/iraurgiberritzen.eus\\\/es\\\/#website\",\"url\":\"https:\\\/\\\/iraurgiberritzen.eus\\\/es\\\/\",\"name\":\"Iraurgi Berritzen\",\"description\":\"Urola Erdiko Garapen Agentzia\",\"publisher\":{\"@id\":\"https:\\\/\\\/iraurgiberritzen.eus\\\/es\\\/#organization\"},\"potentialAction\":[{\"@type\":\"SearchAction\",\"target\":{\"@type\":\"EntryPoint\",\"urlTemplate\":\"https:\\\/\\\/iraurgiberritzen.eus\\\/es\\\/?s={search_term_string}\"},\"query-input\":{\"@type\":\"PropertyValueSpecification\",\"valueRequired\":true,\"valueName\":\"search_term_string\"}}],\"inLanguage\":\"es\"},{\"@type\":\"Organization\",\"@id\":\"https:\\\/\\\/iraurgiberritzen.eus\\\/es\\\/#organization\",\"name\":\"Iraurgi Berritzen\",\"url\":\"https:\\\/\\\/iraurgiberritzen.eus\\\/es\\\/\",\"logo\":{\"@type\":\"ImageObject\",\"inLanguage\":\"es\",\"@id\":\"https:\\\/\\\/iraurgiberritzen.eus\\\/es\\\/#\\\/schema\\\/logo\\\/image\\\/\",\"url\":\"https:\\\/\\\/iraurgiberritzen.eus\\\/wp-content\\\/uploads\\\/2024\\\/02\\\/IRAURGI-BERRITZEN-logotipoa_2.png\",\"contentUrl\":\"https:\\\/\\\/iraurgiberritzen.eus\\\/wp-content\\\/uploads\\\/2024\\\/02\\\/IRAURGI-BERRITZEN-logotipoa_2.png\",\"width\":496,\"height\":190,\"caption\":\"Iraurgi Berritzen\"},\"image\":{\"@id\":\"https:\\\/\\\/iraurgiberritzen.eus\\\/es\\\/#\\\/schema\\\/logo\\\/image\\\/\"}},{\"@type\":\"Person\",\"@id\":\"https:\\\/\\\/iraurgiberritzen.eus\\\/es\\\/#\\\/schema\\\/person\\\/a32c9825b3e2bfcbe757a97f6a15c8a5\",\"name\":\"ainara\"}]}<\/script>\n<!-- \/ Yoast SEO plugin. -->","yoast_head_json":{"title":"Las sesiones pr\u00e1cticas sobre Inteligencia Artificial Generativa han generado inter\u00e9s entre las empresas industriales de la comarca - Iraurgi Berritzen","robots":{"index":"index","follow":"follow","max-snippet":"max-snippet:-1","max-image-preview":"max-image-preview:large","max-video-preview":"max-video-preview:-1"},"canonical":"https:\/\/iraurgiberritzen.eus\/es\/las-empresas-industriales-de-urola-erdia-conocen-y-trabajan-las-aplicaciones-practicas-de-la-ia-generativa\/","og_locale":"es_ES","og_type":"article","og_title":"Las sesiones pr\u00e1cticas sobre Inteligencia Artificial Generativa han generado inter\u00e9s entre las empresas industriales de la comarca - Iraurgi Berritzen","og_description":"En las tres sesiones de trabajo organizadas por\u00a0Iraurgi\u00a0Berritzen\u00a0en colaboraci\u00f3n con\u00a0Digitalentu, se han reunido\u00a032 participantes\u00a0de diferentes perfiles\u00a0de 14 empresas industriales de la comarca\u00a0para\u00a0trabajar aplicaciones\u00a0reales y casos\u00a0pr\u00e1cticos\u00a0de\u00a0la Inteligencia Artificial Generativa en su\u00a0d\u00eda a d\u00eda.\u00a0 Ayer se celebraron las sesiones de trabajo para llevar\u00a0la Inteligencia Artificial Generativa a la pr\u00e1ctica, organizadas por\u00a0Iraurgi\u00a0Berritzen\u00a0y\u00a0Digitalentu\u00a0y dirigidas a profesionales y responsables de [&hellip;]","og_url":"https:\/\/iraurgiberritzen.eus\/es\/las-empresas-industriales-de-urola-erdia-conocen-y-trabajan-las-aplicaciones-practicas-de-la-ia-generativa\/","og_site_name":"Iraurgi Berritzen","article_published_time":"2026-03-11T07:20:25+00:00","article_modified_time":"2026-03-12T08:45:41+00:00","og_image":[{"width":1600,"height":1200,"url":"https:\/\/iraurgiberritzen.eus\/wp-content\/uploads\/2026\/03\/2_Taldea_Produkzioa_2.jpeg","type":"image\/jpeg"}],"author":"ainara","twitter_card":"summary_large_image","twitter_misc":{"Escrito por":"ainara","Tiempo de lectura":"3 minutos"},"schema":{"@context":"https:\/\/schema.org","@graph":[{"@type":"Article","@id":"https:\/\/iraurgiberritzen.eus\/es\/las-empresas-industriales-de-urola-erdia-conocen-y-trabajan-las-aplicaciones-practicas-de-la-ia-generativa\/#article","isPartOf":{"@id":"https:\/\/iraurgiberritzen.eus\/es\/las-empresas-industriales-de-urola-erdia-conocen-y-trabajan-las-aplicaciones-practicas-de-la-ia-generativa\/"},"author":{"name":"ainara","@id":"https:\/\/iraurgiberritzen.eus\/es\/#\/schema\/person\/a32c9825b3e2bfcbe757a97f6a15c8a5"},"headline":"Las sesiones pr\u00e1cticas sobre Inteligencia Artificial Generativa han generado inter\u00e9s entre las empresas industriales de la comarca","datePublished":"2026-03-11T07:20:25+00:00","dateModified":"2026-03-12T08:45:41+00:00","mainEntityOfPage":{"@id":"https:\/\/iraurgiberritzen.eus\/es\/las-empresas-industriales-de-urola-erdia-conocen-y-trabajan-las-aplicaciones-practicas-de-la-ia-generativa\/"},"wordCount":399,"publisher":{"@id":"https:\/\/iraurgiberritzen.eus\/es\/#organization"},"image":{"@id":"https:\/\/iraurgiberritzen.eus\/es\/las-empresas-industriales-de-urola-erdia-conocen-y-trabajan-las-aplicaciones-practicas-de-la-ia-generativa\/#primaryimage"},"thumbnailUrl":"https:\/\/iraurgiberritzen.eus\/wp-content\/uploads\/2026\/03\/2_Taldea_Produkzioa_2.jpeg","articleSection":["Noticias"],"inLanguage":"es"},{"@type":"WebPage","@id":"https:\/\/iraurgiberritzen.eus\/es\/las-empresas-industriales-de-urola-erdia-conocen-y-trabajan-las-aplicaciones-practicas-de-la-ia-generativa\/","url":"https:\/\/iraurgiberritzen.eus\/es\/las-empresas-industriales-de-urola-erdia-conocen-y-trabajan-las-aplicaciones-practicas-de-la-ia-generativa\/","name":"Las sesiones pr\u00e1cticas sobre Inteligencia Artificial Generativa han generado inter\u00e9s entre las empresas industriales de la comarca - Iraurgi Berritzen","isPartOf":{"@id":"https:\/\/iraurgiberritzen.eus\/es\/#website"},"primaryImageOfPage":{"@id":"https:\/\/iraurgiberritzen.eus\/es\/las-empresas-industriales-de-urola-erdia-conocen-y-trabajan-las-aplicaciones-practicas-de-la-ia-generativa\/#primaryimage"},"image":{"@id":"https:\/\/iraurgiberritzen.eus\/es\/las-empresas-industriales-de-urola-erdia-conocen-y-trabajan-las-aplicaciones-practicas-de-la-ia-generativa\/#primaryimage"},"thumbnailUrl":"https:\/\/iraurgiberritzen.eus\/wp-content\/uploads\/2026\/03\/2_Taldea_Produkzioa_2.jpeg","datePublished":"2026-03-11T07:20:25+00:00","dateModified":"2026-03-12T08:45:41+00:00","breadcrumb":{"@id":"https:\/\/iraurgiberritzen.eus\/es\/las-empresas-industriales-de-urola-erdia-conocen-y-trabajan-las-aplicaciones-practicas-de-la-ia-generativa\/#breadcrumb"},"inLanguage":"es","potentialAction":[{"@type":"ReadAction","target":["https:\/\/iraurgiberritzen.eus\/es\/las-empresas-industriales-de-urola-erdia-conocen-y-trabajan-las-aplicaciones-practicas-de-la-ia-generativa\/"]}]},{"@type":"ImageObject","inLanguage":"es","@id":"https:\/\/iraurgiberritzen.eus\/es\/las-empresas-industriales-de-urola-erdia-conocen-y-trabajan-las-aplicaciones-practicas-de-la-ia-generativa\/#primaryimage","url":"https:\/\/iraurgiberritzen.eus\/wp-content\/uploads\/2026\/03\/2_Taldea_Produkzioa_2.jpeg","contentUrl":"https:\/\/iraurgiberritzen.eus\/wp-content\/uploads\/2026\/03\/2_Taldea_Produkzioa_2.jpeg","width":1600,"height":1200},{"@type":"BreadcrumbList","@id":"https:\/\/iraurgiberritzen.eus\/es\/las-empresas-industriales-de-urola-erdia-conocen-y-trabajan-las-aplicaciones-practicas-de-la-ia-generativa\/#breadcrumb","itemListElement":[{"@type":"ListItem","position":1,"name":"Home","item":"https:\/\/iraurgiberritzen.eus\/es\/"},{"@type":"ListItem","position":2,"name":"Las sesiones pr\u00e1cticas sobre Inteligencia Artificial Generativa han generado inter\u00e9s entre las empresas industriales de la comarca"}]},{"@type":"WebSite","@id":"https:\/\/iraurgiberritzen.eus\/es\/#website","url":"https:\/\/iraurgiberritzen.eus\/es\/","name":"Iraurgi Berritzen","description":"Urola Erdiko Garapen Agentzia","publisher":{"@id":"https:\/\/iraurgiberritzen.eus\/es\/#organization"},"potentialAction":[{"@type":"SearchAction","target":{"@type":"EntryPoint","urlTemplate":"https:\/\/iraurgiberritzen.eus\/es\/?s={search_term_string}"},"query-input":{"@type":"PropertyValueSpecification","valueRequired":true,"valueName":"search_term_string"}}],"inLanguage":"es"},{"@type":"Organization","@id":"https:\/\/iraurgiberritzen.eus\/es\/#organization","name":"Iraurgi Berritzen","url":"https:\/\/iraurgiberritzen.eus\/es\/","logo":{"@type":"ImageObject","inLanguage":"es","@id":"https:\/\/iraurgiberritzen.eus\/es\/#\/schema\/logo\/image\/","url":"https:\/\/iraurgiberritzen.eus\/wp-content\/uploads\/2024\/02\/IRAURGI-BERRITZEN-logotipoa_2.png","contentUrl":"https:\/\/iraurgiberritzen.eus\/wp-content\/uploads\/2024\/02\/IRAURGI-BERRITZEN-logotipoa_2.png","width":496,"height":190,"caption":"Iraurgi Berritzen"},"image":{"@id":"https:\/\/iraurgiberritzen.eus\/es\/#\/schema\/logo\/image\/"}},{"@type":"Person","@id":"https:\/\/iraurgiberritzen.eus\/es\/#\/schema\/person\/a32c9825b3e2bfcbe757a97f6a15c8a5","name":"ainara"}]}},"_links":{"self":[{"href":"https:\/\/iraurgiberritzen.eus\/es\/wp-json\/wp\/v2\/posts\/26133","targetHints":{"allow":["GET"]}}],"collection":[{"href":"https:\/\/iraurgiberritzen.eus\/es\/wp-json\/wp\/v2\/posts"}],"about":[{"href":"https:\/\/iraurgiberritzen.eus\/es\/wp-json\/wp\/v2\/types\/post"}],"author":[{"embeddable":true,"href":"https:\/\/iraurgiberritzen.eus\/es\/wp-json\/wp\/v2\/users\/4"}],"replies":[{"embeddable":true,"href":"https:\/\/iraurgiberritzen.eus\/es\/wp-json\/wp\/v2\/comments?post=26133"}],"version-history":[{"count":3,"href":"https:\/\/iraurgiberritzen.eus\/es\/wp-json\/wp\/v2\/posts\/26133\/revisions"}],"predecessor-version":[{"id":26144,"href":"https:\/\/iraurgiberritzen.eus\/es\/wp-json\/wp\/v2\/posts\/26133\/revisions\/26144"}],"wp:featuredmedia":[{"embeddable":true,"href":"https:\/\/iraurgiberritzen.eus\/es\/wp-json\/wp\/v2\/media\/26127"}],"wp:attachment":[{"href":"https:\/\/iraurgiberritzen.eus\/es\/wp-json\/wp\/v2\/media?parent=26133"}],"wp:term":[{"taxonomy":"category","embeddable":true,"href":"https:\/\/iraurgiberritzen.eus\/es\/wp-json\/wp\/v2\/categories?post=26133"},{"taxonomy":"post_tag","embeddable":true,"href":"https:\/\/iraurgiberritzen.eus\/es\/wp-json\/wp\/v2\/tags?post=26133"}],"curies":[{"name":"wp","href":"https:\/\/api.w.org\/{rel}","templated":true}]}}