{"id":26495,"date":"2026-04-23T14:27:59","date_gmt":"2026-04-23T12:27:59","guid":{"rendered":"https:\/\/iraurgiberritzen.eus\/?p=26495"},"modified":"2026-04-23T14:52:19","modified_gmt":"2026-04-23T12:52:19","slug":"urola-erdiko-industria-gunea-bildu-da-azpeitian","status":"publish","type":"post","link":"https:\/\/iraurgiberritzen.eus\/es\/urola-erdiko-industria-gunea-bildu-da-azpeitian\/","title":{"rendered":"Industria Gunea de Urola Erdia se re\u00fane en Azpeitia"},"content":{"rendered":"<h5><strong><em>18 empresas industriales de la comarca han compartido, entre otros, los retos del Plan de Industria Euskadi 2030 del Gobierno Vasco<\/em><\/strong><\/h5>\n<p>La Agencia de Desarrollo Iraurgi Berritzen, junto con el<strong> Foro de Empresas Industriales de la comarca<\/strong>, ha celebrado\u00a0 una <strong>jornada de trabajo centrada en el futuro industrial del territorio<\/strong>, que <strong>ha reunido a cerca de 18 empresas industriales comarcales<\/strong>.<\/p>\n<p>El encuentro ha contado con la participaci\u00f3n del Director de Desarrollo Industrial y Administraci\u00f3n del Gobierno, quien ha presentado el <strong>Plan de Industria Euskadi 2030<\/strong>, una hoja de ruta estrat\u00e9gica orientada a reforzar la competitividad industrial, impulsar la innovaci\u00f3n y acompa\u00f1ar la transici\u00f3n hacia un modelo industrial m\u00e1s sostenible.<\/p>\n<p>Tras la presentaci\u00f3n, las empresas participantes han mantenido un espacio de di\u00e1logo abierto en el que se han compartido reflexiones, inquietudes y preguntas relacionadas con el contenido del plan, el contexto econ\u00f3mico actual y la situaci\u00f3n industrial espec\u00edfica de la comarca. Entre otros aspectos, se han expuesto <strong>herramientas para fomentar el arraigo de las empresas, acciones para mejorar la visibilidad de la industria y su comunicaci\u00f3n hacia la sociedad, medidas para atraer a mujeres al sector industrial y criterios para valorar proyectos transformadores, etc<\/strong>.<\/p>\n<p>Este intercambio ha permitido trasladar directamente la visi\u00f3n y las necesidades del tejido empresarial local.<\/p>\n<p>Posteriormente, la Agencia de Desarrollo Iraurgi Berritzen ha presentado la Memoria 2025 del \u00c1rea de Industria, exponiendo el impacto generado por los proyectos desarrollados durante el \u00faltimo a\u00f1o en tres \u00e1mbitos clave de transformaci\u00f3n: la transformaci\u00f3n industrial, la transici\u00f3n ecol\u00f3gica y digital, y el desarrollo social y de las personas.<\/p>\n<p>Asimismo, se han dado a conocer las principales l\u00edneas de actuaci\u00f3n previstas para 2026, orientadas a continuar fortaleciendo la competitividad empresarial, apoyar los procesos de transformaci\u00f3n industrial y acompa\u00f1ar a las empresas en los nuevos retos econ\u00f3micos y tecnol\u00f3gicos.<\/p>\n<p>Desde Iraurgi Berritzen se valora muy positivamente la participaci\u00f3n y el compromiso del tejido empresarial comarcal, destacando la importancia de generar espacios de colaboraci\u00f3n p\u00fablico-privada que permitan anticipar retos y construir conjuntamente el futuro industrial del territorio.<\/p>\n<p>Empresas participantes:<\/p>\n<img loading=\"lazy\" decoding=\"async\" class=\"alignnone wp-image-26497\" src=\"https:\/\/iraurgiberritzen.eus\/wp-content\/uploads\/2026\/04\/Captura-de-pantalla-2026-04-23-a-las-14.25.00-300x104.png\" alt=\"\" width=\"929\" height=\"322\" srcset=\"https:\/\/iraurgiberritzen.eus\/wp-content\/uploads\/2026\/04\/Captura-de-pantalla-2026-04-23-a-las-14.25.00-300x104.png 300w, https:\/\/iraurgiberritzen.eus\/wp-content\/uploads\/2026\/04\/Captura-de-pantalla-2026-04-23-a-las-14.25.00-1024x354.png 1024w, https:\/\/iraurgiberritzen.eus\/wp-content\/uploads\/2026\/04\/Captura-de-pantalla-2026-04-23-a-las-14.25.00-768x265.png 768w, https:\/\/iraurgiberritzen.eus\/wp-content\/uploads\/2026\/04\/Captura-de-pantalla-2026-04-23-a-las-14.25.00-1536x530.png 1536w, https:\/\/iraurgiberritzen.eus\/wp-content\/uploads\/2026\/04\/Captura-de-pantalla-2026-04-23-a-las-14.25.00.png 2010w\" sizes=\"auto, (max-width: 929px) 100vw, 929px\" \/>\n<p>&nbsp;<\/p>\n<p>&nbsp;<\/p>\n","protected":false},"excerpt":{"rendered":"<p>18 empresas industriales de la comarca han compartido, entre otros, los retos del Plan de Industria Euskadi 2030 del Gobierno Vasco La Agencia de Desarrollo Iraurgi Berritzen, junto con el Foro de Empresas Industriales de la comarca, ha celebrado\u00a0 una jornada de trabajo centrada en el futuro industrial del territorio, que ha reunido a cerca [&hellip;]<\/p>\n","protected":false},"author":4,"featured_media":26512,"comment_status":"closed","ping_status":"closed","sticky":false,"template":"","format":"standard","meta":{"_acf_changed":false,"footnotes":""},"categories":[4],"tags":[],"class_list":["post-26495","post","type-post","status-publish","format-standard","has-post-thumbnail","hentry","category-noticias","arloak-industria"],"acf":[],"yoast_head":"<!-- This site is optimized with the Yoast SEO plugin v27.4 - https:\/\/yoast.com\/product\/yoast-seo-wordpress\/ -->\n<title>Industria Gunea de Urola Erdia se re\u00fane en Azpeitia - Iraurgi Berritzen<\/title>\n<meta name=\"robots\" content=\"index, follow, max-snippet:-1, max-image-preview:large, max-video-preview:-1\" \/>\n<link rel=\"canonical\" href=\"https:\/\/iraurgiberritzen.eus\/es\/urola-erdiko-industria-gunea-bildu-da-azpeitian\/\" \/>\n<meta property=\"og:locale\" content=\"es_ES\" \/>\n<meta property=\"og:type\" content=\"article\" \/>\n<meta property=\"og:title\" content=\"Industria Gunea de Urola Erdia se re\u00fane en Azpeitia - Iraurgi Berritzen\" \/>\n<meta property=\"og:description\" content=\"18 empresas industriales de la comarca han compartido, entre otros, los retos del Plan de Industria Euskadi 2030 del Gobierno Vasco La Agencia de Desarrollo Iraurgi Berritzen, junto con el Foro de Empresas Industriales de la comarca, ha celebrado\u00a0 una jornada de trabajo centrada en el futuro industrial del territorio, que ha reunido a cerca [&hellip;]\" \/>\n<meta property=\"og:url\" content=\"https:\/\/iraurgiberritzen.eus\/es\/urola-erdiko-industria-gunea-bildu-da-azpeitian\/\" \/>\n<meta property=\"og:site_name\" content=\"Iraurgi Berritzen\" \/>\n<meta property=\"article:published_time\" content=\"2026-04-23T12:27:59+00:00\" \/>\n<meta property=\"article:modified_time\" content=\"2026-04-23T12:52:19+00:00\" \/>\n<meta property=\"og:image\" content=\"https:\/\/iraurgiberritzen.eus\/wp-content\/uploads\/2026\/04\/PXL_20260423_090842799-scaled.jpg\" \/>\n\t<meta property=\"og:image:width\" content=\"2560\" \/>\n\t<meta property=\"og:image:height\" content=\"1920\" \/>\n\t<meta property=\"og:image:type\" content=\"image\/jpeg\" \/>\n<meta name=\"author\" content=\"ainara\" \/>\n<meta name=\"twitter:card\" content=\"summary_large_image\" \/>\n<meta name=\"twitter:label1\" content=\"Escrito por\" \/>\n\t<meta name=\"twitter:data1\" content=\"ainara\" \/>\n\t<meta name=\"twitter:label2\" content=\"Tiempo de lectura\" \/>\n\t<meta name=\"twitter:data2\" content=\"3 minutos\" \/>\n<script type=\"application\/ld+json\" class=\"yoast-schema-graph\">{\"@context\":\"https:\\\/\\\/schema.org\",\"@graph\":[{\"@type\":\"Article\",\"@id\":\"https:\\\/\\\/iraurgiberritzen.eus\\\/es\\\/urola-erdiko-industria-gunea-bildu-da-azpeitian\\\/#article\",\"isPartOf\":{\"@id\":\"https:\\\/\\\/iraurgiberritzen.eus\\\/es\\\/urola-erdiko-industria-gunea-bildu-da-azpeitian\\\/\"},\"author\":{\"name\":\"ainara\",\"@id\":\"https:\\\/\\\/iraurgiberritzen.eus\\\/es\\\/#\\\/schema\\\/person\\\/a32c9825b3e2bfcbe757a97f6a15c8a5\"},\"headline\":\"Industria Gunea de Urola Erdia se re\u00fane en Azpeitia\",\"datePublished\":\"2026-04-23T12:27:59+00:00\",\"dateModified\":\"2026-04-23T12:52:19+00:00\",\"mainEntityOfPage\":{\"@id\":\"https:\\\/\\\/iraurgiberritzen.eus\\\/es\\\/urola-erdiko-industria-gunea-bildu-da-azpeitian\\\/\"},\"wordCount\":370,\"publisher\":{\"@id\":\"https:\\\/\\\/iraurgiberritzen.eus\\\/es\\\/#organization\"},\"image\":{\"@id\":\"https:\\\/\\\/iraurgiberritzen.eus\\\/es\\\/urola-erdiko-industria-gunea-bildu-da-azpeitian\\\/#primaryimage\"},\"thumbnailUrl\":\"https:\\\/\\\/iraurgiberritzen.eus\\\/wp-content\\\/uploads\\\/2026\\\/04\\\/PXL_20260423_090842799-scaled.jpg\",\"articleSection\":[\"Noticias\"],\"inLanguage\":\"es\"},{\"@type\":\"WebPage\",\"@id\":\"https:\\\/\\\/iraurgiberritzen.eus\\\/es\\\/urola-erdiko-industria-gunea-bildu-da-azpeitian\\\/\",\"url\":\"https:\\\/\\\/iraurgiberritzen.eus\\\/es\\\/urola-erdiko-industria-gunea-bildu-da-azpeitian\\\/\",\"name\":\"Industria Gunea de Urola Erdia se re\u00fane en Azpeitia - Iraurgi Berritzen\",\"isPartOf\":{\"@id\":\"https:\\\/\\\/iraurgiberritzen.eus\\\/es\\\/#website\"},\"primaryImageOfPage\":{\"@id\":\"https:\\\/\\\/iraurgiberritzen.eus\\\/es\\\/urola-erdiko-industria-gunea-bildu-da-azpeitian\\\/#primaryimage\"},\"image\":{\"@id\":\"https:\\\/\\\/iraurgiberritzen.eus\\\/es\\\/urola-erdiko-industria-gunea-bildu-da-azpeitian\\\/#primaryimage\"},\"thumbnailUrl\":\"https:\\\/\\\/iraurgiberritzen.eus\\\/wp-content\\\/uploads\\\/2026\\\/04\\\/PXL_20260423_090842799-scaled.jpg\",\"datePublished\":\"2026-04-23T12:27:59+00:00\",\"dateModified\":\"2026-04-23T12:52:19+00:00\",\"breadcrumb\":{\"@id\":\"https:\\\/\\\/iraurgiberritzen.eus\\\/es\\\/urola-erdiko-industria-gunea-bildu-da-azpeitian\\\/#breadcrumb\"},\"inLanguage\":\"es\",\"potentialAction\":[{\"@type\":\"ReadAction\",\"target\":[\"https:\\\/\\\/iraurgiberritzen.eus\\\/es\\\/urola-erdiko-industria-gunea-bildu-da-azpeitian\\\/\"]}]},{\"@type\":\"ImageObject\",\"inLanguage\":\"es\",\"@id\":\"https:\\\/\\\/iraurgiberritzen.eus\\\/es\\\/urola-erdiko-industria-gunea-bildu-da-azpeitian\\\/#primaryimage\",\"url\":\"https:\\\/\\\/iraurgiberritzen.eus\\\/wp-content\\\/uploads\\\/2026\\\/04\\\/PXL_20260423_090842799-scaled.jpg\",\"contentUrl\":\"https:\\\/\\\/iraurgiberritzen.eus\\\/wp-content\\\/uploads\\\/2026\\\/04\\\/PXL_20260423_090842799-scaled.jpg\",\"width\":2560,\"height\":1920},{\"@type\":\"BreadcrumbList\",\"@id\":\"https:\\\/\\\/iraurgiberritzen.eus\\\/es\\\/urola-erdiko-industria-gunea-bildu-da-azpeitian\\\/#breadcrumb\",\"itemListElement\":[{\"@type\":\"ListItem\",\"position\":1,\"name\":\"Home\",\"item\":\"https:\\\/\\\/iraurgiberritzen.eus\\\/es\\\/\"},{\"@type\":\"ListItem\",\"position\":2,\"name\":\"Industria Gunea de Urola Erdia se re\u00fane en Azpeitia\"}]},{\"@type\":\"WebSite\",\"@id\":\"https:\\\/\\\/iraurgiberritzen.eus\\\/es\\\/#website\",\"url\":\"https:\\\/\\\/iraurgiberritzen.eus\\\/es\\\/\",\"name\":\"Iraurgi Berritzen\",\"description\":\"Urola Erdiko Garapen Agentzia\",\"publisher\":{\"@id\":\"https:\\\/\\\/iraurgiberritzen.eus\\\/es\\\/#organization\"},\"potentialAction\":[{\"@type\":\"SearchAction\",\"target\":{\"@type\":\"EntryPoint\",\"urlTemplate\":\"https:\\\/\\\/iraurgiberritzen.eus\\\/es\\\/?s={search_term_string}\"},\"query-input\":{\"@type\":\"PropertyValueSpecification\",\"valueRequired\":true,\"valueName\":\"search_term_string\"}}],\"inLanguage\":\"es\"},{\"@type\":\"Organization\",\"@id\":\"https:\\\/\\\/iraurgiberritzen.eus\\\/es\\\/#organization\",\"name\":\"Iraurgi Berritzen\",\"url\":\"https:\\\/\\\/iraurgiberritzen.eus\\\/es\\\/\",\"logo\":{\"@type\":\"ImageObject\",\"inLanguage\":\"es\",\"@id\":\"https:\\\/\\\/iraurgiberritzen.eus\\\/es\\\/#\\\/schema\\\/logo\\\/image\\\/\",\"url\":\"https:\\\/\\\/iraurgiberritzen.eus\\\/wp-content\\\/uploads\\\/2024\\\/02\\\/IRAURGI-BERRITZEN-logotipoa_2.png\",\"contentUrl\":\"https:\\\/\\\/iraurgiberritzen.eus\\\/wp-content\\\/uploads\\\/2024\\\/02\\\/IRAURGI-BERRITZEN-logotipoa_2.png\",\"width\":496,\"height\":190,\"caption\":\"Iraurgi Berritzen\"},\"image\":{\"@id\":\"https:\\\/\\\/iraurgiberritzen.eus\\\/es\\\/#\\\/schema\\\/logo\\\/image\\\/\"}},{\"@type\":\"Person\",\"@id\":\"https:\\\/\\\/iraurgiberritzen.eus\\\/es\\\/#\\\/schema\\\/person\\\/a32c9825b3e2bfcbe757a97f6a15c8a5\",\"name\":\"ainara\"}]}<\/script>\n<!-- \/ Yoast SEO plugin. -->","yoast_head_json":{"title":"Industria Gunea de Urola Erdia se re\u00fane en Azpeitia - Iraurgi Berritzen","robots":{"index":"index","follow":"follow","max-snippet":"max-snippet:-1","max-image-preview":"max-image-preview:large","max-video-preview":"max-video-preview:-1"},"canonical":"https:\/\/iraurgiberritzen.eus\/es\/urola-erdiko-industria-gunea-bildu-da-azpeitian\/","og_locale":"es_ES","og_type":"article","og_title":"Industria Gunea de Urola Erdia se re\u00fane en Azpeitia - Iraurgi Berritzen","og_description":"18 empresas industriales de la comarca han compartido, entre otros, los retos del Plan de Industria Euskadi 2030 del Gobierno Vasco La Agencia de Desarrollo Iraurgi Berritzen, junto con el Foro de Empresas Industriales de la comarca, ha celebrado\u00a0 una jornada de trabajo centrada en el futuro industrial del territorio, que ha reunido a cerca [&hellip;]","og_url":"https:\/\/iraurgiberritzen.eus\/es\/urola-erdiko-industria-gunea-bildu-da-azpeitian\/","og_site_name":"Iraurgi Berritzen","article_published_time":"2026-04-23T12:27:59+00:00","article_modified_time":"2026-04-23T12:52:19+00:00","og_image":[{"width":2560,"height":1920,"url":"https:\/\/iraurgiberritzen.eus\/wp-content\/uploads\/2026\/04\/PXL_20260423_090842799-scaled.jpg","type":"image\/jpeg"}],"author":"ainara","twitter_card":"summary_large_image","twitter_misc":{"Escrito por":"ainara","Tiempo de lectura":"3 minutos"},"schema":{"@context":"https:\/\/schema.org","@graph":[{"@type":"Article","@id":"https:\/\/iraurgiberritzen.eus\/es\/urola-erdiko-industria-gunea-bildu-da-azpeitian\/#article","isPartOf":{"@id":"https:\/\/iraurgiberritzen.eus\/es\/urola-erdiko-industria-gunea-bildu-da-azpeitian\/"},"author":{"name":"ainara","@id":"https:\/\/iraurgiberritzen.eus\/es\/#\/schema\/person\/a32c9825b3e2bfcbe757a97f6a15c8a5"},"headline":"Industria Gunea de Urola Erdia se re\u00fane en Azpeitia","datePublished":"2026-04-23T12:27:59+00:00","dateModified":"2026-04-23T12:52:19+00:00","mainEntityOfPage":{"@id":"https:\/\/iraurgiberritzen.eus\/es\/urola-erdiko-industria-gunea-bildu-da-azpeitian\/"},"wordCount":370,"publisher":{"@id":"https:\/\/iraurgiberritzen.eus\/es\/#organization"},"image":{"@id":"https:\/\/iraurgiberritzen.eus\/es\/urola-erdiko-industria-gunea-bildu-da-azpeitian\/#primaryimage"},"thumbnailUrl":"https:\/\/iraurgiberritzen.eus\/wp-content\/uploads\/2026\/04\/PXL_20260423_090842799-scaled.jpg","articleSection":["Noticias"],"inLanguage":"es"},{"@type":"WebPage","@id":"https:\/\/iraurgiberritzen.eus\/es\/urola-erdiko-industria-gunea-bildu-da-azpeitian\/","url":"https:\/\/iraurgiberritzen.eus\/es\/urola-erdiko-industria-gunea-bildu-da-azpeitian\/","name":"Industria Gunea de Urola Erdia se re\u00fane en Azpeitia - Iraurgi Berritzen","isPartOf":{"@id":"https:\/\/iraurgiberritzen.eus\/es\/#website"},"primaryImageOfPage":{"@id":"https:\/\/iraurgiberritzen.eus\/es\/urola-erdiko-industria-gunea-bildu-da-azpeitian\/#primaryimage"},"image":{"@id":"https:\/\/iraurgiberritzen.eus\/es\/urola-erdiko-industria-gunea-bildu-da-azpeitian\/#primaryimage"},"thumbnailUrl":"https:\/\/iraurgiberritzen.eus\/wp-content\/uploads\/2026\/04\/PXL_20260423_090842799-scaled.jpg","datePublished":"2026-04-23T12:27:59+00:00","dateModified":"2026-04-23T12:52:19+00:00","breadcrumb":{"@id":"https:\/\/iraurgiberritzen.eus\/es\/urola-erdiko-industria-gunea-bildu-da-azpeitian\/#breadcrumb"},"inLanguage":"es","potentialAction":[{"@type":"ReadAction","target":["https:\/\/iraurgiberritzen.eus\/es\/urola-erdiko-industria-gunea-bildu-da-azpeitian\/"]}]},{"@type":"ImageObject","inLanguage":"es","@id":"https:\/\/iraurgiberritzen.eus\/es\/urola-erdiko-industria-gunea-bildu-da-azpeitian\/#primaryimage","url":"https:\/\/iraurgiberritzen.eus\/wp-content\/uploads\/2026\/04\/PXL_20260423_090842799-scaled.jpg","contentUrl":"https:\/\/iraurgiberritzen.eus\/wp-content\/uploads\/2026\/04\/PXL_20260423_090842799-scaled.jpg","width":2560,"height":1920},{"@type":"BreadcrumbList","@id":"https:\/\/iraurgiberritzen.eus\/es\/urola-erdiko-industria-gunea-bildu-da-azpeitian\/#breadcrumb","itemListElement":[{"@type":"ListItem","position":1,"name":"Home","item":"https:\/\/iraurgiberritzen.eus\/es\/"},{"@type":"ListItem","position":2,"name":"Industria Gunea de Urola Erdia se re\u00fane en Azpeitia"}]},{"@type":"WebSite","@id":"https:\/\/iraurgiberritzen.eus\/es\/#website","url":"https:\/\/iraurgiberritzen.eus\/es\/","name":"Iraurgi Berritzen","description":"Urola Erdiko Garapen Agentzia","publisher":{"@id":"https:\/\/iraurgiberritzen.eus\/es\/#organization"},"potentialAction":[{"@type":"SearchAction","target":{"@type":"EntryPoint","urlTemplate":"https:\/\/iraurgiberritzen.eus\/es\/?s={search_term_string}"},"query-input":{"@type":"PropertyValueSpecification","valueRequired":true,"valueName":"search_term_string"}}],"inLanguage":"es"},{"@type":"Organization","@id":"https:\/\/iraurgiberritzen.eus\/es\/#organization","name":"Iraurgi Berritzen","url":"https:\/\/iraurgiberritzen.eus\/es\/","logo":{"@type":"ImageObject","inLanguage":"es","@id":"https:\/\/iraurgiberritzen.eus\/es\/#\/schema\/logo\/image\/","url":"https:\/\/iraurgiberritzen.eus\/wp-content\/uploads\/2024\/02\/IRAURGI-BERRITZEN-logotipoa_2.png","contentUrl":"https:\/\/iraurgiberritzen.eus\/wp-content\/uploads\/2024\/02\/IRAURGI-BERRITZEN-logotipoa_2.png","width":496,"height":190,"caption":"Iraurgi Berritzen"},"image":{"@id":"https:\/\/iraurgiberritzen.eus\/es\/#\/schema\/logo\/image\/"}},{"@type":"Person","@id":"https:\/\/iraurgiberritzen.eus\/es\/#\/schema\/person\/a32c9825b3e2bfcbe757a97f6a15c8a5","name":"ainara"}]}},"_links":{"self":[{"href":"https:\/\/iraurgiberritzen.eus\/es\/wp-json\/wp\/v2\/posts\/26495","targetHints":{"allow":["GET"]}}],"collection":[{"href":"https:\/\/iraurgiberritzen.eus\/es\/wp-json\/wp\/v2\/posts"}],"about":[{"href":"https:\/\/iraurgiberritzen.eus\/es\/wp-json\/wp\/v2\/types\/post"}],"author":[{"embeddable":true,"href":"https:\/\/iraurgiberritzen.eus\/es\/wp-json\/wp\/v2\/users\/4"}],"replies":[{"embeddable":true,"href":"https:\/\/iraurgiberritzen.eus\/es\/wp-json\/wp\/v2\/comments?post=26495"}],"version-history":[{"count":9,"href":"https:\/\/iraurgiberritzen.eus\/es\/wp-json\/wp\/v2\/posts\/26495\/revisions"}],"predecessor-version":[{"id":26525,"href":"https:\/\/iraurgiberritzen.eus\/es\/wp-json\/wp\/v2\/posts\/26495\/revisions\/26525"}],"wp:featuredmedia":[{"embeddable":true,"href":"https:\/\/iraurgiberritzen.eus\/es\/wp-json\/wp\/v2\/media\/26512"}],"wp:attachment":[{"href":"https:\/\/iraurgiberritzen.eus\/es\/wp-json\/wp\/v2\/media?parent=26495"}],"wp:term":[{"taxonomy":"category","embeddable":true,"href":"https:\/\/iraurgiberritzen.eus\/es\/wp-json\/wp\/v2\/categories?post=26495"},{"taxonomy":"post_tag","embeddable":true,"href":"https:\/\/iraurgiberritzen.eus\/es\/wp-json\/wp\/v2\/tags?post=26495"}],"curies":[{"name":"wp","href":"https:\/\/api.w.org\/{rel}","templated":true}]}}