{"id":26588,"date":"2026-04-26T20:10:40","date_gmt":"2026-04-26T18:10:40","guid":{"rendered":"https:\/\/iraurgiberritzen.eus\/?p=26588"},"modified":"2026-04-26T21:52:37","modified_gmt":"2026-04-26T19:52:37","slug":"los-alcaldes-de-urola-erdia-analizan-en-zestoa-la-futura-estructura-institucional-de-la-comarca","status":"publish","type":"post","link":"https:\/\/iraurgiberritzen.eus\/es\/los-alcaldes-de-urola-erdia-analizan-en-zestoa-la-futura-estructura-institucional-de-la-comarca\/","title":{"rendered":"Los alcaldes de Urola Erdia celebran una reuni\u00f3n en el ayuntamiento de Zestoa"},"content":{"rendered":"<h5><em>El objetivo de esta primera reuni\u00f3n ha sido comenzar a reflexionar sobre el futuro de la comarca.<\/em><\/h5>\n<p>Ana Azkoitia, alcaldesa de Azkoitia; Mari Karmen Arregi, alcaldesa de Aizarnazabal; Pello Otaegi, alcalde de Beizama; I\u00f1aki Errasti, alcalde de Bidegoian; Koldo Arzallus, alcalde de Errezil; y Mikel Arregi, alcalde de Zestoa, junto con Joanes Amenabar; teniente de alcalde de Azpeitia, se han reunido en Zestoa con el objetivo de empezar a reflexionar sobre las claves principales para el futuro de la comarca.<\/p>\n<p>En esta primera reuni\u00f3n han abordado las oportunidades que tiene cada municipio de cara al futuro, as\u00ed como el equilibrio entre los distintos pueblos.<\/p>\n<p>Los alcaldes tambi\u00e9n han tenido la oportunidad de reflexionar sobre la visi\u00f3n comarcal y, en relaci\u00f3n con ello, han tratado el futuro de la agencia de desarrollo de la comarca, planteando, por ejemplo, si es necesaria una nueva agencia o una renovaci\u00f3n de la actual. Asimismo, han debatido sobre el futuro de las instituciones comarcales y sus competencias.<\/p>\n<p>De cara al futuro, los siete alcaldes han mostrado su disposici\u00f3n a dar continuidad a estas reuniones.<\/p>\n","protected":false},"excerpt":{"rendered":"<p>El objetivo de esta primera reuni\u00f3n ha sido comenzar a reflexionar sobre el futuro de la comarca. Ana Azkoitia, alcaldesa de Azkoitia; Mari Karmen Arregi, alcaldesa de Aizarnazabal; Pello Otaegi, alcalde de Beizama; I\u00f1aki Errasti, alcalde de Bidegoian; Koldo Arzallus, alcalde de Errezil; y Mikel Arregi, alcalde de Zestoa, junto con Joanes Amenabar; teniente de [&hellip;]<\/p>\n","protected":false},"author":4,"featured_media":26586,"comment_status":"closed","ping_status":"closed","sticky":false,"template":"","format":"standard","meta":{"_acf_changed":false,"footnotes":""},"categories":[4],"tags":[],"class_list":["post-26588","post","type-post","status-publish","format-standard","has-post-thumbnail","hentry","category-noticias","arloak-desarrollo-local"],"acf":[],"yoast_head":"<!-- This site is optimized with the Yoast SEO plugin v27.4 - https:\/\/yoast.com\/product\/yoast-seo-wordpress\/ -->\n<title>Los alcaldes de Urola Erdia celebran una reuni\u00f3n en el ayuntamiento de Zestoa - Iraurgi Berritzen<\/title>\n<meta name=\"robots\" content=\"index, follow, max-snippet:-1, max-image-preview:large, max-video-preview:-1\" \/>\n<link rel=\"canonical\" href=\"https:\/\/iraurgiberritzen.eus\/es\/los-alcaldes-de-urola-erdia-analizan-en-zestoa-la-futura-estructura-institucional-de-la-comarca\/\" \/>\n<meta property=\"og:locale\" content=\"es_ES\" \/>\n<meta property=\"og:type\" content=\"article\" \/>\n<meta property=\"og:title\" content=\"Los alcaldes de Urola Erdia celebran una reuni\u00f3n en el ayuntamiento de Zestoa - Iraurgi Berritzen\" \/>\n<meta property=\"og:description\" content=\"El objetivo de esta primera reuni\u00f3n ha sido comenzar a reflexionar sobre el futuro de la comarca. Ana Azkoitia, alcaldesa de Azkoitia; Mari Karmen Arregi, alcaldesa de Aizarnazabal; Pello Otaegi, alcalde de Beizama; I\u00f1aki Errasti, alcalde de Bidegoian; Koldo Arzallus, alcalde de Errezil; y Mikel Arregi, alcalde de Zestoa, junto con Joanes Amenabar; teniente de [&hellip;]\" \/>\n<meta property=\"og:url\" content=\"https:\/\/iraurgiberritzen.eus\/es\/los-alcaldes-de-urola-erdia-analizan-en-zestoa-la-futura-estructura-institucional-de-la-comarca\/\" \/>\n<meta property=\"og:site_name\" content=\"Iraurgi Berritzen\" \/>\n<meta property=\"article:published_time\" content=\"2026-04-26T18:10:40+00:00\" \/>\n<meta property=\"article:modified_time\" content=\"2026-04-26T19:52:37+00:00\" \/>\n<meta property=\"og:image\" content=\"https:\/\/iraurgiberritzen.eus\/wp-content\/uploads\/2026\/04\/urola_erdiko_alkateak.jpg\" \/>\n\t<meta property=\"og:image:width\" content=\"2040\" \/>\n\t<meta property=\"og:image:height\" content=\"1536\" \/>\n\t<meta property=\"og:image:type\" content=\"image\/jpeg\" \/>\n<meta name=\"author\" content=\"ainara\" \/>\n<meta name=\"twitter:card\" content=\"summary_large_image\" \/>\n<meta name=\"twitter:label1\" content=\"Escrito por\" \/>\n\t<meta name=\"twitter:data1\" content=\"ainara\" \/>\n\t<meta name=\"twitter:label2\" content=\"Tiempo de lectura\" \/>\n\t<meta name=\"twitter:data2\" content=\"2 minutos\" \/>\n<script type=\"application\/ld+json\" class=\"yoast-schema-graph\">{\"@context\":\"https:\\\/\\\/schema.org\",\"@graph\":[{\"@type\":\"Article\",\"@id\":\"https:\\\/\\\/iraurgiberritzen.eus\\\/es\\\/los-alcaldes-de-urola-erdia-analizan-en-zestoa-la-futura-estructura-institucional-de-la-comarca\\\/#article\",\"isPartOf\":{\"@id\":\"https:\\\/\\\/iraurgiberritzen.eus\\\/es\\\/los-alcaldes-de-urola-erdia-analizan-en-zestoa-la-futura-estructura-institucional-de-la-comarca\\\/\"},\"author\":{\"name\":\"ainara\",\"@id\":\"https:\\\/\\\/iraurgiberritzen.eus\\\/es\\\/#\\\/schema\\\/person\\\/a32c9825b3e2bfcbe757a97f6a15c8a5\"},\"headline\":\"Los alcaldes de Urola Erdia celebran una reuni\u00f3n en el ayuntamiento de Zestoa\",\"datePublished\":\"2026-04-26T18:10:40+00:00\",\"dateModified\":\"2026-04-26T19:52:37+00:00\",\"mainEntityOfPage\":{\"@id\":\"https:\\\/\\\/iraurgiberritzen.eus\\\/es\\\/los-alcaldes-de-urola-erdia-analizan-en-zestoa-la-futura-estructura-institucional-de-la-comarca\\\/\"},\"wordCount\":201,\"publisher\":{\"@id\":\"https:\\\/\\\/iraurgiberritzen.eus\\\/es\\\/#organization\"},\"image\":{\"@id\":\"https:\\\/\\\/iraurgiberritzen.eus\\\/es\\\/los-alcaldes-de-urola-erdia-analizan-en-zestoa-la-futura-estructura-institucional-de-la-comarca\\\/#primaryimage\"},\"thumbnailUrl\":\"https:\\\/\\\/iraurgiberritzen.eus\\\/wp-content\\\/uploads\\\/2026\\\/04\\\/urola_erdiko_alkateak.jpg\",\"articleSection\":[\"Noticias\"],\"inLanguage\":\"es\"},{\"@type\":\"WebPage\",\"@id\":\"https:\\\/\\\/iraurgiberritzen.eus\\\/es\\\/los-alcaldes-de-urola-erdia-analizan-en-zestoa-la-futura-estructura-institucional-de-la-comarca\\\/\",\"url\":\"https:\\\/\\\/iraurgiberritzen.eus\\\/es\\\/los-alcaldes-de-urola-erdia-analizan-en-zestoa-la-futura-estructura-institucional-de-la-comarca\\\/\",\"name\":\"Los alcaldes de Urola Erdia celebran una reuni\u00f3n en el ayuntamiento de Zestoa - Iraurgi Berritzen\",\"isPartOf\":{\"@id\":\"https:\\\/\\\/iraurgiberritzen.eus\\\/es\\\/#website\"},\"primaryImageOfPage\":{\"@id\":\"https:\\\/\\\/iraurgiberritzen.eus\\\/es\\\/los-alcaldes-de-urola-erdia-analizan-en-zestoa-la-futura-estructura-institucional-de-la-comarca\\\/#primaryimage\"},\"image\":{\"@id\":\"https:\\\/\\\/iraurgiberritzen.eus\\\/es\\\/los-alcaldes-de-urola-erdia-analizan-en-zestoa-la-futura-estructura-institucional-de-la-comarca\\\/#primaryimage\"},\"thumbnailUrl\":\"https:\\\/\\\/iraurgiberritzen.eus\\\/wp-content\\\/uploads\\\/2026\\\/04\\\/urola_erdiko_alkateak.jpg\",\"datePublished\":\"2026-04-26T18:10:40+00:00\",\"dateModified\":\"2026-04-26T19:52:37+00:00\",\"breadcrumb\":{\"@id\":\"https:\\\/\\\/iraurgiberritzen.eus\\\/es\\\/los-alcaldes-de-urola-erdia-analizan-en-zestoa-la-futura-estructura-institucional-de-la-comarca\\\/#breadcrumb\"},\"inLanguage\":\"es\",\"potentialAction\":[{\"@type\":\"ReadAction\",\"target\":[\"https:\\\/\\\/iraurgiberritzen.eus\\\/es\\\/los-alcaldes-de-urola-erdia-analizan-en-zestoa-la-futura-estructura-institucional-de-la-comarca\\\/\"]}]},{\"@type\":\"ImageObject\",\"inLanguage\":\"es\",\"@id\":\"https:\\\/\\\/iraurgiberritzen.eus\\\/es\\\/los-alcaldes-de-urola-erdia-analizan-en-zestoa-la-futura-estructura-institucional-de-la-comarca\\\/#primaryimage\",\"url\":\"https:\\\/\\\/iraurgiberritzen.eus\\\/wp-content\\\/uploads\\\/2026\\\/04\\\/urola_erdiko_alkateak.jpg\",\"contentUrl\":\"https:\\\/\\\/iraurgiberritzen.eus\\\/wp-content\\\/uploads\\\/2026\\\/04\\\/urola_erdiko_alkateak.jpg\",\"width\":2040,\"height\":1536},{\"@type\":\"BreadcrumbList\",\"@id\":\"https:\\\/\\\/iraurgiberritzen.eus\\\/es\\\/los-alcaldes-de-urola-erdia-analizan-en-zestoa-la-futura-estructura-institucional-de-la-comarca\\\/#breadcrumb\",\"itemListElement\":[{\"@type\":\"ListItem\",\"position\":1,\"name\":\"Home\",\"item\":\"https:\\\/\\\/iraurgiberritzen.eus\\\/es\\\/\"},{\"@type\":\"ListItem\",\"position\":2,\"name\":\"Los alcaldes de Urola Erdia celebran una reuni\u00f3n en el ayuntamiento de Zestoa\"}]},{\"@type\":\"WebSite\",\"@id\":\"https:\\\/\\\/iraurgiberritzen.eus\\\/es\\\/#website\",\"url\":\"https:\\\/\\\/iraurgiberritzen.eus\\\/es\\\/\",\"name\":\"Iraurgi Berritzen\",\"description\":\"Urola Erdiko Garapen Agentzia\",\"publisher\":{\"@id\":\"https:\\\/\\\/iraurgiberritzen.eus\\\/es\\\/#organization\"},\"potentialAction\":[{\"@type\":\"SearchAction\",\"target\":{\"@type\":\"EntryPoint\",\"urlTemplate\":\"https:\\\/\\\/iraurgiberritzen.eus\\\/es\\\/?s={search_term_string}\"},\"query-input\":{\"@type\":\"PropertyValueSpecification\",\"valueRequired\":true,\"valueName\":\"search_term_string\"}}],\"inLanguage\":\"es\"},{\"@type\":\"Organization\",\"@id\":\"https:\\\/\\\/iraurgiberritzen.eus\\\/es\\\/#organization\",\"name\":\"Iraurgi Berritzen\",\"url\":\"https:\\\/\\\/iraurgiberritzen.eus\\\/es\\\/\",\"logo\":{\"@type\":\"ImageObject\",\"inLanguage\":\"es\",\"@id\":\"https:\\\/\\\/iraurgiberritzen.eus\\\/es\\\/#\\\/schema\\\/logo\\\/image\\\/\",\"url\":\"https:\\\/\\\/iraurgiberritzen.eus\\\/wp-content\\\/uploads\\\/2024\\\/02\\\/IRAURGI-BERRITZEN-logotipoa_2.png\",\"contentUrl\":\"https:\\\/\\\/iraurgiberritzen.eus\\\/wp-content\\\/uploads\\\/2024\\\/02\\\/IRAURGI-BERRITZEN-logotipoa_2.png\",\"width\":496,\"height\":190,\"caption\":\"Iraurgi Berritzen\"},\"image\":{\"@id\":\"https:\\\/\\\/iraurgiberritzen.eus\\\/es\\\/#\\\/schema\\\/logo\\\/image\\\/\"}},{\"@type\":\"Person\",\"@id\":\"https:\\\/\\\/iraurgiberritzen.eus\\\/es\\\/#\\\/schema\\\/person\\\/a32c9825b3e2bfcbe757a97f6a15c8a5\",\"name\":\"ainara\"}]}<\/script>\n<!-- \/ Yoast SEO plugin. -->","yoast_head_json":{"title":"Los alcaldes de Urola Erdia celebran una reuni\u00f3n en el ayuntamiento de Zestoa - Iraurgi Berritzen","robots":{"index":"index","follow":"follow","max-snippet":"max-snippet:-1","max-image-preview":"max-image-preview:large","max-video-preview":"max-video-preview:-1"},"canonical":"https:\/\/iraurgiberritzen.eus\/es\/los-alcaldes-de-urola-erdia-analizan-en-zestoa-la-futura-estructura-institucional-de-la-comarca\/","og_locale":"es_ES","og_type":"article","og_title":"Los alcaldes de Urola Erdia celebran una reuni\u00f3n en el ayuntamiento de Zestoa - Iraurgi Berritzen","og_description":"El objetivo de esta primera reuni\u00f3n ha sido comenzar a reflexionar sobre el futuro de la comarca. Ana Azkoitia, alcaldesa de Azkoitia; Mari Karmen Arregi, alcaldesa de Aizarnazabal; Pello Otaegi, alcalde de Beizama; I\u00f1aki Errasti, alcalde de Bidegoian; Koldo Arzallus, alcalde de Errezil; y Mikel Arregi, alcalde de Zestoa, junto con Joanes Amenabar; teniente de [&hellip;]","og_url":"https:\/\/iraurgiberritzen.eus\/es\/los-alcaldes-de-urola-erdia-analizan-en-zestoa-la-futura-estructura-institucional-de-la-comarca\/","og_site_name":"Iraurgi Berritzen","article_published_time":"2026-04-26T18:10:40+00:00","article_modified_time":"2026-04-26T19:52:37+00:00","og_image":[{"width":2040,"height":1536,"url":"https:\/\/iraurgiberritzen.eus\/wp-content\/uploads\/2026\/04\/urola_erdiko_alkateak.jpg","type":"image\/jpeg"}],"author":"ainara","twitter_card":"summary_large_image","twitter_misc":{"Escrito por":"ainara","Tiempo de lectura":"2 minutos"},"schema":{"@context":"https:\/\/schema.org","@graph":[{"@type":"Article","@id":"https:\/\/iraurgiberritzen.eus\/es\/los-alcaldes-de-urola-erdia-analizan-en-zestoa-la-futura-estructura-institucional-de-la-comarca\/#article","isPartOf":{"@id":"https:\/\/iraurgiberritzen.eus\/es\/los-alcaldes-de-urola-erdia-analizan-en-zestoa-la-futura-estructura-institucional-de-la-comarca\/"},"author":{"name":"ainara","@id":"https:\/\/iraurgiberritzen.eus\/es\/#\/schema\/person\/a32c9825b3e2bfcbe757a97f6a15c8a5"},"headline":"Los alcaldes de Urola Erdia celebran una reuni\u00f3n en el ayuntamiento de Zestoa","datePublished":"2026-04-26T18:10:40+00:00","dateModified":"2026-04-26T19:52:37+00:00","mainEntityOfPage":{"@id":"https:\/\/iraurgiberritzen.eus\/es\/los-alcaldes-de-urola-erdia-analizan-en-zestoa-la-futura-estructura-institucional-de-la-comarca\/"},"wordCount":201,"publisher":{"@id":"https:\/\/iraurgiberritzen.eus\/es\/#organization"},"image":{"@id":"https:\/\/iraurgiberritzen.eus\/es\/los-alcaldes-de-urola-erdia-analizan-en-zestoa-la-futura-estructura-institucional-de-la-comarca\/#primaryimage"},"thumbnailUrl":"https:\/\/iraurgiberritzen.eus\/wp-content\/uploads\/2026\/04\/urola_erdiko_alkateak.jpg","articleSection":["Noticias"],"inLanguage":"es"},{"@type":"WebPage","@id":"https:\/\/iraurgiberritzen.eus\/es\/los-alcaldes-de-urola-erdia-analizan-en-zestoa-la-futura-estructura-institucional-de-la-comarca\/","url":"https:\/\/iraurgiberritzen.eus\/es\/los-alcaldes-de-urola-erdia-analizan-en-zestoa-la-futura-estructura-institucional-de-la-comarca\/","name":"Los alcaldes de Urola Erdia celebran una reuni\u00f3n en el ayuntamiento de Zestoa - Iraurgi Berritzen","isPartOf":{"@id":"https:\/\/iraurgiberritzen.eus\/es\/#website"},"primaryImageOfPage":{"@id":"https:\/\/iraurgiberritzen.eus\/es\/los-alcaldes-de-urola-erdia-analizan-en-zestoa-la-futura-estructura-institucional-de-la-comarca\/#primaryimage"},"image":{"@id":"https:\/\/iraurgiberritzen.eus\/es\/los-alcaldes-de-urola-erdia-analizan-en-zestoa-la-futura-estructura-institucional-de-la-comarca\/#primaryimage"},"thumbnailUrl":"https:\/\/iraurgiberritzen.eus\/wp-content\/uploads\/2026\/04\/urola_erdiko_alkateak.jpg","datePublished":"2026-04-26T18:10:40+00:00","dateModified":"2026-04-26T19:52:37+00:00","breadcrumb":{"@id":"https:\/\/iraurgiberritzen.eus\/es\/los-alcaldes-de-urola-erdia-analizan-en-zestoa-la-futura-estructura-institucional-de-la-comarca\/#breadcrumb"},"inLanguage":"es","potentialAction":[{"@type":"ReadAction","target":["https:\/\/iraurgiberritzen.eus\/es\/los-alcaldes-de-urola-erdia-analizan-en-zestoa-la-futura-estructura-institucional-de-la-comarca\/"]}]},{"@type":"ImageObject","inLanguage":"es","@id":"https:\/\/iraurgiberritzen.eus\/es\/los-alcaldes-de-urola-erdia-analizan-en-zestoa-la-futura-estructura-institucional-de-la-comarca\/#primaryimage","url":"https:\/\/iraurgiberritzen.eus\/wp-content\/uploads\/2026\/04\/urola_erdiko_alkateak.jpg","contentUrl":"https:\/\/iraurgiberritzen.eus\/wp-content\/uploads\/2026\/04\/urola_erdiko_alkateak.jpg","width":2040,"height":1536},{"@type":"BreadcrumbList","@id":"https:\/\/iraurgiberritzen.eus\/es\/los-alcaldes-de-urola-erdia-analizan-en-zestoa-la-futura-estructura-institucional-de-la-comarca\/#breadcrumb","itemListElement":[{"@type":"ListItem","position":1,"name":"Home","item":"https:\/\/iraurgiberritzen.eus\/es\/"},{"@type":"ListItem","position":2,"name":"Los alcaldes de Urola Erdia celebran una reuni\u00f3n en el ayuntamiento de Zestoa"}]},{"@type":"WebSite","@id":"https:\/\/iraurgiberritzen.eus\/es\/#website","url":"https:\/\/iraurgiberritzen.eus\/es\/","name":"Iraurgi Berritzen","description":"Urola Erdiko Garapen Agentzia","publisher":{"@id":"https:\/\/iraurgiberritzen.eus\/es\/#organization"},"potentialAction":[{"@type":"SearchAction","target":{"@type":"EntryPoint","urlTemplate":"https:\/\/iraurgiberritzen.eus\/es\/?s={search_term_string}"},"query-input":{"@type":"PropertyValueSpecification","valueRequired":true,"valueName":"search_term_string"}}],"inLanguage":"es"},{"@type":"Organization","@id":"https:\/\/iraurgiberritzen.eus\/es\/#organization","name":"Iraurgi Berritzen","url":"https:\/\/iraurgiberritzen.eus\/es\/","logo":{"@type":"ImageObject","inLanguage":"es","@id":"https:\/\/iraurgiberritzen.eus\/es\/#\/schema\/logo\/image\/","url":"https:\/\/iraurgiberritzen.eus\/wp-content\/uploads\/2024\/02\/IRAURGI-BERRITZEN-logotipoa_2.png","contentUrl":"https:\/\/iraurgiberritzen.eus\/wp-content\/uploads\/2024\/02\/IRAURGI-BERRITZEN-logotipoa_2.png","width":496,"height":190,"caption":"Iraurgi Berritzen"},"image":{"@id":"https:\/\/iraurgiberritzen.eus\/es\/#\/schema\/logo\/image\/"}},{"@type":"Person","@id":"https:\/\/iraurgiberritzen.eus\/es\/#\/schema\/person\/a32c9825b3e2bfcbe757a97f6a15c8a5","name":"ainara"}]}},"_links":{"self":[{"href":"https:\/\/iraurgiberritzen.eus\/es\/wp-json\/wp\/v2\/posts\/26588","targetHints":{"allow":["GET"]}}],"collection":[{"href":"https:\/\/iraurgiberritzen.eus\/es\/wp-json\/wp\/v2\/posts"}],"about":[{"href":"https:\/\/iraurgiberritzen.eus\/es\/wp-json\/wp\/v2\/types\/post"}],"author":[{"embeddable":true,"href":"https:\/\/iraurgiberritzen.eus\/es\/wp-json\/wp\/v2\/users\/4"}],"replies":[{"embeddable":true,"href":"https:\/\/iraurgiberritzen.eus\/es\/wp-json\/wp\/v2\/comments?post=26588"}],"version-history":[{"count":3,"href":"https:\/\/iraurgiberritzen.eus\/es\/wp-json\/wp\/v2\/posts\/26588\/revisions"}],"predecessor-version":[{"id":26595,"href":"https:\/\/iraurgiberritzen.eus\/es\/wp-json\/wp\/v2\/posts\/26588\/revisions\/26595"}],"wp:featuredmedia":[{"embeddable":true,"href":"https:\/\/iraurgiberritzen.eus\/es\/wp-json\/wp\/v2\/media\/26586"}],"wp:attachment":[{"href":"https:\/\/iraurgiberritzen.eus\/es\/wp-json\/wp\/v2\/media?parent=26588"}],"wp:term":[{"taxonomy":"category","embeddable":true,"href":"https:\/\/iraurgiberritzen.eus\/es\/wp-json\/wp\/v2\/categories?post=26588"},{"taxonomy":"post_tag","embeddable":true,"href":"https:\/\/iraurgiberritzen.eus\/es\/wp-json\/wp\/v2\/tags?post=26588"}],"curies":[{"name":"wp","href":"https:\/\/api.w.org\/{rel}","templated":true}]}}