{"id":26625,"date":"2026-04-28T13:17:08","date_gmt":"2026-04-28T11:17:08","guid":{"rendered":"https:\/\/iraurgiberritzen.eus\/?p=26625"},"modified":"2026-04-28T13:19:21","modified_gmt":"2026-04-28T11:19:21","slug":"las-empresas-industriales-de-la-comarca-han-tenido-la-oportunidad-de-conocer-herramientas-y-ayudas-para-la-transformacion-digital","status":"publish","type":"post","link":"https:\/\/iraurgiberritzen.eus\/es\/las-empresas-industriales-de-la-comarca-han-tenido-la-oportunidad-de-conocer-herramientas-y-ayudas-para-la-transformacion-digital\/","title":{"rendered":"Las empresas industriales de la comarca han tenido la oportunidad de conocer herramientas y ayudas para la transformaci\u00f3n digital"},"content":{"rendered":"<h5><em><strong>En la sesi\u00f3n de trabajo organizada por Iraurgi Berritzen en colaboraci\u00f3n con la Diputaci\u00f3n Foral de Gipuzkoa (DFG), SPRI y ZIUR, las empresas han conocido los principales programas y ayudas para la transformaci\u00f3n digitalizaci\u00f3n.<\/strong><\/em><\/h5>\n<p>Esta ma\u00f1ana se ha celebrado en el Palacio Basazabal de Azpeitia la sesi\u00f3n de trabajo <strong>\u201cHerramientas y ayudas para avanzar en la transformaci\u00f3n digital\u201d<\/strong>, organizada por Iraurgi Berritzen en colaboraci\u00f3n con la Diputaci\u00f3n Foral de Gipuzkoa (DFG), SPRI y ZIUR. En ella han participado alrededor de 25 empresas industriales de la comarca.<\/p>\n<p>El objetivo de la jornada ha sido <strong>dar a conocer a las empresas industriales de la comarca las principales l\u00edneas de actuaci\u00f3n y ayudas existentes para impulsar la transformaci\u00f3n digital<\/strong>, as\u00ed como ofrecer la posibilidad de establecer un contacto directo con los responsables de las entidades impulsoras.<\/p>\n<p>Durante la sesi\u00f3n, SPRI ha presentado los programas <strong>\u201cInteligencia Artificial 2026\u201d y \u201cCiberseguridad Industrial 2026<\/strong>\u201d; por su parte, la Diputaci\u00f3n Foral de Gipuzkoa ha dado a conocer los programas <strong>\u201cDatekin\u201d, \u201cBerritek+\u201d, \u201cCiberseguridad en la industria OT\u201d y \u201cCapacidades avanzadas en ciberseguridad\u201d<\/strong>; y ZIUR ha explicado los servicios y l\u00edneas de trabajo en ciberseguridad dirigidos a las empresas industriales.<\/p>\n<p>La sesi\u00f3n ha tenido un car\u00e1cter pr\u00e1ctico, permitiendo a las personas participantes <strong>analizar el encaje de sus proyectos empresariales en las distintas l\u00edneas de ayuda presentadas<\/strong>, teniendo en cuenta sus condiciones. Asimismo, el espacio de networking ha ofrecido un <strong>entorno abierto para compartir experiencias y resolver dudas<\/strong>.<\/p>\n<p>La jornada ha estado dirigida a perfiles de <strong>direcci\u00f3n, finanzas, innovaci\u00f3n y responsables de IT<\/strong> de empresas industriales de la comarca, despertando un gran inter\u00e9s por conocer las oportunidades y recursos vinculados a la transformaci\u00f3n digitalizaci\u00f3n.<\/p>\n<p>Esta sesi\u00f3n se enmarca en la <strong>estrategia<\/strong> de Iraurgi Berritzen para <strong>impulsar la transici\u00f3n tecnol\u00f3gico-digital <\/strong>de las empresas industriales de la comarca, ofreciendo herramientas pr\u00e1cticas e informaci\u00f3n \u00fatil para reforzar su competitividad.<\/p>\n","protected":false},"excerpt":{"rendered":"<p>En la sesi\u00f3n de trabajo organizada por Iraurgi Berritzen en colaboraci\u00f3n con la Diputaci\u00f3n Foral de Gipuzkoa (DFG), SPRI y ZIUR, las empresas han conocido los principales programas y ayudas para la transformaci\u00f3n digitalizaci\u00f3n. Esta ma\u00f1ana se ha celebrado en el Palacio Basazabal de Azpeitia la sesi\u00f3n de trabajo \u201cHerramientas y ayudas para avanzar en [&hellip;]<\/p>\n","protected":false},"author":4,"featured_media":26609,"comment_status":"closed","ping_status":"closed","sticky":false,"template":"","format":"standard","meta":{"_acf_changed":false,"footnotes":""},"categories":[4],"tags":[],"class_list":["post-26625","post","type-post","status-publish","format-standard","has-post-thumbnail","hentry","category-noticias","arloak-industria"],"acf":[],"yoast_head":"<!-- This site is optimized with the Yoast SEO plugin v27.4 - https:\/\/yoast.com\/product\/yoast-seo-wordpress\/ -->\n<title>Las empresas industriales de la comarca han tenido la oportunidad de conocer herramientas y ayudas para la transformaci\u00f3n digital - Iraurgi Berritzen<\/title>\n<meta name=\"robots\" content=\"index, follow, max-snippet:-1, max-image-preview:large, max-video-preview:-1\" \/>\n<link rel=\"canonical\" href=\"https:\/\/iraurgiberritzen.eus\/es\/las-empresas-industriales-de-la-comarca-han-tenido-la-oportunidad-de-conocer-herramientas-y-ayudas-para-la-transformacion-digital\/\" \/>\n<meta property=\"og:locale\" content=\"es_ES\" \/>\n<meta property=\"og:type\" content=\"article\" \/>\n<meta property=\"og:title\" content=\"Las empresas industriales de la comarca han tenido la oportunidad de conocer herramientas y ayudas para la transformaci\u00f3n digital - Iraurgi Berritzen\" \/>\n<meta property=\"og:description\" content=\"En la sesi\u00f3n de trabajo organizada por Iraurgi Berritzen en colaboraci\u00f3n con la Diputaci\u00f3n Foral de Gipuzkoa (DFG), SPRI y ZIUR, las empresas han conocido los principales programas y ayudas para la transformaci\u00f3n digitalizaci\u00f3n. Esta ma\u00f1ana se ha celebrado en el Palacio Basazabal de Azpeitia la sesi\u00f3n de trabajo \u201cHerramientas y ayudas para avanzar en [&hellip;]\" \/>\n<meta property=\"og:url\" content=\"https:\/\/iraurgiberritzen.eus\/es\/las-empresas-industriales-de-la-comarca-han-tenido-la-oportunidad-de-conocer-herramientas-y-ayudas-para-la-transformacion-digital\/\" \/>\n<meta property=\"og:site_name\" content=\"Iraurgi Berritzen\" \/>\n<meta property=\"article:published_time\" content=\"2026-04-28T11:17:08+00:00\" \/>\n<meta property=\"article:modified_time\" content=\"2026-04-28T11:19:21+00:00\" \/>\n<meta property=\"og:image\" content=\"https:\/\/iraurgiberritzen.eus\/wp-content\/uploads\/2026\/04\/PXL_20260428_070637778-scaled.jpg\" \/>\n\t<meta property=\"og:image:width\" content=\"2560\" \/>\n\t<meta property=\"og:image:height\" content=\"1920\" \/>\n\t<meta property=\"og:image:type\" content=\"image\/jpeg\" \/>\n<meta name=\"author\" content=\"ainara\" \/>\n<meta name=\"twitter:card\" content=\"summary_large_image\" \/>\n<meta name=\"twitter:label1\" content=\"Escrito por\" \/>\n\t<meta name=\"twitter:data1\" content=\"ainara\" \/>\n\t<meta name=\"twitter:label2\" content=\"Tiempo de lectura\" \/>\n\t<meta name=\"twitter:data2\" content=\"2 minutos\" \/>\n<script type=\"application\/ld+json\" class=\"yoast-schema-graph\">{\"@context\":\"https:\\\/\\\/schema.org\",\"@graph\":[{\"@type\":\"Article\",\"@id\":\"https:\\\/\\\/iraurgiberritzen.eus\\\/es\\\/las-empresas-industriales-de-la-comarca-han-tenido-la-oportunidad-de-conocer-herramientas-y-ayudas-para-la-transformacion-digital\\\/#article\",\"isPartOf\":{\"@id\":\"https:\\\/\\\/iraurgiberritzen.eus\\\/es\\\/las-empresas-industriales-de-la-comarca-han-tenido-la-oportunidad-de-conocer-herramientas-y-ayudas-para-la-transformacion-digital\\\/\"},\"author\":{\"name\":\"ainara\",\"@id\":\"https:\\\/\\\/iraurgiberritzen.eus\\\/es\\\/#\\\/schema\\\/person\\\/a32c9825b3e2bfcbe757a97f6a15c8a5\"},\"headline\":\"Las empresas industriales de la comarca han tenido la oportunidad de conocer herramientas y ayudas para la transformaci\u00f3n digital\",\"datePublished\":\"2026-04-28T11:17:08+00:00\",\"dateModified\":\"2026-04-28T11:19:21+00:00\",\"mainEntityOfPage\":{\"@id\":\"https:\\\/\\\/iraurgiberritzen.eus\\\/es\\\/las-empresas-industriales-de-la-comarca-han-tenido-la-oportunidad-de-conocer-herramientas-y-ayudas-para-la-transformacion-digital\\\/\"},\"wordCount\":353,\"publisher\":{\"@id\":\"https:\\\/\\\/iraurgiberritzen.eus\\\/es\\\/#organization\"},\"image\":{\"@id\":\"https:\\\/\\\/iraurgiberritzen.eus\\\/es\\\/las-empresas-industriales-de-la-comarca-han-tenido-la-oportunidad-de-conocer-herramientas-y-ayudas-para-la-transformacion-digital\\\/#primaryimage\"},\"thumbnailUrl\":\"https:\\\/\\\/iraurgiberritzen.eus\\\/wp-content\\\/uploads\\\/2026\\\/04\\\/PXL_20260428_070637778-scaled.jpg\",\"articleSection\":[\"Noticias\"],\"inLanguage\":\"es\"},{\"@type\":\"WebPage\",\"@id\":\"https:\\\/\\\/iraurgiberritzen.eus\\\/es\\\/las-empresas-industriales-de-la-comarca-han-tenido-la-oportunidad-de-conocer-herramientas-y-ayudas-para-la-transformacion-digital\\\/\",\"url\":\"https:\\\/\\\/iraurgiberritzen.eus\\\/es\\\/las-empresas-industriales-de-la-comarca-han-tenido-la-oportunidad-de-conocer-herramientas-y-ayudas-para-la-transformacion-digital\\\/\",\"name\":\"Las empresas industriales de la comarca han tenido la oportunidad de conocer herramientas y ayudas para la transformaci\u00f3n digital - Iraurgi Berritzen\",\"isPartOf\":{\"@id\":\"https:\\\/\\\/iraurgiberritzen.eus\\\/es\\\/#website\"},\"primaryImageOfPage\":{\"@id\":\"https:\\\/\\\/iraurgiberritzen.eus\\\/es\\\/las-empresas-industriales-de-la-comarca-han-tenido-la-oportunidad-de-conocer-herramientas-y-ayudas-para-la-transformacion-digital\\\/#primaryimage\"},\"image\":{\"@id\":\"https:\\\/\\\/iraurgiberritzen.eus\\\/es\\\/las-empresas-industriales-de-la-comarca-han-tenido-la-oportunidad-de-conocer-herramientas-y-ayudas-para-la-transformacion-digital\\\/#primaryimage\"},\"thumbnailUrl\":\"https:\\\/\\\/iraurgiberritzen.eus\\\/wp-content\\\/uploads\\\/2026\\\/04\\\/PXL_20260428_070637778-scaled.jpg\",\"datePublished\":\"2026-04-28T11:17:08+00:00\",\"dateModified\":\"2026-04-28T11:19:21+00:00\",\"breadcrumb\":{\"@id\":\"https:\\\/\\\/iraurgiberritzen.eus\\\/es\\\/las-empresas-industriales-de-la-comarca-han-tenido-la-oportunidad-de-conocer-herramientas-y-ayudas-para-la-transformacion-digital\\\/#breadcrumb\"},\"inLanguage\":\"es\",\"potentialAction\":[{\"@type\":\"ReadAction\",\"target\":[\"https:\\\/\\\/iraurgiberritzen.eus\\\/es\\\/las-empresas-industriales-de-la-comarca-han-tenido-la-oportunidad-de-conocer-herramientas-y-ayudas-para-la-transformacion-digital\\\/\"]}]},{\"@type\":\"ImageObject\",\"inLanguage\":\"es\",\"@id\":\"https:\\\/\\\/iraurgiberritzen.eus\\\/es\\\/las-empresas-industriales-de-la-comarca-han-tenido-la-oportunidad-de-conocer-herramientas-y-ayudas-para-la-transformacion-digital\\\/#primaryimage\",\"url\":\"https:\\\/\\\/iraurgiberritzen.eus\\\/wp-content\\\/uploads\\\/2026\\\/04\\\/PXL_20260428_070637778-scaled.jpg\",\"contentUrl\":\"https:\\\/\\\/iraurgiberritzen.eus\\\/wp-content\\\/uploads\\\/2026\\\/04\\\/PXL_20260428_070637778-scaled.jpg\",\"width\":2560,\"height\":1920},{\"@type\":\"BreadcrumbList\",\"@id\":\"https:\\\/\\\/iraurgiberritzen.eus\\\/es\\\/las-empresas-industriales-de-la-comarca-han-tenido-la-oportunidad-de-conocer-herramientas-y-ayudas-para-la-transformacion-digital\\\/#breadcrumb\",\"itemListElement\":[{\"@type\":\"ListItem\",\"position\":1,\"name\":\"Home\",\"item\":\"https:\\\/\\\/iraurgiberritzen.eus\\\/es\\\/\"},{\"@type\":\"ListItem\",\"position\":2,\"name\":\"Las empresas industriales de la comarca han tenido la oportunidad de conocer herramientas y ayudas para la transformaci\u00f3n digital\"}]},{\"@type\":\"WebSite\",\"@id\":\"https:\\\/\\\/iraurgiberritzen.eus\\\/es\\\/#website\",\"url\":\"https:\\\/\\\/iraurgiberritzen.eus\\\/es\\\/\",\"name\":\"Iraurgi Berritzen\",\"description\":\"Urola Erdiko Garapen Agentzia\",\"publisher\":{\"@id\":\"https:\\\/\\\/iraurgiberritzen.eus\\\/es\\\/#organization\"},\"potentialAction\":[{\"@type\":\"SearchAction\",\"target\":{\"@type\":\"EntryPoint\",\"urlTemplate\":\"https:\\\/\\\/iraurgiberritzen.eus\\\/es\\\/?s={search_term_string}\"},\"query-input\":{\"@type\":\"PropertyValueSpecification\",\"valueRequired\":true,\"valueName\":\"search_term_string\"}}],\"inLanguage\":\"es\"},{\"@type\":\"Organization\",\"@id\":\"https:\\\/\\\/iraurgiberritzen.eus\\\/es\\\/#organization\",\"name\":\"Iraurgi Berritzen\",\"url\":\"https:\\\/\\\/iraurgiberritzen.eus\\\/es\\\/\",\"logo\":{\"@type\":\"ImageObject\",\"inLanguage\":\"es\",\"@id\":\"https:\\\/\\\/iraurgiberritzen.eus\\\/es\\\/#\\\/schema\\\/logo\\\/image\\\/\",\"url\":\"https:\\\/\\\/iraurgiberritzen.eus\\\/wp-content\\\/uploads\\\/2024\\\/02\\\/IRAURGI-BERRITZEN-logotipoa_2.png\",\"contentUrl\":\"https:\\\/\\\/iraurgiberritzen.eus\\\/wp-content\\\/uploads\\\/2024\\\/02\\\/IRAURGI-BERRITZEN-logotipoa_2.png\",\"width\":496,\"height\":190,\"caption\":\"Iraurgi Berritzen\"},\"image\":{\"@id\":\"https:\\\/\\\/iraurgiberritzen.eus\\\/es\\\/#\\\/schema\\\/logo\\\/image\\\/\"}},{\"@type\":\"Person\",\"@id\":\"https:\\\/\\\/iraurgiberritzen.eus\\\/es\\\/#\\\/schema\\\/person\\\/a32c9825b3e2bfcbe757a97f6a15c8a5\",\"name\":\"ainara\"}]}<\/script>\n<!-- \/ Yoast SEO plugin. -->","yoast_head_json":{"title":"Las empresas industriales de la comarca han tenido la oportunidad de conocer herramientas y ayudas para la transformaci\u00f3n digital - Iraurgi Berritzen","robots":{"index":"index","follow":"follow","max-snippet":"max-snippet:-1","max-image-preview":"max-image-preview:large","max-video-preview":"max-video-preview:-1"},"canonical":"https:\/\/iraurgiberritzen.eus\/es\/las-empresas-industriales-de-la-comarca-han-tenido-la-oportunidad-de-conocer-herramientas-y-ayudas-para-la-transformacion-digital\/","og_locale":"es_ES","og_type":"article","og_title":"Las empresas industriales de la comarca han tenido la oportunidad de conocer herramientas y ayudas para la transformaci\u00f3n digital - Iraurgi Berritzen","og_description":"En la sesi\u00f3n de trabajo organizada por Iraurgi Berritzen en colaboraci\u00f3n con la Diputaci\u00f3n Foral de Gipuzkoa (DFG), SPRI y ZIUR, las empresas han conocido los principales programas y ayudas para la transformaci\u00f3n digitalizaci\u00f3n. Esta ma\u00f1ana se ha celebrado en el Palacio Basazabal de Azpeitia la sesi\u00f3n de trabajo \u201cHerramientas y ayudas para avanzar en [&hellip;]","og_url":"https:\/\/iraurgiberritzen.eus\/es\/las-empresas-industriales-de-la-comarca-han-tenido-la-oportunidad-de-conocer-herramientas-y-ayudas-para-la-transformacion-digital\/","og_site_name":"Iraurgi Berritzen","article_published_time":"2026-04-28T11:17:08+00:00","article_modified_time":"2026-04-28T11:19:21+00:00","og_image":[{"width":2560,"height":1920,"url":"https:\/\/iraurgiberritzen.eus\/wp-content\/uploads\/2026\/04\/PXL_20260428_070637778-scaled.jpg","type":"image\/jpeg"}],"author":"ainara","twitter_card":"summary_large_image","twitter_misc":{"Escrito por":"ainara","Tiempo de lectura":"2 minutos"},"schema":{"@context":"https:\/\/schema.org","@graph":[{"@type":"Article","@id":"https:\/\/iraurgiberritzen.eus\/es\/las-empresas-industriales-de-la-comarca-han-tenido-la-oportunidad-de-conocer-herramientas-y-ayudas-para-la-transformacion-digital\/#article","isPartOf":{"@id":"https:\/\/iraurgiberritzen.eus\/es\/las-empresas-industriales-de-la-comarca-han-tenido-la-oportunidad-de-conocer-herramientas-y-ayudas-para-la-transformacion-digital\/"},"author":{"name":"ainara","@id":"https:\/\/iraurgiberritzen.eus\/es\/#\/schema\/person\/a32c9825b3e2bfcbe757a97f6a15c8a5"},"headline":"Las empresas industriales de la comarca han tenido la oportunidad de conocer herramientas y ayudas para la transformaci\u00f3n digital","datePublished":"2026-04-28T11:17:08+00:00","dateModified":"2026-04-28T11:19:21+00:00","mainEntityOfPage":{"@id":"https:\/\/iraurgiberritzen.eus\/es\/las-empresas-industriales-de-la-comarca-han-tenido-la-oportunidad-de-conocer-herramientas-y-ayudas-para-la-transformacion-digital\/"},"wordCount":353,"publisher":{"@id":"https:\/\/iraurgiberritzen.eus\/es\/#organization"},"image":{"@id":"https:\/\/iraurgiberritzen.eus\/es\/las-empresas-industriales-de-la-comarca-han-tenido-la-oportunidad-de-conocer-herramientas-y-ayudas-para-la-transformacion-digital\/#primaryimage"},"thumbnailUrl":"https:\/\/iraurgiberritzen.eus\/wp-content\/uploads\/2026\/04\/PXL_20260428_070637778-scaled.jpg","articleSection":["Noticias"],"inLanguage":"es"},{"@type":"WebPage","@id":"https:\/\/iraurgiberritzen.eus\/es\/las-empresas-industriales-de-la-comarca-han-tenido-la-oportunidad-de-conocer-herramientas-y-ayudas-para-la-transformacion-digital\/","url":"https:\/\/iraurgiberritzen.eus\/es\/las-empresas-industriales-de-la-comarca-han-tenido-la-oportunidad-de-conocer-herramientas-y-ayudas-para-la-transformacion-digital\/","name":"Las empresas industriales de la comarca han tenido la oportunidad de conocer herramientas y ayudas para la transformaci\u00f3n digital - Iraurgi Berritzen","isPartOf":{"@id":"https:\/\/iraurgiberritzen.eus\/es\/#website"},"primaryImageOfPage":{"@id":"https:\/\/iraurgiberritzen.eus\/es\/las-empresas-industriales-de-la-comarca-han-tenido-la-oportunidad-de-conocer-herramientas-y-ayudas-para-la-transformacion-digital\/#primaryimage"},"image":{"@id":"https:\/\/iraurgiberritzen.eus\/es\/las-empresas-industriales-de-la-comarca-han-tenido-la-oportunidad-de-conocer-herramientas-y-ayudas-para-la-transformacion-digital\/#primaryimage"},"thumbnailUrl":"https:\/\/iraurgiberritzen.eus\/wp-content\/uploads\/2026\/04\/PXL_20260428_070637778-scaled.jpg","datePublished":"2026-04-28T11:17:08+00:00","dateModified":"2026-04-28T11:19:21+00:00","breadcrumb":{"@id":"https:\/\/iraurgiberritzen.eus\/es\/las-empresas-industriales-de-la-comarca-han-tenido-la-oportunidad-de-conocer-herramientas-y-ayudas-para-la-transformacion-digital\/#breadcrumb"},"inLanguage":"es","potentialAction":[{"@type":"ReadAction","target":["https:\/\/iraurgiberritzen.eus\/es\/las-empresas-industriales-de-la-comarca-han-tenido-la-oportunidad-de-conocer-herramientas-y-ayudas-para-la-transformacion-digital\/"]}]},{"@type":"ImageObject","inLanguage":"es","@id":"https:\/\/iraurgiberritzen.eus\/es\/las-empresas-industriales-de-la-comarca-han-tenido-la-oportunidad-de-conocer-herramientas-y-ayudas-para-la-transformacion-digital\/#primaryimage","url":"https:\/\/iraurgiberritzen.eus\/wp-content\/uploads\/2026\/04\/PXL_20260428_070637778-scaled.jpg","contentUrl":"https:\/\/iraurgiberritzen.eus\/wp-content\/uploads\/2026\/04\/PXL_20260428_070637778-scaled.jpg","width":2560,"height":1920},{"@type":"BreadcrumbList","@id":"https:\/\/iraurgiberritzen.eus\/es\/las-empresas-industriales-de-la-comarca-han-tenido-la-oportunidad-de-conocer-herramientas-y-ayudas-para-la-transformacion-digital\/#breadcrumb","itemListElement":[{"@type":"ListItem","position":1,"name":"Home","item":"https:\/\/iraurgiberritzen.eus\/es\/"},{"@type":"ListItem","position":2,"name":"Las empresas industriales de la comarca han tenido la oportunidad de conocer herramientas y ayudas para la transformaci\u00f3n digital"}]},{"@type":"WebSite","@id":"https:\/\/iraurgiberritzen.eus\/es\/#website","url":"https:\/\/iraurgiberritzen.eus\/es\/","name":"Iraurgi Berritzen","description":"Urola Erdiko Garapen Agentzia","publisher":{"@id":"https:\/\/iraurgiberritzen.eus\/es\/#organization"},"potentialAction":[{"@type":"SearchAction","target":{"@type":"EntryPoint","urlTemplate":"https:\/\/iraurgiberritzen.eus\/es\/?s={search_term_string}"},"query-input":{"@type":"PropertyValueSpecification","valueRequired":true,"valueName":"search_term_string"}}],"inLanguage":"es"},{"@type":"Organization","@id":"https:\/\/iraurgiberritzen.eus\/es\/#organization","name":"Iraurgi Berritzen","url":"https:\/\/iraurgiberritzen.eus\/es\/","logo":{"@type":"ImageObject","inLanguage":"es","@id":"https:\/\/iraurgiberritzen.eus\/es\/#\/schema\/logo\/image\/","url":"https:\/\/iraurgiberritzen.eus\/wp-content\/uploads\/2024\/02\/IRAURGI-BERRITZEN-logotipoa_2.png","contentUrl":"https:\/\/iraurgiberritzen.eus\/wp-content\/uploads\/2024\/02\/IRAURGI-BERRITZEN-logotipoa_2.png","width":496,"height":190,"caption":"Iraurgi Berritzen"},"image":{"@id":"https:\/\/iraurgiberritzen.eus\/es\/#\/schema\/logo\/image\/"}},{"@type":"Person","@id":"https:\/\/iraurgiberritzen.eus\/es\/#\/schema\/person\/a32c9825b3e2bfcbe757a97f6a15c8a5","name":"ainara"}]}},"_links":{"self":[{"href":"https:\/\/iraurgiberritzen.eus\/es\/wp-json\/wp\/v2\/posts\/26625","targetHints":{"allow":["GET"]}}],"collection":[{"href":"https:\/\/iraurgiberritzen.eus\/es\/wp-json\/wp\/v2\/posts"}],"about":[{"href":"https:\/\/iraurgiberritzen.eus\/es\/wp-json\/wp\/v2\/types\/post"}],"author":[{"embeddable":true,"href":"https:\/\/iraurgiberritzen.eus\/es\/wp-json\/wp\/v2\/users\/4"}],"replies":[{"embeddable":true,"href":"https:\/\/iraurgiberritzen.eus\/es\/wp-json\/wp\/v2\/comments?post=26625"}],"version-history":[{"count":1,"href":"https:\/\/iraurgiberritzen.eus\/es\/wp-json\/wp\/v2\/posts\/26625\/revisions"}],"predecessor-version":[{"id":26627,"href":"https:\/\/iraurgiberritzen.eus\/es\/wp-json\/wp\/v2\/posts\/26625\/revisions\/26627"}],"wp:featuredmedia":[{"embeddable":true,"href":"https:\/\/iraurgiberritzen.eus\/es\/wp-json\/wp\/v2\/media\/26609"}],"wp:attachment":[{"href":"https:\/\/iraurgiberritzen.eus\/es\/wp-json\/wp\/v2\/media?parent=26625"}],"wp:term":[{"taxonomy":"category","embeddable":true,"href":"https:\/\/iraurgiberritzen.eus\/es\/wp-json\/wp\/v2\/categories?post=26625"},{"taxonomy":"post_tag","embeddable":true,"href":"https:\/\/iraurgiberritzen.eus\/es\/wp-json\/wp\/v2\/tags?post=26625"}],"curies":[{"name":"wp","href":"https:\/\/api.w.org\/{rel}","templated":true}]}}