{"id":26641,"date":"2026-04-30T11:19:20","date_gmt":"2026-04-30T09:19:20","guid":{"rendered":"https:\/\/iraurgiberritzen.eus\/?p=26641"},"modified":"2026-04-30T11:19:20","modified_gmt":"2026-04-30T09:19:20","slug":"oportunidad-para-compartir-experiencias-y-aprender-mutuamente-entre-los-grupos-de-trabajo-de-ciencia-y-tecnologia","status":"publish","type":"post","link":"https:\/\/iraurgiberritzen.eus\/es\/oportunidad-para-compartir-experiencias-y-aprender-mutuamente-entre-los-grupos-de-trabajo-de-ciencia-y-tecnologia\/","title":{"rendered":"Oportunidad para compartir experiencias y aprender mutuamente entre los Grupos de Trabajo de Ciencia y Tecnolog\u00eda"},"content":{"rendered":"<p>El viernes 24 de abril y el mi\u00e9rcoles 29 de abril, representantes de los grupos de trabajo de Ciencia y TIC de los centros educativos de la comarca se han reunido con el objetivo de <strong>compartir experiencias y aprender unos de otros<\/strong>.<\/p>\n<p>En ambas sesiones de trabajo se ha reflexionado sobre los retos actuales a los que se enfrentan ambos grupos de trabajo y se han abordado diversas cuestiones. En el caso del grupo de trabajo de ciencia, se han tratado temas como el m\u00e9todo cient\u00edfico, el desarrollo de proyectos multidisciplinares o el uso y la gesti\u00f3n de los laboratorios. Por su parte, en la reuni\u00f3n con las personas responsables de TIC se han trabajado aspectos como las iniciativas en el \u00e1mbito de la tecnolog\u00eda y la digitalizaci\u00f3n, la gesti\u00f3n de los sistemas TIC en los centros, medidas para el uso adecuado de los dispositivos o la formaci\u00f3n interna. De cara al pr\u00f3ximo curso, se ha acordado dar continuidad a la iniciativa con los grupos de trabajo.<\/p>\n<p>Las sesiones se enmarcan dentro del proyecto \u201cZIMAT Urola Erdian\u201d, cuyo objetivo es fomentar las vocaciones cient\u00edficas y tecnol\u00f3gicas entre el alumnado de la comarca e impulsar la incorporaci\u00f3n de metodolog\u00edas innovadoras en los centros educativos.<\/p>\n<p>En el marco de este proyecto, el pr\u00f3ximo<strong> jueves 11 de junio se celebrar\u00e1 en la plaza de Azpeitia la Feria de Ciencia y Tecnolog\u00eda de Urola Erdia<\/strong>. En ella, los centros educativos de la comarca tendr\u00e1n la oportunidad de <strong>presentar y compartir los distintos proyectos<\/strong> desarrollados a lo largo del curso.<\/p>\n","protected":false},"excerpt":{"rendered":"<p>El viernes 24 de abril y el mi\u00e9rcoles 29 de abril, representantes de los grupos de trabajo de Ciencia y TIC de los centros educativos de la comarca se han reunido con el objetivo de compartir experiencias y aprender unos de otros. En ambas sesiones de trabajo se ha reflexionado sobre los retos actuales a [&hellip;]<\/p>\n","protected":false},"author":4,"featured_media":26639,"comment_status":"closed","ping_status":"closed","sticky":false,"template":"","format":"standard","meta":{"_acf_changed":false,"footnotes":""},"categories":[4],"tags":[],"class_list":["post-26641","post","type-post","status-publish","format-standard","has-post-thumbnail","hentry","category-noticias","arloak-educacion","arloak-zimat-es"],"acf":[],"yoast_head":"<!-- This site is optimized with the Yoast SEO plugin v27.4 - https:\/\/yoast.com\/product\/yoast-seo-wordpress\/ -->\n<title>Oportunidad para compartir experiencias y aprender mutuamente entre los Grupos de Trabajo de Ciencia y Tecnolog\u00eda - Iraurgi Berritzen<\/title>\n<meta name=\"robots\" content=\"index, follow, max-snippet:-1, max-image-preview:large, max-video-preview:-1\" \/>\n<link rel=\"canonical\" href=\"https:\/\/iraurgiberritzen.eus\/es\/oportunidad-para-compartir-experiencias-y-aprender-mutuamente-entre-los-grupos-de-trabajo-de-ciencia-y-tecnologia\/\" \/>\n<meta property=\"og:locale\" content=\"es_ES\" \/>\n<meta property=\"og:type\" content=\"article\" \/>\n<meta property=\"og:title\" content=\"Oportunidad para compartir experiencias y aprender mutuamente entre los Grupos de Trabajo de Ciencia y Tecnolog\u00eda - Iraurgi Berritzen\" \/>\n<meta property=\"og:description\" content=\"El viernes 24 de abril y el mi\u00e9rcoles 29 de abril, representantes de los grupos de trabajo de Ciencia y TIC de los centros educativos de la comarca se han reunido con el objetivo de compartir experiencias y aprender unos de otros. En ambas sesiones de trabajo se ha reflexionado sobre los retos actuales a [&hellip;]\" \/>\n<meta property=\"og:url\" content=\"https:\/\/iraurgiberritzen.eus\/es\/oportunidad-para-compartir-experiencias-y-aprender-mutuamente-entre-los-grupos-de-trabajo-de-ciencia-y-tecnologia\/\" \/>\n<meta property=\"og:site_name\" content=\"Iraurgi Berritzen\" \/>\n<meta property=\"article:published_time\" content=\"2026-04-30T09:19:20+00:00\" \/>\n<meta property=\"og:image\" content=\"https:\/\/iraurgiberritzen.eus\/wp-content\/uploads\/2026\/04\/WhatsApp-Image-2026-04-29-at-10.58.36-1.jpeg\" \/>\n\t<meta property=\"og:image:width\" content=\"1600\" \/>\n\t<meta property=\"og:image:height\" content=\"1200\" \/>\n\t<meta property=\"og:image:type\" content=\"image\/jpeg\" \/>\n<meta name=\"author\" content=\"ainara\" \/>\n<meta name=\"twitter:card\" content=\"summary_large_image\" \/>\n<meta name=\"twitter:label1\" content=\"Escrito por\" \/>\n\t<meta name=\"twitter:data1\" content=\"ainara\" \/>\n\t<meta name=\"twitter:label2\" content=\"Tiempo de lectura\" \/>\n\t<meta name=\"twitter:data2\" content=\"2 minutos\" \/>\n<script type=\"application\/ld+json\" class=\"yoast-schema-graph\">{\"@context\":\"https:\\\/\\\/schema.org\",\"@graph\":[{\"@type\":\"Article\",\"@id\":\"https:\\\/\\\/iraurgiberritzen.eus\\\/es\\\/oportunidad-para-compartir-experiencias-y-aprender-mutuamente-entre-los-grupos-de-trabajo-de-ciencia-y-tecnologia\\\/#article\",\"isPartOf\":{\"@id\":\"https:\\\/\\\/iraurgiberritzen.eus\\\/es\\\/oportunidad-para-compartir-experiencias-y-aprender-mutuamente-entre-los-grupos-de-trabajo-de-ciencia-y-tecnologia\\\/\"},\"author\":{\"name\":\"ainara\",\"@id\":\"https:\\\/\\\/iraurgiberritzen.eus\\\/es\\\/#\\\/schema\\\/person\\\/a32c9825b3e2bfcbe757a97f6a15c8a5\"},\"headline\":\"Oportunidad para compartir experiencias y aprender mutuamente entre los Grupos de Trabajo de Ciencia y Tecnolog\u00eda\",\"datePublished\":\"2026-04-30T09:19:20+00:00\",\"mainEntityOfPage\":{\"@id\":\"https:\\\/\\\/iraurgiberritzen.eus\\\/es\\\/oportunidad-para-compartir-experiencias-y-aprender-mutuamente-entre-los-grupos-de-trabajo-de-ciencia-y-tecnologia\\\/\"},\"wordCount\":286,\"publisher\":{\"@id\":\"https:\\\/\\\/iraurgiberritzen.eus\\\/es\\\/#organization\"},\"image\":{\"@id\":\"https:\\\/\\\/iraurgiberritzen.eus\\\/es\\\/oportunidad-para-compartir-experiencias-y-aprender-mutuamente-entre-los-grupos-de-trabajo-de-ciencia-y-tecnologia\\\/#primaryimage\"},\"thumbnailUrl\":\"https:\\\/\\\/iraurgiberritzen.eus\\\/wp-content\\\/uploads\\\/2026\\\/04\\\/WhatsApp-Image-2026-04-29-at-10.58.36-1.jpeg\",\"articleSection\":[\"Noticias\"],\"inLanguage\":\"es\"},{\"@type\":\"WebPage\",\"@id\":\"https:\\\/\\\/iraurgiberritzen.eus\\\/es\\\/oportunidad-para-compartir-experiencias-y-aprender-mutuamente-entre-los-grupos-de-trabajo-de-ciencia-y-tecnologia\\\/\",\"url\":\"https:\\\/\\\/iraurgiberritzen.eus\\\/es\\\/oportunidad-para-compartir-experiencias-y-aprender-mutuamente-entre-los-grupos-de-trabajo-de-ciencia-y-tecnologia\\\/\",\"name\":\"Oportunidad para compartir experiencias y aprender mutuamente entre los Grupos de Trabajo de Ciencia y Tecnolog\u00eda - Iraurgi Berritzen\",\"isPartOf\":{\"@id\":\"https:\\\/\\\/iraurgiberritzen.eus\\\/es\\\/#website\"},\"primaryImageOfPage\":{\"@id\":\"https:\\\/\\\/iraurgiberritzen.eus\\\/es\\\/oportunidad-para-compartir-experiencias-y-aprender-mutuamente-entre-los-grupos-de-trabajo-de-ciencia-y-tecnologia\\\/#primaryimage\"},\"image\":{\"@id\":\"https:\\\/\\\/iraurgiberritzen.eus\\\/es\\\/oportunidad-para-compartir-experiencias-y-aprender-mutuamente-entre-los-grupos-de-trabajo-de-ciencia-y-tecnologia\\\/#primaryimage\"},\"thumbnailUrl\":\"https:\\\/\\\/iraurgiberritzen.eus\\\/wp-content\\\/uploads\\\/2026\\\/04\\\/WhatsApp-Image-2026-04-29-at-10.58.36-1.jpeg\",\"datePublished\":\"2026-04-30T09:19:20+00:00\",\"breadcrumb\":{\"@id\":\"https:\\\/\\\/iraurgiberritzen.eus\\\/es\\\/oportunidad-para-compartir-experiencias-y-aprender-mutuamente-entre-los-grupos-de-trabajo-de-ciencia-y-tecnologia\\\/#breadcrumb\"},\"inLanguage\":\"es\",\"potentialAction\":[{\"@type\":\"ReadAction\",\"target\":[\"https:\\\/\\\/iraurgiberritzen.eus\\\/es\\\/oportunidad-para-compartir-experiencias-y-aprender-mutuamente-entre-los-grupos-de-trabajo-de-ciencia-y-tecnologia\\\/\"]}]},{\"@type\":\"ImageObject\",\"inLanguage\":\"es\",\"@id\":\"https:\\\/\\\/iraurgiberritzen.eus\\\/es\\\/oportunidad-para-compartir-experiencias-y-aprender-mutuamente-entre-los-grupos-de-trabajo-de-ciencia-y-tecnologia\\\/#primaryimage\",\"url\":\"https:\\\/\\\/iraurgiberritzen.eus\\\/wp-content\\\/uploads\\\/2026\\\/04\\\/WhatsApp-Image-2026-04-29-at-10.58.36-1.jpeg\",\"contentUrl\":\"https:\\\/\\\/iraurgiberritzen.eus\\\/wp-content\\\/uploads\\\/2026\\\/04\\\/WhatsApp-Image-2026-04-29-at-10.58.36-1.jpeg\",\"width\":1600,\"height\":1200},{\"@type\":\"BreadcrumbList\",\"@id\":\"https:\\\/\\\/iraurgiberritzen.eus\\\/es\\\/oportunidad-para-compartir-experiencias-y-aprender-mutuamente-entre-los-grupos-de-trabajo-de-ciencia-y-tecnologia\\\/#breadcrumb\",\"itemListElement\":[{\"@type\":\"ListItem\",\"position\":1,\"name\":\"Home\",\"item\":\"https:\\\/\\\/iraurgiberritzen.eus\\\/es\\\/\"},{\"@type\":\"ListItem\",\"position\":2,\"name\":\"Oportunidad para compartir experiencias y aprender mutuamente entre los Grupos de Trabajo de Ciencia y Tecnolog\u00eda\"}]},{\"@type\":\"WebSite\",\"@id\":\"https:\\\/\\\/iraurgiberritzen.eus\\\/es\\\/#website\",\"url\":\"https:\\\/\\\/iraurgiberritzen.eus\\\/es\\\/\",\"name\":\"Iraurgi Berritzen\",\"description\":\"Urola Erdiko Garapen Agentzia\",\"publisher\":{\"@id\":\"https:\\\/\\\/iraurgiberritzen.eus\\\/es\\\/#organization\"},\"potentialAction\":[{\"@type\":\"SearchAction\",\"target\":{\"@type\":\"EntryPoint\",\"urlTemplate\":\"https:\\\/\\\/iraurgiberritzen.eus\\\/es\\\/?s={search_term_string}\"},\"query-input\":{\"@type\":\"PropertyValueSpecification\",\"valueRequired\":true,\"valueName\":\"search_term_string\"}}],\"inLanguage\":\"es\"},{\"@type\":\"Organization\",\"@id\":\"https:\\\/\\\/iraurgiberritzen.eus\\\/es\\\/#organization\",\"name\":\"Iraurgi Berritzen\",\"url\":\"https:\\\/\\\/iraurgiberritzen.eus\\\/es\\\/\",\"logo\":{\"@type\":\"ImageObject\",\"inLanguage\":\"es\",\"@id\":\"https:\\\/\\\/iraurgiberritzen.eus\\\/es\\\/#\\\/schema\\\/logo\\\/image\\\/\",\"url\":\"https:\\\/\\\/iraurgiberritzen.eus\\\/wp-content\\\/uploads\\\/2024\\\/02\\\/IRAURGI-BERRITZEN-logotipoa_2.png\",\"contentUrl\":\"https:\\\/\\\/iraurgiberritzen.eus\\\/wp-content\\\/uploads\\\/2024\\\/02\\\/IRAURGI-BERRITZEN-logotipoa_2.png\",\"width\":496,\"height\":190,\"caption\":\"Iraurgi Berritzen\"},\"image\":{\"@id\":\"https:\\\/\\\/iraurgiberritzen.eus\\\/es\\\/#\\\/schema\\\/logo\\\/image\\\/\"}},{\"@type\":\"Person\",\"@id\":\"https:\\\/\\\/iraurgiberritzen.eus\\\/es\\\/#\\\/schema\\\/person\\\/a32c9825b3e2bfcbe757a97f6a15c8a5\",\"name\":\"ainara\"}]}<\/script>\n<!-- \/ Yoast SEO plugin. -->","yoast_head_json":{"title":"Oportunidad para compartir experiencias y aprender mutuamente entre los Grupos de Trabajo de Ciencia y Tecnolog\u00eda - Iraurgi Berritzen","robots":{"index":"index","follow":"follow","max-snippet":"max-snippet:-1","max-image-preview":"max-image-preview:large","max-video-preview":"max-video-preview:-1"},"canonical":"https:\/\/iraurgiberritzen.eus\/es\/oportunidad-para-compartir-experiencias-y-aprender-mutuamente-entre-los-grupos-de-trabajo-de-ciencia-y-tecnologia\/","og_locale":"es_ES","og_type":"article","og_title":"Oportunidad para compartir experiencias y aprender mutuamente entre los Grupos de Trabajo de Ciencia y Tecnolog\u00eda - Iraurgi Berritzen","og_description":"El viernes 24 de abril y el mi\u00e9rcoles 29 de abril, representantes de los grupos de trabajo de Ciencia y TIC de los centros educativos de la comarca se han reunido con el objetivo de compartir experiencias y aprender unos de otros. En ambas sesiones de trabajo se ha reflexionado sobre los retos actuales a [&hellip;]","og_url":"https:\/\/iraurgiberritzen.eus\/es\/oportunidad-para-compartir-experiencias-y-aprender-mutuamente-entre-los-grupos-de-trabajo-de-ciencia-y-tecnologia\/","og_site_name":"Iraurgi Berritzen","article_published_time":"2026-04-30T09:19:20+00:00","og_image":[{"width":1600,"height":1200,"url":"https:\/\/iraurgiberritzen.eus\/wp-content\/uploads\/2026\/04\/WhatsApp-Image-2026-04-29-at-10.58.36-1.jpeg","type":"image\/jpeg"}],"author":"ainara","twitter_card":"summary_large_image","twitter_misc":{"Escrito por":"ainara","Tiempo de lectura":"2 minutos"},"schema":{"@context":"https:\/\/schema.org","@graph":[{"@type":"Article","@id":"https:\/\/iraurgiberritzen.eus\/es\/oportunidad-para-compartir-experiencias-y-aprender-mutuamente-entre-los-grupos-de-trabajo-de-ciencia-y-tecnologia\/#article","isPartOf":{"@id":"https:\/\/iraurgiberritzen.eus\/es\/oportunidad-para-compartir-experiencias-y-aprender-mutuamente-entre-los-grupos-de-trabajo-de-ciencia-y-tecnologia\/"},"author":{"name":"ainara","@id":"https:\/\/iraurgiberritzen.eus\/es\/#\/schema\/person\/a32c9825b3e2bfcbe757a97f6a15c8a5"},"headline":"Oportunidad para compartir experiencias y aprender mutuamente entre los Grupos de Trabajo de Ciencia y Tecnolog\u00eda","datePublished":"2026-04-30T09:19:20+00:00","mainEntityOfPage":{"@id":"https:\/\/iraurgiberritzen.eus\/es\/oportunidad-para-compartir-experiencias-y-aprender-mutuamente-entre-los-grupos-de-trabajo-de-ciencia-y-tecnologia\/"},"wordCount":286,"publisher":{"@id":"https:\/\/iraurgiberritzen.eus\/es\/#organization"},"image":{"@id":"https:\/\/iraurgiberritzen.eus\/es\/oportunidad-para-compartir-experiencias-y-aprender-mutuamente-entre-los-grupos-de-trabajo-de-ciencia-y-tecnologia\/#primaryimage"},"thumbnailUrl":"https:\/\/iraurgiberritzen.eus\/wp-content\/uploads\/2026\/04\/WhatsApp-Image-2026-04-29-at-10.58.36-1.jpeg","articleSection":["Noticias"],"inLanguage":"es"},{"@type":"WebPage","@id":"https:\/\/iraurgiberritzen.eus\/es\/oportunidad-para-compartir-experiencias-y-aprender-mutuamente-entre-los-grupos-de-trabajo-de-ciencia-y-tecnologia\/","url":"https:\/\/iraurgiberritzen.eus\/es\/oportunidad-para-compartir-experiencias-y-aprender-mutuamente-entre-los-grupos-de-trabajo-de-ciencia-y-tecnologia\/","name":"Oportunidad para compartir experiencias y aprender mutuamente entre los Grupos de Trabajo de Ciencia y Tecnolog\u00eda - Iraurgi Berritzen","isPartOf":{"@id":"https:\/\/iraurgiberritzen.eus\/es\/#website"},"primaryImageOfPage":{"@id":"https:\/\/iraurgiberritzen.eus\/es\/oportunidad-para-compartir-experiencias-y-aprender-mutuamente-entre-los-grupos-de-trabajo-de-ciencia-y-tecnologia\/#primaryimage"},"image":{"@id":"https:\/\/iraurgiberritzen.eus\/es\/oportunidad-para-compartir-experiencias-y-aprender-mutuamente-entre-los-grupos-de-trabajo-de-ciencia-y-tecnologia\/#primaryimage"},"thumbnailUrl":"https:\/\/iraurgiberritzen.eus\/wp-content\/uploads\/2026\/04\/WhatsApp-Image-2026-04-29-at-10.58.36-1.jpeg","datePublished":"2026-04-30T09:19:20+00:00","breadcrumb":{"@id":"https:\/\/iraurgiberritzen.eus\/es\/oportunidad-para-compartir-experiencias-y-aprender-mutuamente-entre-los-grupos-de-trabajo-de-ciencia-y-tecnologia\/#breadcrumb"},"inLanguage":"es","potentialAction":[{"@type":"ReadAction","target":["https:\/\/iraurgiberritzen.eus\/es\/oportunidad-para-compartir-experiencias-y-aprender-mutuamente-entre-los-grupos-de-trabajo-de-ciencia-y-tecnologia\/"]}]},{"@type":"ImageObject","inLanguage":"es","@id":"https:\/\/iraurgiberritzen.eus\/es\/oportunidad-para-compartir-experiencias-y-aprender-mutuamente-entre-los-grupos-de-trabajo-de-ciencia-y-tecnologia\/#primaryimage","url":"https:\/\/iraurgiberritzen.eus\/wp-content\/uploads\/2026\/04\/WhatsApp-Image-2026-04-29-at-10.58.36-1.jpeg","contentUrl":"https:\/\/iraurgiberritzen.eus\/wp-content\/uploads\/2026\/04\/WhatsApp-Image-2026-04-29-at-10.58.36-1.jpeg","width":1600,"height":1200},{"@type":"BreadcrumbList","@id":"https:\/\/iraurgiberritzen.eus\/es\/oportunidad-para-compartir-experiencias-y-aprender-mutuamente-entre-los-grupos-de-trabajo-de-ciencia-y-tecnologia\/#breadcrumb","itemListElement":[{"@type":"ListItem","position":1,"name":"Home","item":"https:\/\/iraurgiberritzen.eus\/es\/"},{"@type":"ListItem","position":2,"name":"Oportunidad para compartir experiencias y aprender mutuamente entre los Grupos de Trabajo de Ciencia y Tecnolog\u00eda"}]},{"@type":"WebSite","@id":"https:\/\/iraurgiberritzen.eus\/es\/#website","url":"https:\/\/iraurgiberritzen.eus\/es\/","name":"Iraurgi Berritzen","description":"Urola Erdiko Garapen Agentzia","publisher":{"@id":"https:\/\/iraurgiberritzen.eus\/es\/#organization"},"potentialAction":[{"@type":"SearchAction","target":{"@type":"EntryPoint","urlTemplate":"https:\/\/iraurgiberritzen.eus\/es\/?s={search_term_string}"},"query-input":{"@type":"PropertyValueSpecification","valueRequired":true,"valueName":"search_term_string"}}],"inLanguage":"es"},{"@type":"Organization","@id":"https:\/\/iraurgiberritzen.eus\/es\/#organization","name":"Iraurgi Berritzen","url":"https:\/\/iraurgiberritzen.eus\/es\/","logo":{"@type":"ImageObject","inLanguage":"es","@id":"https:\/\/iraurgiberritzen.eus\/es\/#\/schema\/logo\/image\/","url":"https:\/\/iraurgiberritzen.eus\/wp-content\/uploads\/2024\/02\/IRAURGI-BERRITZEN-logotipoa_2.png","contentUrl":"https:\/\/iraurgiberritzen.eus\/wp-content\/uploads\/2024\/02\/IRAURGI-BERRITZEN-logotipoa_2.png","width":496,"height":190,"caption":"Iraurgi Berritzen"},"image":{"@id":"https:\/\/iraurgiberritzen.eus\/es\/#\/schema\/logo\/image\/"}},{"@type":"Person","@id":"https:\/\/iraurgiberritzen.eus\/es\/#\/schema\/person\/a32c9825b3e2bfcbe757a97f6a15c8a5","name":"ainara"}]}},"_links":{"self":[{"href":"https:\/\/iraurgiberritzen.eus\/es\/wp-json\/wp\/v2\/posts\/26641","targetHints":{"allow":["GET"]}}],"collection":[{"href":"https:\/\/iraurgiberritzen.eus\/es\/wp-json\/wp\/v2\/posts"}],"about":[{"href":"https:\/\/iraurgiberritzen.eus\/es\/wp-json\/wp\/v2\/types\/post"}],"author":[{"embeddable":true,"href":"https:\/\/iraurgiberritzen.eus\/es\/wp-json\/wp\/v2\/users\/4"}],"replies":[{"embeddable":true,"href":"https:\/\/iraurgiberritzen.eus\/es\/wp-json\/wp\/v2\/comments?post=26641"}],"version-history":[{"count":1,"href":"https:\/\/iraurgiberritzen.eus\/es\/wp-json\/wp\/v2\/posts\/26641\/revisions"}],"predecessor-version":[{"id":26642,"href":"https:\/\/iraurgiberritzen.eus\/es\/wp-json\/wp\/v2\/posts\/26641\/revisions\/26642"}],"wp:featuredmedia":[{"embeddable":true,"href":"https:\/\/iraurgiberritzen.eus\/es\/wp-json\/wp\/v2\/media\/26639"}],"wp:attachment":[{"href":"https:\/\/iraurgiberritzen.eus\/es\/wp-json\/wp\/v2\/media?parent=26641"}],"wp:term":[{"taxonomy":"category","embeddable":true,"href":"https:\/\/iraurgiberritzen.eus\/es\/wp-json\/wp\/v2\/categories?post=26641"},{"taxonomy":"post_tag","embeddable":true,"href":"https:\/\/iraurgiberritzen.eus\/es\/wp-json\/wp\/v2\/tags?post=26641"}],"curies":[{"name":"wp","href":"https:\/\/api.w.org\/{rel}","templated":true}]}}