{"id":26647,"date":"2026-04-30T11:32:13","date_gmt":"2026-04-30T09:32:13","guid":{"rendered":"https:\/\/iraurgiberritzen.eus\/?p=26647"},"modified":"2026-04-30T11:32:13","modified_gmt":"2026-04-30T09:32:13","slug":"iraurgi-berritzen-acoge-un-nuevo-taller-del-grupo-de-trabajo-pyme-digital","status":"publish","type":"post","link":"https:\/\/iraurgiberritzen.eus\/es\/iraurgi-berritzen-acoge-un-nuevo-taller-del-grupo-de-trabajo-pyme-digital\/","title":{"rendered":"Iraurgi Berritzen acoge un nuevo taller del grupo de trabajo Pyme Digital"},"content":{"rendered":"<p>Ayer, Iraurgi Berritzen acogi\u00f3 en el Palacio Basazabal de Azpeitia <strong>una nueva sesi\u00f3n del grupo de trabajo Pyme Digita<\/strong>l, una iniciativa impulsada por la Diputaci\u00f3n Foral de Gipuzkoa que tiene como objetivo acompa\u00f1ar a las peque\u00f1as y medianas empresas en sus procesos de transformaci\u00f3n digital.<\/p>\n<p>En dicho taller, nos reunimos las diferentes agencias de desarrollo e innovaci\u00f3n comarcal, La Diputaci\u00f3n Foral de Gipuzkoa, Innobasque y Orkestra, en torno a un programa que combin\u00f3 <strong>conocimiento t\u00e9cnico, visi\u00f3n estrat\u00e9gica comarcal y experiencias reales de empresas<\/strong>.<\/p>\n<p>La sesi\u00f3n comenz\u00f3 con la intervenci\u00f3n de Iulen Iba\u00f1ez, experto en anal\u00edtica y visualizaci\u00f3n de datos orientada a negocio, quien abord\u00f3 la<strong> importancia del an\u00e1lisis y la visualizaci\u00f3n de datos en la toma de decisiones en las pyme<\/strong>s, generando un espacio de reflexi\u00f3n y debate sobre c\u00f3mo avanzar hacia modelos de gesti\u00f3n m\u00e1s informados y eficientes.<\/p>\n<p>A continuaci\u00f3n Iraurgi Berritzen y Urola Kosta presentaron la <strong>estrategia de la comarca en el \u00e1mbito de la digitalizaci\u00f3n<\/strong>, Esta visi\u00f3n permiti\u00f3 contextualizar la situaci\u00f3n actual del tejido empresarial de ambas comarcas, y las iniciativas que se est\u00e1n impulsando para favorecer la competitividad.<\/p>\n<p>Especial protagonismo tuvieron las <strong>experiencias empresariale<\/strong>s, con la participaci\u00f3n de dos empresas industriales del entorno \u2014Calderer\u00eda CPK y Engranajes Juaristi\u2014 que compartieron su <strong>recorrido en el \u00e1mbito de la transformaci\u00f3n digita<\/strong>l, as\u00ed como lo que les ha aportado su participaci\u00f3n en el proceso Pyme Digital, los avances logrados gracias al acompa\u00f1amiento recibido, y los pr\u00f3ximos pasos en su hoja de ruta digital.<\/p>\n<p>El taller concluy\u00f3 con un espacio de seguimiento del proceso Pyme Digital, <strong>reforzando el compromiso de las entidades participantes con el acompa\u00f1amiento continuo a las pymes en su transformaci\u00f3n digital<\/strong>.<\/p>\n<p>Este tipo de encuentros consolidan<strong> el valor del trabajo colaborativo entre instituciones, agentes comarcales y empresas<\/strong>, situando a las pymes en el centro de la estrategia de digitalizaci\u00f3n del territorio.<\/p>\n<p>Paritxipantes: Diputaci\u00f3n Foral de Gipuzkoa (Jon Gurrutxaga, Loreto Susperregi, Eider Sarasola); Innobasque (Luis Manero); Orkestra (Maddalen Alkoorta eta Aitziber Elola); Iraurgi Berritzen; Urola Kosta; Uggasa; Goieki; Tolosaldea; Debegesa; Oarsoaldea; Bidasoa Activa; Debagoiena; Beterri Buruntza; Calderer\u00eda CPK (Ane Iriondo); Engranajes Juaristi (Jokin Juaristi).<\/p>\n","protected":false},"excerpt":{"rendered":"<p>Ayer, Iraurgi Berritzen acogi\u00f3 en el Palacio Basazabal de Azpeitia una nueva sesi\u00f3n del grupo de trabajo Pyme Digital, una iniciativa impulsada por la Diputaci\u00f3n Foral de Gipuzkoa que tiene como objetivo acompa\u00f1ar a las peque\u00f1as y medianas empresas en sus procesos de transformaci\u00f3n digital. En dicho taller, nos reunimos las diferentes agencias de desarrollo [&hellip;]<\/p>\n","protected":false},"author":4,"featured_media":26645,"comment_status":"closed","ping_status":"closed","sticky":false,"template":"","format":"standard","meta":{"_acf_changed":false,"footnotes":""},"categories":[4],"tags":[],"class_list":["post-26647","post","type-post","status-publish","format-standard","has-post-thumbnail","hentry","category-noticias","arloak-industria"],"acf":[],"yoast_head":"<!-- This site is optimized with the Yoast SEO plugin v27.4 - https:\/\/yoast.com\/product\/yoast-seo-wordpress\/ -->\n<title>Iraurgi Berritzen acoge un nuevo taller del grupo de trabajo Pyme Digital - Iraurgi Berritzen<\/title>\n<meta name=\"robots\" content=\"index, follow, max-snippet:-1, max-image-preview:large, max-video-preview:-1\" \/>\n<link rel=\"canonical\" href=\"https:\/\/iraurgiberritzen.eus\/es\/iraurgi-berritzen-acoge-un-nuevo-taller-del-grupo-de-trabajo-pyme-digital\/\" \/>\n<meta property=\"og:locale\" content=\"es_ES\" \/>\n<meta property=\"og:type\" content=\"article\" \/>\n<meta property=\"og:title\" content=\"Iraurgi Berritzen acoge un nuevo taller del grupo de trabajo Pyme Digital - Iraurgi Berritzen\" \/>\n<meta property=\"og:description\" content=\"Ayer, Iraurgi Berritzen acogi\u00f3 en el Palacio Basazabal de Azpeitia una nueva sesi\u00f3n del grupo de trabajo Pyme Digital, una iniciativa impulsada por la Diputaci\u00f3n Foral de Gipuzkoa que tiene como objetivo acompa\u00f1ar a las peque\u00f1as y medianas empresas en sus procesos de transformaci\u00f3n digital. En dicho taller, nos reunimos las diferentes agencias de desarrollo [&hellip;]\" \/>\n<meta property=\"og:url\" content=\"https:\/\/iraurgiberritzen.eus\/es\/iraurgi-berritzen-acoge-un-nuevo-taller-del-grupo-de-trabajo-pyme-digital\/\" \/>\n<meta property=\"og:site_name\" content=\"Iraurgi Berritzen\" \/>\n<meta property=\"article:published_time\" content=\"2026-04-30T09:32:13+00:00\" \/>\n<meta property=\"og:image\" content=\"https:\/\/iraurgiberritzen.eus\/wp-content\/uploads\/2026\/04\/IMG-20260429-WA0003.jpg\" \/>\n\t<meta property=\"og:image:width\" content=\"1600\" \/>\n\t<meta property=\"og:image:height\" content=\"1204\" \/>\n\t<meta property=\"og:image:type\" content=\"image\/jpeg\" \/>\n<meta name=\"author\" content=\"ainara\" \/>\n<meta name=\"twitter:card\" content=\"summary_large_image\" \/>\n<meta name=\"twitter:label1\" content=\"Escrito por\" \/>\n\t<meta name=\"twitter:data1\" content=\"ainara\" \/>\n\t<meta name=\"twitter:label2\" content=\"Tiempo de lectura\" \/>\n\t<meta name=\"twitter:data2\" content=\"3 minutos\" \/>\n<script type=\"application\/ld+json\" class=\"yoast-schema-graph\">{\"@context\":\"https:\\\/\\\/schema.org\",\"@graph\":[{\"@type\":\"Article\",\"@id\":\"https:\\\/\\\/iraurgiberritzen.eus\\\/es\\\/iraurgi-berritzen-acoge-un-nuevo-taller-del-grupo-de-trabajo-pyme-digital\\\/#article\",\"isPartOf\":{\"@id\":\"https:\\\/\\\/iraurgiberritzen.eus\\\/es\\\/iraurgi-berritzen-acoge-un-nuevo-taller-del-grupo-de-trabajo-pyme-digital\\\/\"},\"author\":{\"name\":\"ainara\",\"@id\":\"https:\\\/\\\/iraurgiberritzen.eus\\\/es\\\/#\\\/schema\\\/person\\\/a32c9825b3e2bfcbe757a97f6a15c8a5\"},\"headline\":\"Iraurgi Berritzen acoge un nuevo taller del grupo de trabajo Pyme Digital\",\"datePublished\":\"2026-04-30T09:32:13+00:00\",\"mainEntityOfPage\":{\"@id\":\"https:\\\/\\\/iraurgiberritzen.eus\\\/es\\\/iraurgi-berritzen-acoge-un-nuevo-taller-del-grupo-de-trabajo-pyme-digital\\\/\"},\"wordCount\":395,\"publisher\":{\"@id\":\"https:\\\/\\\/iraurgiberritzen.eus\\\/es\\\/#organization\"},\"image\":{\"@id\":\"https:\\\/\\\/iraurgiberritzen.eus\\\/es\\\/iraurgi-berritzen-acoge-un-nuevo-taller-del-grupo-de-trabajo-pyme-digital\\\/#primaryimage\"},\"thumbnailUrl\":\"https:\\\/\\\/iraurgiberritzen.eus\\\/wp-content\\\/uploads\\\/2026\\\/04\\\/IMG-20260429-WA0003.jpg\",\"articleSection\":[\"Noticias\"],\"inLanguage\":\"es\"},{\"@type\":\"WebPage\",\"@id\":\"https:\\\/\\\/iraurgiberritzen.eus\\\/es\\\/iraurgi-berritzen-acoge-un-nuevo-taller-del-grupo-de-trabajo-pyme-digital\\\/\",\"url\":\"https:\\\/\\\/iraurgiberritzen.eus\\\/es\\\/iraurgi-berritzen-acoge-un-nuevo-taller-del-grupo-de-trabajo-pyme-digital\\\/\",\"name\":\"Iraurgi Berritzen acoge un nuevo taller del grupo de trabajo Pyme Digital - Iraurgi Berritzen\",\"isPartOf\":{\"@id\":\"https:\\\/\\\/iraurgiberritzen.eus\\\/es\\\/#website\"},\"primaryImageOfPage\":{\"@id\":\"https:\\\/\\\/iraurgiberritzen.eus\\\/es\\\/iraurgi-berritzen-acoge-un-nuevo-taller-del-grupo-de-trabajo-pyme-digital\\\/#primaryimage\"},\"image\":{\"@id\":\"https:\\\/\\\/iraurgiberritzen.eus\\\/es\\\/iraurgi-berritzen-acoge-un-nuevo-taller-del-grupo-de-trabajo-pyme-digital\\\/#primaryimage\"},\"thumbnailUrl\":\"https:\\\/\\\/iraurgiberritzen.eus\\\/wp-content\\\/uploads\\\/2026\\\/04\\\/IMG-20260429-WA0003.jpg\",\"datePublished\":\"2026-04-30T09:32:13+00:00\",\"breadcrumb\":{\"@id\":\"https:\\\/\\\/iraurgiberritzen.eus\\\/es\\\/iraurgi-berritzen-acoge-un-nuevo-taller-del-grupo-de-trabajo-pyme-digital\\\/#breadcrumb\"},\"inLanguage\":\"es\",\"potentialAction\":[{\"@type\":\"ReadAction\",\"target\":[\"https:\\\/\\\/iraurgiberritzen.eus\\\/es\\\/iraurgi-berritzen-acoge-un-nuevo-taller-del-grupo-de-trabajo-pyme-digital\\\/\"]}]},{\"@type\":\"ImageObject\",\"inLanguage\":\"es\",\"@id\":\"https:\\\/\\\/iraurgiberritzen.eus\\\/es\\\/iraurgi-berritzen-acoge-un-nuevo-taller-del-grupo-de-trabajo-pyme-digital\\\/#primaryimage\",\"url\":\"https:\\\/\\\/iraurgiberritzen.eus\\\/wp-content\\\/uploads\\\/2026\\\/04\\\/IMG-20260429-WA0003.jpg\",\"contentUrl\":\"https:\\\/\\\/iraurgiberritzen.eus\\\/wp-content\\\/uploads\\\/2026\\\/04\\\/IMG-20260429-WA0003.jpg\",\"width\":1600,\"height\":1204},{\"@type\":\"BreadcrumbList\",\"@id\":\"https:\\\/\\\/iraurgiberritzen.eus\\\/es\\\/iraurgi-berritzen-acoge-un-nuevo-taller-del-grupo-de-trabajo-pyme-digital\\\/#breadcrumb\",\"itemListElement\":[{\"@type\":\"ListItem\",\"position\":1,\"name\":\"Home\",\"item\":\"https:\\\/\\\/iraurgiberritzen.eus\\\/es\\\/\"},{\"@type\":\"ListItem\",\"position\":2,\"name\":\"Iraurgi Berritzen acoge un nuevo taller del grupo de trabajo Pyme Digital\"}]},{\"@type\":\"WebSite\",\"@id\":\"https:\\\/\\\/iraurgiberritzen.eus\\\/es\\\/#website\",\"url\":\"https:\\\/\\\/iraurgiberritzen.eus\\\/es\\\/\",\"name\":\"Iraurgi Berritzen\",\"description\":\"Urola Erdiko Garapen Agentzia\",\"publisher\":{\"@id\":\"https:\\\/\\\/iraurgiberritzen.eus\\\/es\\\/#organization\"},\"potentialAction\":[{\"@type\":\"SearchAction\",\"target\":{\"@type\":\"EntryPoint\",\"urlTemplate\":\"https:\\\/\\\/iraurgiberritzen.eus\\\/es\\\/?s={search_term_string}\"},\"query-input\":{\"@type\":\"PropertyValueSpecification\",\"valueRequired\":true,\"valueName\":\"search_term_string\"}}],\"inLanguage\":\"es\"},{\"@type\":\"Organization\",\"@id\":\"https:\\\/\\\/iraurgiberritzen.eus\\\/es\\\/#organization\",\"name\":\"Iraurgi Berritzen\",\"url\":\"https:\\\/\\\/iraurgiberritzen.eus\\\/es\\\/\",\"logo\":{\"@type\":\"ImageObject\",\"inLanguage\":\"es\",\"@id\":\"https:\\\/\\\/iraurgiberritzen.eus\\\/es\\\/#\\\/schema\\\/logo\\\/image\\\/\",\"url\":\"https:\\\/\\\/iraurgiberritzen.eus\\\/wp-content\\\/uploads\\\/2024\\\/02\\\/IRAURGI-BERRITZEN-logotipoa_2.png\",\"contentUrl\":\"https:\\\/\\\/iraurgiberritzen.eus\\\/wp-content\\\/uploads\\\/2024\\\/02\\\/IRAURGI-BERRITZEN-logotipoa_2.png\",\"width\":496,\"height\":190,\"caption\":\"Iraurgi Berritzen\"},\"image\":{\"@id\":\"https:\\\/\\\/iraurgiberritzen.eus\\\/es\\\/#\\\/schema\\\/logo\\\/image\\\/\"}},{\"@type\":\"Person\",\"@id\":\"https:\\\/\\\/iraurgiberritzen.eus\\\/es\\\/#\\\/schema\\\/person\\\/a32c9825b3e2bfcbe757a97f6a15c8a5\",\"name\":\"ainara\"}]}<\/script>\n<!-- \/ Yoast SEO plugin. -->","yoast_head_json":{"title":"Iraurgi Berritzen acoge un nuevo taller del grupo de trabajo Pyme Digital - Iraurgi Berritzen","robots":{"index":"index","follow":"follow","max-snippet":"max-snippet:-1","max-image-preview":"max-image-preview:large","max-video-preview":"max-video-preview:-1"},"canonical":"https:\/\/iraurgiberritzen.eus\/es\/iraurgi-berritzen-acoge-un-nuevo-taller-del-grupo-de-trabajo-pyme-digital\/","og_locale":"es_ES","og_type":"article","og_title":"Iraurgi Berritzen acoge un nuevo taller del grupo de trabajo Pyme Digital - Iraurgi Berritzen","og_description":"Ayer, Iraurgi Berritzen acogi\u00f3 en el Palacio Basazabal de Azpeitia una nueva sesi\u00f3n del grupo de trabajo Pyme Digital, una iniciativa impulsada por la Diputaci\u00f3n Foral de Gipuzkoa que tiene como objetivo acompa\u00f1ar a las peque\u00f1as y medianas empresas en sus procesos de transformaci\u00f3n digital. En dicho taller, nos reunimos las diferentes agencias de desarrollo [&hellip;]","og_url":"https:\/\/iraurgiberritzen.eus\/es\/iraurgi-berritzen-acoge-un-nuevo-taller-del-grupo-de-trabajo-pyme-digital\/","og_site_name":"Iraurgi Berritzen","article_published_time":"2026-04-30T09:32:13+00:00","og_image":[{"width":1600,"height":1204,"url":"https:\/\/iraurgiberritzen.eus\/wp-content\/uploads\/2026\/04\/IMG-20260429-WA0003.jpg","type":"image\/jpeg"}],"author":"ainara","twitter_card":"summary_large_image","twitter_misc":{"Escrito por":"ainara","Tiempo de lectura":"3 minutos"},"schema":{"@context":"https:\/\/schema.org","@graph":[{"@type":"Article","@id":"https:\/\/iraurgiberritzen.eus\/es\/iraurgi-berritzen-acoge-un-nuevo-taller-del-grupo-de-trabajo-pyme-digital\/#article","isPartOf":{"@id":"https:\/\/iraurgiberritzen.eus\/es\/iraurgi-berritzen-acoge-un-nuevo-taller-del-grupo-de-trabajo-pyme-digital\/"},"author":{"name":"ainara","@id":"https:\/\/iraurgiberritzen.eus\/es\/#\/schema\/person\/a32c9825b3e2bfcbe757a97f6a15c8a5"},"headline":"Iraurgi Berritzen acoge un nuevo taller del grupo de trabajo Pyme Digital","datePublished":"2026-04-30T09:32:13+00:00","mainEntityOfPage":{"@id":"https:\/\/iraurgiberritzen.eus\/es\/iraurgi-berritzen-acoge-un-nuevo-taller-del-grupo-de-trabajo-pyme-digital\/"},"wordCount":395,"publisher":{"@id":"https:\/\/iraurgiberritzen.eus\/es\/#organization"},"image":{"@id":"https:\/\/iraurgiberritzen.eus\/es\/iraurgi-berritzen-acoge-un-nuevo-taller-del-grupo-de-trabajo-pyme-digital\/#primaryimage"},"thumbnailUrl":"https:\/\/iraurgiberritzen.eus\/wp-content\/uploads\/2026\/04\/IMG-20260429-WA0003.jpg","articleSection":["Noticias"],"inLanguage":"es"},{"@type":"WebPage","@id":"https:\/\/iraurgiberritzen.eus\/es\/iraurgi-berritzen-acoge-un-nuevo-taller-del-grupo-de-trabajo-pyme-digital\/","url":"https:\/\/iraurgiberritzen.eus\/es\/iraurgi-berritzen-acoge-un-nuevo-taller-del-grupo-de-trabajo-pyme-digital\/","name":"Iraurgi Berritzen acoge un nuevo taller del grupo de trabajo Pyme Digital - Iraurgi Berritzen","isPartOf":{"@id":"https:\/\/iraurgiberritzen.eus\/es\/#website"},"primaryImageOfPage":{"@id":"https:\/\/iraurgiberritzen.eus\/es\/iraurgi-berritzen-acoge-un-nuevo-taller-del-grupo-de-trabajo-pyme-digital\/#primaryimage"},"image":{"@id":"https:\/\/iraurgiberritzen.eus\/es\/iraurgi-berritzen-acoge-un-nuevo-taller-del-grupo-de-trabajo-pyme-digital\/#primaryimage"},"thumbnailUrl":"https:\/\/iraurgiberritzen.eus\/wp-content\/uploads\/2026\/04\/IMG-20260429-WA0003.jpg","datePublished":"2026-04-30T09:32:13+00:00","breadcrumb":{"@id":"https:\/\/iraurgiberritzen.eus\/es\/iraurgi-berritzen-acoge-un-nuevo-taller-del-grupo-de-trabajo-pyme-digital\/#breadcrumb"},"inLanguage":"es","potentialAction":[{"@type":"ReadAction","target":["https:\/\/iraurgiberritzen.eus\/es\/iraurgi-berritzen-acoge-un-nuevo-taller-del-grupo-de-trabajo-pyme-digital\/"]}]},{"@type":"ImageObject","inLanguage":"es","@id":"https:\/\/iraurgiberritzen.eus\/es\/iraurgi-berritzen-acoge-un-nuevo-taller-del-grupo-de-trabajo-pyme-digital\/#primaryimage","url":"https:\/\/iraurgiberritzen.eus\/wp-content\/uploads\/2026\/04\/IMG-20260429-WA0003.jpg","contentUrl":"https:\/\/iraurgiberritzen.eus\/wp-content\/uploads\/2026\/04\/IMG-20260429-WA0003.jpg","width":1600,"height":1204},{"@type":"BreadcrumbList","@id":"https:\/\/iraurgiberritzen.eus\/es\/iraurgi-berritzen-acoge-un-nuevo-taller-del-grupo-de-trabajo-pyme-digital\/#breadcrumb","itemListElement":[{"@type":"ListItem","position":1,"name":"Home","item":"https:\/\/iraurgiberritzen.eus\/es\/"},{"@type":"ListItem","position":2,"name":"Iraurgi Berritzen acoge un nuevo taller del grupo de trabajo Pyme Digital"}]},{"@type":"WebSite","@id":"https:\/\/iraurgiberritzen.eus\/es\/#website","url":"https:\/\/iraurgiberritzen.eus\/es\/","name":"Iraurgi Berritzen","description":"Urola Erdiko Garapen Agentzia","publisher":{"@id":"https:\/\/iraurgiberritzen.eus\/es\/#organization"},"potentialAction":[{"@type":"SearchAction","target":{"@type":"EntryPoint","urlTemplate":"https:\/\/iraurgiberritzen.eus\/es\/?s={search_term_string}"},"query-input":{"@type":"PropertyValueSpecification","valueRequired":true,"valueName":"search_term_string"}}],"inLanguage":"es"},{"@type":"Organization","@id":"https:\/\/iraurgiberritzen.eus\/es\/#organization","name":"Iraurgi Berritzen","url":"https:\/\/iraurgiberritzen.eus\/es\/","logo":{"@type":"ImageObject","inLanguage":"es","@id":"https:\/\/iraurgiberritzen.eus\/es\/#\/schema\/logo\/image\/","url":"https:\/\/iraurgiberritzen.eus\/wp-content\/uploads\/2024\/02\/IRAURGI-BERRITZEN-logotipoa_2.png","contentUrl":"https:\/\/iraurgiberritzen.eus\/wp-content\/uploads\/2024\/02\/IRAURGI-BERRITZEN-logotipoa_2.png","width":496,"height":190,"caption":"Iraurgi Berritzen"},"image":{"@id":"https:\/\/iraurgiberritzen.eus\/es\/#\/schema\/logo\/image\/"}},{"@type":"Person","@id":"https:\/\/iraurgiberritzen.eus\/es\/#\/schema\/person\/a32c9825b3e2bfcbe757a97f6a15c8a5","name":"ainara"}]}},"_links":{"self":[{"href":"https:\/\/iraurgiberritzen.eus\/es\/wp-json\/wp\/v2\/posts\/26647","targetHints":{"allow":["GET"]}}],"collection":[{"href":"https:\/\/iraurgiberritzen.eus\/es\/wp-json\/wp\/v2\/posts"}],"about":[{"href":"https:\/\/iraurgiberritzen.eus\/es\/wp-json\/wp\/v2\/types\/post"}],"author":[{"embeddable":true,"href":"https:\/\/iraurgiberritzen.eus\/es\/wp-json\/wp\/v2\/users\/4"}],"replies":[{"embeddable":true,"href":"https:\/\/iraurgiberritzen.eus\/es\/wp-json\/wp\/v2\/comments?post=26647"}],"version-history":[{"count":1,"href":"https:\/\/iraurgiberritzen.eus\/es\/wp-json\/wp\/v2\/posts\/26647\/revisions"}],"predecessor-version":[{"id":26648,"href":"https:\/\/iraurgiberritzen.eus\/es\/wp-json\/wp\/v2\/posts\/26647\/revisions\/26648"}],"wp:featuredmedia":[{"embeddable":true,"href":"https:\/\/iraurgiberritzen.eus\/es\/wp-json\/wp\/v2\/media\/26645"}],"wp:attachment":[{"href":"https:\/\/iraurgiberritzen.eus\/es\/wp-json\/wp\/v2\/media?parent=26647"}],"wp:term":[{"taxonomy":"category","embeddable":true,"href":"https:\/\/iraurgiberritzen.eus\/es\/wp-json\/wp\/v2\/categories?post=26647"},{"taxonomy":"post_tag","embeddable":true,"href":"https:\/\/iraurgiberritzen.eus\/es\/wp-json\/wp\/v2\/tags?post=26647"}],"curies":[{"name":"wp","href":"https:\/\/api.w.org\/{rel}","templated":true}]}}